{"id":175831,"date":"2023-09-11T13:15:29","date_gmt":"2023-09-11T20:15:29","guid":{"rendered":"https:\/\/www.cetys.mx\/noticias\/?p=175831"},"modified":"2023-09-12T12:54:31","modified_gmt":"2023-09-12T19:54:31","slug":"uc-san-diego-y-cetys-universidad-realizan-conversatorio-sobre-las-elecciones-presidenciales-de-mexico-en-2024","status":"publish","type":"post","link":"https:\/\/www.cetys.mx\/noticias\/uc-san-diego-y-cetys-universidad-realizan-conversatorio-sobre-las-elecciones-presidenciales-de-mexico-en-2024\/","title":{"rendered":"UC San Diego y CETYS Universidad realizan Conversatorio sobre las elecciones presidenciales de M\u00e9xico en 2024"},"content":{"rendered":"<p><span style=\"font-weight: 400;\">El <\/span><span style=\"font-weight: 400;\"><strong>Center for U.S.-Mexican Studies (USMEX)<\/strong> de la <strong>Universidad de California San Diego (UCSD)<\/strong>, de la mano con <strong>CETYS Universidad<\/strong>, coorganizador del <em>Conversatorio: \u201c<\/em><\/span><em><span style=\"font-weight: 400;\">Continuity or political alternation? Mexico\u2019s 2024 Presidential Elections Series\u201d.<\/span><\/em><\/p>\n<p><span style=\"font-weight: 400;\">En este participaron expertos de la pol\u00edtica de la regi\u00f3n binacional Cali-Baja y a nivel internacional: <strong>Javier Tello<\/strong>, <em>analista pol\u00edtico en M\u00e9xico<\/em>, <\/span><span style=\"font-weight: 400;\"><strong>Kate Bruhn<\/strong>, <em>profesora de UC Santa Barbara<\/em>; <strong>Luis Carlos Ugalde<\/strong>, <em>expresidente del INE (antes IFE<\/em>), <strong>Ciro Murayama<\/strong>, <em>Visiting Fellow de USMEX<\/em> y <strong>Gast\u00f3n Luken Garza<\/strong>, experto en asuntos gubernamentales. Se cont\u00f3 con la moderaci\u00f3n de <strong>Katherine Camacho,<\/strong> Associate Director de USMEX.<\/span><\/p>\n<p><span style=\"font-weight: 400;\">La bienvenida estuvo a cargo de <strong>Rafael Fern\u00e1ndez de Castro<\/strong>, <em>Director del Center USMEX<\/em> y posteriormente el <strong>Dr. Carlos H. Garc\u00eda Alvarado<\/strong>, <em>Director de Relaciones Institucionales del Sistema CETYS<\/em> ofreci\u00f3 unas palabras en representaci\u00f3n del <strong>Dr. Fernando Le\u00f3n Garc\u00eda<\/strong>, <em>Rector del Sistema CETYS.<\/em><\/span><\/p>\n<div class=\"gallery-slider-wrapper gallery-1\">\n                        <div class=\"gallery-slider\" itemscope itemtype=\"http:\/\/schema.org\/ImageGallery\"><figure class=\"slide\" itemprop=\"associatedMedia\" itemscope itemtype=\"http:\/\/schema.org\/ImageObject\">\n                    <a itemprop=\"contentUrl\" href=\"https:\/\/www.cetys.mx\/noticias\/wp-content\/uploads\/2023\/09\/conversatorio-san-diego-02.jpg\">\n                        <img decoding=\"async\" itemprop=\"thumbnail\" class=\"lazyOwl\" src=\"https:\/\/www.cetys.mx\/noticias\/wp-content\/plugins\/jmagz-plugin\/assets\/placeholder\/900x450.png\" data-src=\"https:\/\/www.cetys.mx\/noticias\/wp-content\/uploads\/2023\/09\/conversatorio-san-diego-02-e1694463185601.jpg\" alt=\"conversatorio san diego-02\">\n                    <\/a>\n                    <figcaption itemprop=\"caption description\" class=\"slide-caption\">\n                        \n                    <\/figcaption>\n                <\/figure><figure class=\"slide\" itemprop=\"associatedMedia\" itemscope itemtype=\"http:\/\/schema.org\/ImageObject\">\n                    <a itemprop=\"contentUrl\" href=\"https:\/\/www.cetys.mx\/noticias\/wp-content\/uploads\/2023\/09\/conversatorio-san-diego-03.jpg\">\n                        <img decoding=\"async\" itemprop=\"thumbnail\" class=\"lazyOwl\" src=\"https:\/\/www.cetys.mx\/noticias\/wp-content\/plugins\/jmagz-plugin\/assets\/placeholder\/900x450.png\" data-src=\"https:\/\/www.cetys.mx\/noticias\/wp-content\/uploads\/2023\/09\/conversatorio-san-diego-03-e1694463156441.jpg\" alt=\"conversatorio san diego-03\">\n                    <\/a>\n                    <figcaption itemprop=\"caption description\" class=\"slide-caption\">\n                        \n                    <\/figcaption>\n                <\/figure><figure class=\"slide\" itemprop=\"associatedMedia\" itemscope itemtype=\"http:\/\/schema.org\/ImageObject\">\n                    <a itemprop=\"contentUrl\" href=\"https:\/\/www.cetys.mx\/noticias\/wp-content\/uploads\/2023\/09\/conversatorio-san-diego-05.jpg\">\n                        <img decoding=\"async\" itemprop=\"thumbnail\" class=\"lazyOwl\" src=\"https:\/\/www.cetys.mx\/noticias\/wp-content\/plugins\/jmagz-plugin\/assets\/placeholder\/900x450.png\" data-src=\"https:\/\/www.cetys.mx\/noticias\/wp-content\/uploads\/2023\/09\/conversatorio-san-diego-05-e1694462081123.jpg\" alt=\"conversatorio san diego-05\">\n                    <\/a>\n                    <figcaption itemprop=\"caption description\" class=\"slide-caption\">\n                        \n                    <\/figcaption>\n                <\/figure><figure class=\"slide\" itemprop=\"associatedMedia\" itemscope itemtype=\"http:\/\/schema.org\/ImageObject\">\n                    <a itemprop=\"contentUrl\" href=\"https:\/\/www.cetys.mx\/noticias\/wp-content\/uploads\/2023\/09\/conversatorio-san-diego-11.jpg\">\n                        <img decoding=\"async\" itemprop=\"thumbnail\" class=\"lazyOwl\" src=\"https:\/\/www.cetys.mx\/noticias\/wp-content\/plugins\/jmagz-plugin\/assets\/placeholder\/900x450.png\" data-src=\"https:\/\/www.cetys.mx\/noticias\/wp-content\/uploads\/2023\/09\/conversatorio-san-diego-11-e1694462056536.jpg\" alt=\"conversatorio san diego-11\">\n                    <\/a>\n                    <figcaption itemprop=\"caption description\" class=\"slide-caption\">\n                        \n                    <\/figcaption>\n                <\/figure><figure class=\"slide\" itemprop=\"associatedMedia\" itemscope itemtype=\"http:\/\/schema.org\/ImageObject\">\n                    <a itemprop=\"contentUrl\" href=\"https:\/\/www.cetys.mx\/noticias\/wp-content\/uploads\/2023\/09\/conversatorio-san-diego-12.jpg\">\n                        <img decoding=\"async\" itemprop=\"thumbnail\" class=\"lazyOwl\" src=\"https:\/\/www.cetys.mx\/noticias\/wp-content\/plugins\/jmagz-plugin\/assets\/placeholder\/900x450.png\" data-src=\"https:\/\/www.cetys.mx\/noticias\/wp-content\/uploads\/2023\/09\/conversatorio-san-diego-12-e1694462037162.jpg\" alt=\"conversatorio san diego-12\">\n                    <\/a>\n                    <figcaption itemprop=\"caption description\" class=\"slide-caption\">\n                        \n                    <\/figcaption>\n                <\/figure><figure class=\"slide\" itemprop=\"associatedMedia\" itemscope itemtype=\"http:\/\/schema.org\/ImageObject\">\n                    <a itemprop=\"contentUrl\" href=\"https:\/\/www.cetys.mx\/noticias\/wp-content\/uploads\/2023\/09\/conversatorio-san-diego.jpg\">\n                        <img decoding=\"async\" itemprop=\"thumbnail\" class=\"lazyOwl\" src=\"https:\/\/www.cetys.mx\/noticias\/wp-content\/plugins\/jmagz-plugin\/assets\/placeholder\/900x450.png\" data-src=\"https:\/\/www.cetys.mx\/noticias\/wp-content\/uploads\/2023\/09\/conversatorio-san-diego-e1694457463228.jpg\" alt=\"conversatorio san diego\">\n                    <\/a>\n                    <figcaption itemprop=\"caption description\" class=\"slide-caption\">\n                        \n                    <\/figcaption>\n                <\/figure><figure class=\"slide\" itemprop=\"associatedMedia\" itemscope itemtype=\"http:\/\/schema.org\/ImageObject\">\n                    <a itemprop=\"contentUrl\" href=\"https:\/\/www.cetys.mx\/noticias\/wp-content\/uploads\/2023\/09\/conversatorio-san-diego-17.jpg\">\n                        <img decoding=\"async\" itemprop=\"thumbnail\" class=\"lazyOwl\" src=\"https:\/\/www.cetys.mx\/noticias\/wp-content\/plugins\/jmagz-plugin\/assets\/placeholder\/900x450.png\" data-src=\"https:\/\/www.cetys.mx\/noticias\/wp-content\/uploads\/2023\/09\/conversatorio-san-diego-17-e1694457433291.jpg\" alt=\"conversatorio san diego-17\">\n                    <\/a>\n                    <figcaption itemprop=\"caption description\" class=\"slide-caption\">\n                        \n                    <\/figcaption>\n                <\/figure><figure class=\"slide\" itemprop=\"associatedMedia\" itemscope itemtype=\"http:\/\/schema.org\/ImageObject\">\n                    <a itemprop=\"contentUrl\" href=\"https:\/\/www.cetys.mx\/noticias\/wp-content\/uploads\/2023\/09\/conversatorio-san-diego-16.jpg\">\n                        <img decoding=\"async\" itemprop=\"thumbnail\" class=\"lazyOwl\" src=\"https:\/\/www.cetys.mx\/noticias\/wp-content\/plugins\/jmagz-plugin\/assets\/placeholder\/900x450.png\" data-src=\"https:\/\/www.cetys.mx\/noticias\/wp-content\/uploads\/2023\/09\/conversatorio-san-diego-16.jpg\" alt=\"conversatorio san diego-16\">\n                    <\/a>\n                    <figcaption itemprop=\"caption description\" class=\"slide-caption\">\n                        \n                    <\/figcaption>\n                <\/figure><\/div>\n                <div class=\"gallery-slider-thumbnail-wrapper\">\n                    <div class=\"gallery-slider-thumbnail\"><div class=\"slide-thumbnail\"><img decoding=\"async\" class=\"lazyOwl\" src=\"https:\/\/www.cetys.mx\/noticias\/wp-content\/plugins\/jmagz-plugin\/assets\/placeholder\/150x75.png\" data-src=\"https:\/\/www.cetys.mx\/noticias\/wp-content\/uploads\/2023\/09\/conversatorio-san-diego-02-e1694463185601.jpg\" alt=\"conversatorio san diego-02\"><\/div><div class=\"slide-thumbnail\"><img decoding=\"async\" class=\"lazyOwl\" src=\"https:\/\/www.cetys.mx\/noticias\/wp-content\/plugins\/jmagz-plugin\/assets\/placeholder\/150x75.png\" data-src=\"https:\/\/www.cetys.mx\/noticias\/wp-content\/uploads\/2023\/09\/conversatorio-san-diego-03-e1694463156441.jpg\" alt=\"conversatorio san diego-03\"><\/div><div class=\"slide-thumbnail\"><img decoding=\"async\" class=\"lazyOwl\" src=\"https:\/\/www.cetys.mx\/noticias\/wp-content\/plugins\/jmagz-plugin\/assets\/placeholder\/150x75.png\" data-src=\"https:\/\/www.cetys.mx\/noticias\/wp-content\/uploads\/2023\/09\/conversatorio-san-diego-05-e1694462081123.jpg\" alt=\"conversatorio san diego-05\"><\/div><div class=\"slide-thumbnail\"><img decoding=\"async\" class=\"lazyOwl\" src=\"https:\/\/www.cetys.mx\/noticias\/wp-content\/plugins\/jmagz-plugin\/assets\/placeholder\/150x75.png\" data-src=\"https:\/\/www.cetys.mx\/noticias\/wp-content\/uploads\/2023\/09\/conversatorio-san-diego-11-e1694462056536.jpg\" alt=\"conversatorio san diego-11\"><\/div><div class=\"slide-thumbnail\"><img decoding=\"async\" class=\"lazyOwl\" src=\"https:\/\/www.cetys.mx\/noticias\/wp-content\/plugins\/jmagz-plugin\/assets\/placeholder\/150x75.png\" data-src=\"https:\/\/www.cetys.mx\/noticias\/wp-content\/uploads\/2023\/09\/conversatorio-san-diego-12-e1694462037162.jpg\" alt=\"conversatorio san diego-12\"><\/div><div class=\"slide-thumbnail\"><img decoding=\"async\" class=\"lazyOwl\" src=\"https:\/\/www.cetys.mx\/noticias\/wp-content\/plugins\/jmagz-plugin\/assets\/placeholder\/150x75.png\" data-src=\"https:\/\/www.cetys.mx\/noticias\/wp-content\/uploads\/2023\/09\/conversatorio-san-diego-e1694457463228.jpg\" alt=\"conversatorio san diego\"><\/div><div class=\"slide-thumbnail\"><img decoding=\"async\" class=\"lazyOwl\" src=\"https:\/\/www.cetys.mx\/noticias\/wp-content\/plugins\/jmagz-plugin\/assets\/placeholder\/150x75.png\" data-src=\"https:\/\/www.cetys.mx\/noticias\/wp-content\/uploads\/2023\/09\/conversatorio-san-diego-17-e1694457433291.jpg\" alt=\"conversatorio san diego-17\"><\/div><div class=\"slide-thumbnail\"><img decoding=\"async\" class=\"lazyOwl\" src=\"https:\/\/www.cetys.mx\/noticias\/wp-content\/plugins\/jmagz-plugin\/assets\/placeholder\/150x75.png\" data-src=\"https:\/\/www.cetys.mx\/noticias\/wp-content\/uploads\/2023\/09\/conversatorio-san-diego-16.jpg\" alt=\"conversatorio san diego-16\"><\/div><\/div><\/div><\/div>\n<blockquote><p><span style=\"font-weight: 400;\">\u201cCreo firmemente que conversaciones como estas deben conducir a acciones concretas. Los desaf\u00edos q<\/span><span style=\"font-weight: 400;\">ue enfrentamos no son insuperables, pero requieren esfuerzos colectivos de las instituciones, los gobiernos y la sociedad civil para abordarlos\u201d coment\u00f3 el Dr. Garc\u00eda Alvarado.<\/span><\/p><\/blockquote>\n<p><span style=\"font-weight: 400;\">Los analistas dieron sus puntos de vista sobre las pr\u00f3ximas elecciones para situar esta conversaci\u00f3n cr\u00edtica en un contexto global m\u00e1s amplio, visto desde el esp\u00edritu de investigaci\u00f3n y colaboraci\u00f3n intelectual que caracteriza a las instituciones.<\/span><\/p>\n<p><span style=\"font-weight: 400;\">La <strong>UCSD y CETYS Universidad<\/strong> son instituciones ubicadas en la frontera\u00a0 de Cali-Baja,, posici\u00f3n \u00fanica para\u00a0 contribuir a la conversaci\u00f3n desde las perspectivas binacionales y culturales que permiten apreciar las complejidades de estos temas desde ambos lados de la frontera y as\u00ed fomentar la colaboraci\u00f3n y entendimiento entre las naciones.<\/span><\/p>\n<p><span style=\"font-weight: 400;\">Al evento realizado en el <\/span><span style=\"font-weight: 400;\"><strong>UC San Diego Park &amp; Market<\/strong>, tambi\u00e9n asistieron la <strong>Dra. M\u00f3nica Manzanilla Arellano<\/strong>, <em>Vicerrectora de Avance<\/em>, la <strong>Mtra. Yanina Rubio Bojorquez<\/strong>, <em>Directora de CETYS Universidad<\/em> <em>Campus Tijuana<\/em>, el <strong>Mtro. Francisco V\u00e9lez<\/strong>, <em>Director de CETYS Universidad Campus Internacional Ensenada<\/em>, la <strong>Mtra. Bianca Barcelo<\/strong>, <em>Directora de la escuela de Derecho en Campus Mexicali<\/em>, as\u00ed como diferentes acad\u00e9micos de Profesional y de la Graduate School of Business.<\/span><\/p>\n<p><span style=\"font-weight: 400;\">Esta conversaci\u00f3n fue una oportunidad \u00fanica para que acad\u00e9micos y alumnos de los 3 campus obtuvieron una comprensi\u00f3n m\u00e1s profunda del panorama electoral de M\u00e9xico para 2024 y las perspectivas pol\u00edticas en los a\u00f1os venideros.\u00a0<\/span><\/p>\n<div class=\"gallery-slider-wrapper gallery-2\">\n                        <div class=\"gallery-slider\" itemscope itemtype=\"http:\/\/schema.org\/ImageGallery\"><figure class=\"slide\" itemprop=\"associatedMedia\" itemscope itemtype=\"http:\/\/schema.org\/ImageObject\">\n                    <a itemprop=\"contentUrl\" href=\"https:\/\/www.cetys.mx\/noticias\/wp-content\/uploads\/2023\/09\/conversatorio-san-diego-08.jpg\">\n                        <img decoding=\"async\" itemprop=\"thumbnail\" class=\"lazyOwl\" src=\"https:\/\/www.cetys.mx\/noticias\/wp-content\/plugins\/jmagz-plugin\/assets\/placeholder\/900x450.png\" data-src=\"https:\/\/www.cetys.mx\/noticias\/wp-content\/uploads\/2023\/09\/conversatorio-san-diego-08.jpg\" alt=\"conversatorio san diego-08\">\n                    <\/a>\n                    <figcaption itemprop=\"caption description\" class=\"slide-caption\">\n                        \n                    <\/figcaption>\n                <\/figure><figure class=\"slide\" itemprop=\"associatedMedia\" itemscope itemtype=\"http:\/\/schema.org\/ImageObject\">\n                    <a itemprop=\"contentUrl\" href=\"https:\/\/www.cetys.mx\/noticias\/wp-content\/uploads\/2023\/09\/conversatorio-san-diego-14.jpg\">\n                        <img decoding=\"async\" itemprop=\"thumbnail\" class=\"lazyOwl\" src=\"https:\/\/www.cetys.mx\/noticias\/wp-content\/plugins\/jmagz-plugin\/assets\/placeholder\/900x450.png\" data-src=\"https:\/\/www.cetys.mx\/noticias\/wp-content\/uploads\/2023\/09\/conversatorio-san-diego-14.jpg\" alt=\"conversatorio san diego-14\">\n                    <\/a>\n                    <figcaption itemprop=\"caption description\" class=\"slide-caption\">\n                        \n                    <\/figcaption>\n                <\/figure><figure class=\"slide\" itemprop=\"associatedMedia\" itemscope itemtype=\"http:\/\/schema.org\/ImageObject\">\n                    <a itemprop=\"contentUrl\" href=\"https:\/\/www.cetys.mx\/noticias\/wp-content\/uploads\/2023\/09\/conversatorio-san-diego-13.jpg\">\n                        <img decoding=\"async\" itemprop=\"thumbnail\" class=\"lazyOwl\" src=\"https:\/\/www.cetys.mx\/noticias\/wp-content\/plugins\/jmagz-plugin\/assets\/placeholder\/900x450.png\" data-src=\"https:\/\/www.cetys.mx\/noticias\/wp-content\/uploads\/2023\/09\/conversatorio-san-diego-13.jpg\" alt=\"conversatorio san diego-13\">\n                    <\/a>\n                    <figcaption itemprop=\"caption description\" class=\"slide-caption\">\n                        \n                    <\/figcaption>\n                <\/figure><figure class=\"slide\" itemprop=\"associatedMedia\" itemscope itemtype=\"http:\/\/schema.org\/ImageObject\">\n                    <a itemprop=\"contentUrl\" href=\"https:\/\/www.cetys.mx\/noticias\/wp-content\/uploads\/2023\/09\/conversatorio-san-diego-06.jpg\">\n                        <img decoding=\"async\" itemprop=\"thumbnail\" class=\"lazyOwl\" src=\"https:\/\/www.cetys.mx\/noticias\/wp-content\/plugins\/jmagz-plugin\/assets\/placeholder\/900x450.png\" data-src=\"https:\/\/www.cetys.mx\/noticias\/wp-content\/uploads\/2023\/09\/conversatorio-san-diego-06.jpg\" alt=\"conversatorio san diego-06\">\n                    <\/a>\n                    <figcaption itemprop=\"caption description\" class=\"slide-caption\">\n                        \n                    <\/figcaption>\n                <\/figure><figure class=\"slide\" itemprop=\"associatedMedia\" itemscope itemtype=\"http:\/\/schema.org\/ImageObject\">\n                    <a itemprop=\"contentUrl\" href=\"https:\/\/www.cetys.mx\/noticias\/wp-content\/uploads\/2023\/09\/conversatorio-san-diego-09.jpg\">\n                        <img decoding=\"async\" itemprop=\"thumbnail\" class=\"lazyOwl\" src=\"https:\/\/www.cetys.mx\/noticias\/wp-content\/plugins\/jmagz-plugin\/assets\/placeholder\/900x450.png\" data-src=\"https:\/\/www.cetys.mx\/noticias\/wp-content\/uploads\/2023\/09\/conversatorio-san-diego-09.jpg\" alt=\"conversatorio san diego-09\">\n                    <\/a>\n                    <figcaption itemprop=\"caption description\" class=\"slide-caption\">\n                        \n                    <\/figcaption>\n                <\/figure><figure class=\"slide\" itemprop=\"associatedMedia\" itemscope itemtype=\"http:\/\/schema.org\/ImageObject\">\n                    <a itemprop=\"contentUrl\" href=\"https:\/\/www.cetys.mx\/noticias\/wp-content\/uploads\/2023\/09\/conversatorio-san-diego-10.jpg\">\n                        <img decoding=\"async\" itemprop=\"thumbnail\" class=\"lazyOwl\" src=\"https:\/\/www.cetys.mx\/noticias\/wp-content\/plugins\/jmagz-plugin\/assets\/placeholder\/900x450.png\" data-src=\"https:\/\/www.cetys.mx\/noticias\/wp-content\/uploads\/2023\/09\/conversatorio-san-diego-10.jpg\" alt=\"conversatorio san diego-10\">\n                    <\/a>\n                    <figcaption itemprop=\"caption description\" class=\"slide-caption\">\n                        \n                    <\/figcaption>\n                <\/figure><\/div>\n                <div class=\"gallery-slider-thumbnail-wrapper\">\n                    <div class=\"gallery-slider-thumbnail\"><div class=\"slide-thumbnail\"><img decoding=\"async\" class=\"lazyOwl\" src=\"https:\/\/www.cetys.mx\/noticias\/wp-content\/plugins\/jmagz-plugin\/assets\/placeholder\/150x75.png\" data-src=\"https:\/\/www.cetys.mx\/noticias\/wp-content\/uploads\/2023\/09\/conversatorio-san-diego-08.jpg\" alt=\"conversatorio san diego-08\"><\/div><div class=\"slide-thumbnail\"><img decoding=\"async\" class=\"lazyOwl\" src=\"https:\/\/www.cetys.mx\/noticias\/wp-content\/plugins\/jmagz-plugin\/assets\/placeholder\/150x75.png\" data-src=\"https:\/\/www.cetys.mx\/noticias\/wp-content\/uploads\/2023\/09\/conversatorio-san-diego-14.jpg\" alt=\"conversatorio san diego-14\"><\/div><div class=\"slide-thumbnail\"><img decoding=\"async\" class=\"lazyOwl\" src=\"https:\/\/www.cetys.mx\/noticias\/wp-content\/plugins\/jmagz-plugin\/assets\/placeholder\/150x75.png\" data-src=\"https:\/\/www.cetys.mx\/noticias\/wp-content\/uploads\/2023\/09\/conversatorio-san-diego-13.jpg\" alt=\"conversatorio san diego-13\"><\/div><div class=\"slide-thumbnail\"><img decoding=\"async\" class=\"lazyOwl\" src=\"https:\/\/www.cetys.mx\/noticias\/wp-content\/plugins\/jmagz-plugin\/assets\/placeholder\/150x75.png\" data-src=\"https:\/\/www.cetys.mx\/noticias\/wp-content\/uploads\/2023\/09\/conversatorio-san-diego-06.jpg\" alt=\"conversatorio san diego-06\"><\/div><div class=\"slide-thumbnail\"><img decoding=\"async\" class=\"lazyOwl\" src=\"https:\/\/www.cetys.mx\/noticias\/wp-content\/plugins\/jmagz-plugin\/assets\/placeholder\/150x75.png\" data-src=\"https:\/\/www.cetys.mx\/noticias\/wp-content\/uploads\/2023\/09\/conversatorio-san-diego-09.jpg\" alt=\"conversatorio san diego-09\"><\/div><div class=\"slide-thumbnail\"><img decoding=\"async\" class=\"lazyOwl\" src=\"https:\/\/www.cetys.mx\/noticias\/wp-content\/plugins\/jmagz-plugin\/assets\/placeholder\/150x75.png\" data-src=\"https:\/\/www.cetys.mx\/noticias\/wp-content\/uploads\/2023\/09\/conversatorio-san-diego-10.jpg\" alt=\"conversatorio san diego-10\"><\/div><\/div><\/div><\/div>\n<p>&nbsp;<\/p>\n","protected":false},"excerpt":{"rendered":"<p>El Center for U.S.-Mexican Studies (USMEX) de la Universidad de California San Diego (UCSD), de la mano con CETYS Universidad, coorganizador del&#8230;<\/p>\n","protected":false},"author":24,"featured_media":175806,"comment_status":"open","ping_status":"closed","sticky":false,"template":"","format":"standard","meta":{"footnotes":""},"categories":[209,125,313],"tags":[398,275,6566],"class_list":["post-175831","post","type-post","status-publish","format-standard","has-post-thumbnail","hentry","category-institucional","category-portada","category-vocetys-2","tag-docentes","tag-vinculacion","tag-vocetys-2023-09-12"],"yoast_head":"<!-- This site is optimized with the Yoast SEO plugin v27.4 - https:\/\/yoast.com\/product\/yoast-seo-wordpress\/ -->\n<title>UC San Diego y CETYS Universidad realizan Conversatorio sobre las elecciones presidenciales de M\u00e9xico en 2024 - CETYS<\/title>\n<meta name=\"description\" content=\"Articulo sobre UC San Diego y CETYS Universidad realizan Conversatorio sobre las elecciones presidenciales de M\u00e9xico en 2024\" \/>\n<meta name=\"robots\" content=\"index, follow, max-snippet:-1, max-image-preview:large, max-video-preview:-1\" \/>\n<link rel=\"canonical\" href=\"https:\/\/www.cetys.mx\/noticias\/uc-san-diego-y-cetys-universidad-realizan-conversatorio-sobre-las-elecciones-presidenciales-de-mexico-en-2024\/\" \/>\n<meta property=\"og:locale\" content=\"es_MX\" \/>\n<meta property=\"og:type\" content=\"article\" \/>\n<meta property=\"og:title\" content=\"UC San Diego y CETYS Universidad realizan Conversatorio sobre las elecciones presidenciales de M\u00e9xico en 2024 - CETYS\" \/>\n<meta property=\"og:description\" content=\"Articulo sobre UC San Diego y CETYS Universidad realizan Conversatorio sobre las elecciones presidenciales de M\u00e9xico en 2024\" \/>\n<meta property=\"og:url\" content=\"https:\/\/www.cetys.mx\/noticias\/uc-san-diego-y-cetys-universidad-realizan-conversatorio-sobre-las-elecciones-presidenciales-de-mexico-en-2024\/\" \/>\n<meta property=\"og:site_name\" content=\"CETYS\" \/>\n<meta property=\"article:publisher\" content=\"https:\/\/www.facebook.com\/cetysuniversidadmxl\/\" \/>\n<meta property=\"article:published_time\" content=\"2023-09-11T20:15:29+00:00\" \/>\n<meta property=\"article:modified_time\" content=\"2023-09-12T19:54:31+00:00\" \/>\n<meta property=\"og:image\" content=\"https:\/\/www.cetys.mx\/noticias\/wp-content\/uploads\/2023\/09\/conversatorio-san-diego-e1694457463228.jpg\" \/>\n\t<meta property=\"og:image:width\" content=\"1200\" \/>\n\t<meta property=\"og:image:height\" content=\"800\" \/>\n\t<meta property=\"og:image:type\" content=\"image\/jpeg\" \/>\n<meta name=\"author\" content=\"Campus Tijuana\" \/>\n<meta name=\"twitter:card\" content=\"summary_large_image\" \/>\n<meta name=\"twitter:creator\" content=\"@cetysuni\" \/>\n<meta name=\"twitter:site\" content=\"@cetysuni\" \/>\n<meta name=\"twitter:label1\" content=\"Escrito por\" \/>\n\t<meta name=\"twitter:data1\" content=\"Campus Tijuana\" \/>\n\t<meta name=\"twitter:label2\" content=\"Tiempo de lectura\" \/>\n\t<meta name=\"twitter:data2\" content=\"2 minutos\" \/>\n<script type=\"application\/ld+json\" class=\"yoast-schema-graph\">{\"@context\":\"https:\\\/\\\/schema.org\",\"@graph\":[{\"@type\":\"Article\",\"@id\":\"https:\\\/\\\/www.cetys.mx\\\/noticias\\\/uc-san-diego-y-cetys-universidad-realizan-conversatorio-sobre-las-elecciones-presidenciales-de-mexico-en-2024\\\/#article\",\"isPartOf\":{\"@id\":\"https:\\\/\\\/www.cetys.mx\\\/noticias\\\/uc-san-diego-y-cetys-universidad-realizan-conversatorio-sobre-las-elecciones-presidenciales-de-mexico-en-2024\\\/\"},\"author\":{\"name\":\"Campus Tijuana\",\"@id\":\"https:\\\/\\\/www.cetys.mx\\\/noticias\\\/#\\\/schema\\\/person\\\/e790051ce60e18ae47cfa87011c8653f\"},\"headline\":\"UC San Diego y CETYS Universidad realizan Conversatorio sobre las elecciones presidenciales de M\u00e9xico en 2024\",\"datePublished\":\"2023-09-11T20:15:29+00:00\",\"dateModified\":\"2023-09-12T19:54:31+00:00\",\"mainEntityOfPage\":{\"@id\":\"https:\\\/\\\/www.cetys.mx\\\/noticias\\\/uc-san-diego-y-cetys-universidad-realizan-conversatorio-sobre-las-elecciones-presidenciales-de-mexico-en-2024\\\/\"},\"wordCount\":429,\"commentCount\":0,\"image\":{\"@id\":\"https:\\\/\\\/www.cetys.mx\\\/noticias\\\/uc-san-diego-y-cetys-universidad-realizan-conversatorio-sobre-las-elecciones-presidenciales-de-mexico-en-2024\\\/#primaryimage\"},\"thumbnailUrl\":\"https:\\\/\\\/www.cetys.mx\\\/noticias\\\/wp-content\\\/uploads\\\/2023\\\/09\\\/conversatorio-san-diego-e1694457463228.jpg\",\"keywords\":[\"Docentes\",\"Vinculacion\",\"vocetys-2023-09-12\"],\"articleSection\":[\"Institucional\",\"Portada\",\"VoCETYS\"],\"inLanguage\":\"es\",\"potentialAction\":[{\"@type\":\"CommentAction\",\"name\":\"Comment\",\"target\":[\"https:\\\/\\\/www.cetys.mx\\\/noticias\\\/uc-san-diego-y-cetys-universidad-realizan-conversatorio-sobre-las-elecciones-presidenciales-de-mexico-en-2024\\\/#respond\"]}]},{\"@type\":\"WebPage\",\"@id\":\"https:\\\/\\\/www.cetys.mx\\\/noticias\\\/uc-san-diego-y-cetys-universidad-realizan-conversatorio-sobre-las-elecciones-presidenciales-de-mexico-en-2024\\\/\",\"url\":\"https:\\\/\\\/www.cetys.mx\\\/noticias\\\/uc-san-diego-y-cetys-universidad-realizan-conversatorio-sobre-las-elecciones-presidenciales-de-mexico-en-2024\\\/\",\"name\":\"UC San Diego y CETYS Universidad realizan Conversatorio sobre las elecciones presidenciales de M\u00e9xico en 2024 - CETYS\",\"isPartOf\":{\"@id\":\"https:\\\/\\\/www.cetys.mx\\\/noticias\\\/#website\"},\"primaryImageOfPage\":{\"@id\":\"https:\\\/\\\/www.cetys.mx\\\/noticias\\\/uc-san-diego-y-cetys-universidad-realizan-conversatorio-sobre-las-elecciones-presidenciales-de-mexico-en-2024\\\/#primaryimage\"},\"image\":{\"@id\":\"https:\\\/\\\/www.cetys.mx\\\/noticias\\\/uc-san-diego-y-cetys-universidad-realizan-conversatorio-sobre-las-elecciones-presidenciales-de-mexico-en-2024\\\/#primaryimage\"},\"thumbnailUrl\":\"https:\\\/\\\/www.cetys.mx\\\/noticias\\\/wp-content\\\/uploads\\\/2023\\\/09\\\/conversatorio-san-diego-e1694457463228.jpg\",\"datePublished\":\"2023-09-11T20:15:29+00:00\",\"dateModified\":\"2023-09-12T19:54:31+00:00\",\"author\":{\"@id\":\"https:\\\/\\\/www.cetys.mx\\\/noticias\\\/#\\\/schema\\\/person\\\/e790051ce60e18ae47cfa87011c8653f\"},\"description\":\"Articulo sobre UC San Diego y CETYS Universidad realizan Conversatorio sobre las elecciones presidenciales de M\u00e9xico en 2024\",\"breadcrumb\":{\"@id\":\"https:\\\/\\\/www.cetys.mx\\\/noticias\\\/uc-san-diego-y-cetys-universidad-realizan-conversatorio-sobre-las-elecciones-presidenciales-de-mexico-en-2024\\\/#breadcrumb\"},\"inLanguage\":\"es\",\"potentialAction\":[{\"@type\":\"ReadAction\",\"target\":[\"https:\\\/\\\/www.cetys.mx\\\/noticias\\\/uc-san-diego-y-cetys-universidad-realizan-conversatorio-sobre-las-elecciones-presidenciales-de-mexico-en-2024\\\/\"]}]},{\"@type\":\"ImageObject\",\"inLanguage\":\"es\",\"@id\":\"https:\\\/\\\/www.cetys.mx\\\/noticias\\\/uc-san-diego-y-cetys-universidad-realizan-conversatorio-sobre-las-elecciones-presidenciales-de-mexico-en-2024\\\/#primaryimage\",\"url\":\"https:\\\/\\\/www.cetys.mx\\\/noticias\\\/wp-content\\\/uploads\\\/2023\\\/09\\\/conversatorio-san-diego-e1694457463228.jpg\",\"contentUrl\":\"https:\\\/\\\/www.cetys.mx\\\/noticias\\\/wp-content\\\/uploads\\\/2023\\\/09\\\/conversatorio-san-diego-e1694457463228.jpg\",\"width\":1200,\"height\":800},{\"@type\":\"BreadcrumbList\",\"@id\":\"https:\\\/\\\/www.cetys.mx\\\/noticias\\\/uc-san-diego-y-cetys-universidad-realizan-conversatorio-sobre-las-elecciones-presidenciales-de-mexico-en-2024\\\/#breadcrumb\",\"itemListElement\":[{\"@type\":\"ListItem\",\"position\":1,\"name\":\"Inicio\",\"item\":\"https:\\\/\\\/www.cetys.mx\\\/noticias\\\/\"},{\"@type\":\"ListItem\",\"position\":2,\"name\":\"UC San Diego y CETYS Universidad realizan Conversatorio sobre las elecciones presidenciales de M\u00e9xico en 2024\"}]},{\"@type\":\"WebSite\",\"@id\":\"https:\\\/\\\/www.cetys.mx\\\/noticias\\\/#website\",\"url\":\"https:\\\/\\\/www.cetys.mx\\\/noticias\\\/\",\"name\":\"CETYS\",\"description\":\"\",\"potentialAction\":[{\"@type\":\"SearchAction\",\"target\":{\"@type\":\"EntryPoint\",\"urlTemplate\":\"https:\\\/\\\/www.cetys.mx\\\/noticias\\\/?s={search_term_string}\"},\"query-input\":{\"@type\":\"PropertyValueSpecification\",\"valueRequired\":true,\"valueName\":\"search_term_string\"}}],\"inLanguage\":\"es\"},{\"@type\":\"Person\",\"@id\":\"https:\\\/\\\/www.cetys.mx\\\/noticias\\\/#\\\/schema\\\/person\\\/e790051ce60e18ae47cfa87011c8653f\",\"name\":\"Campus Tijuana\",\"url\":\"https:\\\/\\\/www.cetys.mx\\\/noticias\\\/author\\\/campustijuana\\\/\"}]}<\/script>\n<!-- \/ Yoast SEO plugin. -->","yoast_head_json":{"title":"UC San Diego y CETYS Universidad realizan Conversatorio sobre las elecciones presidenciales de M\u00e9xico en 2024 - CETYS","description":"Articulo sobre UC San Diego y CETYS Universidad realizan Conversatorio sobre las elecciones presidenciales de M\u00e9xico en 2024","robots":{"index":"index","follow":"follow","max-snippet":"max-snippet:-1","max-image-preview":"max-image-preview:large","max-video-preview":"max-video-preview:-1"},"canonical":"https:\/\/www.cetys.mx\/noticias\/uc-san-diego-y-cetys-universidad-realizan-conversatorio-sobre-las-elecciones-presidenciales-de-mexico-en-2024\/","og_locale":"es_MX","og_type":"article","og_title":"UC San Diego y CETYS Universidad realizan Conversatorio sobre las elecciones presidenciales de M\u00e9xico en 2024 - CETYS","og_description":"Articulo sobre UC San Diego y CETYS Universidad realizan Conversatorio sobre las elecciones presidenciales de M\u00e9xico en 2024","og_url":"https:\/\/www.cetys.mx\/noticias\/uc-san-diego-y-cetys-universidad-realizan-conversatorio-sobre-las-elecciones-presidenciales-de-mexico-en-2024\/","og_site_name":"CETYS","article_publisher":"https:\/\/www.facebook.com\/cetysuniversidadmxl\/","article_published_time":"2023-09-11T20:15:29+00:00","article_modified_time":"2023-09-12T19:54:31+00:00","og_image":[{"width":1200,"height":800,"url":"https:\/\/www.cetys.mx\/noticias\/wp-content\/uploads\/2023\/09\/conversatorio-san-diego-e1694457463228.jpg","type":"image\/jpeg"}],"author":"Campus Tijuana","twitter_card":"summary_large_image","twitter_creator":"@cetysuni","twitter_site":"@cetysuni","twitter_misc":{"Escrito por":"Campus Tijuana","Tiempo de lectura":"2 minutos"},"schema":{"@context":"https:\/\/schema.org","@graph":[{"@type":"Article","@id":"https:\/\/www.cetys.mx\/noticias\/uc-san-diego-y-cetys-universidad-realizan-conversatorio-sobre-las-elecciones-presidenciales-de-mexico-en-2024\/#article","isPartOf":{"@id":"https:\/\/www.cetys.mx\/noticias\/uc-san-diego-y-cetys-universidad-realizan-conversatorio-sobre-las-elecciones-presidenciales-de-mexico-en-2024\/"},"author":{"name":"Campus Tijuana","@id":"https:\/\/www.cetys.mx\/noticias\/#\/schema\/person\/e790051ce60e18ae47cfa87011c8653f"},"headline":"UC San Diego y CETYS Universidad realizan Conversatorio sobre las elecciones presidenciales de M\u00e9xico en 2024","datePublished":"2023-09-11T20:15:29+00:00","dateModified":"2023-09-12T19:54:31+00:00","mainEntityOfPage":{"@id":"https:\/\/www.cetys.mx\/noticias\/uc-san-diego-y-cetys-universidad-realizan-conversatorio-sobre-las-elecciones-presidenciales-de-mexico-en-2024\/"},"wordCount":429,"commentCount":0,"image":{"@id":"https:\/\/www.cetys.mx\/noticias\/uc-san-diego-y-cetys-universidad-realizan-conversatorio-sobre-las-elecciones-presidenciales-de-mexico-en-2024\/#primaryimage"},"thumbnailUrl":"https:\/\/www.cetys.mx\/noticias\/wp-content\/uploads\/2023\/09\/conversatorio-san-diego-e1694457463228.jpg","keywords":["Docentes","Vinculacion","vocetys-2023-09-12"],"articleSection":["Institucional","Portada","VoCETYS"],"inLanguage":"es","potentialAction":[{"@type":"CommentAction","name":"Comment","target":["https:\/\/www.cetys.mx\/noticias\/uc-san-diego-y-cetys-universidad-realizan-conversatorio-sobre-las-elecciones-presidenciales-de-mexico-en-2024\/#respond"]}]},{"@type":"WebPage","@id":"https:\/\/www.cetys.mx\/noticias\/uc-san-diego-y-cetys-universidad-realizan-conversatorio-sobre-las-elecciones-presidenciales-de-mexico-en-2024\/","url":"https:\/\/www.cetys.mx\/noticias\/uc-san-diego-y-cetys-universidad-realizan-conversatorio-sobre-las-elecciones-presidenciales-de-mexico-en-2024\/","name":"UC San Diego y CETYS Universidad realizan Conversatorio sobre las elecciones presidenciales de M\u00e9xico en 2024 - CETYS","isPartOf":{"@id":"https:\/\/www.cetys.mx\/noticias\/#website"},"primaryImageOfPage":{"@id":"https:\/\/www.cetys.mx\/noticias\/uc-san-diego-y-cetys-universidad-realizan-conversatorio-sobre-las-elecciones-presidenciales-de-mexico-en-2024\/#primaryimage"},"image":{"@id":"https:\/\/www.cetys.mx\/noticias\/uc-san-diego-y-cetys-universidad-realizan-conversatorio-sobre-las-elecciones-presidenciales-de-mexico-en-2024\/#primaryimage"},"thumbnailUrl":"https:\/\/www.cetys.mx\/noticias\/wp-content\/uploads\/2023\/09\/conversatorio-san-diego-e1694457463228.jpg","datePublished":"2023-09-11T20:15:29+00:00","dateModified":"2023-09-12T19:54:31+00:00","author":{"@id":"https:\/\/www.cetys.mx\/noticias\/#\/schema\/person\/e790051ce60e18ae47cfa87011c8653f"},"description":"Articulo sobre UC San Diego y CETYS Universidad realizan Conversatorio sobre las elecciones presidenciales de M\u00e9xico en 2024","breadcrumb":{"@id":"https:\/\/www.cetys.mx\/noticias\/uc-san-diego-y-cetys-universidad-realizan-conversatorio-sobre-las-elecciones-presidenciales-de-mexico-en-2024\/#breadcrumb"},"inLanguage":"es","potentialAction":[{"@type":"ReadAction","target":["https:\/\/www.cetys.mx\/noticias\/uc-san-diego-y-cetys-universidad-realizan-conversatorio-sobre-las-elecciones-presidenciales-de-mexico-en-2024\/"]}]},{"@type":"ImageObject","inLanguage":"es","@id":"https:\/\/www.cetys.mx\/noticias\/uc-san-diego-y-cetys-universidad-realizan-conversatorio-sobre-las-elecciones-presidenciales-de-mexico-en-2024\/#primaryimage","url":"https:\/\/www.cetys.mx\/noticias\/wp-content\/uploads\/2023\/09\/conversatorio-san-diego-e1694457463228.jpg","contentUrl":"https:\/\/www.cetys.mx\/noticias\/wp-content\/uploads\/2023\/09\/conversatorio-san-diego-e1694457463228.jpg","width":1200,"height":800},{"@type":"BreadcrumbList","@id":"https:\/\/www.cetys.mx\/noticias\/uc-san-diego-y-cetys-universidad-realizan-conversatorio-sobre-las-elecciones-presidenciales-de-mexico-en-2024\/#breadcrumb","itemListElement":[{"@type":"ListItem","position":1,"name":"Inicio","item":"https:\/\/www.cetys.mx\/noticias\/"},{"@type":"ListItem","position":2,"name":"UC San Diego y CETYS Universidad realizan Conversatorio sobre las elecciones presidenciales de M\u00e9xico en 2024"}]},{"@type":"WebSite","@id":"https:\/\/www.cetys.mx\/noticias\/#website","url":"https:\/\/www.cetys.mx\/noticias\/","name":"CETYS","description":"","potentialAction":[{"@type":"SearchAction","target":{"@type":"EntryPoint","urlTemplate":"https:\/\/www.cetys.mx\/noticias\/?s={search_term_string}"},"query-input":{"@type":"PropertyValueSpecification","valueRequired":true,"valueName":"search_term_string"}}],"inLanguage":"es"},{"@type":"Person","@id":"https:\/\/www.cetys.mx\/noticias\/#\/schema\/person\/e790051ce60e18ae47cfa87011c8653f","name":"Campus Tijuana","url":"https:\/\/www.cetys.mx\/noticias\/author\/campustijuana\/"}]}},"_links":{"self":[{"href":"https:\/\/www.cetys.mx\/noticias\/wp-json\/wp\/v2\/posts\/175831","targetHints":{"allow":["GET"]}}],"collection":[{"href":"https:\/\/www.cetys.mx\/noticias\/wp-json\/wp\/v2\/posts"}],"about":[{"href":"https:\/\/www.cetys.mx\/noticias\/wp-json\/wp\/v2\/types\/post"}],"author":[{"embeddable":true,"href":"https:\/\/www.cetys.mx\/noticias\/wp-json\/wp\/v2\/users\/24"}],"replies":[{"embeddable":true,"href":"https:\/\/www.cetys.mx\/noticias\/wp-json\/wp\/v2\/comments?post=175831"}],"version-history":[{"count":4,"href":"https:\/\/www.cetys.mx\/noticias\/wp-json\/wp\/v2\/posts\/175831\/revisions"}],"predecessor-version":[{"id":175835,"href":"https:\/\/www.cetys.mx\/noticias\/wp-json\/wp\/v2\/posts\/175831\/revisions\/175835"}],"wp:featuredmedia":[{"embeddable":true,"href":"https:\/\/www.cetys.mx\/noticias\/wp-json\/wp\/v2\/media\/175806"}],"wp:attachment":[{"href":"https:\/\/www.cetys.mx\/noticias\/wp-json\/wp\/v2\/media?parent=175831"}],"wp:term":[{"taxonomy":"category","embeddable":true,"href":"https:\/\/www.cetys.mx\/noticias\/wp-json\/wp\/v2\/categories?post=175831"},{"taxonomy":"post_tag","embeddable":true,"href":"https:\/\/www.cetys.mx\/noticias\/wp-json\/wp\/v2\/tags?post=175831"}],"curies":[{"name":"wp","href":"https:\/\/api.w.org\/{rel}","templated":true}]}}