{"id":175591,"date":"2023-09-01T17:45:01","date_gmt":"2023-09-02T00:45:01","guid":{"rendered":"https:\/\/www.cetys.mx\/noticias\/?p=175591"},"modified":"2023-09-01T17:45:01","modified_gmt":"2023-09-02T00:45:01","slug":"galeria-expo-servicio-social-2023","status":"publish","type":"post","link":"https:\/\/www.cetys.mx\/noticias\/galeria-expo-servicio-social-2023\/","title":{"rendered":"[Galer\u00eda] Expo Servicio Social 2023"},"content":{"rendered":"<p>Inicia septiembre y realizamos la Expo Servicio Social 2023, la cual permiti\u00f3 a los alumnos de Campus Tijuana conocer a las fundaciones donde pueden cubrir sus horas correspondientes.<\/p>\n<div class=\"xdj266r x11i5rnm xat24cr x1mh8g0r x1vvkbs x126k92a\">\n<div dir=\"auto\"><\/div>\n<\/div>\n<div class=\"x11i5rnm xat24cr x1mh8g0r x1vvkbs xtlvy1s x126k92a\">\n<div dir=\"auto\">Este a\u00f1o asistieron m\u00e1s de 20 organizaciones como Fundaci\u00f3n Castro Lim\u00f3n, Promotora de las Bellas Artes, Proyecto Salesiano Tijuana A.C., Telet\u00f3n, Club de Ni\u00f1os y Ni\u00f1os, entre otras.<\/div>\n<\/div>\n<div dir=\"auto\">Para darle seguimiento a tu servicio social ac\u00e9rcate al \u00e1rea de Vinculaci\u00f3n con Lili\u00e1n Ordo\u00f1ez (<a href=\"lilian.ordonez@cetys.mx\">lilian.ordonez@cetys.mx<\/a>).<\/div>\n<div dir=\"auto\"><\/div>\n<div dir=\"auto\">Empieza tu tr\u00e1mite <a href=\"https:\/\/sites.google.com\/cetys.mx\/sitioinformativoppyss\/servicio-social-cetys-tj?authuser=0\">AQU\u00cd<\/a><\/div>\n<div dir=\"auto\"><\/div>\n","protected":false},"excerpt":{"rendered":"<p>Inicia septiembre y realizamos la Expo Servicio Social 2023, la cual permiti\u00f3 a los alumnos de Campus Tijuana conocer a las fundaciones&#8230;<\/p>\n","protected":false},"author":24,"featured_media":175592,"comment_status":"open","ping_status":"closed","sticky":false,"template":"","format":"gallery","meta":{"footnotes":""},"categories":[134,143,125,109],"tags":[328,6547],"class_list":["post-175591","post","type-post","status-publish","format-gallery","has-post-thumbnail","hentry","category-campus-tijuana","category-galeria","category-portada","category-vinculacion","tag-campustijuana","tag-vinculaciontijuana","post_format-post-format-gallery"],"yoast_head":"<!-- This site is optimized with the Yoast SEO plugin v27.4 - https:\/\/yoast.com\/product\/yoast-seo-wordpress\/ -->\n<title>[Galer\u00eda] Expo Servicio Social 2023 - CETYS<\/title>\n<meta name=\"description\" content=\"Articulo sobre [Galer\u00eda] Expo Servicio Social 2023\" \/>\n<meta name=\"robots\" content=\"index, follow, max-snippet:-1, max-image-preview:large, max-video-preview:-1\" \/>\n<link rel=\"canonical\" href=\"https:\/\/www.cetys.mx\/noticias\/galeria-expo-servicio-social-2023\/\" \/>\n<meta property=\"og:locale\" content=\"es_MX\" \/>\n<meta property=\"og:type\" content=\"article\" \/>\n<meta property=\"og:title\" content=\"[Galer\u00eda] Expo Servicio Social 2023 - CETYS\" \/>\n<meta property=\"og:description\" content=\"Articulo sobre [Galer\u00eda] Expo Servicio Social 2023\" \/>\n<meta property=\"og:url\" content=\"https:\/\/www.cetys.mx\/noticias\/galeria-expo-servicio-social-2023\/\" \/>\n<meta property=\"og:site_name\" content=\"CETYS\" \/>\n<meta property=\"article:publisher\" content=\"https:\/\/www.facebook.com\/cetysuniversidadmxl\/\" \/>\n<meta property=\"article:published_time\" content=\"2023-09-02T00:45:01+00:00\" \/>\n<meta property=\"og:image\" content=\"https:\/\/www.cetys.mx\/noticias\/wp-content\/uploads\/2023\/09\/expo-servicio-social-tijauna.png\" \/>\n\t<meta property=\"og:image:width\" content=\"958\" \/>\n\t<meta property=\"og:image:height\" content=\"637\" \/>\n\t<meta property=\"og:image:type\" content=\"image\/png\" \/>\n<meta name=\"author\" content=\"Campus Tijuana\" \/>\n<meta name=\"twitter:card\" content=\"summary_large_image\" \/>\n<meta name=\"twitter:creator\" content=\"@cetysuni\" \/>\n<meta name=\"twitter:site\" content=\"@cetysuni\" \/>\n<meta name=\"twitter:label1\" content=\"Escrito por\" \/>\n\t<meta name=\"twitter:data1\" content=\"Campus Tijuana\" \/>\n<script type=\"application\/ld+json\" class=\"yoast-schema-graph\">{\"@context\":\"https:\\\/\\\/schema.org\",\"@graph\":[{\"@type\":\"Article\",\"@id\":\"https:\\\/\\\/www.cetys.mx\\\/noticias\\\/galeria-expo-servicio-social-2023\\\/#article\",\"isPartOf\":{\"@id\":\"https:\\\/\\\/www.cetys.mx\\\/noticias\\\/galeria-expo-servicio-social-2023\\\/\"},\"author\":{\"name\":\"Campus Tijuana\",\"@id\":\"https:\\\/\\\/www.cetys.mx\\\/noticias\\\/#\\\/schema\\\/person\\\/e790051ce60e18ae47cfa87011c8653f\"},\"headline\":\"[Galer\u00eda] Expo Servicio Social 2023\",\"datePublished\":\"2023-09-02T00:45:01+00:00\",\"mainEntityOfPage\":{\"@id\":\"https:\\\/\\\/www.cetys.mx\\\/noticias\\\/galeria-expo-servicio-social-2023\\\/\"},\"wordCount\":95,\"commentCount\":0,\"image\":{\"@id\":\"https:\\\/\\\/www.cetys.mx\\\/noticias\\\/galeria-expo-servicio-social-2023\\\/#primaryimage\"},\"thumbnailUrl\":\"https:\\\/\\\/www.cetys.mx\\\/noticias\\\/wp-content\\\/uploads\\\/2023\\\/09\\\/expo-servicio-social-tijauna.png\",\"keywords\":[\"campustijuana\",\"VinculacionTijuana\"],\"articleSection\":[\"Campus Tijuana\",\"Galer\u00eda\",\"Portada\",\"Vinculaci\u00f3n\"],\"inLanguage\":\"es\",\"potentialAction\":[{\"@type\":\"CommentAction\",\"name\":\"Comment\",\"target\":[\"https:\\\/\\\/www.cetys.mx\\\/noticias\\\/galeria-expo-servicio-social-2023\\\/#respond\"]}]},{\"@type\":\"WebPage\",\"@id\":\"https:\\\/\\\/www.cetys.mx\\\/noticias\\\/galeria-expo-servicio-social-2023\\\/\",\"url\":\"https:\\\/\\\/www.cetys.mx\\\/noticias\\\/galeria-expo-servicio-social-2023\\\/\",\"name\":\"[Galer\u00eda] Expo Servicio Social 2023 - CETYS\",\"isPartOf\":{\"@id\":\"https:\\\/\\\/www.cetys.mx\\\/noticias\\\/#website\"},\"primaryImageOfPage\":{\"@id\":\"https:\\\/\\\/www.cetys.mx\\\/noticias\\\/galeria-expo-servicio-social-2023\\\/#primaryimage\"},\"image\":{\"@id\":\"https:\\\/\\\/www.cetys.mx\\\/noticias\\\/galeria-expo-servicio-social-2023\\\/#primaryimage\"},\"thumbnailUrl\":\"https:\\\/\\\/www.cetys.mx\\\/noticias\\\/wp-content\\\/uploads\\\/2023\\\/09\\\/expo-servicio-social-tijauna.png\",\"datePublished\":\"2023-09-02T00:45:01+00:00\",\"author\":{\"@id\":\"https:\\\/\\\/www.cetys.mx\\\/noticias\\\/#\\\/schema\\\/person\\\/e790051ce60e18ae47cfa87011c8653f\"},\"description\":\"Articulo sobre [Galer\u00eda] Expo Servicio Social 2023\",\"breadcrumb\":{\"@id\":\"https:\\\/\\\/www.cetys.mx\\\/noticias\\\/galeria-expo-servicio-social-2023\\\/#breadcrumb\"},\"inLanguage\":\"es\",\"potentialAction\":[{\"@type\":\"ReadAction\",\"target\":[\"https:\\\/\\\/www.cetys.mx\\\/noticias\\\/galeria-expo-servicio-social-2023\\\/\"]}]},{\"@type\":\"ImageObject\",\"inLanguage\":\"es\",\"@id\":\"https:\\\/\\\/www.cetys.mx\\\/noticias\\\/galeria-expo-servicio-social-2023\\\/#primaryimage\",\"url\":\"https:\\\/\\\/www.cetys.mx\\\/noticias\\\/wp-content\\\/uploads\\\/2023\\\/09\\\/expo-servicio-social-tijauna.png\",\"contentUrl\":\"https:\\\/\\\/www.cetys.mx\\\/noticias\\\/wp-content\\\/uploads\\\/2023\\\/09\\\/expo-servicio-social-tijauna.png\",\"width\":958,\"height\":637},{\"@type\":\"BreadcrumbList\",\"@id\":\"https:\\\/\\\/www.cetys.mx\\\/noticias\\\/galeria-expo-servicio-social-2023\\\/#breadcrumb\",\"itemListElement\":[{\"@type\":\"ListItem\",\"position\":1,\"name\":\"Inicio\",\"item\":\"https:\\\/\\\/www.cetys.mx\\\/noticias\\\/\"},{\"@type\":\"ListItem\",\"position\":2,\"name\":\"[Galer\u00eda] Expo Servicio Social 2023\"}]},{\"@type\":\"WebSite\",\"@id\":\"https:\\\/\\\/www.cetys.mx\\\/noticias\\\/#website\",\"url\":\"https:\\\/\\\/www.cetys.mx\\\/noticias\\\/\",\"name\":\"CETYS\",\"description\":\"\",\"potentialAction\":[{\"@type\":\"SearchAction\",\"target\":{\"@type\":\"EntryPoint\",\"urlTemplate\":\"https:\\\/\\\/www.cetys.mx\\\/noticias\\\/?s={search_term_string}\"},\"query-input\":{\"@type\":\"PropertyValueSpecification\",\"valueRequired\":true,\"valueName\":\"search_term_string\"}}],\"inLanguage\":\"es\"},{\"@type\":\"Person\",\"@id\":\"https:\\\/\\\/www.cetys.mx\\\/noticias\\\/#\\\/schema\\\/person\\\/e790051ce60e18ae47cfa87011c8653f\",\"name\":\"Campus Tijuana\",\"url\":\"https:\\\/\\\/www.cetys.mx\\\/noticias\\\/author\\\/campustijuana\\\/\"}]}<\/script>\n<!-- \/ Yoast SEO plugin. -->","yoast_head_json":{"title":"[Galer\u00eda] Expo Servicio Social 2023 - CETYS","description":"Articulo sobre [Galer\u00eda] Expo Servicio Social 2023","robots":{"index":"index","follow":"follow","max-snippet":"max-snippet:-1","max-image-preview":"max-image-preview:large","max-video-preview":"max-video-preview:-1"},"canonical":"https:\/\/www.cetys.mx\/noticias\/galeria-expo-servicio-social-2023\/","og_locale":"es_MX","og_type":"article","og_title":"[Galer\u00eda] Expo Servicio Social 2023 - CETYS","og_description":"Articulo sobre [Galer\u00eda] Expo Servicio Social 2023","og_url":"https:\/\/www.cetys.mx\/noticias\/galeria-expo-servicio-social-2023\/","og_site_name":"CETYS","article_publisher":"https:\/\/www.facebook.com\/cetysuniversidadmxl\/","article_published_time":"2023-09-02T00:45:01+00:00","og_image":[{"width":958,"height":637,"url":"https:\/\/www.cetys.mx\/noticias\/wp-content\/uploads\/2023\/09\/expo-servicio-social-tijauna.png","type":"image\/png"}],"author":"Campus Tijuana","twitter_card":"summary_large_image","twitter_creator":"@cetysuni","twitter_site":"@cetysuni","twitter_misc":{"Escrito por":"Campus Tijuana"},"schema":{"@context":"https:\/\/schema.org","@graph":[{"@type":"Article","@id":"https:\/\/www.cetys.mx\/noticias\/galeria-expo-servicio-social-2023\/#article","isPartOf":{"@id":"https:\/\/www.cetys.mx\/noticias\/galeria-expo-servicio-social-2023\/"},"author":{"name":"Campus Tijuana","@id":"https:\/\/www.cetys.mx\/noticias\/#\/schema\/person\/e790051ce60e18ae47cfa87011c8653f"},"headline":"[Galer\u00eda] Expo Servicio Social 2023","datePublished":"2023-09-02T00:45:01+00:00","mainEntityOfPage":{"@id":"https:\/\/www.cetys.mx\/noticias\/galeria-expo-servicio-social-2023\/"},"wordCount":95,"commentCount":0,"image":{"@id":"https:\/\/www.cetys.mx\/noticias\/galeria-expo-servicio-social-2023\/#primaryimage"},"thumbnailUrl":"https:\/\/www.cetys.mx\/noticias\/wp-content\/uploads\/2023\/09\/expo-servicio-social-tijauna.png","keywords":["campustijuana","VinculacionTijuana"],"articleSection":["Campus Tijuana","Galer\u00eda","Portada","Vinculaci\u00f3n"],"inLanguage":"es","potentialAction":[{"@type":"CommentAction","name":"Comment","target":["https:\/\/www.cetys.mx\/noticias\/galeria-expo-servicio-social-2023\/#respond"]}]},{"@type":"WebPage","@id":"https:\/\/www.cetys.mx\/noticias\/galeria-expo-servicio-social-2023\/","url":"https:\/\/www.cetys.mx\/noticias\/galeria-expo-servicio-social-2023\/","name":"[Galer\u00eda] Expo Servicio Social 2023 - CETYS","isPartOf":{"@id":"https:\/\/www.cetys.mx\/noticias\/#website"},"primaryImageOfPage":{"@id":"https:\/\/www.cetys.mx\/noticias\/galeria-expo-servicio-social-2023\/#primaryimage"},"image":{"@id":"https:\/\/www.cetys.mx\/noticias\/galeria-expo-servicio-social-2023\/#primaryimage"},"thumbnailUrl":"https:\/\/www.cetys.mx\/noticias\/wp-content\/uploads\/2023\/09\/expo-servicio-social-tijauna.png","datePublished":"2023-09-02T00:45:01+00:00","author":{"@id":"https:\/\/www.cetys.mx\/noticias\/#\/schema\/person\/e790051ce60e18ae47cfa87011c8653f"},"description":"Articulo sobre [Galer\u00eda] Expo Servicio Social 2023","breadcrumb":{"@id":"https:\/\/www.cetys.mx\/noticias\/galeria-expo-servicio-social-2023\/#breadcrumb"},"inLanguage":"es","potentialAction":[{"@type":"ReadAction","target":["https:\/\/www.cetys.mx\/noticias\/galeria-expo-servicio-social-2023\/"]}]},{"@type":"ImageObject","inLanguage":"es","@id":"https:\/\/www.cetys.mx\/noticias\/galeria-expo-servicio-social-2023\/#primaryimage","url":"https:\/\/www.cetys.mx\/noticias\/wp-content\/uploads\/2023\/09\/expo-servicio-social-tijauna.png","contentUrl":"https:\/\/www.cetys.mx\/noticias\/wp-content\/uploads\/2023\/09\/expo-servicio-social-tijauna.png","width":958,"height":637},{"@type":"BreadcrumbList","@id":"https:\/\/www.cetys.mx\/noticias\/galeria-expo-servicio-social-2023\/#breadcrumb","itemListElement":[{"@type":"ListItem","position":1,"name":"Inicio","item":"https:\/\/www.cetys.mx\/noticias\/"},{"@type":"ListItem","position":2,"name":"[Galer\u00eda] Expo Servicio Social 2023"}]},{"@type":"WebSite","@id":"https:\/\/www.cetys.mx\/noticias\/#website","url":"https:\/\/www.cetys.mx\/noticias\/","name":"CETYS","description":"","potentialAction":[{"@type":"SearchAction","target":{"@type":"EntryPoint","urlTemplate":"https:\/\/www.cetys.mx\/noticias\/?s={search_term_string}"},"query-input":{"@type":"PropertyValueSpecification","valueRequired":true,"valueName":"search_term_string"}}],"inLanguage":"es"},{"@type":"Person","@id":"https:\/\/www.cetys.mx\/noticias\/#\/schema\/person\/e790051ce60e18ae47cfa87011c8653f","name":"Campus Tijuana","url":"https:\/\/www.cetys.mx\/noticias\/author\/campustijuana\/"}]}},"_links":{"self":[{"href":"https:\/\/www.cetys.mx\/noticias\/wp-json\/wp\/v2\/posts\/175591","targetHints":{"allow":["GET"]}}],"collection":[{"href":"https:\/\/www.cetys.mx\/noticias\/wp-json\/wp\/v2\/posts"}],"about":[{"href":"https:\/\/www.cetys.mx\/noticias\/wp-json\/wp\/v2\/types\/post"}],"author":[{"embeddable":true,"href":"https:\/\/www.cetys.mx\/noticias\/wp-json\/wp\/v2\/users\/24"}],"replies":[{"embeddable":true,"href":"https:\/\/www.cetys.mx\/noticias\/wp-json\/wp\/v2\/comments?post=175591"}],"version-history":[{"count":1,"href":"https:\/\/www.cetys.mx\/noticias\/wp-json\/wp\/v2\/posts\/175591\/revisions"}],"predecessor-version":[{"id":175620,"href":"https:\/\/www.cetys.mx\/noticias\/wp-json\/wp\/v2\/posts\/175591\/revisions\/175620"}],"wp:featuredmedia":[{"embeddable":true,"href":"https:\/\/www.cetys.mx\/noticias\/wp-json\/wp\/v2\/media\/175592"}],"wp:attachment":[{"href":"https:\/\/www.cetys.mx\/noticias\/wp-json\/wp\/v2\/media?parent=175591"}],"wp:term":[{"taxonomy":"category","embeddable":true,"href":"https:\/\/www.cetys.mx\/noticias\/wp-json\/wp\/v2\/categories?post=175591"},{"taxonomy":"post_tag","embeddable":true,"href":"https:\/\/www.cetys.mx\/noticias\/wp-json\/wp\/v2\/tags?post=175591"}],"curies":[{"name":"wp","href":"https:\/\/api.w.org\/{rel}","templated":true}]}}