{"id":175518,"date":"2023-08-30T11:55:45","date_gmt":"2023-08-30T18:55:45","guid":{"rendered":"https:\/\/www.cetys.mx\/noticias\/?p=175518"},"modified":"2023-08-30T11:55:45","modified_gmt":"2023-08-30T18:55:45","slug":"energia-y-medio-ambiente-grandes-nichos-del-derecho-desaprovechados-en-mexico","status":"publish","type":"post","link":"https:\/\/www.cetys.mx\/noticias\/energia-y-medio-ambiente-grandes-nichos-del-derecho-desaprovechados-en-mexico\/","title":{"rendered":"Energ\u00eda y Medio Ambiente, grandes nichos del Derecho desaprovechados en M\u00e9xico"},"content":{"rendered":"<p><span style=\"font-weight: 400;\">Las especialidades en Energ\u00eda y Medio Ambiente son nichos desaprovechados para los profesionales y aplicadores del derecho en M\u00e9xico, sobre todo en las zonas perif\u00e9ricas, esto a pesar de que especializarse en esto puede traer salarios altos.<\/span><\/p>\n<p><span style=\"font-weight: 400;\">El <strong>Dr. Luis Vera Morales<\/strong>, experto en el ramo y acad\u00e9mico de<\/span><a href=\"https:\/\/www.cetys.mx\/programas\/maestria-en-derecho\/\"> <span style=\"font-weight: 400;\">Posgrado<\/span><\/a><span style=\"font-weight: 400;\"> en <strong>CETYS Universidad<\/strong>, refiri\u00f3 que para esta \u00e1rea del Derecho el conocimiento en materia constitucional, comercial, fiscal o por mencionar algunos, no es suficiente. Se trata de especialistas que saben trabajar de la mano con ingenieros con lenguaje t\u00e9cnico sobre energ\u00eda, termodin\u00e1mica, fluidos,electricidad, gas, entre otros..<\/span><\/p>\n<blockquote><p><span style=\"font-weight: 400;\">\u201cS\u00ed es urgente tener m\u00e1s abogados con esta visi\u00f3n, en M\u00e9xico estos especialistas est\u00e1n m\u00e1s en las secretar\u00edas, en la funci\u00f3n p\u00fablica, pero cada vez m\u00e1s estados necesitan generar energ\u00eda y con ello crece la necesidad de m\u00e1s funcionarios y m\u00e1s para las empresas. Esta necesidad la hemos visto en Jalisco, en Tamaulipas y lo es ya para Baja California y el noroeste de M\u00e9xico. Y debemos ser conscientes, si no tienes energ\u00eda y especialistas, estas perdido como empresa o como estado, desde el c\u00f3mo generarla, los contratos, su distribuci\u00f3n o c\u00f3mo comercializar con ella\u201d, especific\u00f3 el Experto CETYS.<\/span><\/p><\/blockquote>\n<p><span style=\"font-weight: 400;\"><strong>\u00bfPor qu\u00e9 la relevancia?<\/strong> El <em>Doctor en Medio Ambiente y Desarrollo<\/em>, enfatiz\u00f3 que dichos especialistas son los encargados de analizar, entender y ver la factibilidad de contratos, obligaciones, las causas y que la normatividad atienda precisamente objetivos precisos, que va desde Normas Oficiales hasta acuerdos internacionales a los que M\u00e9xico est\u00e1 inscrito, por ejemplo el Acuerdo de Par\u00eds o como los Objetivos de Desarrollo Sostenible (ODS) de la Naciones Unidas.<\/span><\/p>\n<p><img loading=\"lazy\" decoding=\"async\" class=\" wp-image-175520 alignleft\" src=\"https:\/\/www.cetys.mx\/noticias\/wp-content\/uploads\/2023\/08\/dr-luis-vera-docente-maestria-en-derecho-cetys-tijuana.png\" alt=\"\" width=\"384\" height=\"255\" srcset=\"https:\/\/www.cetys.mx\/noticias\/wp-content\/uploads\/2023\/08\/dr-luis-vera-docente-maestria-en-derecho-cetys-tijuana.png 958w, https:\/\/www.cetys.mx\/noticias\/wp-content\/uploads\/2023\/08\/dr-luis-vera-docente-maestria-en-derecho-cetys-tijuana-768x511.png 768w\" sizes=\"auto, (max-width: 384px) 100vw, 384px\" \/><\/p>\n<blockquote><p><span style=\"font-weight: 400;\">\u201cPara las empresas son dos cuestiones sumamente importantes, una es que, muchas son muy cuidadosas en ser socialmente responsables, un esfuerzo loable, t\u00e9cnico y que debe ser acompa\u00f1ado con sus expertos en Derecho especializados. Pero el no tener a estos especialistas en Energ\u00eda y Medio Ambiente puede costar y caro, te expones a no tener condiciones de igualdad entre las dos partes, implica que alguien va a perder y eso pasa actualmente. Vemos empresas con malos abogados que no cumplen con condicionantes y as\u00ed hay p\u00e9rdidas millonarias con contratos gigantes\u201d, extern\u00f3.<\/span><\/p><\/blockquote>\n<p><span style=\"font-weight: 400;\">El acad\u00e9mico que da clases de materias como Derecho Energ\u00e9tico y de Telecomunicaciones en la<\/span><a href=\"https:\/\/www.cetys.mx\/programas\/maestria-en-derecho\/\"> <span style=\"font-weight: 400;\">Maestr\u00eda en Derecho<\/span><\/a><span style=\"font-weight: 400;\"> de CETYS<\/span><span style=\"font-weight: 400;\">, enfatiz\u00f3 que la Maestr\u00eda en Derecho que tiene una visi\u00f3n global, atiende carga acad\u00e9mica de Derecho Energ\u00e9tico y Medio Ambiente puede preparar a los profesionales y aplicadores del derecho para crear soluciones directas de las empresas que se desempe\u00f1an en este ramo y que cada vez son m\u00e1s en todo M\u00e9xico.<\/span><\/p>\n<p>&nbsp;<\/p>\n","protected":false},"excerpt":{"rendered":"<p>Las especialidades en Energ\u00eda y Medio Ambiente son nichos desaprovechados para los profesionales y aplicadores del derecho en M\u00e9xico, sobre todo en&#8230;<\/p>\n","protected":false},"author":24,"featured_media":175519,"comment_status":"open","ping_status":"closed","sticky":false,"template":"","format":"standard","meta":{"footnotes":""},"categories":[134,114,125,309,1710],"tags":[297,1269,168,247,398,6503],"class_list":["post-175518","post","type-post","status-publish","format-standard","has-post-thumbnail","hentry","category-campus-tijuana","category-opinion","category-portada","category-posgrado","category-profesorado","tag-campus-tijuana","tag-cetys-posgrado","tag-cetys-universidad","tag-derecho","tag-docentes","tag-maestriaenderecho"],"yoast_head":"<!-- This site is optimized with the Yoast SEO plugin v27.4 - https:\/\/yoast.com\/product\/yoast-seo-wordpress\/ -->\n<title>Energ\u00eda y Medio Ambiente, nichos del Derecho desaprovechados en M\u00e9xico<\/title>\n<meta name=\"description\" content=\"Experto de la Maestr\u00eda en Derecho en CETYS reitera que los sueldos en Energ\u00eda y Medio Ambiente pueden ser muy altos dependiendo el grado de especializaci\u00f3n.\" \/>\n<meta name=\"robots\" content=\"index, follow, max-snippet:-1, max-image-preview:large, max-video-preview:-1\" \/>\n<link rel=\"canonical\" href=\"https:\/\/www.cetys.mx\/noticias\/energia-y-medio-ambiente-grandes-nichos-del-derecho-desaprovechados-en-mexico\/\" \/>\n<meta property=\"og:locale\" content=\"es_MX\" \/>\n<meta property=\"og:type\" content=\"article\" \/>\n<meta property=\"og:title\" content=\"Energ\u00eda y Medio Ambiente, nichos del Derecho desaprovechados en M\u00e9xico\" \/>\n<meta property=\"og:description\" content=\"Experto de la Maestr\u00eda en Derecho en CETYS reitera que los sueldos en Energ\u00eda y Medio Ambiente pueden ser muy altos dependiendo el grado de especializaci\u00f3n.\" \/>\n<meta property=\"og:url\" content=\"https:\/\/www.cetys.mx\/noticias\/energia-y-medio-ambiente-grandes-nichos-del-derecho-desaprovechados-en-mexico\/\" \/>\n<meta property=\"og:site_name\" content=\"CETYS\" \/>\n<meta property=\"article:publisher\" content=\"https:\/\/www.facebook.com\/cetysuniversidadmxl\/\" \/>\n<meta property=\"article:published_time\" content=\"2023-08-30T18:55:45+00:00\" \/>\n<meta property=\"og:image\" content=\"https:\/\/www.cetys.mx\/noticias\/wp-content\/uploads\/2023\/08\/derecho-en-energia-y-medio-ambiente.png\" \/>\n\t<meta property=\"og:image:width\" content=\"958\" \/>\n\t<meta property=\"og:image:height\" content=\"638\" \/>\n\t<meta property=\"og:image:type\" content=\"image\/png\" \/>\n<meta name=\"author\" content=\"Campus Tijuana\" \/>\n<meta name=\"twitter:card\" content=\"summary_large_image\" \/>\n<meta name=\"twitter:creator\" content=\"@cetysuni\" \/>\n<meta name=\"twitter:site\" content=\"@cetysuni\" \/>\n<meta name=\"twitter:label1\" content=\"Escrito por\" \/>\n\t<meta name=\"twitter:data1\" content=\"Campus Tijuana\" \/>\n\t<meta name=\"twitter:label2\" content=\"Tiempo de lectura\" \/>\n\t<meta name=\"twitter:data2\" content=\"2 minutos\" \/>\n<script type=\"application\/ld+json\" class=\"yoast-schema-graph\">{\"@context\":\"https:\\\/\\\/schema.org\",\"@graph\":[{\"@type\":\"Article\",\"@id\":\"https:\\\/\\\/www.cetys.mx\\\/noticias\\\/energia-y-medio-ambiente-grandes-nichos-del-derecho-desaprovechados-en-mexico\\\/#article\",\"isPartOf\":{\"@id\":\"https:\\\/\\\/www.cetys.mx\\\/noticias\\\/energia-y-medio-ambiente-grandes-nichos-del-derecho-desaprovechados-en-mexico\\\/\"},\"author\":{\"name\":\"Campus Tijuana\",\"@id\":\"https:\\\/\\\/www.cetys.mx\\\/noticias\\\/#\\\/schema\\\/person\\\/e790051ce60e18ae47cfa87011c8653f\"},\"headline\":\"Energ\u00eda y Medio Ambiente, grandes nichos del Derecho desaprovechados en M\u00e9xico\",\"datePublished\":\"2023-08-30T18:55:45+00:00\",\"mainEntityOfPage\":{\"@id\":\"https:\\\/\\\/www.cetys.mx\\\/noticias\\\/energia-y-medio-ambiente-grandes-nichos-del-derecho-desaprovechados-en-mexico\\\/\"},\"wordCount\":482,\"commentCount\":0,\"image\":{\"@id\":\"https:\\\/\\\/www.cetys.mx\\\/noticias\\\/energia-y-medio-ambiente-grandes-nichos-del-derecho-desaprovechados-en-mexico\\\/#primaryimage\"},\"thumbnailUrl\":\"https:\\\/\\\/www.cetys.mx\\\/noticias\\\/wp-content\\\/uploads\\\/2023\\\/08\\\/derecho-en-energia-y-medio-ambiente.png\",\"keywords\":[\"Campus Tijuana\",\"CETYS Posgrado\",\"CETYS Universidad\",\"Derecho\",\"Docentes\",\"MaestriaenDerecho\"],\"articleSection\":[\"Campus Tijuana\",\"Opini\u00f3n\",\"Portada\",\"Posgrado\",\"Profesorado\"],\"inLanguage\":\"es\",\"potentialAction\":[{\"@type\":\"CommentAction\",\"name\":\"Comment\",\"target\":[\"https:\\\/\\\/www.cetys.mx\\\/noticias\\\/energia-y-medio-ambiente-grandes-nichos-del-derecho-desaprovechados-en-mexico\\\/#respond\"]}]},{\"@type\":\"WebPage\",\"@id\":\"https:\\\/\\\/www.cetys.mx\\\/noticias\\\/energia-y-medio-ambiente-grandes-nichos-del-derecho-desaprovechados-en-mexico\\\/\",\"url\":\"https:\\\/\\\/www.cetys.mx\\\/noticias\\\/energia-y-medio-ambiente-grandes-nichos-del-derecho-desaprovechados-en-mexico\\\/\",\"name\":\"Energ\u00eda y Medio Ambiente, nichos del Derecho desaprovechados en M\u00e9xico\",\"isPartOf\":{\"@id\":\"https:\\\/\\\/www.cetys.mx\\\/noticias\\\/#website\"},\"primaryImageOfPage\":{\"@id\":\"https:\\\/\\\/www.cetys.mx\\\/noticias\\\/energia-y-medio-ambiente-grandes-nichos-del-derecho-desaprovechados-en-mexico\\\/#primaryimage\"},\"image\":{\"@id\":\"https:\\\/\\\/www.cetys.mx\\\/noticias\\\/energia-y-medio-ambiente-grandes-nichos-del-derecho-desaprovechados-en-mexico\\\/#primaryimage\"},\"thumbnailUrl\":\"https:\\\/\\\/www.cetys.mx\\\/noticias\\\/wp-content\\\/uploads\\\/2023\\\/08\\\/derecho-en-energia-y-medio-ambiente.png\",\"datePublished\":\"2023-08-30T18:55:45+00:00\",\"author\":{\"@id\":\"https:\\\/\\\/www.cetys.mx\\\/noticias\\\/#\\\/schema\\\/person\\\/e790051ce60e18ae47cfa87011c8653f\"},\"description\":\"Experto de la Maestr\u00eda en Derecho en CETYS reitera que los sueldos en Energ\u00eda y Medio Ambiente pueden ser muy altos dependiendo el grado de especializaci\u00f3n.\",\"breadcrumb\":{\"@id\":\"https:\\\/\\\/www.cetys.mx\\\/noticias\\\/energia-y-medio-ambiente-grandes-nichos-del-derecho-desaprovechados-en-mexico\\\/#breadcrumb\"},\"inLanguage\":\"es\",\"potentialAction\":[{\"@type\":\"ReadAction\",\"target\":[\"https:\\\/\\\/www.cetys.mx\\\/noticias\\\/energia-y-medio-ambiente-grandes-nichos-del-derecho-desaprovechados-en-mexico\\\/\"]}]},{\"@type\":\"ImageObject\",\"inLanguage\":\"es\",\"@id\":\"https:\\\/\\\/www.cetys.mx\\\/noticias\\\/energia-y-medio-ambiente-grandes-nichos-del-derecho-desaprovechados-en-mexico\\\/#primaryimage\",\"url\":\"https:\\\/\\\/www.cetys.mx\\\/noticias\\\/wp-content\\\/uploads\\\/2023\\\/08\\\/derecho-en-energia-y-medio-ambiente.png\",\"contentUrl\":\"https:\\\/\\\/www.cetys.mx\\\/noticias\\\/wp-content\\\/uploads\\\/2023\\\/08\\\/derecho-en-energia-y-medio-ambiente.png\",\"width\":958,\"height\":638},{\"@type\":\"BreadcrumbList\",\"@id\":\"https:\\\/\\\/www.cetys.mx\\\/noticias\\\/energia-y-medio-ambiente-grandes-nichos-del-derecho-desaprovechados-en-mexico\\\/#breadcrumb\",\"itemListElement\":[{\"@type\":\"ListItem\",\"position\":1,\"name\":\"Inicio\",\"item\":\"https:\\\/\\\/www.cetys.mx\\\/noticias\\\/\"},{\"@type\":\"ListItem\",\"position\":2,\"name\":\"Energ\u00eda y Medio Ambiente, grandes nichos del Derecho desaprovechados en M\u00e9xico\"}]},{\"@type\":\"WebSite\",\"@id\":\"https:\\\/\\\/www.cetys.mx\\\/noticias\\\/#website\",\"url\":\"https:\\\/\\\/www.cetys.mx\\\/noticias\\\/\",\"name\":\"CETYS\",\"description\":\"\",\"potentialAction\":[{\"@type\":\"SearchAction\",\"target\":{\"@type\":\"EntryPoint\",\"urlTemplate\":\"https:\\\/\\\/www.cetys.mx\\\/noticias\\\/?s={search_term_string}\"},\"query-input\":{\"@type\":\"PropertyValueSpecification\",\"valueRequired\":true,\"valueName\":\"search_term_string\"}}],\"inLanguage\":\"es\"},{\"@type\":\"Person\",\"@id\":\"https:\\\/\\\/www.cetys.mx\\\/noticias\\\/#\\\/schema\\\/person\\\/e790051ce60e18ae47cfa87011c8653f\",\"name\":\"Campus Tijuana\",\"url\":\"https:\\\/\\\/www.cetys.mx\\\/noticias\\\/author\\\/campustijuana\\\/\"}]}<\/script>\n<!-- \/ Yoast SEO plugin. -->","yoast_head_json":{"title":"Energ\u00eda y Medio Ambiente, nichos del Derecho desaprovechados en M\u00e9xico","description":"Experto de la Maestr\u00eda en Derecho en CETYS reitera que los sueldos en Energ\u00eda y Medio Ambiente pueden ser muy altos dependiendo el grado de especializaci\u00f3n.","robots":{"index":"index","follow":"follow","max-snippet":"max-snippet:-1","max-image-preview":"max-image-preview:large","max-video-preview":"max-video-preview:-1"},"canonical":"https:\/\/www.cetys.mx\/noticias\/energia-y-medio-ambiente-grandes-nichos-del-derecho-desaprovechados-en-mexico\/","og_locale":"es_MX","og_type":"article","og_title":"Energ\u00eda y Medio Ambiente, nichos del Derecho desaprovechados en M\u00e9xico","og_description":"Experto de la Maestr\u00eda en Derecho en CETYS reitera que los sueldos en Energ\u00eda y Medio Ambiente pueden ser muy altos dependiendo el grado de especializaci\u00f3n.","og_url":"https:\/\/www.cetys.mx\/noticias\/energia-y-medio-ambiente-grandes-nichos-del-derecho-desaprovechados-en-mexico\/","og_site_name":"CETYS","article_publisher":"https:\/\/www.facebook.com\/cetysuniversidadmxl\/","article_published_time":"2023-08-30T18:55:45+00:00","og_image":[{"width":958,"height":638,"url":"https:\/\/www.cetys.mx\/noticias\/wp-content\/uploads\/2023\/08\/derecho-en-energia-y-medio-ambiente.png","type":"image\/png"}],"author":"Campus Tijuana","twitter_card":"summary_large_image","twitter_creator":"@cetysuni","twitter_site":"@cetysuni","twitter_misc":{"Escrito por":"Campus Tijuana","Tiempo de lectura":"2 minutos"},"schema":{"@context":"https:\/\/schema.org","@graph":[{"@type":"Article","@id":"https:\/\/www.cetys.mx\/noticias\/energia-y-medio-ambiente-grandes-nichos-del-derecho-desaprovechados-en-mexico\/#article","isPartOf":{"@id":"https:\/\/www.cetys.mx\/noticias\/energia-y-medio-ambiente-grandes-nichos-del-derecho-desaprovechados-en-mexico\/"},"author":{"name":"Campus Tijuana","@id":"https:\/\/www.cetys.mx\/noticias\/#\/schema\/person\/e790051ce60e18ae47cfa87011c8653f"},"headline":"Energ\u00eda y Medio Ambiente, grandes nichos del Derecho desaprovechados en M\u00e9xico","datePublished":"2023-08-30T18:55:45+00:00","mainEntityOfPage":{"@id":"https:\/\/www.cetys.mx\/noticias\/energia-y-medio-ambiente-grandes-nichos-del-derecho-desaprovechados-en-mexico\/"},"wordCount":482,"commentCount":0,"image":{"@id":"https:\/\/www.cetys.mx\/noticias\/energia-y-medio-ambiente-grandes-nichos-del-derecho-desaprovechados-en-mexico\/#primaryimage"},"thumbnailUrl":"https:\/\/www.cetys.mx\/noticias\/wp-content\/uploads\/2023\/08\/derecho-en-energia-y-medio-ambiente.png","keywords":["Campus Tijuana","CETYS Posgrado","CETYS Universidad","Derecho","Docentes","MaestriaenDerecho"],"articleSection":["Campus Tijuana","Opini\u00f3n","Portada","Posgrado","Profesorado"],"inLanguage":"es","potentialAction":[{"@type":"CommentAction","name":"Comment","target":["https:\/\/www.cetys.mx\/noticias\/energia-y-medio-ambiente-grandes-nichos-del-derecho-desaprovechados-en-mexico\/#respond"]}]},{"@type":"WebPage","@id":"https:\/\/www.cetys.mx\/noticias\/energia-y-medio-ambiente-grandes-nichos-del-derecho-desaprovechados-en-mexico\/","url":"https:\/\/www.cetys.mx\/noticias\/energia-y-medio-ambiente-grandes-nichos-del-derecho-desaprovechados-en-mexico\/","name":"Energ\u00eda y Medio Ambiente, nichos del Derecho desaprovechados en M\u00e9xico","isPartOf":{"@id":"https:\/\/www.cetys.mx\/noticias\/#website"},"primaryImageOfPage":{"@id":"https:\/\/www.cetys.mx\/noticias\/energia-y-medio-ambiente-grandes-nichos-del-derecho-desaprovechados-en-mexico\/#primaryimage"},"image":{"@id":"https:\/\/www.cetys.mx\/noticias\/energia-y-medio-ambiente-grandes-nichos-del-derecho-desaprovechados-en-mexico\/#primaryimage"},"thumbnailUrl":"https:\/\/www.cetys.mx\/noticias\/wp-content\/uploads\/2023\/08\/derecho-en-energia-y-medio-ambiente.png","datePublished":"2023-08-30T18:55:45+00:00","author":{"@id":"https:\/\/www.cetys.mx\/noticias\/#\/schema\/person\/e790051ce60e18ae47cfa87011c8653f"},"description":"Experto de la Maestr\u00eda en Derecho en CETYS reitera que los sueldos en Energ\u00eda y Medio Ambiente pueden ser muy altos dependiendo el grado de especializaci\u00f3n.","breadcrumb":{"@id":"https:\/\/www.cetys.mx\/noticias\/energia-y-medio-ambiente-grandes-nichos-del-derecho-desaprovechados-en-mexico\/#breadcrumb"},"inLanguage":"es","potentialAction":[{"@type":"ReadAction","target":["https:\/\/www.cetys.mx\/noticias\/energia-y-medio-ambiente-grandes-nichos-del-derecho-desaprovechados-en-mexico\/"]}]},{"@type":"ImageObject","inLanguage":"es","@id":"https:\/\/www.cetys.mx\/noticias\/energia-y-medio-ambiente-grandes-nichos-del-derecho-desaprovechados-en-mexico\/#primaryimage","url":"https:\/\/www.cetys.mx\/noticias\/wp-content\/uploads\/2023\/08\/derecho-en-energia-y-medio-ambiente.png","contentUrl":"https:\/\/www.cetys.mx\/noticias\/wp-content\/uploads\/2023\/08\/derecho-en-energia-y-medio-ambiente.png","width":958,"height":638},{"@type":"BreadcrumbList","@id":"https:\/\/www.cetys.mx\/noticias\/energia-y-medio-ambiente-grandes-nichos-del-derecho-desaprovechados-en-mexico\/#breadcrumb","itemListElement":[{"@type":"ListItem","position":1,"name":"Inicio","item":"https:\/\/www.cetys.mx\/noticias\/"},{"@type":"ListItem","position":2,"name":"Energ\u00eda y Medio Ambiente, grandes nichos del Derecho desaprovechados en M\u00e9xico"}]},{"@type":"WebSite","@id":"https:\/\/www.cetys.mx\/noticias\/#website","url":"https:\/\/www.cetys.mx\/noticias\/","name":"CETYS","description":"","potentialAction":[{"@type":"SearchAction","target":{"@type":"EntryPoint","urlTemplate":"https:\/\/www.cetys.mx\/noticias\/?s={search_term_string}"},"query-input":{"@type":"PropertyValueSpecification","valueRequired":true,"valueName":"search_term_string"}}],"inLanguage":"es"},{"@type":"Person","@id":"https:\/\/www.cetys.mx\/noticias\/#\/schema\/person\/e790051ce60e18ae47cfa87011c8653f","name":"Campus Tijuana","url":"https:\/\/www.cetys.mx\/noticias\/author\/campustijuana\/"}]}},"_links":{"self":[{"href":"https:\/\/www.cetys.mx\/noticias\/wp-json\/wp\/v2\/posts\/175518","targetHints":{"allow":["GET"]}}],"collection":[{"href":"https:\/\/www.cetys.mx\/noticias\/wp-json\/wp\/v2\/posts"}],"about":[{"href":"https:\/\/www.cetys.mx\/noticias\/wp-json\/wp\/v2\/types\/post"}],"author":[{"embeddable":true,"href":"https:\/\/www.cetys.mx\/noticias\/wp-json\/wp\/v2\/users\/24"}],"replies":[{"embeddable":true,"href":"https:\/\/www.cetys.mx\/noticias\/wp-json\/wp\/v2\/comments?post=175518"}],"version-history":[{"count":1,"href":"https:\/\/www.cetys.mx\/noticias\/wp-json\/wp\/v2\/posts\/175518\/revisions"}],"predecessor-version":[{"id":175522,"href":"https:\/\/www.cetys.mx\/noticias\/wp-json\/wp\/v2\/posts\/175518\/revisions\/175522"}],"wp:featuredmedia":[{"embeddable":true,"href":"https:\/\/www.cetys.mx\/noticias\/wp-json\/wp\/v2\/media\/175519"}],"wp:attachment":[{"href":"https:\/\/www.cetys.mx\/noticias\/wp-json\/wp\/v2\/media?parent=175518"}],"wp:term":[{"taxonomy":"category","embeddable":true,"href":"https:\/\/www.cetys.mx\/noticias\/wp-json\/wp\/v2\/categories?post=175518"},{"taxonomy":"post_tag","embeddable":true,"href":"https:\/\/www.cetys.mx\/noticias\/wp-json\/wp\/v2\/tags?post=175518"}],"curies":[{"name":"wp","href":"https:\/\/api.w.org\/{rel}","templated":true}]}}