{"id":175312,"date":"2023-08-22T11:29:43","date_gmt":"2023-08-22T18:29:43","guid":{"rendered":"https:\/\/www.cetys.mx\/noticias\/?p=175312"},"modified":"2023-08-23T12:45:40","modified_gmt":"2023-08-23T19:45:40","slug":"protocolo-para-la-prevencion-y-atencion-de-casos-de-discriminacion-violencia-escolar-hostigamiento-abuso-y-acoso-sexual-en-cetys-universidad","status":"publish","type":"post","link":"https:\/\/www.cetys.mx\/noticias\/protocolo-para-la-prevencion-y-atencion-de-casos-de-discriminacion-violencia-escolar-hostigamiento-abuso-y-acoso-sexual-en-cetys-universidad\/","title":{"rendered":"Contra la violencia, todas las voces"},"content":{"rendered":"<p><span style=\"font-weight: 400;\">Este mes, en CETYS Universidad creamos conciencia y prevenimos sobre el impacto f\u00edsico y mental que tiene la violencia en nuestras vidas.\u00a0<\/span><\/p>\n<p><span style=\"font-weight: 400;\">A trav\u00e9s de una serie de recomendaciones, as\u00ed como de la identificaci\u00f3n de focos rojos en nuestra cotidianidad y compartiendo nuestro <a href=\"https:\/\/bit.ly\/ProtocoloVACETYS\" target=\"_blank\" rel=\"noopener\">Protocolo para la prevenci\u00f3n y atenci\u00f3n de casos de discriminaci\u00f3n, violencia escolar, hostigamiento, abuso y acoso sexual en CETYS Universidad<\/a>.<\/span><\/p>\n<hr \/>\n<h4><b>CONOCE SUS CONSECUENCIAS<\/b><\/h4>\n<p><span style=\"font-weight: 400;\">La exposici\u00f3n a la violencia aumenta el riesgo de:\u00a0<\/span><\/p>\n<ul>\n<li style=\"font-weight: 400;\" aria-level=\"1\"><span style=\"font-weight: 400;\">Consumo de drogas.<\/span><\/li>\n<li style=\"font-weight: 400;\" aria-level=\"1\"><span style=\"font-weight: 400;\">Afecciones de salud mental.\u00a0<\/span><\/li>\n<li style=\"font-weight: 400;\" aria-level=\"1\"><span style=\"font-weight: 400;\">Tendencia al suicidio.<\/span><\/li>\n<li style=\"font-weight: 400;\" aria-level=\"1\"><span style=\"font-weight: 400;\">Enfermedades cr\u00f3nicas e infecciosas.<\/span><\/li>\n<li style=\"font-weight: 400;\" aria-level=\"1\"><span style=\"font-weight: 400;\">Problemas sociales.<\/span><\/li>\n<li style=\"font-weight: 400;\" aria-level=\"1\"><span style=\"font-weight: 400;\">Crimen o m\u00e1s violencia.<\/span><\/li>\n<\/ul>\n<hr \/>\n<h4><b>\u00bfC\u00d3MO PUEDO PREVENIR LA VIOLENCIA?<\/b><\/h4>\n<p><b>Inf\u00f3rmate<\/b><\/p>\n<p><span style=\"font-weight: 400;\">Reconoce los aspectos cruciales sobre la violencia, como lo son los tipos, los signos para reconocer si somos violentados y las consecuencias.\u00a0<\/span><\/p>\n<p><b>Genera y fomenta el respeto<\/b><\/p>\n<p><span style=\"font-weight: 400;\">Brinda un trato digno y de respeto a cada persona, incluy\u00e9ndote.<\/span><\/p>\n<p><b>No permitamos ni normalicemos la violencia\u00a0<\/b><\/p>\n<p><span style=\"font-weight: 400;\">Los pellizcos, jalones, insultos y peque\u00f1os golpes no deben pasar desapercibidos.\u00a0<\/span><\/p>\n<p><b>Desarrolla aptitudes para la vida<\/b><\/p>\n<p>&nbsp;<\/p>\n<ul>\n<li style=\"font-weight: 400;\" aria-level=\"1\"><b>Autoconciencia: <\/b><span style=\"font-weight: 400;\">conocer nuestros pensamientos, sentimientos y comportamientos, as\u00ed como fortalezas y l\u00edmites.<\/span><\/li>\n<li style=\"font-weight: 400;\" aria-level=\"1\"><b>Autogesti\u00f3n:<\/b><span style=\"font-weight: 400;\"> gestionar emociones e impulsos.<\/span><\/li>\n<li style=\"font-weight: 400;\" aria-level=\"1\"><b>Conciencia social:<\/b><span style=\"font-weight: 400;\"> empatizar con el resto de las personas, reconociendo y respetando las diferencias sociales.<\/span><\/li>\n<li style=\"font-weight: 400;\" aria-level=\"1\"><b>Decisiones responsables:<\/b><span style=\"font-weight: 400;\"> tener pensamiento cr\u00edtico y evaluar las consecuencias de nuestras acciones y de los dem\u00e1s.<\/span><\/li>\n<\/ul>\n<hr \/>\n<h4><b>PROTOCOLO PARA LA PREVENCI\u00d3N Y ATENCI\u00d3N DE CASOS DE DISCRIMINACI\u00d3N, VIOLENCIA ESCOLAR, HOSTIGAMIENTO, ABUSO Y ACOSO SEXUAL EN CETYS UNIVERSIDAD<\/b><\/h4>\n<p><span style=\"font-weight: 400;\">CETYS Universidad es una instituci\u00f3n que promueve los principios de justicia e igualdad y mantiene cero tolerancia hacia cualquier tipo de violencia.<\/span><\/p>\n<p><span style=\"font-weight: 400;\">Te invitamos a conocer nuestro Protocolo para la prevenci\u00f3n y atenci\u00f3n de casos de discriminaci\u00f3n, violencia escolar, hostigamiento, abuso y acoso sexual en CETYS Universidad:\u00a0<\/span><\/p>\n<p style=\"text-align: center;\"><a href=\"https:\/\/bit.ly\/ProtocoloVACETYS\" target=\"_blank\" rel=\"noopener\"><span style=\"color: #0000ff;\"><strong>https:\/\/bit.ly\/ProtocoloVACETYS<\/strong><\/span><\/a><\/p>\n<p><span style=\"font-weight: 400;\">Nos comprometemos con la prevenci\u00f3n y atenci\u00f3n de cualquier tipo violencia. Conoce m\u00e1s sobre la prevenci\u00f3n de la violencia en:<\/span><\/p>\n<p><a href=\"https:\/\/bit.ly\/ECampus_ViolenciaEscolar\u00a0\"><img loading=\"lazy\" decoding=\"async\" class=\"aligncenter wp-image-175313\" src=\"https:\/\/www.cetys.mx\/noticias\/wp-content\/uploads\/2023\/08\/Violencia.jpg\" alt=\"\" width=\"958\" height=\"539\" srcset=\"https:\/\/www.cetys.mx\/noticias\/wp-content\/uploads\/2023\/08\/Violencia.jpg 1396w, https:\/\/www.cetys.mx\/noticias\/wp-content\/uploads\/2023\/08\/Violencia-768x432.jpg 768w\" sizes=\"auto, (max-width: 958px) 100vw, 958px\" \/><\/a><\/p>\n<p>&nbsp;<\/p>\n<hr \/>\n<p><span style=\"font-size: 8pt;\"><b>Referencias:<\/b><\/span><\/p>\n<p><span style=\"font-size: 8pt;\"><span style=\"font-weight: 400;\">Fundaci\u00f3n Carlos Slim. (2016). <\/span><i><span style=\"font-weight: 400;\">La soluci\u00f3n para prevenir la violencia est\u00e1 en nosotros. <\/span><\/i><a href=\"https:\/\/fundacioncarlosslim.org\/la-solucion-prevenir-la-violencia-esta-en\/\"><span style=\"font-weight: 400;\">https:\/\/fundacioncarlosslim.org\/la-solucion-prevenir-la-violencia-esta-en\/<\/span><\/a><\/span><\/p>\n<p><span style=\"font-size: 8pt;\"><span style=\"font-weight: 400;\">Organizaci\u00f3n Mundial de la Salud. (2002). <\/span><i><span style=\"font-weight: 400;\">Informe mundial sobre la violencia y la salud. <\/span><\/i><a href=\"http:\/\/www.indesol.gob.mx\/alas-para-el-cambio\/doctos\/Ginebra-OMS-ViolenciaMundial.pdf\"><span style=\"font-weight: 400;\">http:\/\/www.indesol.gob.mx\/alas-para-el-cambio\/doctos\/Ginebra-OMS-ViolenciaMundial.pdf<\/span><\/a><\/span><\/p>\n<p><span style=\"font-size: 8pt;\"><span style=\"font-weight: 400;\">Organizaci\u00f3n Panamericana de la Salud. (s.f.). <\/span><i><span style=\"font-weight: 400;\">Prevenci\u00f3n de la violencia. <\/span><\/i><a href=\"https:\/\/www.paho.org\/es\/temas\/prevencion-violencia\"><span style=\"font-weight: 400;\">https:\/\/www.paho.org\/es\/temas\/prevencion-violencia<\/span><\/a><\/span><\/p>\n","protected":false},"excerpt":{"rendered":"<p>Este mes, en CETYS Universidad creamos conciencia y prevenimos sobre el impacto f\u00edsico y mental que tiene la violencia en nuestras vidas.\u00a0&#8230;<\/p>\n","protected":false},"author":26,"featured_media":175314,"comment_status":"open","ping_status":"closed","sticky":false,"template":"","format":"standard","meta":{"footnotes":""},"categories":[1],"tags":[6535,1870],"class_list":["post-175312","post","type-post","status-publish","format-standard","has-post-thumbnail","hentry","category-uncategorized","tag-protocolo-de-prevencion-y-atencion-de-casos-de-violencia","tag-violencia"],"yoast_head":"<!-- This site is optimized with the Yoast SEO plugin v27.4 - https:\/\/yoast.com\/product\/yoast-seo-wordpress\/ -->\n<title>Contra la violencia, todas las voces - CETYS<\/title>\n<meta name=\"description\" content=\"Protocolo para la prevenci\u00f3n y atenci\u00f3n de casos de discriminaci\u00f3n, violencia escolar, hostigamiento, abuso y acoso sexual en CETYS Universidad.\" \/>\n<meta name=\"robots\" content=\"index, follow, max-snippet:-1, max-image-preview:large, max-video-preview:-1\" \/>\n<link rel=\"canonical\" href=\"https:\/\/www.cetys.mx\/noticias\/protocolo-para-la-prevencion-y-atencion-de-casos-de-discriminacion-violencia-escolar-hostigamiento-abuso-y-acoso-sexual-en-cetys-universidad\/\" \/>\n<meta property=\"og:locale\" content=\"es_MX\" \/>\n<meta property=\"og:type\" content=\"article\" \/>\n<meta property=\"og:title\" content=\"Contra la violencia, todas las voces - CETYS\" \/>\n<meta property=\"og:description\" content=\"Protocolo para la prevenci\u00f3n y atenci\u00f3n de casos de discriminaci\u00f3n, violencia escolar, hostigamiento, abuso y acoso sexual en CETYS Universidad.\" \/>\n<meta property=\"og:url\" content=\"https:\/\/www.cetys.mx\/noticias\/protocolo-para-la-prevencion-y-atencion-de-casos-de-discriminacion-violencia-escolar-hostigamiento-abuso-y-acoso-sexual-en-cetys-universidad\/\" \/>\n<meta property=\"og:site_name\" content=\"CETYS\" \/>\n<meta property=\"article:publisher\" content=\"https:\/\/www.facebook.com\/cetysuniversidadmxl\/\" \/>\n<meta property=\"article:published_time\" content=\"2023-08-22T18:29:43+00:00\" \/>\n<meta property=\"article:modified_time\" content=\"2023-08-23T19:45:40+00:00\" \/>\n<meta property=\"og:image\" content=\"https:\/\/www.cetys.mx\/noticias\/wp-content\/uploads\/2023\/08\/CETYS_PASM23-Nota-Violencia-01.png\" \/>\n\t<meta property=\"og:image:width\" content=\"958\" \/>\n\t<meta property=\"og:image:height\" content=\"637\" \/>\n\t<meta property=\"og:image:type\" content=\"image\/png\" \/>\n<meta name=\"author\" content=\"CETYS Institucional\" \/>\n<meta name=\"twitter:card\" content=\"summary_large_image\" \/>\n<meta name=\"twitter:creator\" content=\"@cetysuni\" \/>\n<meta name=\"twitter:site\" content=\"@cetysuni\" \/>\n<meta name=\"twitter:label1\" content=\"Escrito por\" \/>\n\t<meta name=\"twitter:data1\" content=\"CETYS Institucional\" \/>\n\t<meta name=\"twitter:label2\" content=\"Tiempo de lectura\" \/>\n\t<meta name=\"twitter:data2\" content=\"2 minutos\" \/>\n<script type=\"application\/ld+json\" class=\"yoast-schema-graph\">{\"@context\":\"https:\\\/\\\/schema.org\",\"@graph\":[{\"@type\":\"Article\",\"@id\":\"https:\\\/\\\/www.cetys.mx\\\/noticias\\\/protocolo-para-la-prevencion-y-atencion-de-casos-de-discriminacion-violencia-escolar-hostigamiento-abuso-y-acoso-sexual-en-cetys-universidad\\\/#article\",\"isPartOf\":{\"@id\":\"https:\\\/\\\/www.cetys.mx\\\/noticias\\\/protocolo-para-la-prevencion-y-atencion-de-casos-de-discriminacion-violencia-escolar-hostigamiento-abuso-y-acoso-sexual-en-cetys-universidad\\\/\"},\"author\":{\"name\":\"CETYS Institucional\",\"@id\":\"https:\\\/\\\/www.cetys.mx\\\/noticias\\\/#\\\/schema\\\/person\\\/e9d2b35265b64aa454df57a2828eb2ac\"},\"headline\":\"Contra la violencia, todas las voces\",\"datePublished\":\"2023-08-22T18:29:43+00:00\",\"dateModified\":\"2023-08-23T19:45:40+00:00\",\"mainEntityOfPage\":{\"@id\":\"https:\\\/\\\/www.cetys.mx\\\/noticias\\\/protocolo-para-la-prevencion-y-atencion-de-casos-de-discriminacion-violencia-escolar-hostigamiento-abuso-y-acoso-sexual-en-cetys-universidad\\\/\"},\"wordCount\":398,\"commentCount\":0,\"image\":{\"@id\":\"https:\\\/\\\/www.cetys.mx\\\/noticias\\\/protocolo-para-la-prevencion-y-atencion-de-casos-de-discriminacion-violencia-escolar-hostigamiento-abuso-y-acoso-sexual-en-cetys-universidad\\\/#primaryimage\"},\"thumbnailUrl\":\"https:\\\/\\\/www.cetys.mx\\\/noticias\\\/wp-content\\\/uploads\\\/2023\\\/08\\\/CETYS_PASM23-Nota-Violencia-01.png\",\"keywords\":[\"Protocolo de prevenci\u00f3n y atenci\u00f3n de casos de violencia\",\"Violencia\"],\"articleSection\":[\"Uncategorized\"],\"inLanguage\":\"es\",\"potentialAction\":[{\"@type\":\"CommentAction\",\"name\":\"Comment\",\"target\":[\"https:\\\/\\\/www.cetys.mx\\\/noticias\\\/protocolo-para-la-prevencion-y-atencion-de-casos-de-discriminacion-violencia-escolar-hostigamiento-abuso-y-acoso-sexual-en-cetys-universidad\\\/#respond\"]}]},{\"@type\":\"WebPage\",\"@id\":\"https:\\\/\\\/www.cetys.mx\\\/noticias\\\/protocolo-para-la-prevencion-y-atencion-de-casos-de-discriminacion-violencia-escolar-hostigamiento-abuso-y-acoso-sexual-en-cetys-universidad\\\/\",\"url\":\"https:\\\/\\\/www.cetys.mx\\\/noticias\\\/protocolo-para-la-prevencion-y-atencion-de-casos-de-discriminacion-violencia-escolar-hostigamiento-abuso-y-acoso-sexual-en-cetys-universidad\\\/\",\"name\":\"Contra la violencia, todas las voces - CETYS\",\"isPartOf\":{\"@id\":\"https:\\\/\\\/www.cetys.mx\\\/noticias\\\/#website\"},\"primaryImageOfPage\":{\"@id\":\"https:\\\/\\\/www.cetys.mx\\\/noticias\\\/protocolo-para-la-prevencion-y-atencion-de-casos-de-discriminacion-violencia-escolar-hostigamiento-abuso-y-acoso-sexual-en-cetys-universidad\\\/#primaryimage\"},\"image\":{\"@id\":\"https:\\\/\\\/www.cetys.mx\\\/noticias\\\/protocolo-para-la-prevencion-y-atencion-de-casos-de-discriminacion-violencia-escolar-hostigamiento-abuso-y-acoso-sexual-en-cetys-universidad\\\/#primaryimage\"},\"thumbnailUrl\":\"https:\\\/\\\/www.cetys.mx\\\/noticias\\\/wp-content\\\/uploads\\\/2023\\\/08\\\/CETYS_PASM23-Nota-Violencia-01.png\",\"datePublished\":\"2023-08-22T18:29:43+00:00\",\"dateModified\":\"2023-08-23T19:45:40+00:00\",\"author\":{\"@id\":\"https:\\\/\\\/www.cetys.mx\\\/noticias\\\/#\\\/schema\\\/person\\\/e9d2b35265b64aa454df57a2828eb2ac\"},\"description\":\"Protocolo para la prevenci\u00f3n y atenci\u00f3n de casos de discriminaci\u00f3n, violencia escolar, hostigamiento, abuso y acoso sexual en CETYS Universidad.\",\"breadcrumb\":{\"@id\":\"https:\\\/\\\/www.cetys.mx\\\/noticias\\\/protocolo-para-la-prevencion-y-atencion-de-casos-de-discriminacion-violencia-escolar-hostigamiento-abuso-y-acoso-sexual-en-cetys-universidad\\\/#breadcrumb\"},\"inLanguage\":\"es\",\"potentialAction\":[{\"@type\":\"ReadAction\",\"target\":[\"https:\\\/\\\/www.cetys.mx\\\/noticias\\\/protocolo-para-la-prevencion-y-atencion-de-casos-de-discriminacion-violencia-escolar-hostigamiento-abuso-y-acoso-sexual-en-cetys-universidad\\\/\"]}]},{\"@type\":\"ImageObject\",\"inLanguage\":\"es\",\"@id\":\"https:\\\/\\\/www.cetys.mx\\\/noticias\\\/protocolo-para-la-prevencion-y-atencion-de-casos-de-discriminacion-violencia-escolar-hostigamiento-abuso-y-acoso-sexual-en-cetys-universidad\\\/#primaryimage\",\"url\":\"https:\\\/\\\/www.cetys.mx\\\/noticias\\\/wp-content\\\/uploads\\\/2023\\\/08\\\/CETYS_PASM23-Nota-Violencia-01.png\",\"contentUrl\":\"https:\\\/\\\/www.cetys.mx\\\/noticias\\\/wp-content\\\/uploads\\\/2023\\\/08\\\/CETYS_PASM23-Nota-Violencia-01.png\",\"width\":958,\"height\":637},{\"@type\":\"BreadcrumbList\",\"@id\":\"https:\\\/\\\/www.cetys.mx\\\/noticias\\\/protocolo-para-la-prevencion-y-atencion-de-casos-de-discriminacion-violencia-escolar-hostigamiento-abuso-y-acoso-sexual-en-cetys-universidad\\\/#breadcrumb\",\"itemListElement\":[{\"@type\":\"ListItem\",\"position\":1,\"name\":\"Inicio\",\"item\":\"https:\\\/\\\/www.cetys.mx\\\/noticias\\\/\"},{\"@type\":\"ListItem\",\"position\":2,\"name\":\"Contra la violencia, todas las voces\"}]},{\"@type\":\"WebSite\",\"@id\":\"https:\\\/\\\/www.cetys.mx\\\/noticias\\\/#website\",\"url\":\"https:\\\/\\\/www.cetys.mx\\\/noticias\\\/\",\"name\":\"CETYS\",\"description\":\"\",\"potentialAction\":[{\"@type\":\"SearchAction\",\"target\":{\"@type\":\"EntryPoint\",\"urlTemplate\":\"https:\\\/\\\/www.cetys.mx\\\/noticias\\\/?s={search_term_string}\"},\"query-input\":{\"@type\":\"PropertyValueSpecification\",\"valueRequired\":true,\"valueName\":\"search_term_string\"}}],\"inLanguage\":\"es\"},{\"@type\":\"Person\",\"@id\":\"https:\\\/\\\/www.cetys.mx\\\/noticias\\\/#\\\/schema\\\/person\\\/e9d2b35265b64aa454df57a2828eb2ac\",\"name\":\"CETYS Institucional\",\"url\":\"https:\\\/\\\/www.cetys.mx\\\/noticias\\\/author\\\/cetysinstitucional\\\/\"}]}<\/script>\n<!-- \/ Yoast SEO plugin. -->","yoast_head_json":{"title":"Contra la violencia, todas las voces - CETYS","description":"Protocolo para la prevenci\u00f3n y atenci\u00f3n de casos de discriminaci\u00f3n, violencia escolar, hostigamiento, abuso y acoso sexual en CETYS Universidad.","robots":{"index":"index","follow":"follow","max-snippet":"max-snippet:-1","max-image-preview":"max-image-preview:large","max-video-preview":"max-video-preview:-1"},"canonical":"https:\/\/www.cetys.mx\/noticias\/protocolo-para-la-prevencion-y-atencion-de-casos-de-discriminacion-violencia-escolar-hostigamiento-abuso-y-acoso-sexual-en-cetys-universidad\/","og_locale":"es_MX","og_type":"article","og_title":"Contra la violencia, todas las voces - CETYS","og_description":"Protocolo para la prevenci\u00f3n y atenci\u00f3n de casos de discriminaci\u00f3n, violencia escolar, hostigamiento, abuso y acoso sexual en CETYS Universidad.","og_url":"https:\/\/www.cetys.mx\/noticias\/protocolo-para-la-prevencion-y-atencion-de-casos-de-discriminacion-violencia-escolar-hostigamiento-abuso-y-acoso-sexual-en-cetys-universidad\/","og_site_name":"CETYS","article_publisher":"https:\/\/www.facebook.com\/cetysuniversidadmxl\/","article_published_time":"2023-08-22T18:29:43+00:00","article_modified_time":"2023-08-23T19:45:40+00:00","og_image":[{"width":958,"height":637,"url":"https:\/\/www.cetys.mx\/noticias\/wp-content\/uploads\/2023\/08\/CETYS_PASM23-Nota-Violencia-01.png","type":"image\/png"}],"author":"CETYS Institucional","twitter_card":"summary_large_image","twitter_creator":"@cetysuni","twitter_site":"@cetysuni","twitter_misc":{"Escrito por":"CETYS Institucional","Tiempo de lectura":"2 minutos"},"schema":{"@context":"https:\/\/schema.org","@graph":[{"@type":"Article","@id":"https:\/\/www.cetys.mx\/noticias\/protocolo-para-la-prevencion-y-atencion-de-casos-de-discriminacion-violencia-escolar-hostigamiento-abuso-y-acoso-sexual-en-cetys-universidad\/#article","isPartOf":{"@id":"https:\/\/www.cetys.mx\/noticias\/protocolo-para-la-prevencion-y-atencion-de-casos-de-discriminacion-violencia-escolar-hostigamiento-abuso-y-acoso-sexual-en-cetys-universidad\/"},"author":{"name":"CETYS Institucional","@id":"https:\/\/www.cetys.mx\/noticias\/#\/schema\/person\/e9d2b35265b64aa454df57a2828eb2ac"},"headline":"Contra la violencia, todas las voces","datePublished":"2023-08-22T18:29:43+00:00","dateModified":"2023-08-23T19:45:40+00:00","mainEntityOfPage":{"@id":"https:\/\/www.cetys.mx\/noticias\/protocolo-para-la-prevencion-y-atencion-de-casos-de-discriminacion-violencia-escolar-hostigamiento-abuso-y-acoso-sexual-en-cetys-universidad\/"},"wordCount":398,"commentCount":0,"image":{"@id":"https:\/\/www.cetys.mx\/noticias\/protocolo-para-la-prevencion-y-atencion-de-casos-de-discriminacion-violencia-escolar-hostigamiento-abuso-y-acoso-sexual-en-cetys-universidad\/#primaryimage"},"thumbnailUrl":"https:\/\/www.cetys.mx\/noticias\/wp-content\/uploads\/2023\/08\/CETYS_PASM23-Nota-Violencia-01.png","keywords":["Protocolo de prevenci\u00f3n y atenci\u00f3n de casos de violencia","Violencia"],"articleSection":["Uncategorized"],"inLanguage":"es","potentialAction":[{"@type":"CommentAction","name":"Comment","target":["https:\/\/www.cetys.mx\/noticias\/protocolo-para-la-prevencion-y-atencion-de-casos-de-discriminacion-violencia-escolar-hostigamiento-abuso-y-acoso-sexual-en-cetys-universidad\/#respond"]}]},{"@type":"WebPage","@id":"https:\/\/www.cetys.mx\/noticias\/protocolo-para-la-prevencion-y-atencion-de-casos-de-discriminacion-violencia-escolar-hostigamiento-abuso-y-acoso-sexual-en-cetys-universidad\/","url":"https:\/\/www.cetys.mx\/noticias\/protocolo-para-la-prevencion-y-atencion-de-casos-de-discriminacion-violencia-escolar-hostigamiento-abuso-y-acoso-sexual-en-cetys-universidad\/","name":"Contra la violencia, todas las voces - CETYS","isPartOf":{"@id":"https:\/\/www.cetys.mx\/noticias\/#website"},"primaryImageOfPage":{"@id":"https:\/\/www.cetys.mx\/noticias\/protocolo-para-la-prevencion-y-atencion-de-casos-de-discriminacion-violencia-escolar-hostigamiento-abuso-y-acoso-sexual-en-cetys-universidad\/#primaryimage"},"image":{"@id":"https:\/\/www.cetys.mx\/noticias\/protocolo-para-la-prevencion-y-atencion-de-casos-de-discriminacion-violencia-escolar-hostigamiento-abuso-y-acoso-sexual-en-cetys-universidad\/#primaryimage"},"thumbnailUrl":"https:\/\/www.cetys.mx\/noticias\/wp-content\/uploads\/2023\/08\/CETYS_PASM23-Nota-Violencia-01.png","datePublished":"2023-08-22T18:29:43+00:00","dateModified":"2023-08-23T19:45:40+00:00","author":{"@id":"https:\/\/www.cetys.mx\/noticias\/#\/schema\/person\/e9d2b35265b64aa454df57a2828eb2ac"},"description":"Protocolo para la prevenci\u00f3n y atenci\u00f3n de casos de discriminaci\u00f3n, violencia escolar, hostigamiento, abuso y acoso sexual en CETYS Universidad.","breadcrumb":{"@id":"https:\/\/www.cetys.mx\/noticias\/protocolo-para-la-prevencion-y-atencion-de-casos-de-discriminacion-violencia-escolar-hostigamiento-abuso-y-acoso-sexual-en-cetys-universidad\/#breadcrumb"},"inLanguage":"es","potentialAction":[{"@type":"ReadAction","target":["https:\/\/www.cetys.mx\/noticias\/protocolo-para-la-prevencion-y-atencion-de-casos-de-discriminacion-violencia-escolar-hostigamiento-abuso-y-acoso-sexual-en-cetys-universidad\/"]}]},{"@type":"ImageObject","inLanguage":"es","@id":"https:\/\/www.cetys.mx\/noticias\/protocolo-para-la-prevencion-y-atencion-de-casos-de-discriminacion-violencia-escolar-hostigamiento-abuso-y-acoso-sexual-en-cetys-universidad\/#primaryimage","url":"https:\/\/www.cetys.mx\/noticias\/wp-content\/uploads\/2023\/08\/CETYS_PASM23-Nota-Violencia-01.png","contentUrl":"https:\/\/www.cetys.mx\/noticias\/wp-content\/uploads\/2023\/08\/CETYS_PASM23-Nota-Violencia-01.png","width":958,"height":637},{"@type":"BreadcrumbList","@id":"https:\/\/www.cetys.mx\/noticias\/protocolo-para-la-prevencion-y-atencion-de-casos-de-discriminacion-violencia-escolar-hostigamiento-abuso-y-acoso-sexual-en-cetys-universidad\/#breadcrumb","itemListElement":[{"@type":"ListItem","position":1,"name":"Inicio","item":"https:\/\/www.cetys.mx\/noticias\/"},{"@type":"ListItem","position":2,"name":"Contra la violencia, todas las voces"}]},{"@type":"WebSite","@id":"https:\/\/www.cetys.mx\/noticias\/#website","url":"https:\/\/www.cetys.mx\/noticias\/","name":"CETYS","description":"","potentialAction":[{"@type":"SearchAction","target":{"@type":"EntryPoint","urlTemplate":"https:\/\/www.cetys.mx\/noticias\/?s={search_term_string}"},"query-input":{"@type":"PropertyValueSpecification","valueRequired":true,"valueName":"search_term_string"}}],"inLanguage":"es"},{"@type":"Person","@id":"https:\/\/www.cetys.mx\/noticias\/#\/schema\/person\/e9d2b35265b64aa454df57a2828eb2ac","name":"CETYS Institucional","url":"https:\/\/www.cetys.mx\/noticias\/author\/cetysinstitucional\/"}]}},"_links":{"self":[{"href":"https:\/\/www.cetys.mx\/noticias\/wp-json\/wp\/v2\/posts\/175312","targetHints":{"allow":["GET"]}}],"collection":[{"href":"https:\/\/www.cetys.mx\/noticias\/wp-json\/wp\/v2\/posts"}],"about":[{"href":"https:\/\/www.cetys.mx\/noticias\/wp-json\/wp\/v2\/types\/post"}],"author":[{"embeddable":true,"href":"https:\/\/www.cetys.mx\/noticias\/wp-json\/wp\/v2\/users\/26"}],"replies":[{"embeddable":true,"href":"https:\/\/www.cetys.mx\/noticias\/wp-json\/wp\/v2\/comments?post=175312"}],"version-history":[{"count":7,"href":"https:\/\/www.cetys.mx\/noticias\/wp-json\/wp\/v2\/posts\/175312\/revisions"}],"predecessor-version":[{"id":175367,"href":"https:\/\/www.cetys.mx\/noticias\/wp-json\/wp\/v2\/posts\/175312\/revisions\/175367"}],"wp:featuredmedia":[{"embeddable":true,"href":"https:\/\/www.cetys.mx\/noticias\/wp-json\/wp\/v2\/media\/175314"}],"wp:attachment":[{"href":"https:\/\/www.cetys.mx\/noticias\/wp-json\/wp\/v2\/media?parent=175312"}],"wp:term":[{"taxonomy":"category","embeddable":true,"href":"https:\/\/www.cetys.mx\/noticias\/wp-json\/wp\/v2\/categories?post=175312"},{"taxonomy":"post_tag","embeddable":true,"href":"https:\/\/www.cetys.mx\/noticias\/wp-json\/wp\/v2\/tags?post=175312"}],"curies":[{"name":"wp","href":"https:\/\/api.w.org\/{rel}","templated":true}]}}