{"id":174961,"date":"2023-08-09T12:34:26","date_gmt":"2023-08-09T19:34:26","guid":{"rendered":"https:\/\/www.cetys.mx\/noticias\/?p=174961"},"modified":"2023-08-09T12:35:24","modified_gmt":"2023-08-09T19:35:24","slug":"se-capacitan-docentes-para-aprovechar-inteligencia-artificial","status":"publish","type":"post","link":"https:\/\/www.cetys.mx\/noticias\/se-capacitan-docentes-para-aprovechar-inteligencia-artificial\/","title":{"rendered":"Se capacitan docentes para aprovechar Inteligencia Artificial"},"content":{"rendered":"<p><span style=\"font-weight: 400;\">La aplicaci\u00f3n de la<strong> inteligencia artificial<\/strong> en diferentes campos sigue revolucionando la manera en la que interactuamos y no es la excepci\u00f3n en la educaci\u00f3n, es por ello que <strong>docentes<\/strong> de <strong>CETYS Universidad<\/strong> se capacitan para su aprovechamiento, como ChatGPT, con la intenci\u00f3n de aprovecharla a favor.<\/span><\/p>\n<p><span style=\"font-weight: 400;\">El tema fue abordado por el<strong> Mtro. Jonathan Jim\u00e9nez Salazar<\/strong>, acad\u00e9mico del <em>Colegio de Ciencias Sociales y Humanidades en CETYS<\/em>. En diversas sesiones para docentes de los 3 campus, brind\u00f3 una revisi\u00f3n hist\u00f3rica de los sucesos que desencadenaron la llegada de la inteligencia artificial.<\/span><\/p>\n<p><em><span style=\"font-weight: 400;\">\u201cEsta tecnolog\u00eda tiene el poder de cambiar radicalmente los procesos de ense\u00f1anza-aprendizaje, brindando nuevas posibilidades y desaf\u00edos\u201d.<\/span><\/em><\/p>\n<p><span style=\"font-weight: 400;\">En la parte pr\u00e1ctica de este tema de inducci\u00f3n se utiliz\u00f3 ChatGPT, desde las caracter\u00edsticas, funciones b\u00e1sicas y limitaciones, hasta el dise\u00f1o de <\/span><i><span style=\"font-weight: 400;\">prompts<\/span><\/i><span style=\"font-weight: 400;\"> con aplicaci\u00f3n en el aula (dise\u00f1o de actividades, estrategias de evaluaci\u00f3n y retroalimentaci\u00f3n).<\/span><\/p>\n<p><em><span style=\"font-weight: 400;\">\u201cUn tema fundamental de la sesi\u00f3n fue la Integridad Acad\u00e9mica, donde se explicaron los retos de la Inteligencia Artificial generativa en relaci\u00f3n con el plagio acad\u00e9mico\u201d.<\/span><\/em><\/p>\n<p><span style=\"font-weight: 400;\">La actualizaci\u00f3n docente es una pieza fundamental para la excelencia educativa. Permite a los educadores mantenerse al d\u00eda con las \u00faltimas tendencias y tecnolog\u00edas, adaptarse a las necesidades cambiantes de los estudiantes y fortalecer su confianza y desarrollo profesional, contribuyendo a la creaci\u00f3n de una comunidad educativa s\u00f3lida y din\u00e1mica.<\/span><\/p>\n<div id=\"attachment_174986\" style=\"width: 283px\" class=\"wp-caption alignleft\"><img loading=\"lazy\" decoding=\"async\" aria-describedby=\"caption-attachment-174986\" class=\"wp-image-174986\" src=\"https:\/\/www.cetys.mx\/noticias\/wp-content\/uploads\/2023\/08\/JONATHAN-JIMENEZ-DOCENTE-CC-HUMANIDADES.png\" alt=\"\" width=\"273\" height=\"182\" srcset=\"https:\/\/www.cetys.mx\/noticias\/wp-content\/uploads\/2023\/08\/JONATHAN-JIMENEZ-DOCENTE-CC-HUMANIDADES.png 958w, https:\/\/www.cetys.mx\/noticias\/wp-content\/uploads\/2023\/08\/JONATHAN-JIMENEZ-DOCENTE-CC-HUMANIDADES-768x511.png 768w\" sizes=\"auto, (max-width: 273px) 100vw, 273px\" \/><p id=\"caption-attachment-174986\" class=\"wp-caption-text\">El Mtro. Jonathan Jimenez Salazar, es Docente del Colegio de Ciencias Sociales y Humanidades<\/p><\/div>\n<p><span style=\"font-weight: 400;\">La capacitaci\u00f3n es parte de la inducci\u00f3n por parte del \u00e1rea de Formaci\u00f3n Integral del Profesorado que se realiza a docentes de Campus Mexicali, Tijuana e Internacional de Ensenada.<\/span><\/p>\n<blockquote><p><span style=\"font-weight: 400;\">\u201cEste tipo de formaci\u00f3n\u00a0 a docentes permite estar mejor preparados para enfrentar los desaf\u00edos actuales, y guiar a las nuevas generaciones hacia un futuro pr\u00f3spero y prometedor\u201d, reflexiona el docente Jimenez Salazar.<\/span><\/p><\/blockquote>\n","protected":false},"excerpt":{"rendered":"<p>La aplicaci\u00f3n de la inteligencia artificial en diferentes campos sigue revolucionando la manera en la que interactuamos y no es la excepci\u00f3n&#8230;<\/p>\n","protected":false},"author":24,"featured_media":174981,"comment_status":"open","ping_status":"closed","sticky":false,"template":"","format":"standard","meta":{"footnotes":""},"categories":[134,125,1710,313],"tags":[297,5517,398,1232],"class_list":["post-174961","post","type-post","status-publish","format-standard","has-post-thumbnail","hentry","category-campus-tijuana","category-portada","category-profesorado","category-vocetys-2","tag-campus-tijuana","tag-ciencias-sociales-y-humanidades","tag-docentes","tag-humanidades"],"yoast_head":"<!-- This site is optimized with the Yoast SEO plugin v27.4 - https:\/\/yoast.com\/product\/yoast-seo-wordpress\/ -->\n<title>Se capacitan docentes para aprovechar Inteligencia Artificial - CETYS<\/title>\n<meta name=\"description\" content=\"Previo al comienzo del nuevo ciclo escolar, docentes de CETYS recibieron diversas capacitaciones, como el uso de la Inteligencia Artificial en la educaci\u00f3n.\" \/>\n<meta name=\"robots\" content=\"index, follow, max-snippet:-1, max-image-preview:large, max-video-preview:-1\" \/>\n<link rel=\"canonical\" href=\"https:\/\/www.cetys.mx\/noticias\/se-capacitan-docentes-para-aprovechar-inteligencia-artificial\/\" \/>\n<meta property=\"og:locale\" content=\"es_MX\" \/>\n<meta property=\"og:type\" content=\"article\" \/>\n<meta property=\"og:title\" content=\"Se capacitan docentes para aprovechar Inteligencia Artificial - CETYS\" \/>\n<meta property=\"og:description\" content=\"Previo al comienzo del nuevo ciclo escolar, docentes de CETYS recibieron diversas capacitaciones, como el uso de la Inteligencia Artificial en la educaci\u00f3n.\" \/>\n<meta property=\"og:url\" content=\"https:\/\/www.cetys.mx\/noticias\/se-capacitan-docentes-para-aprovechar-inteligencia-artificial\/\" \/>\n<meta property=\"og:site_name\" content=\"CETYS\" \/>\n<meta property=\"article:publisher\" content=\"https:\/\/www.facebook.com\/cetysuniversidadmxl\/\" \/>\n<meta property=\"article:published_time\" content=\"2023-08-09T19:34:26+00:00\" \/>\n<meta property=\"article:modified_time\" content=\"2023-08-09T19:35:24+00:00\" \/>\n<meta property=\"og:image\" content=\"https:\/\/www.cetys.mx\/noticias\/wp-content\/uploads\/2023\/08\/capacitacion-inteligencia-artificial-cetys.png\" \/>\n\t<meta property=\"og:image:width\" content=\"958\" \/>\n\t<meta property=\"og:image:height\" content=\"637\" \/>\n\t<meta property=\"og:image:type\" content=\"image\/png\" \/>\n<meta name=\"author\" content=\"Campus Tijuana\" \/>\n<meta name=\"twitter:card\" content=\"summary_large_image\" \/>\n<meta name=\"twitter:creator\" content=\"@cetysuni\" \/>\n<meta name=\"twitter:site\" content=\"@cetysuni\" \/>\n<meta name=\"twitter:label1\" content=\"Escrito por\" \/>\n\t<meta name=\"twitter:data1\" content=\"Campus Tijuana\" \/>\n\t<meta name=\"twitter:label2\" content=\"Tiempo de lectura\" \/>\n\t<meta name=\"twitter:data2\" content=\"2 minutos\" \/>\n<script type=\"application\/ld+json\" class=\"yoast-schema-graph\">{\"@context\":\"https:\\\/\\\/schema.org\",\"@graph\":[{\"@type\":\"Article\",\"@id\":\"https:\\\/\\\/www.cetys.mx\\\/noticias\\\/se-capacitan-docentes-para-aprovechar-inteligencia-artificial\\\/#article\",\"isPartOf\":{\"@id\":\"https:\\\/\\\/www.cetys.mx\\\/noticias\\\/se-capacitan-docentes-para-aprovechar-inteligencia-artificial\\\/\"},\"author\":{\"name\":\"Campus Tijuana\",\"@id\":\"https:\\\/\\\/www.cetys.mx\\\/noticias\\\/#\\\/schema\\\/person\\\/e790051ce60e18ae47cfa87011c8653f\"},\"headline\":\"Se capacitan docentes para aprovechar Inteligencia Artificial\",\"datePublished\":\"2023-08-09T19:34:26+00:00\",\"dateModified\":\"2023-08-09T19:35:24+00:00\",\"mainEntityOfPage\":{\"@id\":\"https:\\\/\\\/www.cetys.mx\\\/noticias\\\/se-capacitan-docentes-para-aprovechar-inteligencia-artificial\\\/\"},\"wordCount\":345,\"commentCount\":0,\"image\":{\"@id\":\"https:\\\/\\\/www.cetys.mx\\\/noticias\\\/se-capacitan-docentes-para-aprovechar-inteligencia-artificial\\\/#primaryimage\"},\"thumbnailUrl\":\"https:\\\/\\\/www.cetys.mx\\\/noticias\\\/wp-content\\\/uploads\\\/2023\\\/08\\\/capacitacion-inteligencia-artificial-cetys.png\",\"keywords\":[\"Campus Tijuana\",\"Ciencias Sociales y Humanidades\",\"Docentes\",\"humanidades\"],\"articleSection\":[\"Campus Tijuana\",\"Portada\",\"Profesorado\",\"VoCETYS\"],\"inLanguage\":\"es\",\"potentialAction\":[{\"@type\":\"CommentAction\",\"name\":\"Comment\",\"target\":[\"https:\\\/\\\/www.cetys.mx\\\/noticias\\\/se-capacitan-docentes-para-aprovechar-inteligencia-artificial\\\/#respond\"]}]},{\"@type\":\"WebPage\",\"@id\":\"https:\\\/\\\/www.cetys.mx\\\/noticias\\\/se-capacitan-docentes-para-aprovechar-inteligencia-artificial\\\/\",\"url\":\"https:\\\/\\\/www.cetys.mx\\\/noticias\\\/se-capacitan-docentes-para-aprovechar-inteligencia-artificial\\\/\",\"name\":\"Se capacitan docentes para aprovechar Inteligencia Artificial - CETYS\",\"isPartOf\":{\"@id\":\"https:\\\/\\\/www.cetys.mx\\\/noticias\\\/#website\"},\"primaryImageOfPage\":{\"@id\":\"https:\\\/\\\/www.cetys.mx\\\/noticias\\\/se-capacitan-docentes-para-aprovechar-inteligencia-artificial\\\/#primaryimage\"},\"image\":{\"@id\":\"https:\\\/\\\/www.cetys.mx\\\/noticias\\\/se-capacitan-docentes-para-aprovechar-inteligencia-artificial\\\/#primaryimage\"},\"thumbnailUrl\":\"https:\\\/\\\/www.cetys.mx\\\/noticias\\\/wp-content\\\/uploads\\\/2023\\\/08\\\/capacitacion-inteligencia-artificial-cetys.png\",\"datePublished\":\"2023-08-09T19:34:26+00:00\",\"dateModified\":\"2023-08-09T19:35:24+00:00\",\"author\":{\"@id\":\"https:\\\/\\\/www.cetys.mx\\\/noticias\\\/#\\\/schema\\\/person\\\/e790051ce60e18ae47cfa87011c8653f\"},\"description\":\"Previo al comienzo del nuevo ciclo escolar, docentes de CETYS recibieron diversas capacitaciones, como el uso de la Inteligencia Artificial en la educaci\u00f3n.\",\"breadcrumb\":{\"@id\":\"https:\\\/\\\/www.cetys.mx\\\/noticias\\\/se-capacitan-docentes-para-aprovechar-inteligencia-artificial\\\/#breadcrumb\"},\"inLanguage\":\"es\",\"potentialAction\":[{\"@type\":\"ReadAction\",\"target\":[\"https:\\\/\\\/www.cetys.mx\\\/noticias\\\/se-capacitan-docentes-para-aprovechar-inteligencia-artificial\\\/\"]}]},{\"@type\":\"ImageObject\",\"inLanguage\":\"es\",\"@id\":\"https:\\\/\\\/www.cetys.mx\\\/noticias\\\/se-capacitan-docentes-para-aprovechar-inteligencia-artificial\\\/#primaryimage\",\"url\":\"https:\\\/\\\/www.cetys.mx\\\/noticias\\\/wp-content\\\/uploads\\\/2023\\\/08\\\/capacitacion-inteligencia-artificial-cetys.png\",\"contentUrl\":\"https:\\\/\\\/www.cetys.mx\\\/noticias\\\/wp-content\\\/uploads\\\/2023\\\/08\\\/capacitacion-inteligencia-artificial-cetys.png\",\"width\":958,\"height\":637},{\"@type\":\"BreadcrumbList\",\"@id\":\"https:\\\/\\\/www.cetys.mx\\\/noticias\\\/se-capacitan-docentes-para-aprovechar-inteligencia-artificial\\\/#breadcrumb\",\"itemListElement\":[{\"@type\":\"ListItem\",\"position\":1,\"name\":\"Inicio\",\"item\":\"https:\\\/\\\/www.cetys.mx\\\/noticias\\\/\"},{\"@type\":\"ListItem\",\"position\":2,\"name\":\"Se capacitan docentes para aprovechar Inteligencia Artificial\"}]},{\"@type\":\"WebSite\",\"@id\":\"https:\\\/\\\/www.cetys.mx\\\/noticias\\\/#website\",\"url\":\"https:\\\/\\\/www.cetys.mx\\\/noticias\\\/\",\"name\":\"CETYS\",\"description\":\"\",\"potentialAction\":[{\"@type\":\"SearchAction\",\"target\":{\"@type\":\"EntryPoint\",\"urlTemplate\":\"https:\\\/\\\/www.cetys.mx\\\/noticias\\\/?s={search_term_string}\"},\"query-input\":{\"@type\":\"PropertyValueSpecification\",\"valueRequired\":true,\"valueName\":\"search_term_string\"}}],\"inLanguage\":\"es\"},{\"@type\":\"Person\",\"@id\":\"https:\\\/\\\/www.cetys.mx\\\/noticias\\\/#\\\/schema\\\/person\\\/e790051ce60e18ae47cfa87011c8653f\",\"name\":\"Campus Tijuana\",\"url\":\"https:\\\/\\\/www.cetys.mx\\\/noticias\\\/author\\\/campustijuana\\\/\"}]}<\/script>\n<!-- \/ Yoast SEO plugin. -->","yoast_head_json":{"title":"Se capacitan docentes para aprovechar Inteligencia Artificial - CETYS","description":"Previo al comienzo del nuevo ciclo escolar, docentes de CETYS recibieron diversas capacitaciones, como el uso de la Inteligencia Artificial en la educaci\u00f3n.","robots":{"index":"index","follow":"follow","max-snippet":"max-snippet:-1","max-image-preview":"max-image-preview:large","max-video-preview":"max-video-preview:-1"},"canonical":"https:\/\/www.cetys.mx\/noticias\/se-capacitan-docentes-para-aprovechar-inteligencia-artificial\/","og_locale":"es_MX","og_type":"article","og_title":"Se capacitan docentes para aprovechar Inteligencia Artificial - CETYS","og_description":"Previo al comienzo del nuevo ciclo escolar, docentes de CETYS recibieron diversas capacitaciones, como el uso de la Inteligencia Artificial en la educaci\u00f3n.","og_url":"https:\/\/www.cetys.mx\/noticias\/se-capacitan-docentes-para-aprovechar-inteligencia-artificial\/","og_site_name":"CETYS","article_publisher":"https:\/\/www.facebook.com\/cetysuniversidadmxl\/","article_published_time":"2023-08-09T19:34:26+00:00","article_modified_time":"2023-08-09T19:35:24+00:00","og_image":[{"width":958,"height":637,"url":"https:\/\/www.cetys.mx\/noticias\/wp-content\/uploads\/2023\/08\/capacitacion-inteligencia-artificial-cetys.png","type":"image\/png"}],"author":"Campus Tijuana","twitter_card":"summary_large_image","twitter_creator":"@cetysuni","twitter_site":"@cetysuni","twitter_misc":{"Escrito por":"Campus Tijuana","Tiempo de lectura":"2 minutos"},"schema":{"@context":"https:\/\/schema.org","@graph":[{"@type":"Article","@id":"https:\/\/www.cetys.mx\/noticias\/se-capacitan-docentes-para-aprovechar-inteligencia-artificial\/#article","isPartOf":{"@id":"https:\/\/www.cetys.mx\/noticias\/se-capacitan-docentes-para-aprovechar-inteligencia-artificial\/"},"author":{"name":"Campus Tijuana","@id":"https:\/\/www.cetys.mx\/noticias\/#\/schema\/person\/e790051ce60e18ae47cfa87011c8653f"},"headline":"Se capacitan docentes para aprovechar Inteligencia Artificial","datePublished":"2023-08-09T19:34:26+00:00","dateModified":"2023-08-09T19:35:24+00:00","mainEntityOfPage":{"@id":"https:\/\/www.cetys.mx\/noticias\/se-capacitan-docentes-para-aprovechar-inteligencia-artificial\/"},"wordCount":345,"commentCount":0,"image":{"@id":"https:\/\/www.cetys.mx\/noticias\/se-capacitan-docentes-para-aprovechar-inteligencia-artificial\/#primaryimage"},"thumbnailUrl":"https:\/\/www.cetys.mx\/noticias\/wp-content\/uploads\/2023\/08\/capacitacion-inteligencia-artificial-cetys.png","keywords":["Campus Tijuana","Ciencias Sociales y Humanidades","Docentes","humanidades"],"articleSection":["Campus Tijuana","Portada","Profesorado","VoCETYS"],"inLanguage":"es","potentialAction":[{"@type":"CommentAction","name":"Comment","target":["https:\/\/www.cetys.mx\/noticias\/se-capacitan-docentes-para-aprovechar-inteligencia-artificial\/#respond"]}]},{"@type":"WebPage","@id":"https:\/\/www.cetys.mx\/noticias\/se-capacitan-docentes-para-aprovechar-inteligencia-artificial\/","url":"https:\/\/www.cetys.mx\/noticias\/se-capacitan-docentes-para-aprovechar-inteligencia-artificial\/","name":"Se capacitan docentes para aprovechar Inteligencia Artificial - CETYS","isPartOf":{"@id":"https:\/\/www.cetys.mx\/noticias\/#website"},"primaryImageOfPage":{"@id":"https:\/\/www.cetys.mx\/noticias\/se-capacitan-docentes-para-aprovechar-inteligencia-artificial\/#primaryimage"},"image":{"@id":"https:\/\/www.cetys.mx\/noticias\/se-capacitan-docentes-para-aprovechar-inteligencia-artificial\/#primaryimage"},"thumbnailUrl":"https:\/\/www.cetys.mx\/noticias\/wp-content\/uploads\/2023\/08\/capacitacion-inteligencia-artificial-cetys.png","datePublished":"2023-08-09T19:34:26+00:00","dateModified":"2023-08-09T19:35:24+00:00","author":{"@id":"https:\/\/www.cetys.mx\/noticias\/#\/schema\/person\/e790051ce60e18ae47cfa87011c8653f"},"description":"Previo al comienzo del nuevo ciclo escolar, docentes de CETYS recibieron diversas capacitaciones, como el uso de la Inteligencia Artificial en la educaci\u00f3n.","breadcrumb":{"@id":"https:\/\/www.cetys.mx\/noticias\/se-capacitan-docentes-para-aprovechar-inteligencia-artificial\/#breadcrumb"},"inLanguage":"es","potentialAction":[{"@type":"ReadAction","target":["https:\/\/www.cetys.mx\/noticias\/se-capacitan-docentes-para-aprovechar-inteligencia-artificial\/"]}]},{"@type":"ImageObject","inLanguage":"es","@id":"https:\/\/www.cetys.mx\/noticias\/se-capacitan-docentes-para-aprovechar-inteligencia-artificial\/#primaryimage","url":"https:\/\/www.cetys.mx\/noticias\/wp-content\/uploads\/2023\/08\/capacitacion-inteligencia-artificial-cetys.png","contentUrl":"https:\/\/www.cetys.mx\/noticias\/wp-content\/uploads\/2023\/08\/capacitacion-inteligencia-artificial-cetys.png","width":958,"height":637},{"@type":"BreadcrumbList","@id":"https:\/\/www.cetys.mx\/noticias\/se-capacitan-docentes-para-aprovechar-inteligencia-artificial\/#breadcrumb","itemListElement":[{"@type":"ListItem","position":1,"name":"Inicio","item":"https:\/\/www.cetys.mx\/noticias\/"},{"@type":"ListItem","position":2,"name":"Se capacitan docentes para aprovechar Inteligencia Artificial"}]},{"@type":"WebSite","@id":"https:\/\/www.cetys.mx\/noticias\/#website","url":"https:\/\/www.cetys.mx\/noticias\/","name":"CETYS","description":"","potentialAction":[{"@type":"SearchAction","target":{"@type":"EntryPoint","urlTemplate":"https:\/\/www.cetys.mx\/noticias\/?s={search_term_string}"},"query-input":{"@type":"PropertyValueSpecification","valueRequired":true,"valueName":"search_term_string"}}],"inLanguage":"es"},{"@type":"Person","@id":"https:\/\/www.cetys.mx\/noticias\/#\/schema\/person\/e790051ce60e18ae47cfa87011c8653f","name":"Campus Tijuana","url":"https:\/\/www.cetys.mx\/noticias\/author\/campustijuana\/"}]}},"_links":{"self":[{"href":"https:\/\/www.cetys.mx\/noticias\/wp-json\/wp\/v2\/posts\/174961","targetHints":{"allow":["GET"]}}],"collection":[{"href":"https:\/\/www.cetys.mx\/noticias\/wp-json\/wp\/v2\/posts"}],"about":[{"href":"https:\/\/www.cetys.mx\/noticias\/wp-json\/wp\/v2\/types\/post"}],"author":[{"embeddable":true,"href":"https:\/\/www.cetys.mx\/noticias\/wp-json\/wp\/v2\/users\/24"}],"replies":[{"embeddable":true,"href":"https:\/\/www.cetys.mx\/noticias\/wp-json\/wp\/v2\/comments?post=174961"}],"version-history":[{"count":2,"href":"https:\/\/www.cetys.mx\/noticias\/wp-json\/wp\/v2\/posts\/174961\/revisions"}],"predecessor-version":[{"id":174988,"href":"https:\/\/www.cetys.mx\/noticias\/wp-json\/wp\/v2\/posts\/174961\/revisions\/174988"}],"wp:featuredmedia":[{"embeddable":true,"href":"https:\/\/www.cetys.mx\/noticias\/wp-json\/wp\/v2\/media\/174981"}],"wp:attachment":[{"href":"https:\/\/www.cetys.mx\/noticias\/wp-json\/wp\/v2\/media?parent=174961"}],"wp:term":[{"taxonomy":"category","embeddable":true,"href":"https:\/\/www.cetys.mx\/noticias\/wp-json\/wp\/v2\/categories?post=174961"},{"taxonomy":"post_tag","embeddable":true,"href":"https:\/\/www.cetys.mx\/noticias\/wp-json\/wp\/v2\/tags?post=174961"}],"curies":[{"name":"wp","href":"https:\/\/api.w.org\/{rel}","templated":true}]}}