{"id":174743,"date":"2023-07-28T18:39:05","date_gmt":"2023-07-29T01:39:05","guid":{"rendered":"https:\/\/www.cetys.mx\/noticias\/?p=174743"},"modified":"2023-07-28T18:42:26","modified_gmt":"2023-07-29T01:42:26","slug":"fuimos-sede-de-los-trabajos-de-la-academia-de-liderazgo-en-residuos-marinos-de-fuentes-terrestres","status":"publish","type":"post","link":"https:\/\/www.cetys.mx\/noticias\/fuimos-sede-de-los-trabajos-de-la-academia-de-liderazgo-en-residuos-marinos-de-fuentes-terrestres\/","title":{"rendered":"Fuimos sede de los trabajos de la Academia de Liderazgo en Residuos Marinos de Fuentes Terrestres"},"content":{"rendered":"<div class=\"xdj266r x11i5rnm xat24cr x1mh8g0r x1vvkbs x126k92a\">\n<div dir=\"auto\">CETYS Universidad Campus Tijuana fue sede de la segunda semana de trabajo de la \u201cAcademia de Liderazgo en Residuos Marinos de Fuentes Terrestres\u201d, esta es realizado por la <a class=\"x1i10hfl xjbqb8w x6umtig x1b1mbwd xaqea5y xav7gou x9f619 x1ypdohk xt0psk2 xe8uvvx xdj266r x11i5rnm xat24cr x1mh8g0r xexx8yu x4uap5 x18d9i69 xkhd6sd x16tdsg8 x1hl2dhg xggy1nq x1a2a7pz xt0b8zv x1qq9wsj xo1l8bm\" tabindex=\"0\" role=\"link\" href=\"https:\/\/www.facebook.com\/TRNERR?__cft__[0]=AZWbfUOJL7eaq6_tG0IRg32hdkWjWbkS_g9CbOrrLz_fxyoscNFZ3KbIFUJRUWgJ0UU8v10e7kWkz4MxQbg2D8nLkCnAJIwkzOPxQGi0gFzxF6sb7P51jacaK3lu77fZpsDs_uWv3wnWNN1VvqLrWySwBb1IyrESBdLVGHseJEhY5ru0no48958SBlkKPdwUqDY&amp;__tn__=-]K-R\"><span class=\"xt0psk2\">Tijuana Estuary (Tijuana River National Estuarine Research Reserve)<\/span><\/a> junto con la Administraci\u00f3n Nacional Oce\u00e1nica y Atmosf\u00e9rica de los Estados Unidos<\/div>\n<div dir=\"auto\"><\/div>\n<\/div>\n<div class=\"x11i5rnm xat24cr x1mh8g0r x1vvkbs xtlvy1s x126k92a\">\n<div dir=\"auto\">En esta ocasi\u00f3n participaron el Subsecretario de Medio Ambiente y Desarrollo Sustentable en BC, Mariano San Rom\u00e1n, as\u00ed como el titular de la Secretar\u00eda de Desarrollo Territorial, Urbano y Ambiental.<\/div>\n<div dir=\"auto\"><\/div>\n<\/div>\n<div class=\"x11i5rnm xat24cr x1mh8g0r x1vvkbs xtlvy1s x126k92a\">\n<div dir=\"auto\">La <strong>Mtra. Jessica Ibarra Ramonet<\/strong>, <em>Directora de CETYS Universidad Campus Tijuana<\/em>, enfatiz\u00f3 el compromiso de la instituci\u00f3n por fomentar una cultura sustentable en y describi\u00f3 acciones del Campus del programa CETYS Zero Waste que desde el 2018 que surgi\u00f3, ha logrado evitar que lleguen m\u00e1s de 292 toneladas de residuos al relleno sanitario.<\/div>\n<div dir=\"auto\"><\/div>\n<\/div>\n<div class=\"x11i5rnm xat24cr x1mh8g0r x1vvkbs xtlvy1s x126k92a\">\n<div dir=\"auto\">El Mtro. Adri\u00e1n Valdes Barrera, L\u00edder del Programa de CETYS Zero Waste, quien participa de forma activa con los organismos gubernamentales y Sociedad Civil involucrada, fue parte de las mesas de trabajo de esta semana, de la misma forma que la alumna Carolina Navarro integrante del Grupo Estudiantil FORTES Liderazgo.<\/div>\n<div dir=\"auto\">\n<div class=\"gallery-slider-wrapper gallery-1\">\n                        <div class=\"gallery-slider\" itemscope itemtype=\"http:\/\/schema.org\/ImageGallery\"><figure class=\"slide\" itemprop=\"associatedMedia\" itemscope itemtype=\"http:\/\/schema.org\/ImageObject\">\n                    <a itemprop=\"contentUrl\" href=\"https:\/\/www.cetys.mx\/noticias\/wp-content\/uploads\/2023\/07\/academia-liderazgo-residuos-sanitarios-05.png\">\n                        <img decoding=\"async\" itemprop=\"thumbnail\" class=\"lazyOwl\" src=\"https:\/\/www.cetys.mx\/noticias\/wp-content\/plugins\/jmagz-plugin\/assets\/placeholder\/900x450.png\" data-src=\"https:\/\/www.cetys.mx\/noticias\/wp-content\/uploads\/2023\/07\/academia-liderazgo-residuos-sanitarios-05.png\" alt=\"academia-liderazgo-residuos-sanitarios-05\">\n                    <\/a>\n                    <figcaption itemprop=\"caption description\" class=\"slide-caption\">\n                        \n                    <\/figcaption>\n                <\/figure><figure class=\"slide\" itemprop=\"associatedMedia\" itemscope itemtype=\"http:\/\/schema.org\/ImageObject\">\n                    <a itemprop=\"contentUrl\" href=\"https:\/\/www.cetys.mx\/noticias\/wp-content\/uploads\/2023\/07\/academia-liderazgo-residuos-sanitarios-09.png\">\n                        <img decoding=\"async\" itemprop=\"thumbnail\" class=\"lazyOwl\" src=\"https:\/\/www.cetys.mx\/noticias\/wp-content\/plugins\/jmagz-plugin\/assets\/placeholder\/900x450.png\" data-src=\"https:\/\/www.cetys.mx\/noticias\/wp-content\/uploads\/2023\/07\/academia-liderazgo-residuos-sanitarios-09.png\" alt=\"academia-liderazgo-residuos-sanitarios-09\">\n                    <\/a>\n                    <figcaption itemprop=\"caption description\" class=\"slide-caption\">\n                        \n                    <\/figcaption>\n                <\/figure><figure class=\"slide\" itemprop=\"associatedMedia\" itemscope itemtype=\"http:\/\/schema.org\/ImageObject\">\n                    <a itemprop=\"contentUrl\" href=\"https:\/\/www.cetys.mx\/noticias\/wp-content\/uploads\/2023\/07\/academia-liderazgo-residuos.png\">\n                        <img decoding=\"async\" itemprop=\"thumbnail\" class=\"lazyOwl\" src=\"https:\/\/www.cetys.mx\/noticias\/wp-content\/plugins\/jmagz-plugin\/assets\/placeholder\/900x450.png\" data-src=\"https:\/\/www.cetys.mx\/noticias\/wp-content\/uploads\/2023\/07\/academia-liderazgo-residuos.png\" alt=\"academia-liderazgo-residuos\">\n                    <\/a>\n                    <figcaption itemprop=\"caption description\" class=\"slide-caption\">\n                        \n                    <\/figcaption>\n                <\/figure><figure class=\"slide\" itemprop=\"associatedMedia\" itemscope itemtype=\"http:\/\/schema.org\/ImageObject\">\n                    <a itemprop=\"contentUrl\" href=\"https:\/\/www.cetys.mx\/noticias\/wp-content\/uploads\/2023\/07\/academia-liderazgo-residuos-sanitarios-02.png\">\n                        <img decoding=\"async\" itemprop=\"thumbnail\" class=\"lazyOwl\" src=\"https:\/\/www.cetys.mx\/noticias\/wp-content\/plugins\/jmagz-plugin\/assets\/placeholder\/900x450.png\" data-src=\"https:\/\/www.cetys.mx\/noticias\/wp-content\/uploads\/2023\/07\/academia-liderazgo-residuos-sanitarios-02.png\" alt=\"academia-liderazgo-residuos-sanitarios-02\">\n                    <\/a>\n                    <figcaption itemprop=\"caption description\" class=\"slide-caption\">\n                        \n                    <\/figcaption>\n                <\/figure><figure class=\"slide\" itemprop=\"associatedMedia\" itemscope itemtype=\"http:\/\/schema.org\/ImageObject\">\n                    <a itemprop=\"contentUrl\" href=\"https:\/\/www.cetys.mx\/noticias\/wp-content\/uploads\/2023\/07\/academia-liderazgo-residuos-sanitarios-1.png\">\n                        <img decoding=\"async\" itemprop=\"thumbnail\" class=\"lazyOwl\" src=\"https:\/\/www.cetys.mx\/noticias\/wp-content\/plugins\/jmagz-plugin\/assets\/placeholder\/900x450.png\" data-src=\"https:\/\/www.cetys.mx\/noticias\/wp-content\/uploads\/2023\/07\/academia-liderazgo-residuos-sanitarios-1.png\" alt=\"academia-liderazgo-residuos-sanitarios\">\n                    <\/a>\n                    <figcaption itemprop=\"caption description\" class=\"slide-caption\">\n                        \n                    <\/figcaption>\n                <\/figure><figure class=\"slide\" itemprop=\"associatedMedia\" itemscope itemtype=\"http:\/\/schema.org\/ImageObject\">\n                    <a itemprop=\"contentUrl\" href=\"https:\/\/www.cetys.mx\/noticias\/wp-content\/uploads\/2023\/07\/academia-liderazgo-residuos-sanitarios-03.png\">\n                        <img decoding=\"async\" itemprop=\"thumbnail\" class=\"lazyOwl\" src=\"https:\/\/www.cetys.mx\/noticias\/wp-content\/plugins\/jmagz-plugin\/assets\/placeholder\/900x450.png\" data-src=\"https:\/\/www.cetys.mx\/noticias\/wp-content\/uploads\/2023\/07\/academia-liderazgo-residuos-sanitarios-03.png\" alt=\"academia-liderazgo-residuos-sanitarios-03\">\n                    <\/a>\n                    <figcaption itemprop=\"caption description\" class=\"slide-caption\">\n                        \n                    <\/figcaption>\n                <\/figure><figure class=\"slide\" itemprop=\"associatedMedia\" itemscope itemtype=\"http:\/\/schema.org\/ImageObject\">\n                    <a itemprop=\"contentUrl\" href=\"https:\/\/www.cetys.mx\/noticias\/wp-content\/uploads\/2023\/07\/academia-liderazgo-residuos-sanitarios-04.png\">\n                        <img decoding=\"async\" itemprop=\"thumbnail\" class=\"lazyOwl\" src=\"https:\/\/www.cetys.mx\/noticias\/wp-content\/plugins\/jmagz-plugin\/assets\/placeholder\/900x450.png\" data-src=\"https:\/\/www.cetys.mx\/noticias\/wp-content\/uploads\/2023\/07\/academia-liderazgo-residuos-sanitarios-04.png\" alt=\"academia-liderazgo-residuos-sanitarios-04\">\n                    <\/a>\n                    <figcaption itemprop=\"caption description\" class=\"slide-caption\">\n                        \n                    <\/figcaption>\n                <\/figure><figure class=\"slide\" itemprop=\"associatedMedia\" itemscope itemtype=\"http:\/\/schema.org\/ImageObject\">\n                    <a itemprop=\"contentUrl\" href=\"https:\/\/www.cetys.mx\/noticias\/wp-content\/uploads\/2023\/07\/academia-liderazgo-residuos-sanitarios-06.png\">\n                        <img decoding=\"async\" itemprop=\"thumbnail\" class=\"lazyOwl\" src=\"https:\/\/www.cetys.mx\/noticias\/wp-content\/plugins\/jmagz-plugin\/assets\/placeholder\/900x450.png\" data-src=\"https:\/\/www.cetys.mx\/noticias\/wp-content\/uploads\/2023\/07\/academia-liderazgo-residuos-sanitarios-06.png\" alt=\"academia-liderazgo-residuos-sanitarios-06\">\n                    <\/a>\n                    <figcaption itemprop=\"caption description\" class=\"slide-caption\">\n                        \n                    <\/figcaption>\n                <\/figure><figure class=\"slide\" itemprop=\"associatedMedia\" itemscope itemtype=\"http:\/\/schema.org\/ImageObject\">\n                    <a itemprop=\"contentUrl\" href=\"https:\/\/www.cetys.mx\/noticias\/wp-content\/uploads\/2023\/07\/academia-liderazgo-residuos-sanitarios-07.png\">\n                        <img decoding=\"async\" itemprop=\"thumbnail\" class=\"lazyOwl\" src=\"https:\/\/www.cetys.mx\/noticias\/wp-content\/plugins\/jmagz-plugin\/assets\/placeholder\/900x450.png\" data-src=\"https:\/\/www.cetys.mx\/noticias\/wp-content\/uploads\/2023\/07\/academia-liderazgo-residuos-sanitarios-07.png\" alt=\"academia-liderazgo-residuos-sanitarios-07\">\n                    <\/a>\n                    <figcaption itemprop=\"caption description\" class=\"slide-caption\">\n                        \n                    <\/figcaption>\n                <\/figure><figure class=\"slide\" itemprop=\"associatedMedia\" itemscope itemtype=\"http:\/\/schema.org\/ImageObject\">\n                    <a itemprop=\"contentUrl\" href=\"https:\/\/www.cetys.mx\/noticias\/wp-content\/uploads\/2023\/07\/academia-liderazgo-residuos-sanitarios-08.png\">\n                        <img decoding=\"async\" itemprop=\"thumbnail\" class=\"lazyOwl\" src=\"https:\/\/www.cetys.mx\/noticias\/wp-content\/plugins\/jmagz-plugin\/assets\/placeholder\/900x450.png\" data-src=\"https:\/\/www.cetys.mx\/noticias\/wp-content\/uploads\/2023\/07\/academia-liderazgo-residuos-sanitarios-08.png\" alt=\"academia-liderazgo-residuos-sanitarios-08\">\n                    <\/a>\n                    <figcaption itemprop=\"caption description\" class=\"slide-caption\">\n                        \n                    <\/figcaption>\n                <\/figure><\/div>\n                <div class=\"gallery-slider-thumbnail-wrapper\">\n                    <div class=\"gallery-slider-thumbnail\"><div class=\"slide-thumbnail\"><img decoding=\"async\" class=\"lazyOwl\" src=\"https:\/\/www.cetys.mx\/noticias\/wp-content\/plugins\/jmagz-plugin\/assets\/placeholder\/150x75.png\" data-src=\"https:\/\/www.cetys.mx\/noticias\/wp-content\/uploads\/2023\/07\/academia-liderazgo-residuos-sanitarios-05.png\" alt=\"academia-liderazgo-residuos-sanitarios-05\"><\/div><div class=\"slide-thumbnail\"><img decoding=\"async\" class=\"lazyOwl\" src=\"https:\/\/www.cetys.mx\/noticias\/wp-content\/plugins\/jmagz-plugin\/assets\/placeholder\/150x75.png\" data-src=\"https:\/\/www.cetys.mx\/noticias\/wp-content\/uploads\/2023\/07\/academia-liderazgo-residuos-sanitarios-09.png\" alt=\"academia-liderazgo-residuos-sanitarios-09\"><\/div><div class=\"slide-thumbnail\"><img decoding=\"async\" class=\"lazyOwl\" src=\"https:\/\/www.cetys.mx\/noticias\/wp-content\/plugins\/jmagz-plugin\/assets\/placeholder\/150x75.png\" data-src=\"https:\/\/www.cetys.mx\/noticias\/wp-content\/uploads\/2023\/07\/academia-liderazgo-residuos.png\" alt=\"academia-liderazgo-residuos\"><\/div><div class=\"slide-thumbnail\"><img decoding=\"async\" class=\"lazyOwl\" src=\"https:\/\/www.cetys.mx\/noticias\/wp-content\/plugins\/jmagz-plugin\/assets\/placeholder\/150x75.png\" data-src=\"https:\/\/www.cetys.mx\/noticias\/wp-content\/uploads\/2023\/07\/academia-liderazgo-residuos-sanitarios-02.png\" alt=\"academia-liderazgo-residuos-sanitarios-02\"><\/div><div class=\"slide-thumbnail\"><img decoding=\"async\" class=\"lazyOwl\" src=\"https:\/\/www.cetys.mx\/noticias\/wp-content\/plugins\/jmagz-plugin\/assets\/placeholder\/150x75.png\" data-src=\"https:\/\/www.cetys.mx\/noticias\/wp-content\/uploads\/2023\/07\/academia-liderazgo-residuos-sanitarios-1.png\" alt=\"academia-liderazgo-residuos-sanitarios\"><\/div><div class=\"slide-thumbnail\"><img decoding=\"async\" class=\"lazyOwl\" src=\"https:\/\/www.cetys.mx\/noticias\/wp-content\/plugins\/jmagz-plugin\/assets\/placeholder\/150x75.png\" data-src=\"https:\/\/www.cetys.mx\/noticias\/wp-content\/uploads\/2023\/07\/academia-liderazgo-residuos-sanitarios-03.png\" alt=\"academia-liderazgo-residuos-sanitarios-03\"><\/div><div class=\"slide-thumbnail\"><img decoding=\"async\" class=\"lazyOwl\" src=\"https:\/\/www.cetys.mx\/noticias\/wp-content\/plugins\/jmagz-plugin\/assets\/placeholder\/150x75.png\" data-src=\"https:\/\/www.cetys.mx\/noticias\/wp-content\/uploads\/2023\/07\/academia-liderazgo-residuos-sanitarios-04.png\" alt=\"academia-liderazgo-residuos-sanitarios-04\"><\/div><div class=\"slide-thumbnail\"><img decoding=\"async\" class=\"lazyOwl\" src=\"https:\/\/www.cetys.mx\/noticias\/wp-content\/plugins\/jmagz-plugin\/assets\/placeholder\/150x75.png\" data-src=\"https:\/\/www.cetys.mx\/noticias\/wp-content\/uploads\/2023\/07\/academia-liderazgo-residuos-sanitarios-06.png\" alt=\"academia-liderazgo-residuos-sanitarios-06\"><\/div><div class=\"slide-thumbnail\"><img decoding=\"async\" class=\"lazyOwl\" src=\"https:\/\/www.cetys.mx\/noticias\/wp-content\/plugins\/jmagz-plugin\/assets\/placeholder\/150x75.png\" data-src=\"https:\/\/www.cetys.mx\/noticias\/wp-content\/uploads\/2023\/07\/academia-liderazgo-residuos-sanitarios-07.png\" alt=\"academia-liderazgo-residuos-sanitarios-07\"><\/div><div class=\"slide-thumbnail\"><img decoding=\"async\" class=\"lazyOwl\" src=\"https:\/\/www.cetys.mx\/noticias\/wp-content\/plugins\/jmagz-plugin\/assets\/placeholder\/150x75.png\" data-src=\"https:\/\/www.cetys.mx\/noticias\/wp-content\/uploads\/2023\/07\/academia-liderazgo-residuos-sanitarios-08.png\" alt=\"academia-liderazgo-residuos-sanitarios-08\"><\/div><\/div><\/div><\/div>\n<\/div>\n<\/div>\n","protected":false},"excerpt":{"rendered":"<p>CETYS Universidad Campus Tijuana fue sede de la segunda semana de trabajo de la \u201cAcademia de Liderazgo en Residuos Marinos de Fuentes&#8230;<\/p>\n","protected":false},"author":24,"featured_media":174746,"comment_status":"open","ping_status":"closed","sticky":false,"template":"","format":"standard","meta":{"footnotes":""},"categories":[134,105,147],"tags":[],"class_list":["post-174743","post","type-post","status-publish","format-standard","has-post-thumbnail","hentry","category-campus-tijuana","category-vida-estudiantil","category-video"],"yoast_head":"<!-- This site is optimized with the Yoast SEO plugin v27.4 - https:\/\/yoast.com\/product\/yoast-seo-wordpress\/ -->\n<title>Fuimos sede de los trabajos de la Academia de Liderazgo en Residuos Marinos de Fuentes Terrestres - CETYS<\/title>\n<meta name=\"description\" content=\"Articulo sobre Fuimos sede de los trabajos de la Academia de Liderazgo en Residuos Marinos de Fuentes Terrestres\" \/>\n<meta name=\"robots\" content=\"index, follow, max-snippet:-1, max-image-preview:large, max-video-preview:-1\" \/>\n<link rel=\"canonical\" href=\"https:\/\/www.cetys.mx\/noticias\/fuimos-sede-de-los-trabajos-de-la-academia-de-liderazgo-en-residuos-marinos-de-fuentes-terrestres\/\" \/>\n<meta property=\"og:locale\" content=\"es_MX\" \/>\n<meta property=\"og:type\" content=\"article\" \/>\n<meta property=\"og:title\" content=\"Fuimos sede de los trabajos de la Academia de Liderazgo en Residuos Marinos de Fuentes Terrestres - CETYS\" \/>\n<meta property=\"og:description\" content=\"Articulo sobre Fuimos sede de los trabajos de la Academia de Liderazgo en Residuos Marinos de Fuentes Terrestres\" \/>\n<meta property=\"og:url\" content=\"https:\/\/www.cetys.mx\/noticias\/fuimos-sede-de-los-trabajos-de-la-academia-de-liderazgo-en-residuos-marinos-de-fuentes-terrestres\/\" \/>\n<meta property=\"og:site_name\" content=\"CETYS\" \/>\n<meta property=\"article:publisher\" content=\"https:\/\/www.facebook.com\/cetysuniversidadmxl\/\" \/>\n<meta property=\"article:published_time\" content=\"2023-07-29T01:39:05+00:00\" \/>\n<meta property=\"article:modified_time\" content=\"2023-07-29T01:42:26+00:00\" \/>\n<meta property=\"og:image\" content=\"https:\/\/www.cetys.mx\/noticias\/wp-content\/uploads\/2023\/07\/academia-liderazgo-residuos-sanitarios-02.png\" \/>\n\t<meta property=\"og:image:width\" content=\"1200\" \/>\n\t<meta property=\"og:image:height\" content=\"798\" \/>\n\t<meta property=\"og:image:type\" content=\"image\/png\" \/>\n<meta name=\"author\" content=\"Campus Tijuana\" \/>\n<meta name=\"twitter:card\" content=\"summary_large_image\" \/>\n<meta name=\"twitter:creator\" content=\"@cetysuni\" \/>\n<meta name=\"twitter:site\" content=\"@cetysuni\" \/>\n<meta name=\"twitter:label1\" content=\"Escrito por\" \/>\n\t<meta name=\"twitter:data1\" content=\"Campus Tijuana\" \/>\n\t<meta name=\"twitter:label2\" content=\"Tiempo de lectura\" \/>\n\t<meta name=\"twitter:data2\" content=\"1 minuto\" \/>\n<script type=\"application\/ld+json\" class=\"yoast-schema-graph\">{\"@context\":\"https:\\\/\\\/schema.org\",\"@graph\":[{\"@type\":\"Article\",\"@id\":\"https:\\\/\\\/www.cetys.mx\\\/noticias\\\/fuimos-sede-de-los-trabajos-de-la-academia-de-liderazgo-en-residuos-marinos-de-fuentes-terrestres\\\/#article\",\"isPartOf\":{\"@id\":\"https:\\\/\\\/www.cetys.mx\\\/noticias\\\/fuimos-sede-de-los-trabajos-de-la-academia-de-liderazgo-en-residuos-marinos-de-fuentes-terrestres\\\/\"},\"author\":{\"name\":\"Campus Tijuana\",\"@id\":\"https:\\\/\\\/www.cetys.mx\\\/noticias\\\/#\\\/schema\\\/person\\\/e790051ce60e18ae47cfa87011c8653f\"},\"headline\":\"Fuimos sede de los trabajos de la Academia de Liderazgo en Residuos Marinos de Fuentes Terrestres\",\"datePublished\":\"2023-07-29T01:39:05+00:00\",\"dateModified\":\"2023-07-29T01:42:26+00:00\",\"mainEntityOfPage\":{\"@id\":\"https:\\\/\\\/www.cetys.mx\\\/noticias\\\/fuimos-sede-de-los-trabajos-de-la-academia-de-liderazgo-en-residuos-marinos-de-fuentes-terrestres\\\/\"},\"wordCount\":209,\"commentCount\":0,\"image\":{\"@id\":\"https:\\\/\\\/www.cetys.mx\\\/noticias\\\/fuimos-sede-de-los-trabajos-de-la-academia-de-liderazgo-en-residuos-marinos-de-fuentes-terrestres\\\/#primaryimage\"},\"thumbnailUrl\":\"https:\\\/\\\/www.cetys.mx\\\/noticias\\\/wp-content\\\/uploads\\\/2023\\\/07\\\/academia-liderazgo-residuos-sanitarios-02.png\",\"articleSection\":[\"Campus Tijuana\",\"Vida Estudiantil\",\"Video\"],\"inLanguage\":\"es\",\"potentialAction\":[{\"@type\":\"CommentAction\",\"name\":\"Comment\",\"target\":[\"https:\\\/\\\/www.cetys.mx\\\/noticias\\\/fuimos-sede-de-los-trabajos-de-la-academia-de-liderazgo-en-residuos-marinos-de-fuentes-terrestres\\\/#respond\"]}]},{\"@type\":\"WebPage\",\"@id\":\"https:\\\/\\\/www.cetys.mx\\\/noticias\\\/fuimos-sede-de-los-trabajos-de-la-academia-de-liderazgo-en-residuos-marinos-de-fuentes-terrestres\\\/\",\"url\":\"https:\\\/\\\/www.cetys.mx\\\/noticias\\\/fuimos-sede-de-los-trabajos-de-la-academia-de-liderazgo-en-residuos-marinos-de-fuentes-terrestres\\\/\",\"name\":\"Fuimos sede de los trabajos de la Academia de Liderazgo en Residuos Marinos de Fuentes Terrestres - CETYS\",\"isPartOf\":{\"@id\":\"https:\\\/\\\/www.cetys.mx\\\/noticias\\\/#website\"},\"primaryImageOfPage\":{\"@id\":\"https:\\\/\\\/www.cetys.mx\\\/noticias\\\/fuimos-sede-de-los-trabajos-de-la-academia-de-liderazgo-en-residuos-marinos-de-fuentes-terrestres\\\/#primaryimage\"},\"image\":{\"@id\":\"https:\\\/\\\/www.cetys.mx\\\/noticias\\\/fuimos-sede-de-los-trabajos-de-la-academia-de-liderazgo-en-residuos-marinos-de-fuentes-terrestres\\\/#primaryimage\"},\"thumbnailUrl\":\"https:\\\/\\\/www.cetys.mx\\\/noticias\\\/wp-content\\\/uploads\\\/2023\\\/07\\\/academia-liderazgo-residuos-sanitarios-02.png\",\"datePublished\":\"2023-07-29T01:39:05+00:00\",\"dateModified\":\"2023-07-29T01:42:26+00:00\",\"author\":{\"@id\":\"https:\\\/\\\/www.cetys.mx\\\/noticias\\\/#\\\/schema\\\/person\\\/e790051ce60e18ae47cfa87011c8653f\"},\"description\":\"Articulo sobre Fuimos sede de los trabajos de la Academia de Liderazgo en Residuos Marinos de Fuentes Terrestres\",\"breadcrumb\":{\"@id\":\"https:\\\/\\\/www.cetys.mx\\\/noticias\\\/fuimos-sede-de-los-trabajos-de-la-academia-de-liderazgo-en-residuos-marinos-de-fuentes-terrestres\\\/#breadcrumb\"},\"inLanguage\":\"es\",\"potentialAction\":[{\"@type\":\"ReadAction\",\"target\":[\"https:\\\/\\\/www.cetys.mx\\\/noticias\\\/fuimos-sede-de-los-trabajos-de-la-academia-de-liderazgo-en-residuos-marinos-de-fuentes-terrestres\\\/\"]}]},{\"@type\":\"ImageObject\",\"inLanguage\":\"es\",\"@id\":\"https:\\\/\\\/www.cetys.mx\\\/noticias\\\/fuimos-sede-de-los-trabajos-de-la-academia-de-liderazgo-en-residuos-marinos-de-fuentes-terrestres\\\/#primaryimage\",\"url\":\"https:\\\/\\\/www.cetys.mx\\\/noticias\\\/wp-content\\\/uploads\\\/2023\\\/07\\\/academia-liderazgo-residuos-sanitarios-02.png\",\"contentUrl\":\"https:\\\/\\\/www.cetys.mx\\\/noticias\\\/wp-content\\\/uploads\\\/2023\\\/07\\\/academia-liderazgo-residuos-sanitarios-02.png\",\"width\":1200,\"height\":798},{\"@type\":\"BreadcrumbList\",\"@id\":\"https:\\\/\\\/www.cetys.mx\\\/noticias\\\/fuimos-sede-de-los-trabajos-de-la-academia-de-liderazgo-en-residuos-marinos-de-fuentes-terrestres\\\/#breadcrumb\",\"itemListElement\":[{\"@type\":\"ListItem\",\"position\":1,\"name\":\"Inicio\",\"item\":\"https:\\\/\\\/www.cetys.mx\\\/noticias\\\/\"},{\"@type\":\"ListItem\",\"position\":2,\"name\":\"Fuimos sede de los trabajos de la Academia de Liderazgo en Residuos Marinos de Fuentes Terrestres\"}]},{\"@type\":\"WebSite\",\"@id\":\"https:\\\/\\\/www.cetys.mx\\\/noticias\\\/#website\",\"url\":\"https:\\\/\\\/www.cetys.mx\\\/noticias\\\/\",\"name\":\"CETYS\",\"description\":\"\",\"potentialAction\":[{\"@type\":\"SearchAction\",\"target\":{\"@type\":\"EntryPoint\",\"urlTemplate\":\"https:\\\/\\\/www.cetys.mx\\\/noticias\\\/?s={search_term_string}\"},\"query-input\":{\"@type\":\"PropertyValueSpecification\",\"valueRequired\":true,\"valueName\":\"search_term_string\"}}],\"inLanguage\":\"es\"},{\"@type\":\"Person\",\"@id\":\"https:\\\/\\\/www.cetys.mx\\\/noticias\\\/#\\\/schema\\\/person\\\/e790051ce60e18ae47cfa87011c8653f\",\"name\":\"Campus Tijuana\",\"url\":\"https:\\\/\\\/www.cetys.mx\\\/noticias\\\/author\\\/campustijuana\\\/\"}]}<\/script>\n<!-- \/ Yoast SEO plugin. -->","yoast_head_json":{"title":"Fuimos sede de los trabajos de la Academia de Liderazgo en Residuos Marinos de Fuentes Terrestres - CETYS","description":"Articulo sobre Fuimos sede de los trabajos de la Academia de Liderazgo en Residuos Marinos de Fuentes Terrestres","robots":{"index":"index","follow":"follow","max-snippet":"max-snippet:-1","max-image-preview":"max-image-preview:large","max-video-preview":"max-video-preview:-1"},"canonical":"https:\/\/www.cetys.mx\/noticias\/fuimos-sede-de-los-trabajos-de-la-academia-de-liderazgo-en-residuos-marinos-de-fuentes-terrestres\/","og_locale":"es_MX","og_type":"article","og_title":"Fuimos sede de los trabajos de la Academia de Liderazgo en Residuos Marinos de Fuentes Terrestres - CETYS","og_description":"Articulo sobre Fuimos sede de los trabajos de la Academia de Liderazgo en Residuos Marinos de Fuentes Terrestres","og_url":"https:\/\/www.cetys.mx\/noticias\/fuimos-sede-de-los-trabajos-de-la-academia-de-liderazgo-en-residuos-marinos-de-fuentes-terrestres\/","og_site_name":"CETYS","article_publisher":"https:\/\/www.facebook.com\/cetysuniversidadmxl\/","article_published_time":"2023-07-29T01:39:05+00:00","article_modified_time":"2023-07-29T01:42:26+00:00","og_image":[{"width":1200,"height":798,"url":"https:\/\/www.cetys.mx\/noticias\/wp-content\/uploads\/2023\/07\/academia-liderazgo-residuos-sanitarios-02.png","type":"image\/png"}],"author":"Campus Tijuana","twitter_card":"summary_large_image","twitter_creator":"@cetysuni","twitter_site":"@cetysuni","twitter_misc":{"Escrito por":"Campus Tijuana","Tiempo de lectura":"1 minuto"},"schema":{"@context":"https:\/\/schema.org","@graph":[{"@type":"Article","@id":"https:\/\/www.cetys.mx\/noticias\/fuimos-sede-de-los-trabajos-de-la-academia-de-liderazgo-en-residuos-marinos-de-fuentes-terrestres\/#article","isPartOf":{"@id":"https:\/\/www.cetys.mx\/noticias\/fuimos-sede-de-los-trabajos-de-la-academia-de-liderazgo-en-residuos-marinos-de-fuentes-terrestres\/"},"author":{"name":"Campus Tijuana","@id":"https:\/\/www.cetys.mx\/noticias\/#\/schema\/person\/e790051ce60e18ae47cfa87011c8653f"},"headline":"Fuimos sede de los trabajos de la Academia de Liderazgo en Residuos Marinos de Fuentes Terrestres","datePublished":"2023-07-29T01:39:05+00:00","dateModified":"2023-07-29T01:42:26+00:00","mainEntityOfPage":{"@id":"https:\/\/www.cetys.mx\/noticias\/fuimos-sede-de-los-trabajos-de-la-academia-de-liderazgo-en-residuos-marinos-de-fuentes-terrestres\/"},"wordCount":209,"commentCount":0,"image":{"@id":"https:\/\/www.cetys.mx\/noticias\/fuimos-sede-de-los-trabajos-de-la-academia-de-liderazgo-en-residuos-marinos-de-fuentes-terrestres\/#primaryimage"},"thumbnailUrl":"https:\/\/www.cetys.mx\/noticias\/wp-content\/uploads\/2023\/07\/academia-liderazgo-residuos-sanitarios-02.png","articleSection":["Campus Tijuana","Vida Estudiantil","Video"],"inLanguage":"es","potentialAction":[{"@type":"CommentAction","name":"Comment","target":["https:\/\/www.cetys.mx\/noticias\/fuimos-sede-de-los-trabajos-de-la-academia-de-liderazgo-en-residuos-marinos-de-fuentes-terrestres\/#respond"]}]},{"@type":"WebPage","@id":"https:\/\/www.cetys.mx\/noticias\/fuimos-sede-de-los-trabajos-de-la-academia-de-liderazgo-en-residuos-marinos-de-fuentes-terrestres\/","url":"https:\/\/www.cetys.mx\/noticias\/fuimos-sede-de-los-trabajos-de-la-academia-de-liderazgo-en-residuos-marinos-de-fuentes-terrestres\/","name":"Fuimos sede de los trabajos de la Academia de Liderazgo en Residuos Marinos de Fuentes Terrestres - CETYS","isPartOf":{"@id":"https:\/\/www.cetys.mx\/noticias\/#website"},"primaryImageOfPage":{"@id":"https:\/\/www.cetys.mx\/noticias\/fuimos-sede-de-los-trabajos-de-la-academia-de-liderazgo-en-residuos-marinos-de-fuentes-terrestres\/#primaryimage"},"image":{"@id":"https:\/\/www.cetys.mx\/noticias\/fuimos-sede-de-los-trabajos-de-la-academia-de-liderazgo-en-residuos-marinos-de-fuentes-terrestres\/#primaryimage"},"thumbnailUrl":"https:\/\/www.cetys.mx\/noticias\/wp-content\/uploads\/2023\/07\/academia-liderazgo-residuos-sanitarios-02.png","datePublished":"2023-07-29T01:39:05+00:00","dateModified":"2023-07-29T01:42:26+00:00","author":{"@id":"https:\/\/www.cetys.mx\/noticias\/#\/schema\/person\/e790051ce60e18ae47cfa87011c8653f"},"description":"Articulo sobre Fuimos sede de los trabajos de la Academia de Liderazgo en Residuos Marinos de Fuentes Terrestres","breadcrumb":{"@id":"https:\/\/www.cetys.mx\/noticias\/fuimos-sede-de-los-trabajos-de-la-academia-de-liderazgo-en-residuos-marinos-de-fuentes-terrestres\/#breadcrumb"},"inLanguage":"es","potentialAction":[{"@type":"ReadAction","target":["https:\/\/www.cetys.mx\/noticias\/fuimos-sede-de-los-trabajos-de-la-academia-de-liderazgo-en-residuos-marinos-de-fuentes-terrestres\/"]}]},{"@type":"ImageObject","inLanguage":"es","@id":"https:\/\/www.cetys.mx\/noticias\/fuimos-sede-de-los-trabajos-de-la-academia-de-liderazgo-en-residuos-marinos-de-fuentes-terrestres\/#primaryimage","url":"https:\/\/www.cetys.mx\/noticias\/wp-content\/uploads\/2023\/07\/academia-liderazgo-residuos-sanitarios-02.png","contentUrl":"https:\/\/www.cetys.mx\/noticias\/wp-content\/uploads\/2023\/07\/academia-liderazgo-residuos-sanitarios-02.png","width":1200,"height":798},{"@type":"BreadcrumbList","@id":"https:\/\/www.cetys.mx\/noticias\/fuimos-sede-de-los-trabajos-de-la-academia-de-liderazgo-en-residuos-marinos-de-fuentes-terrestres\/#breadcrumb","itemListElement":[{"@type":"ListItem","position":1,"name":"Inicio","item":"https:\/\/www.cetys.mx\/noticias\/"},{"@type":"ListItem","position":2,"name":"Fuimos sede de los trabajos de la Academia de Liderazgo en Residuos Marinos de Fuentes Terrestres"}]},{"@type":"WebSite","@id":"https:\/\/www.cetys.mx\/noticias\/#website","url":"https:\/\/www.cetys.mx\/noticias\/","name":"CETYS","description":"","potentialAction":[{"@type":"SearchAction","target":{"@type":"EntryPoint","urlTemplate":"https:\/\/www.cetys.mx\/noticias\/?s={search_term_string}"},"query-input":{"@type":"PropertyValueSpecification","valueRequired":true,"valueName":"search_term_string"}}],"inLanguage":"es"},{"@type":"Person","@id":"https:\/\/www.cetys.mx\/noticias\/#\/schema\/person\/e790051ce60e18ae47cfa87011c8653f","name":"Campus Tijuana","url":"https:\/\/www.cetys.mx\/noticias\/author\/campustijuana\/"}]}},"_links":{"self":[{"href":"https:\/\/www.cetys.mx\/noticias\/wp-json\/wp\/v2\/posts\/174743","targetHints":{"allow":["GET"]}}],"collection":[{"href":"https:\/\/www.cetys.mx\/noticias\/wp-json\/wp\/v2\/posts"}],"about":[{"href":"https:\/\/www.cetys.mx\/noticias\/wp-json\/wp\/v2\/types\/post"}],"author":[{"embeddable":true,"href":"https:\/\/www.cetys.mx\/noticias\/wp-json\/wp\/v2\/users\/24"}],"replies":[{"embeddable":true,"href":"https:\/\/www.cetys.mx\/noticias\/wp-json\/wp\/v2\/comments?post=174743"}],"version-history":[{"count":3,"href":"https:\/\/www.cetys.mx\/noticias\/wp-json\/wp\/v2\/posts\/174743\/revisions"}],"predecessor-version":[{"id":174757,"href":"https:\/\/www.cetys.mx\/noticias\/wp-json\/wp\/v2\/posts\/174743\/revisions\/174757"}],"wp:featuredmedia":[{"embeddable":true,"href":"https:\/\/www.cetys.mx\/noticias\/wp-json\/wp\/v2\/media\/174746"}],"wp:attachment":[{"href":"https:\/\/www.cetys.mx\/noticias\/wp-json\/wp\/v2\/media?parent=174743"}],"wp:term":[{"taxonomy":"category","embeddable":true,"href":"https:\/\/www.cetys.mx\/noticias\/wp-json\/wp\/v2\/categories?post=174743"},{"taxonomy":"post_tag","embeddable":true,"href":"https:\/\/www.cetys.mx\/noticias\/wp-json\/wp\/v2\/tags?post=174743"}],"curies":[{"name":"wp","href":"https:\/\/api.w.org\/{rel}","templated":true}]}}