{"id":174617,"date":"2023-07-24T17:41:38","date_gmt":"2023-07-25T00:41:38","guid":{"rendered":"https:\/\/www.cetys.mx\/noticias\/?p=174617"},"modified":"2023-07-25T11:46:46","modified_gmt":"2023-07-25T18:46:46","slug":"se-inmersan-en-la-ciencia-durante-el-verano","status":"publish","type":"post","link":"https:\/\/www.cetys.mx\/noticias\/se-inmersan-en-la-ciencia-durante-el-verano\/","title":{"rendered":"Se inmersan en la ciencia durante el verano"},"content":{"rendered":"<div align=\"center\"><strong><em>Bachilleres de CETYS Universidad viven\u00a0<span class=\"il\">verano<\/span>\u00a0<span class=\"il\">cient\u00edfico<\/span>\u00a0durante 7 semanas en el programa Enlace de la Universidad de California de San Diego<\/em><\/strong><\/div>\n<div align=\"center\"><\/div>\n<div align=\"justify\">Catorce estudiantes de la Preparatoria CETYS Universidad Campus Mexicali est\u00e1n viviendo una experiencia de\u00a0<span class=\"il\">verano<\/span>\u00a0en la Universidad de California en San Diego (UCSD), donde participan en el Enlace Summer Research Program con tem\u00e1tica STEAM (<span class=\"il\">Ciencia<\/span>, Tecnolog\u00eda, Ingenier\u00eda, Arte y Matem\u00e1ticas).<\/div>\n<div align=\"justify\"><\/div>\n<div align=\"justify\">El programa Enlace Summer Research ofrece a los alumnos la oportunidad \u00fanica de formar parte del equipo de trabajo de investigadores de la UCSD durante siete semanas, brindando as\u00ed una inmersi\u00f3n total en el mundo de la\u00a0<span class=\"il\">ciencia<\/span>, bajo la gu\u00eda experta de docentes e investigadores de la universidad.<\/div>\n<div align=\"justify\"><\/div>\n<div align=\"justify\">Los j\u00f3venes participan activamente en emocionantes experimentos y desarrollan descubrimientos a trav\u00e9s de inventos innovadores en diversas \u00e1reas incluyendo ingenier\u00eda, medicina, gen\u00e9tica, matem\u00e1ticas, artes entre otras disciplinas, explic\u00f3 el Mtro. Omar Amador, coordinador del \u00e1rea F\u00edsico y Matem\u00e1tico de la Preparatoria CETYS Universidad Campus Mexicali.<\/div>\n<div align=\"justify\"><img loading=\"lazy\" decoding=\"async\" class=\"size-full wp-image-174587 aligncenter\" src=\"https:\/\/www.cetys.mx\/noticias\/wp-content\/uploads\/2023\/07\/VERANOPREPA1.jpg\" alt=\"\" width=\"637\" height=\"849\" \/><\/div>\n<blockquote>\n<div align=\"justify\">&#8220;Esta oportunidad de vivir experiencias internacionales es altamente motivadora para nuestros alumnos de CETYS. El programa Enlace Summer les proporciona un valioso acercamiento a la\u00a0<span class=\"il\">ciencia<\/span>, permiti\u00e9ndoles descubrir su verdadera pasi\u00f3n y vocaci\u00f3n, lo cual resulta fundamental al momento de tomar decisiones sobre su futura carrera universitaria&#8221;.<\/div>\n<\/blockquote>\n<div align=\"justify\"><\/div>\n<div align=\"justify\">Adem\u00e1s del trabajo en los laboratorios de investigaci\u00f3n, el programa de\u00a0<span class=\"il\">verano<\/span>\u00a0ofrece a los alumnos la oportunidad de participar en actividades recreativas en los diversos museos y \u00e1reas de esparcimiento de la ciudad de San Diego. Esta iniciativa fomenta la interacci\u00f3n entre los estudiantes que participan en el programa y los colaboradores de investigaciones internacionales, promoviendo un enriquecedor intercambio de conocimientos y experiencias.<\/div>\n<div align=\"justify\"><\/div>\n<div align=\"justify\">Este viaje al mundo de la\u00a0<span class=\"il\">ciencia<\/span>\u00a0es una de las experiencias que ofrece la Preparatoria CETYS, instituci\u00f3n que se destaca por brindar una amplia oferta de experiencias internacionales, incluyendo viajes de estudio, conferencias con alumnos de otras naciones e intercambios, lo que contribuye significativamente al enriquecimiento acad\u00e9mico y cultural de sus estudiantes.<\/div>\n<div align=\"justify\"><img loading=\"lazy\" decoding=\"async\" class=\"size-full wp-image-174586 aligncenter\" src=\"https:\/\/www.cetys.mx\/noticias\/wp-content\/uploads\/2023\/07\/VERANOPREPA2.jpg\" alt=\"\" width=\"637\" height=\"956\" \/><\/div>\n<div align=\"justify\"><\/div>\n<div align=\"justify\">Para Kamil Frem, estudiante de cuarto semestre, ser parte de esta experiencia le motiva a continuar su formaci\u00f3n acad\u00e9mica, a identificar en qu\u00e9 \u00e1reas del conocimiento se siente m\u00e1s\u00a0 interesado y a divertirse mientras conoce a j\u00f3venes de otras culturas y ampl\u00eda su red de contactos.<\/div>\n<div align=\"justify\"><\/div>\n<blockquote>\n<div align=\"justify\">\u201cLes recomiendo ampliamente a mis compa\u00f1eros aceptar estas oportunidades que CETYS Universidad nos ofrece de vivir experiencias internacionales desde la preparatoria\u201d.<\/div>\n<\/blockquote>\n<div align=\"justify\"><\/div>\n<div align=\"justify\">La estancia de\u00a0<span class=\"il\">verano<\/span>\u00a0<span class=\"il\">cient\u00edfico<\/span>\u00a02023 en la Universidad de California en San Diego representa una oportunidad \u00fanica para los estudiantes de la Preparatoria CETYS Campus Mexicali, para forjar su futuro en el apasionante mundo de la\u00a0<span class=\"il\">ciencia<\/span>\u00a0y la investigaci\u00f3n STEAM.<\/div>\n","protected":false},"excerpt":{"rendered":"<p>Bachilleres de CETYS Universidad viven\u00a0verano\u00a0cient\u00edfico\u00a0durante 7 semanas en el programa Enlace de la Universidad de California de San Diego Catorce estudiantes de&#8230;<\/p>\n","protected":false},"author":20,"featured_media":174585,"comment_status":"open","ping_status":"closed","sticky":false,"template":"","format":"standard","meta":{"footnotes":""},"categories":[125,318,313],"tags":[6495,916,2125,6496,6498],"class_list":["post-174617","post","type-post","status-publish","format-standard","has-post-thumbnail","hentry","category-portada","category-preparatoria","category-vocetys-2","tag-bachilleratogeneral","tag-bachilleratointernacional","tag-cetys-internacional","tag-viaje-de-estudio","tag-vocetys-2023-07-25"],"yoast_head":"<!-- This site is optimized with the Yoast SEO plugin v27.4 - https:\/\/yoast.com\/product\/yoast-seo-wordpress\/ -->\n<title>Se inmersan en la ciencia durante el verano - CETYS<\/title>\n<meta name=\"description\" content=\"Articulo sobre Se inmersan en la ciencia durante el verano\" \/>\n<meta name=\"robots\" content=\"index, follow, max-snippet:-1, max-image-preview:large, max-video-preview:-1\" \/>\n<link rel=\"canonical\" href=\"https:\/\/www.cetys.mx\/noticias\/se-inmersan-en-la-ciencia-durante-el-verano\/\" \/>\n<meta property=\"og:locale\" content=\"es_MX\" \/>\n<meta property=\"og:type\" content=\"article\" \/>\n<meta property=\"og:title\" content=\"Se inmersan en la ciencia durante el verano - CETYS\" \/>\n<meta property=\"og:description\" content=\"Articulo sobre Se inmersan en la ciencia durante el verano\" \/>\n<meta property=\"og:url\" content=\"https:\/\/www.cetys.mx\/noticias\/se-inmersan-en-la-ciencia-durante-el-verano\/\" \/>\n<meta property=\"og:site_name\" content=\"CETYS\" \/>\n<meta property=\"article:publisher\" content=\"https:\/\/www.facebook.com\/cetysuniversidadmxl\/\" \/>\n<meta property=\"article:published_time\" content=\"2023-07-25T00:41:38+00:00\" \/>\n<meta property=\"article:modified_time\" content=\"2023-07-25T18:46:46+00:00\" \/>\n<meta property=\"og:image\" content=\"https:\/\/www.cetys.mx\/noticias\/wp-content\/uploads\/2023\/07\/PrepaVeranoUCSD.jpg\" \/>\n\t<meta property=\"og:image:width\" content=\"958\" \/>\n\t<meta property=\"og:image:height\" content=\"637\" \/>\n\t<meta property=\"og:image:type\" content=\"image\/jpeg\" \/>\n<meta name=\"author\" content=\"Campus Mexicali\" \/>\n<meta name=\"twitter:card\" content=\"summary_large_image\" \/>\n<meta name=\"twitter:creator\" content=\"@cetysuni\" \/>\n<meta name=\"twitter:site\" content=\"@cetysuni\" \/>\n<meta name=\"twitter:label1\" content=\"Escrito por\" \/>\n\t<meta name=\"twitter:data1\" content=\"Campus Mexicali\" \/>\n\t<meta name=\"twitter:label2\" content=\"Tiempo de lectura\" \/>\n\t<meta name=\"twitter:data2\" content=\"2 minutos\" \/>\n<script type=\"application\/ld+json\" class=\"yoast-schema-graph\">{\"@context\":\"https:\\\/\\\/schema.org\",\"@graph\":[{\"@type\":\"Article\",\"@id\":\"https:\\\/\\\/www.cetys.mx\\\/noticias\\\/se-inmersan-en-la-ciencia-durante-el-verano\\\/#article\",\"isPartOf\":{\"@id\":\"https:\\\/\\\/www.cetys.mx\\\/noticias\\\/se-inmersan-en-la-ciencia-durante-el-verano\\\/\"},\"author\":{\"name\":\"Campus Mexicali\",\"@id\":\"https:\\\/\\\/www.cetys.mx\\\/noticias\\\/#\\\/schema\\\/person\\\/79a95c4ac185f3705cf1b9c9340a5f70\"},\"headline\":\"Se inmersan en la ciencia durante el verano\",\"datePublished\":\"2023-07-25T00:41:38+00:00\",\"dateModified\":\"2023-07-25T18:46:46+00:00\",\"mainEntityOfPage\":{\"@id\":\"https:\\\/\\\/www.cetys.mx\\\/noticias\\\/se-inmersan-en-la-ciencia-durante-el-verano\\\/\"},\"wordCount\":467,\"commentCount\":0,\"image\":{\"@id\":\"https:\\\/\\\/www.cetys.mx\\\/noticias\\\/se-inmersan-en-la-ciencia-durante-el-verano\\\/#primaryimage\"},\"thumbnailUrl\":\"https:\\\/\\\/www.cetys.mx\\\/noticias\\\/wp-content\\\/uploads\\\/2023\\\/07\\\/PrepaVeranoUCSD.jpg\",\"keywords\":[\"BachilleratoGeneral\",\"bachilleratointernacional\",\"CETYS Internacional\",\"viaje de estudio\",\"vocetys-2023-07-25\"],\"articleSection\":[\"Portada\",\"Preparatoria\",\"VoCETYS\"],\"inLanguage\":\"es\",\"potentialAction\":[{\"@type\":\"CommentAction\",\"name\":\"Comment\",\"target\":[\"https:\\\/\\\/www.cetys.mx\\\/noticias\\\/se-inmersan-en-la-ciencia-durante-el-verano\\\/#respond\"]}]},{\"@type\":\"WebPage\",\"@id\":\"https:\\\/\\\/www.cetys.mx\\\/noticias\\\/se-inmersan-en-la-ciencia-durante-el-verano\\\/\",\"url\":\"https:\\\/\\\/www.cetys.mx\\\/noticias\\\/se-inmersan-en-la-ciencia-durante-el-verano\\\/\",\"name\":\"Se inmersan en la ciencia durante el verano - CETYS\",\"isPartOf\":{\"@id\":\"https:\\\/\\\/www.cetys.mx\\\/noticias\\\/#website\"},\"primaryImageOfPage\":{\"@id\":\"https:\\\/\\\/www.cetys.mx\\\/noticias\\\/se-inmersan-en-la-ciencia-durante-el-verano\\\/#primaryimage\"},\"image\":{\"@id\":\"https:\\\/\\\/www.cetys.mx\\\/noticias\\\/se-inmersan-en-la-ciencia-durante-el-verano\\\/#primaryimage\"},\"thumbnailUrl\":\"https:\\\/\\\/www.cetys.mx\\\/noticias\\\/wp-content\\\/uploads\\\/2023\\\/07\\\/PrepaVeranoUCSD.jpg\",\"datePublished\":\"2023-07-25T00:41:38+00:00\",\"dateModified\":\"2023-07-25T18:46:46+00:00\",\"author\":{\"@id\":\"https:\\\/\\\/www.cetys.mx\\\/noticias\\\/#\\\/schema\\\/person\\\/79a95c4ac185f3705cf1b9c9340a5f70\"},\"description\":\"Articulo sobre Se inmersan en la ciencia durante el verano\",\"breadcrumb\":{\"@id\":\"https:\\\/\\\/www.cetys.mx\\\/noticias\\\/se-inmersan-en-la-ciencia-durante-el-verano\\\/#breadcrumb\"},\"inLanguage\":\"es\",\"potentialAction\":[{\"@type\":\"ReadAction\",\"target\":[\"https:\\\/\\\/www.cetys.mx\\\/noticias\\\/se-inmersan-en-la-ciencia-durante-el-verano\\\/\"]}]},{\"@type\":\"ImageObject\",\"inLanguage\":\"es\",\"@id\":\"https:\\\/\\\/www.cetys.mx\\\/noticias\\\/se-inmersan-en-la-ciencia-durante-el-verano\\\/#primaryimage\",\"url\":\"https:\\\/\\\/www.cetys.mx\\\/noticias\\\/wp-content\\\/uploads\\\/2023\\\/07\\\/PrepaVeranoUCSD.jpg\",\"contentUrl\":\"https:\\\/\\\/www.cetys.mx\\\/noticias\\\/wp-content\\\/uploads\\\/2023\\\/07\\\/PrepaVeranoUCSD.jpg\",\"width\":958,\"height\":637},{\"@type\":\"BreadcrumbList\",\"@id\":\"https:\\\/\\\/www.cetys.mx\\\/noticias\\\/se-inmersan-en-la-ciencia-durante-el-verano\\\/#breadcrumb\",\"itemListElement\":[{\"@type\":\"ListItem\",\"position\":1,\"name\":\"Inicio\",\"item\":\"https:\\\/\\\/www.cetys.mx\\\/noticias\\\/\"},{\"@type\":\"ListItem\",\"position\":2,\"name\":\"Se inmersan en la ciencia durante el verano\"}]},{\"@type\":\"WebSite\",\"@id\":\"https:\\\/\\\/www.cetys.mx\\\/noticias\\\/#website\",\"url\":\"https:\\\/\\\/www.cetys.mx\\\/noticias\\\/\",\"name\":\"CETYS\",\"description\":\"\",\"potentialAction\":[{\"@type\":\"SearchAction\",\"target\":{\"@type\":\"EntryPoint\",\"urlTemplate\":\"https:\\\/\\\/www.cetys.mx\\\/noticias\\\/?s={search_term_string}\"},\"query-input\":{\"@type\":\"PropertyValueSpecification\",\"valueRequired\":true,\"valueName\":\"search_term_string\"}}],\"inLanguage\":\"es\"},{\"@type\":\"Person\",\"@id\":\"https:\\\/\\\/www.cetys.mx\\\/noticias\\\/#\\\/schema\\\/person\\\/79a95c4ac185f3705cf1b9c9340a5f70\",\"name\":\"Campus Mexicali\",\"url\":\"https:\\\/\\\/www.cetys.mx\\\/noticias\\\/author\\\/campusmexicali\\\/\"}]}<\/script>\n<!-- \/ Yoast SEO plugin. -->","yoast_head_json":{"title":"Se inmersan en la ciencia durante el verano - CETYS","description":"Articulo sobre Se inmersan en la ciencia durante el verano","robots":{"index":"index","follow":"follow","max-snippet":"max-snippet:-1","max-image-preview":"max-image-preview:large","max-video-preview":"max-video-preview:-1"},"canonical":"https:\/\/www.cetys.mx\/noticias\/se-inmersan-en-la-ciencia-durante-el-verano\/","og_locale":"es_MX","og_type":"article","og_title":"Se inmersan en la ciencia durante el verano - CETYS","og_description":"Articulo sobre Se inmersan en la ciencia durante el verano","og_url":"https:\/\/www.cetys.mx\/noticias\/se-inmersan-en-la-ciencia-durante-el-verano\/","og_site_name":"CETYS","article_publisher":"https:\/\/www.facebook.com\/cetysuniversidadmxl\/","article_published_time":"2023-07-25T00:41:38+00:00","article_modified_time":"2023-07-25T18:46:46+00:00","og_image":[{"width":958,"height":637,"url":"https:\/\/www.cetys.mx\/noticias\/wp-content\/uploads\/2023\/07\/PrepaVeranoUCSD.jpg","type":"image\/jpeg"}],"author":"Campus Mexicali","twitter_card":"summary_large_image","twitter_creator":"@cetysuni","twitter_site":"@cetysuni","twitter_misc":{"Escrito por":"Campus Mexicali","Tiempo de lectura":"2 minutos"},"schema":{"@context":"https:\/\/schema.org","@graph":[{"@type":"Article","@id":"https:\/\/www.cetys.mx\/noticias\/se-inmersan-en-la-ciencia-durante-el-verano\/#article","isPartOf":{"@id":"https:\/\/www.cetys.mx\/noticias\/se-inmersan-en-la-ciencia-durante-el-verano\/"},"author":{"name":"Campus Mexicali","@id":"https:\/\/www.cetys.mx\/noticias\/#\/schema\/person\/79a95c4ac185f3705cf1b9c9340a5f70"},"headline":"Se inmersan en la ciencia durante el verano","datePublished":"2023-07-25T00:41:38+00:00","dateModified":"2023-07-25T18:46:46+00:00","mainEntityOfPage":{"@id":"https:\/\/www.cetys.mx\/noticias\/se-inmersan-en-la-ciencia-durante-el-verano\/"},"wordCount":467,"commentCount":0,"image":{"@id":"https:\/\/www.cetys.mx\/noticias\/se-inmersan-en-la-ciencia-durante-el-verano\/#primaryimage"},"thumbnailUrl":"https:\/\/www.cetys.mx\/noticias\/wp-content\/uploads\/2023\/07\/PrepaVeranoUCSD.jpg","keywords":["BachilleratoGeneral","bachilleratointernacional","CETYS Internacional","viaje de estudio","vocetys-2023-07-25"],"articleSection":["Portada","Preparatoria","VoCETYS"],"inLanguage":"es","potentialAction":[{"@type":"CommentAction","name":"Comment","target":["https:\/\/www.cetys.mx\/noticias\/se-inmersan-en-la-ciencia-durante-el-verano\/#respond"]}]},{"@type":"WebPage","@id":"https:\/\/www.cetys.mx\/noticias\/se-inmersan-en-la-ciencia-durante-el-verano\/","url":"https:\/\/www.cetys.mx\/noticias\/se-inmersan-en-la-ciencia-durante-el-verano\/","name":"Se inmersan en la ciencia durante el verano - CETYS","isPartOf":{"@id":"https:\/\/www.cetys.mx\/noticias\/#website"},"primaryImageOfPage":{"@id":"https:\/\/www.cetys.mx\/noticias\/se-inmersan-en-la-ciencia-durante-el-verano\/#primaryimage"},"image":{"@id":"https:\/\/www.cetys.mx\/noticias\/se-inmersan-en-la-ciencia-durante-el-verano\/#primaryimage"},"thumbnailUrl":"https:\/\/www.cetys.mx\/noticias\/wp-content\/uploads\/2023\/07\/PrepaVeranoUCSD.jpg","datePublished":"2023-07-25T00:41:38+00:00","dateModified":"2023-07-25T18:46:46+00:00","author":{"@id":"https:\/\/www.cetys.mx\/noticias\/#\/schema\/person\/79a95c4ac185f3705cf1b9c9340a5f70"},"description":"Articulo sobre Se inmersan en la ciencia durante el verano","breadcrumb":{"@id":"https:\/\/www.cetys.mx\/noticias\/se-inmersan-en-la-ciencia-durante-el-verano\/#breadcrumb"},"inLanguage":"es","potentialAction":[{"@type":"ReadAction","target":["https:\/\/www.cetys.mx\/noticias\/se-inmersan-en-la-ciencia-durante-el-verano\/"]}]},{"@type":"ImageObject","inLanguage":"es","@id":"https:\/\/www.cetys.mx\/noticias\/se-inmersan-en-la-ciencia-durante-el-verano\/#primaryimage","url":"https:\/\/www.cetys.mx\/noticias\/wp-content\/uploads\/2023\/07\/PrepaVeranoUCSD.jpg","contentUrl":"https:\/\/www.cetys.mx\/noticias\/wp-content\/uploads\/2023\/07\/PrepaVeranoUCSD.jpg","width":958,"height":637},{"@type":"BreadcrumbList","@id":"https:\/\/www.cetys.mx\/noticias\/se-inmersan-en-la-ciencia-durante-el-verano\/#breadcrumb","itemListElement":[{"@type":"ListItem","position":1,"name":"Inicio","item":"https:\/\/www.cetys.mx\/noticias\/"},{"@type":"ListItem","position":2,"name":"Se inmersan en la ciencia durante el verano"}]},{"@type":"WebSite","@id":"https:\/\/www.cetys.mx\/noticias\/#website","url":"https:\/\/www.cetys.mx\/noticias\/","name":"CETYS","description":"","potentialAction":[{"@type":"SearchAction","target":{"@type":"EntryPoint","urlTemplate":"https:\/\/www.cetys.mx\/noticias\/?s={search_term_string}"},"query-input":{"@type":"PropertyValueSpecification","valueRequired":true,"valueName":"search_term_string"}}],"inLanguage":"es"},{"@type":"Person","@id":"https:\/\/www.cetys.mx\/noticias\/#\/schema\/person\/79a95c4ac185f3705cf1b9c9340a5f70","name":"Campus Mexicali","url":"https:\/\/www.cetys.mx\/noticias\/author\/campusmexicali\/"}]}},"_links":{"self":[{"href":"https:\/\/www.cetys.mx\/noticias\/wp-json\/wp\/v2\/posts\/174617","targetHints":{"allow":["GET"]}}],"collection":[{"href":"https:\/\/www.cetys.mx\/noticias\/wp-json\/wp\/v2\/posts"}],"about":[{"href":"https:\/\/www.cetys.mx\/noticias\/wp-json\/wp\/v2\/types\/post"}],"author":[{"embeddable":true,"href":"https:\/\/www.cetys.mx\/noticias\/wp-json\/wp\/v2\/users\/20"}],"replies":[{"embeddable":true,"href":"https:\/\/www.cetys.mx\/noticias\/wp-json\/wp\/v2\/comments?post=174617"}],"version-history":[{"count":2,"href":"https:\/\/www.cetys.mx\/noticias\/wp-json\/wp\/v2\/posts\/174617\/revisions"}],"predecessor-version":[{"id":174643,"href":"https:\/\/www.cetys.mx\/noticias\/wp-json\/wp\/v2\/posts\/174617\/revisions\/174643"}],"wp:featuredmedia":[{"embeddable":true,"href":"https:\/\/www.cetys.mx\/noticias\/wp-json\/wp\/v2\/media\/174585"}],"wp:attachment":[{"href":"https:\/\/www.cetys.mx\/noticias\/wp-json\/wp\/v2\/media?parent=174617"}],"wp:term":[{"taxonomy":"category","embeddable":true,"href":"https:\/\/www.cetys.mx\/noticias\/wp-json\/wp\/v2\/categories?post=174617"},{"taxonomy":"post_tag","embeddable":true,"href":"https:\/\/www.cetys.mx\/noticias\/wp-json\/wp\/v2\/tags?post=174617"}],"curies":[{"name":"wp","href":"https:\/\/api.w.org\/{rel}","templated":true}]}}