{"id":174177,"date":"2023-06-30T17:05:44","date_gmt":"2023-07-01T00:05:44","guid":{"rendered":"https:\/\/www.cetys.mx\/noticias\/?p=174177"},"modified":"2023-07-17T12:24:50","modified_gmt":"2023-07-17T19:24:50","slug":"una-vida-dedicada-a-cetys-y-una-trayectoria-llena-de-exitos-c-p-maria-elena-preciado-moreno","status":"publish","type":"post","link":"https:\/\/www.cetys.mx\/noticias\/una-vida-dedicada-a-cetys-y-una-trayectoria-llena-de-exitos-c-p-maria-elena-preciado-moreno\/","title":{"rendered":"Una vida dedicada a CETYS y una trayectoria llena de \u00e9xitos: C.P. Maria Elena Preciado Moreno"},"content":{"rendered":"<p><span style=\"font-weight: 400;\">Tras 25 a\u00f1os de servicio a la instituci\u00f3n, tiempo en el que su profesionalismo, liderazgo y calidad humana se vieron reflejados en su trabajo que contribuy\u00f3 en la consolidaci\u00f3n del proyecto de CETYS Universidad, compa\u00f1eros de labor, directivos y miembros de la gran familia CETYS despidieron a la C.P. Maria Elena Preciado Moreno, quien durante un cuarto de siglo colabor\u00f3 como directora de Administraci\u00f3n y Finanzas en el Campus Mexicali.<\/span><\/p>\n<p><span style=\"font-weight: 400;\"><img loading=\"lazy\" decoding=\"async\" class=\" wp-image-174178 alignleft\" src=\"https:\/\/www.cetys.mx\/noticias\/wp-content\/uploads\/2023\/06\/DSC_0026.jpg\" alt=\"\" width=\"393\" height=\"261\" srcset=\"https:\/\/www.cetys.mx\/noticias\/wp-content\/uploads\/2023\/06\/DSC_0026.jpg 958w, https:\/\/www.cetys.mx\/noticias\/wp-content\/uploads\/2023\/06\/DSC_0026-768x511.jpg 768w\" sizes=\"auto, (max-width: 393px) 100vw, 393px\" \/><\/span><\/p>\n<p><img loading=\"lazy\" decoding=\"async\" class=\" wp-image-174179 alignright\" src=\"https:\/\/www.cetys.mx\/noticias\/wp-content\/uploads\/2023\/06\/DSC_0029.jpg\" alt=\"\" width=\"391\" height=\"260\" srcset=\"https:\/\/www.cetys.mx\/noticias\/wp-content\/uploads\/2023\/06\/DSC_0029.jpg 958w, https:\/\/www.cetys.mx\/noticias\/wp-content\/uploads\/2023\/06\/DSC_0029-768x511.jpg 768w\" sizes=\"auto, (max-width: 391px) 100vw, 391px\" \/><\/p>\n<p>&nbsp;<\/p>\n<p>&nbsp;<\/p>\n<p>&nbsp;<\/p>\n<p>&nbsp;<\/p>\n<p>&nbsp;<\/p>\n<p>&nbsp;<\/p>\n<p>&nbsp;<\/p>\n<p>&nbsp;<\/p>\n<p><span style=\"font-weight: 400;\">Reunidos para disfrutar de una amena convivencia, el Dr. Fernando Le\u00f3n Garc\u00eda, rector del Sistema CETYS Universidad, el Dr. Mario Dipp Nu\u00f1ez, director del Campus Mexicali, as\u00ed como directivos y coordinadores de las diferentes \u00e1reas que integran este campus, formaron parte de la recepci\u00f3n en la que juntos compartieron an\u00e9cdotas y buenos deseos a Mar\u00eda Elena, quien agradeci\u00f3 las muestras de cari\u00f1o a quienes durante toda una vida compartieron oficinas y tareas con ella.<\/span><\/p>\n<p><span style=\"font-weight: 400;\">\u201cLlevo y siempre llevar\u00e9 a CETYS en el coraz\u00f3n. M\u00e1s que una oportunidad laboral y un espacio para aportar mis conocimientos, me siento sumamente afortunada de decir que, en mi caso, fue al rev\u00e9s; aprendes mucho m\u00e1s de lo que aportas, de tus directores, compa\u00f1eros y de todos los que forman parte de esta gran familia. Me siento muy orgullosa de pertenecer a ella y de decirles que siempre contar\u00e1n conmigo\u201d, expres\u00f3 la homenajeada.\u00a0<\/span><\/p>\n<p><img loading=\"lazy\" decoding=\"async\" class=\" wp-image-174337 aligncenter\" src=\"https:\/\/www.cetys.mx\/noticias\/wp-content\/uploads\/2023\/06\/Despedida-MaElena-Preciado-1.jpg\" alt=\"\" width=\"631\" height=\"420\" srcset=\"https:\/\/www.cetys.mx\/noticias\/wp-content\/uploads\/2023\/06\/Despedida-MaElena-Preciado-1.jpg 958w, https:\/\/www.cetys.mx\/noticias\/wp-content\/uploads\/2023\/06\/Despedida-MaElena-Preciado-1-768x511.jpg 768w\" sizes=\"auto, (max-width: 631px) 100vw, 631px\" \/><\/p>\n","protected":false},"excerpt":{"rendered":"<p>Tras 25 a\u00f1os de servicio a la instituci\u00f3n, tiempo en el que su profesionalismo, liderazgo y calidad humana se vieron reflejados en&#8230;<\/p>\n","protected":false},"author":20,"featured_media":174338,"comment_status":"open","ping_status":"closed","sticky":false,"template":"","format":"standard","meta":{"footnotes":""},"categories":[133],"tags":[],"class_list":["post-174177","post","type-post","status-publish","format-standard","has-post-thumbnail","hentry","category-campus-mexicali"],"yoast_head":"<!-- This site is optimized with the Yoast SEO plugin v27.4 - https:\/\/yoast.com\/product\/yoast-seo-wordpress\/ -->\n<title>Una vida dedicada a CETYS y una trayectoria llena de \u00e9xitos: C.P. Maria Elena Preciado Moreno - CETYS<\/title>\n<meta name=\"description\" content=\"Articulo sobre Una vida dedicada a CETYS y una trayectoria llena de \u00e9xitos: C.P. Maria Elena Preciado Moreno\" \/>\n<meta name=\"robots\" content=\"index, follow, max-snippet:-1, max-image-preview:large, max-video-preview:-1\" \/>\n<link rel=\"canonical\" href=\"https:\/\/www.cetys.mx\/noticias\/una-vida-dedicada-a-cetys-y-una-trayectoria-llena-de-exitos-c-p-maria-elena-preciado-moreno\/\" \/>\n<meta property=\"og:locale\" content=\"es_MX\" \/>\n<meta property=\"og:type\" content=\"article\" \/>\n<meta property=\"og:title\" content=\"Una vida dedicada a CETYS y una trayectoria llena de \u00e9xitos: C.P. Maria Elena Preciado Moreno - CETYS\" \/>\n<meta property=\"og:description\" content=\"Articulo sobre Una vida dedicada a CETYS y una trayectoria llena de \u00e9xitos: C.P. Maria Elena Preciado Moreno\" \/>\n<meta property=\"og:url\" content=\"https:\/\/www.cetys.mx\/noticias\/una-vida-dedicada-a-cetys-y-una-trayectoria-llena-de-exitos-c-p-maria-elena-preciado-moreno\/\" \/>\n<meta property=\"og:site_name\" content=\"CETYS\" \/>\n<meta property=\"article:publisher\" content=\"https:\/\/www.facebook.com\/cetysuniversidadmxl\/\" \/>\n<meta property=\"article:published_time\" content=\"2023-07-01T00:05:44+00:00\" \/>\n<meta property=\"article:modified_time\" content=\"2023-07-17T19:24:50+00:00\" \/>\n<meta property=\"og:image\" content=\"https:\/\/www.cetys.mx\/noticias\/wp-content\/uploads\/2023\/06\/Maria-Elena-Preciado-y-Dr-Fernando-Leon-Garcia.jpg\" \/>\n\t<meta property=\"og:image:width\" content=\"958\" \/>\n\t<meta property=\"og:image:height\" content=\"637\" \/>\n\t<meta property=\"og:image:type\" content=\"image\/jpeg\" \/>\n<meta name=\"author\" content=\"Campus Mexicali\" \/>\n<meta name=\"twitter:card\" content=\"summary_large_image\" \/>\n<meta name=\"twitter:creator\" content=\"@cetysuni\" \/>\n<meta name=\"twitter:site\" content=\"@cetysuni\" \/>\n<meta name=\"twitter:label1\" content=\"Escrito por\" \/>\n\t<meta name=\"twitter:data1\" content=\"Campus Mexicali\" \/>\n\t<meta name=\"twitter:label2\" content=\"Tiempo de lectura\" \/>\n\t<meta name=\"twitter:data2\" content=\"1 minuto\" \/>\n<script type=\"application\/ld+json\" class=\"yoast-schema-graph\">{\"@context\":\"https:\\\/\\\/schema.org\",\"@graph\":[{\"@type\":\"Article\",\"@id\":\"https:\\\/\\\/www.cetys.mx\\\/noticias\\\/una-vida-dedicada-a-cetys-y-una-trayectoria-llena-de-exitos-c-p-maria-elena-preciado-moreno\\\/#article\",\"isPartOf\":{\"@id\":\"https:\\\/\\\/www.cetys.mx\\\/noticias\\\/una-vida-dedicada-a-cetys-y-una-trayectoria-llena-de-exitos-c-p-maria-elena-preciado-moreno\\\/\"},\"author\":{\"name\":\"Campus Mexicali\",\"@id\":\"https:\\\/\\\/www.cetys.mx\\\/noticias\\\/#\\\/schema\\\/person\\\/79a95c4ac185f3705cf1b9c9340a5f70\"},\"headline\":\"Una vida dedicada a CETYS y una trayectoria llena de \u00e9xitos: C.P. Maria Elena Preciado Moreno\",\"datePublished\":\"2023-07-01T00:05:44+00:00\",\"dateModified\":\"2023-07-17T19:24:50+00:00\",\"mainEntityOfPage\":{\"@id\":\"https:\\\/\\\/www.cetys.mx\\\/noticias\\\/una-vida-dedicada-a-cetys-y-una-trayectoria-llena-de-exitos-c-p-maria-elena-preciado-moreno\\\/\"},\"wordCount\":261,\"commentCount\":0,\"image\":{\"@id\":\"https:\\\/\\\/www.cetys.mx\\\/noticias\\\/una-vida-dedicada-a-cetys-y-una-trayectoria-llena-de-exitos-c-p-maria-elena-preciado-moreno\\\/#primaryimage\"},\"thumbnailUrl\":\"https:\\\/\\\/www.cetys.mx\\\/noticias\\\/wp-content\\\/uploads\\\/2023\\\/06\\\/Maria-Elena-Preciado-y-Dr-Fernando-Leon-Garcia.jpg\",\"articleSection\":[\"Campus Mexicali\"],\"inLanguage\":\"es\",\"potentialAction\":[{\"@type\":\"CommentAction\",\"name\":\"Comment\",\"target\":[\"https:\\\/\\\/www.cetys.mx\\\/noticias\\\/una-vida-dedicada-a-cetys-y-una-trayectoria-llena-de-exitos-c-p-maria-elena-preciado-moreno\\\/#respond\"]}]},{\"@type\":\"WebPage\",\"@id\":\"https:\\\/\\\/www.cetys.mx\\\/noticias\\\/una-vida-dedicada-a-cetys-y-una-trayectoria-llena-de-exitos-c-p-maria-elena-preciado-moreno\\\/\",\"url\":\"https:\\\/\\\/www.cetys.mx\\\/noticias\\\/una-vida-dedicada-a-cetys-y-una-trayectoria-llena-de-exitos-c-p-maria-elena-preciado-moreno\\\/\",\"name\":\"Una vida dedicada a CETYS y una trayectoria llena de \u00e9xitos: C.P. Maria Elena Preciado Moreno - CETYS\",\"isPartOf\":{\"@id\":\"https:\\\/\\\/www.cetys.mx\\\/noticias\\\/#website\"},\"primaryImageOfPage\":{\"@id\":\"https:\\\/\\\/www.cetys.mx\\\/noticias\\\/una-vida-dedicada-a-cetys-y-una-trayectoria-llena-de-exitos-c-p-maria-elena-preciado-moreno\\\/#primaryimage\"},\"image\":{\"@id\":\"https:\\\/\\\/www.cetys.mx\\\/noticias\\\/una-vida-dedicada-a-cetys-y-una-trayectoria-llena-de-exitos-c-p-maria-elena-preciado-moreno\\\/#primaryimage\"},\"thumbnailUrl\":\"https:\\\/\\\/www.cetys.mx\\\/noticias\\\/wp-content\\\/uploads\\\/2023\\\/06\\\/Maria-Elena-Preciado-y-Dr-Fernando-Leon-Garcia.jpg\",\"datePublished\":\"2023-07-01T00:05:44+00:00\",\"dateModified\":\"2023-07-17T19:24:50+00:00\",\"author\":{\"@id\":\"https:\\\/\\\/www.cetys.mx\\\/noticias\\\/#\\\/schema\\\/person\\\/79a95c4ac185f3705cf1b9c9340a5f70\"},\"description\":\"Articulo sobre Una vida dedicada a CETYS y una trayectoria llena de \u00e9xitos: C.P. Maria Elena Preciado Moreno\",\"breadcrumb\":{\"@id\":\"https:\\\/\\\/www.cetys.mx\\\/noticias\\\/una-vida-dedicada-a-cetys-y-una-trayectoria-llena-de-exitos-c-p-maria-elena-preciado-moreno\\\/#breadcrumb\"},\"inLanguage\":\"es\",\"potentialAction\":[{\"@type\":\"ReadAction\",\"target\":[\"https:\\\/\\\/www.cetys.mx\\\/noticias\\\/una-vida-dedicada-a-cetys-y-una-trayectoria-llena-de-exitos-c-p-maria-elena-preciado-moreno\\\/\"]}]},{\"@type\":\"ImageObject\",\"inLanguage\":\"es\",\"@id\":\"https:\\\/\\\/www.cetys.mx\\\/noticias\\\/una-vida-dedicada-a-cetys-y-una-trayectoria-llena-de-exitos-c-p-maria-elena-preciado-moreno\\\/#primaryimage\",\"url\":\"https:\\\/\\\/www.cetys.mx\\\/noticias\\\/wp-content\\\/uploads\\\/2023\\\/06\\\/Maria-Elena-Preciado-y-Dr-Fernando-Leon-Garcia.jpg\",\"contentUrl\":\"https:\\\/\\\/www.cetys.mx\\\/noticias\\\/wp-content\\\/uploads\\\/2023\\\/06\\\/Maria-Elena-Preciado-y-Dr-Fernando-Leon-Garcia.jpg\",\"width\":958,\"height\":637},{\"@type\":\"BreadcrumbList\",\"@id\":\"https:\\\/\\\/www.cetys.mx\\\/noticias\\\/una-vida-dedicada-a-cetys-y-una-trayectoria-llena-de-exitos-c-p-maria-elena-preciado-moreno\\\/#breadcrumb\",\"itemListElement\":[{\"@type\":\"ListItem\",\"position\":1,\"name\":\"Inicio\",\"item\":\"https:\\\/\\\/www.cetys.mx\\\/noticias\\\/\"},{\"@type\":\"ListItem\",\"position\":2,\"name\":\"Una vida dedicada a CETYS y una trayectoria llena de \u00e9xitos: C.P. Maria Elena Preciado Moreno\"}]},{\"@type\":\"WebSite\",\"@id\":\"https:\\\/\\\/www.cetys.mx\\\/noticias\\\/#website\",\"url\":\"https:\\\/\\\/www.cetys.mx\\\/noticias\\\/\",\"name\":\"CETYS\",\"description\":\"\",\"potentialAction\":[{\"@type\":\"SearchAction\",\"target\":{\"@type\":\"EntryPoint\",\"urlTemplate\":\"https:\\\/\\\/www.cetys.mx\\\/noticias\\\/?s={search_term_string}\"},\"query-input\":{\"@type\":\"PropertyValueSpecification\",\"valueRequired\":true,\"valueName\":\"search_term_string\"}}],\"inLanguage\":\"es\"},{\"@type\":\"Person\",\"@id\":\"https:\\\/\\\/www.cetys.mx\\\/noticias\\\/#\\\/schema\\\/person\\\/79a95c4ac185f3705cf1b9c9340a5f70\",\"name\":\"Campus Mexicali\",\"url\":\"https:\\\/\\\/www.cetys.mx\\\/noticias\\\/author\\\/campusmexicali\\\/\"}]}<\/script>\n<!-- \/ Yoast SEO plugin. -->","yoast_head_json":{"title":"Una vida dedicada a CETYS y una trayectoria llena de \u00e9xitos: C.P. Maria Elena Preciado Moreno - CETYS","description":"Articulo sobre Una vida dedicada a CETYS y una trayectoria llena de \u00e9xitos: C.P. Maria Elena Preciado Moreno","robots":{"index":"index","follow":"follow","max-snippet":"max-snippet:-1","max-image-preview":"max-image-preview:large","max-video-preview":"max-video-preview:-1"},"canonical":"https:\/\/www.cetys.mx\/noticias\/una-vida-dedicada-a-cetys-y-una-trayectoria-llena-de-exitos-c-p-maria-elena-preciado-moreno\/","og_locale":"es_MX","og_type":"article","og_title":"Una vida dedicada a CETYS y una trayectoria llena de \u00e9xitos: C.P. Maria Elena Preciado Moreno - CETYS","og_description":"Articulo sobre Una vida dedicada a CETYS y una trayectoria llena de \u00e9xitos: C.P. Maria Elena Preciado Moreno","og_url":"https:\/\/www.cetys.mx\/noticias\/una-vida-dedicada-a-cetys-y-una-trayectoria-llena-de-exitos-c-p-maria-elena-preciado-moreno\/","og_site_name":"CETYS","article_publisher":"https:\/\/www.facebook.com\/cetysuniversidadmxl\/","article_published_time":"2023-07-01T00:05:44+00:00","article_modified_time":"2023-07-17T19:24:50+00:00","og_image":[{"width":958,"height":637,"url":"https:\/\/www.cetys.mx\/noticias\/wp-content\/uploads\/2023\/06\/Maria-Elena-Preciado-y-Dr-Fernando-Leon-Garcia.jpg","type":"image\/jpeg"}],"author":"Campus Mexicali","twitter_card":"summary_large_image","twitter_creator":"@cetysuni","twitter_site":"@cetysuni","twitter_misc":{"Escrito por":"Campus Mexicali","Tiempo de lectura":"1 minuto"},"schema":{"@context":"https:\/\/schema.org","@graph":[{"@type":"Article","@id":"https:\/\/www.cetys.mx\/noticias\/una-vida-dedicada-a-cetys-y-una-trayectoria-llena-de-exitos-c-p-maria-elena-preciado-moreno\/#article","isPartOf":{"@id":"https:\/\/www.cetys.mx\/noticias\/una-vida-dedicada-a-cetys-y-una-trayectoria-llena-de-exitos-c-p-maria-elena-preciado-moreno\/"},"author":{"name":"Campus Mexicali","@id":"https:\/\/www.cetys.mx\/noticias\/#\/schema\/person\/79a95c4ac185f3705cf1b9c9340a5f70"},"headline":"Una vida dedicada a CETYS y una trayectoria llena de \u00e9xitos: C.P. Maria Elena Preciado Moreno","datePublished":"2023-07-01T00:05:44+00:00","dateModified":"2023-07-17T19:24:50+00:00","mainEntityOfPage":{"@id":"https:\/\/www.cetys.mx\/noticias\/una-vida-dedicada-a-cetys-y-una-trayectoria-llena-de-exitos-c-p-maria-elena-preciado-moreno\/"},"wordCount":261,"commentCount":0,"image":{"@id":"https:\/\/www.cetys.mx\/noticias\/una-vida-dedicada-a-cetys-y-una-trayectoria-llena-de-exitos-c-p-maria-elena-preciado-moreno\/#primaryimage"},"thumbnailUrl":"https:\/\/www.cetys.mx\/noticias\/wp-content\/uploads\/2023\/06\/Maria-Elena-Preciado-y-Dr-Fernando-Leon-Garcia.jpg","articleSection":["Campus Mexicali"],"inLanguage":"es","potentialAction":[{"@type":"CommentAction","name":"Comment","target":["https:\/\/www.cetys.mx\/noticias\/una-vida-dedicada-a-cetys-y-una-trayectoria-llena-de-exitos-c-p-maria-elena-preciado-moreno\/#respond"]}]},{"@type":"WebPage","@id":"https:\/\/www.cetys.mx\/noticias\/una-vida-dedicada-a-cetys-y-una-trayectoria-llena-de-exitos-c-p-maria-elena-preciado-moreno\/","url":"https:\/\/www.cetys.mx\/noticias\/una-vida-dedicada-a-cetys-y-una-trayectoria-llena-de-exitos-c-p-maria-elena-preciado-moreno\/","name":"Una vida dedicada a CETYS y una trayectoria llena de \u00e9xitos: C.P. Maria Elena Preciado Moreno - CETYS","isPartOf":{"@id":"https:\/\/www.cetys.mx\/noticias\/#website"},"primaryImageOfPage":{"@id":"https:\/\/www.cetys.mx\/noticias\/una-vida-dedicada-a-cetys-y-una-trayectoria-llena-de-exitos-c-p-maria-elena-preciado-moreno\/#primaryimage"},"image":{"@id":"https:\/\/www.cetys.mx\/noticias\/una-vida-dedicada-a-cetys-y-una-trayectoria-llena-de-exitos-c-p-maria-elena-preciado-moreno\/#primaryimage"},"thumbnailUrl":"https:\/\/www.cetys.mx\/noticias\/wp-content\/uploads\/2023\/06\/Maria-Elena-Preciado-y-Dr-Fernando-Leon-Garcia.jpg","datePublished":"2023-07-01T00:05:44+00:00","dateModified":"2023-07-17T19:24:50+00:00","author":{"@id":"https:\/\/www.cetys.mx\/noticias\/#\/schema\/person\/79a95c4ac185f3705cf1b9c9340a5f70"},"description":"Articulo sobre Una vida dedicada a CETYS y una trayectoria llena de \u00e9xitos: C.P. Maria Elena Preciado Moreno","breadcrumb":{"@id":"https:\/\/www.cetys.mx\/noticias\/una-vida-dedicada-a-cetys-y-una-trayectoria-llena-de-exitos-c-p-maria-elena-preciado-moreno\/#breadcrumb"},"inLanguage":"es","potentialAction":[{"@type":"ReadAction","target":["https:\/\/www.cetys.mx\/noticias\/una-vida-dedicada-a-cetys-y-una-trayectoria-llena-de-exitos-c-p-maria-elena-preciado-moreno\/"]}]},{"@type":"ImageObject","inLanguage":"es","@id":"https:\/\/www.cetys.mx\/noticias\/una-vida-dedicada-a-cetys-y-una-trayectoria-llena-de-exitos-c-p-maria-elena-preciado-moreno\/#primaryimage","url":"https:\/\/www.cetys.mx\/noticias\/wp-content\/uploads\/2023\/06\/Maria-Elena-Preciado-y-Dr-Fernando-Leon-Garcia.jpg","contentUrl":"https:\/\/www.cetys.mx\/noticias\/wp-content\/uploads\/2023\/06\/Maria-Elena-Preciado-y-Dr-Fernando-Leon-Garcia.jpg","width":958,"height":637},{"@type":"BreadcrumbList","@id":"https:\/\/www.cetys.mx\/noticias\/una-vida-dedicada-a-cetys-y-una-trayectoria-llena-de-exitos-c-p-maria-elena-preciado-moreno\/#breadcrumb","itemListElement":[{"@type":"ListItem","position":1,"name":"Inicio","item":"https:\/\/www.cetys.mx\/noticias\/"},{"@type":"ListItem","position":2,"name":"Una vida dedicada a CETYS y una trayectoria llena de \u00e9xitos: C.P. Maria Elena Preciado Moreno"}]},{"@type":"WebSite","@id":"https:\/\/www.cetys.mx\/noticias\/#website","url":"https:\/\/www.cetys.mx\/noticias\/","name":"CETYS","description":"","potentialAction":[{"@type":"SearchAction","target":{"@type":"EntryPoint","urlTemplate":"https:\/\/www.cetys.mx\/noticias\/?s={search_term_string}"},"query-input":{"@type":"PropertyValueSpecification","valueRequired":true,"valueName":"search_term_string"}}],"inLanguage":"es"},{"@type":"Person","@id":"https:\/\/www.cetys.mx\/noticias\/#\/schema\/person\/79a95c4ac185f3705cf1b9c9340a5f70","name":"Campus Mexicali","url":"https:\/\/www.cetys.mx\/noticias\/author\/campusmexicali\/"}]}},"_links":{"self":[{"href":"https:\/\/www.cetys.mx\/noticias\/wp-json\/wp\/v2\/posts\/174177","targetHints":{"allow":["GET"]}}],"collection":[{"href":"https:\/\/www.cetys.mx\/noticias\/wp-json\/wp\/v2\/posts"}],"about":[{"href":"https:\/\/www.cetys.mx\/noticias\/wp-json\/wp\/v2\/types\/post"}],"author":[{"embeddable":true,"href":"https:\/\/www.cetys.mx\/noticias\/wp-json\/wp\/v2\/users\/20"}],"replies":[{"embeddable":true,"href":"https:\/\/www.cetys.mx\/noticias\/wp-json\/wp\/v2\/comments?post=174177"}],"version-history":[{"count":3,"href":"https:\/\/www.cetys.mx\/noticias\/wp-json\/wp\/v2\/posts\/174177\/revisions"}],"predecessor-version":[{"id":174339,"href":"https:\/\/www.cetys.mx\/noticias\/wp-json\/wp\/v2\/posts\/174177\/revisions\/174339"}],"wp:featuredmedia":[{"embeddable":true,"href":"https:\/\/www.cetys.mx\/noticias\/wp-json\/wp\/v2\/media\/174338"}],"wp:attachment":[{"href":"https:\/\/www.cetys.mx\/noticias\/wp-json\/wp\/v2\/media?parent=174177"}],"wp:term":[{"taxonomy":"category","embeddable":true,"href":"https:\/\/www.cetys.mx\/noticias\/wp-json\/wp\/v2\/categories?post=174177"},{"taxonomy":"post_tag","embeddable":true,"href":"https:\/\/www.cetys.mx\/noticias\/wp-json\/wp\/v2\/tags?post=174177"}],"curies":[{"name":"wp","href":"https:\/\/api.w.org\/{rel}","templated":true}]}}