{"id":174133,"date":"2023-06-28T18:25:11","date_gmt":"2023-06-29T01:25:11","guid":{"rendered":"https:\/\/www.cetys.mx\/noticias\/?p=174133"},"modified":"2023-06-28T18:25:11","modified_gmt":"2023-06-29T01:25:11","slug":"amigos-y-cetys-alumni-por-tercera-vez-comparten-graduacion","status":"publish","type":"post","link":"https:\/\/www.cetys.mx\/noticias\/amigos-y-cetys-alumni-por-tercera-vez-comparten-graduacion\/","title":{"rendered":"Amigos y CETYS Alumni, por tercera vez comparten graduaci\u00f3n"},"content":{"rendered":"<p>Los amigos son para toda la vida, es la muestra que nos dan <strong>Guillermo Parra Sevilla<\/strong> y <strong>Alejandro S\u00e1nchez Gomezllanos<\/strong>, quienes asisiteron por tercera vez a una graduaci\u00f3n juntos en CETYS Universidad, esta ocasi\u00f3n fue para su Maestr\u00eda en Campus Tijuana.<\/p>\n<p>Los dos <a href=\"https:\/\/www.cetys.mx\/alumni\/\">CETYS Alumni<\/a> comenzaron su amistad desde la Preparatoria General en el mismo campus, el destino y sus metas los uni\u00f3 para la carrera cuando estudiaron Licenciatura en Administraci\u00f3n de Empresas.<\/p>\n<p>Sin embargo, para Posgrado, Guillermo egres\u00f3 con Maestr\u00eda en Administraci\u00f3n de Negocios, mientras que Alejandro termin\u00f3 como Maestr\u00f3 en Ingenier\u00eda e Innovaci\u00f3n.<\/p>\n<p>&nbsp;<\/p>\n\n            <style type='text\/css'>\n                #gallery-1 {\n                    margin: auto;\n                }\n                #gallery-1 .gallery-item {\n                    float: left;\n                    margin-top: 10px;\n                    text-align: center;\n                    width: 50%;\n                }\n                #gallery-1 img {\n                    border: 2px solid #cfcfcf;\n                }\n                #gallery-1 .gallery-caption {\n                    margin-left: 0;\n                }\n                \/* see gallery_shortcode() in wp-includes\/media.php *\/\n            <\/style>\n\t\t<div id='gallery-1' class='gallery galleryid-174133 gallery-columns-2 gallery-size-thumbnail'><dl class='gallery-item'>\n                <dt class='gallery-icon portrait'>\n                    <a href='https:\/\/www.cetys.mx\/noticias\/amigos-y-cetys-alumni-por-tercera-vez-comparten-graduacion\/alejandro-sanchez-gomezllanos\/'><img loading=\"lazy\" decoding=\"async\" width=\"64\" height=\"96\" src=\"https:\/\/www.cetys.mx\/noticias\/wp-content\/uploads\/2023\/06\/alejandro-sanchez-gomezllanos.png\" class=\"attachment-thumbnail size-thumbnail\" alt=\"\" aria-describedby=\"gallery-1-174135\" srcset=\"https:\/\/www.cetys.mx\/noticias\/wp-content\/uploads\/2023\/06\/alejandro-sanchez-gomezllanos.png 798w, https:\/\/www.cetys.mx\/noticias\/wp-content\/uploads\/2023\/06\/alejandro-sanchez-gomezllanos-768x1155.png 768w\" sizes=\"auto, (max-width: 64px) 100vw, 64px\" \/><\/a>\n                <\/dt>\n                    <dd class='wp-caption-text gallery-caption' id='gallery-1-174135'>\n                    Guillermo Parra Sevilla, Maestro en Administraci\u00f3n de Negocios MBA\n                    <\/dd><\/dl><dl class='gallery-item'>\n                <dt class='gallery-icon portrait'>\n                    <a href='https:\/\/www.cetys.mx\/noticias\/amigos-y-cetys-alumni-por-tercera-vez-comparten-graduacion\/guillermo-mba\/'><img loading=\"lazy\" decoding=\"async\" width=\"64\" height=\"96\" src=\"https:\/\/www.cetys.mx\/noticias\/wp-content\/uploads\/2023\/06\/guillermo-mba.png\" class=\"attachment-thumbnail size-thumbnail\" alt=\"\" aria-describedby=\"gallery-1-174136\" srcset=\"https:\/\/www.cetys.mx\/noticias\/wp-content\/uploads\/2023\/06\/guillermo-mba.png 798w, https:\/\/www.cetys.mx\/noticias\/wp-content\/uploads\/2023\/06\/guillermo-mba-768x1155.png 768w\" sizes=\"auto, (max-width: 64px) 100vw, 64px\" \/><\/a>\n                <\/dt>\n                    <dd class='wp-caption-text gallery-caption' id='gallery-1-174136'>\n                    Alejandro S\u00e1nchez Gomezllanos, Maestro en Ingenier\u00eda e Innovaci\u00f3n\n                    <\/dd><\/dl><br style=\"clear: both\" \/>\n            <\/div>\n\n<p>&nbsp;<\/p>\n<p>&nbsp;<\/p>\n","protected":false},"excerpt":{"rendered":"<p>Los amigos son para toda la vida, es la muestra que nos dan Guillermo Parra Sevilla y Alejandro S\u00e1nchez Gomezllanos, quienes asisiteron&#8230;<\/p>\n","protected":false},"author":24,"featured_media":174134,"comment_status":"open","ping_status":"closed","sticky":false,"template":"","format":"standard","meta":{"footnotes":""},"categories":[107,134],"tags":[],"class_list":["post-174133","post","type-post","status-publish","format-standard","has-post-thumbnail","hentry","category-alumni","category-campus-tijuana"],"yoast_head":"<!-- This site is optimized with the Yoast SEO plugin v27.4 - https:\/\/yoast.com\/product\/yoast-seo-wordpress\/ -->\n<title>Amigos y CETYS Alumni, por tercera vez comparten graduaci\u00f3n - CETYS<\/title>\n<meta name=\"description\" content=\"Articulo sobre Amigos y CETYS Alumni, por tercera vez comparten graduaci\u00f3n\" \/>\n<meta name=\"robots\" content=\"index, follow, max-snippet:-1, max-image-preview:large, max-video-preview:-1\" \/>\n<link rel=\"canonical\" href=\"https:\/\/www.cetys.mx\/noticias\/amigos-y-cetys-alumni-por-tercera-vez-comparten-graduacion\/\" \/>\n<meta property=\"og:locale\" content=\"es_MX\" \/>\n<meta property=\"og:type\" content=\"article\" \/>\n<meta property=\"og:title\" content=\"Amigos y CETYS Alumni, por tercera vez comparten graduaci\u00f3n - CETYS\" \/>\n<meta property=\"og:description\" content=\"Articulo sobre Amigos y CETYS Alumni, por tercera vez comparten graduaci\u00f3n\" \/>\n<meta property=\"og:url\" content=\"https:\/\/www.cetys.mx\/noticias\/amigos-y-cetys-alumni-por-tercera-vez-comparten-graduacion\/\" \/>\n<meta property=\"og:site_name\" content=\"CETYS\" \/>\n<meta property=\"article:publisher\" content=\"https:\/\/www.facebook.com\/cetysuniversidadmxl\/\" \/>\n<meta property=\"article:published_time\" content=\"2023-06-29T01:25:11+00:00\" \/>\n<meta property=\"og:image\" content=\"https:\/\/www.cetys.mx\/noticias\/wp-content\/uploads\/2023\/06\/amigos-y-alumnis-CETYS.png\" \/>\n\t<meta property=\"og:image:width\" content=\"1200\" \/>\n\t<meta property=\"og:image:height\" content=\"798\" \/>\n\t<meta property=\"og:image:type\" content=\"image\/png\" \/>\n<meta name=\"author\" content=\"Campus Tijuana\" \/>\n<meta name=\"twitter:card\" content=\"summary_large_image\" \/>\n<meta name=\"twitter:creator\" content=\"@cetysuni\" \/>\n<meta name=\"twitter:site\" content=\"@cetysuni\" \/>\n<meta name=\"twitter:label1\" content=\"Escrito por\" \/>\n\t<meta name=\"twitter:data1\" content=\"Campus Tijuana\" \/>\n\t<meta name=\"twitter:label2\" content=\"Tiempo de lectura\" \/>\n\t<meta name=\"twitter:data2\" content=\"1 minuto\" \/>\n<script type=\"application\/ld+json\" class=\"yoast-schema-graph\">{\"@context\":\"https:\\\/\\\/schema.org\",\"@graph\":[{\"@type\":\"Article\",\"@id\":\"https:\\\/\\\/www.cetys.mx\\\/noticias\\\/amigos-y-cetys-alumni-por-tercera-vez-comparten-graduacion\\\/#article\",\"isPartOf\":{\"@id\":\"https:\\\/\\\/www.cetys.mx\\\/noticias\\\/amigos-y-cetys-alumni-por-tercera-vez-comparten-graduacion\\\/\"},\"author\":{\"name\":\"Campus Tijuana\",\"@id\":\"https:\\\/\\\/www.cetys.mx\\\/noticias\\\/#\\\/schema\\\/person\\\/e790051ce60e18ae47cfa87011c8653f\"},\"headline\":\"Amigos y CETYS Alumni, por tercera vez comparten graduaci\u00f3n\",\"datePublished\":\"2023-06-29T01:25:11+00:00\",\"mainEntityOfPage\":{\"@id\":\"https:\\\/\\\/www.cetys.mx\\\/noticias\\\/amigos-y-cetys-alumni-por-tercera-vez-comparten-graduacion\\\/\"},\"wordCount\":120,\"commentCount\":0,\"image\":{\"@id\":\"https:\\\/\\\/www.cetys.mx\\\/noticias\\\/amigos-y-cetys-alumni-por-tercera-vez-comparten-graduacion\\\/#primaryimage\"},\"thumbnailUrl\":\"https:\\\/\\\/www.cetys.mx\\\/noticias\\\/wp-content\\\/uploads\\\/2023\\\/06\\\/amigos-y-alumnis-CETYS.png\",\"articleSection\":[\"Alumni\",\"Campus Tijuana\"],\"inLanguage\":\"es\",\"potentialAction\":[{\"@type\":\"CommentAction\",\"name\":\"Comment\",\"target\":[\"https:\\\/\\\/www.cetys.mx\\\/noticias\\\/amigos-y-cetys-alumni-por-tercera-vez-comparten-graduacion\\\/#respond\"]}]},{\"@type\":\"WebPage\",\"@id\":\"https:\\\/\\\/www.cetys.mx\\\/noticias\\\/amigos-y-cetys-alumni-por-tercera-vez-comparten-graduacion\\\/\",\"url\":\"https:\\\/\\\/www.cetys.mx\\\/noticias\\\/amigos-y-cetys-alumni-por-tercera-vez-comparten-graduacion\\\/\",\"name\":\"Amigos y CETYS Alumni, por tercera vez comparten graduaci\u00f3n - CETYS\",\"isPartOf\":{\"@id\":\"https:\\\/\\\/www.cetys.mx\\\/noticias\\\/#website\"},\"primaryImageOfPage\":{\"@id\":\"https:\\\/\\\/www.cetys.mx\\\/noticias\\\/amigos-y-cetys-alumni-por-tercera-vez-comparten-graduacion\\\/#primaryimage\"},\"image\":{\"@id\":\"https:\\\/\\\/www.cetys.mx\\\/noticias\\\/amigos-y-cetys-alumni-por-tercera-vez-comparten-graduacion\\\/#primaryimage\"},\"thumbnailUrl\":\"https:\\\/\\\/www.cetys.mx\\\/noticias\\\/wp-content\\\/uploads\\\/2023\\\/06\\\/amigos-y-alumnis-CETYS.png\",\"datePublished\":\"2023-06-29T01:25:11+00:00\",\"author\":{\"@id\":\"https:\\\/\\\/www.cetys.mx\\\/noticias\\\/#\\\/schema\\\/person\\\/e790051ce60e18ae47cfa87011c8653f\"},\"description\":\"Articulo sobre Amigos y CETYS Alumni, por tercera vez comparten graduaci\u00f3n\",\"breadcrumb\":{\"@id\":\"https:\\\/\\\/www.cetys.mx\\\/noticias\\\/amigos-y-cetys-alumni-por-tercera-vez-comparten-graduacion\\\/#breadcrumb\"},\"inLanguage\":\"es\",\"potentialAction\":[{\"@type\":\"ReadAction\",\"target\":[\"https:\\\/\\\/www.cetys.mx\\\/noticias\\\/amigos-y-cetys-alumni-por-tercera-vez-comparten-graduacion\\\/\"]}]},{\"@type\":\"ImageObject\",\"inLanguage\":\"es\",\"@id\":\"https:\\\/\\\/www.cetys.mx\\\/noticias\\\/amigos-y-cetys-alumni-por-tercera-vez-comparten-graduacion\\\/#primaryimage\",\"url\":\"https:\\\/\\\/www.cetys.mx\\\/noticias\\\/wp-content\\\/uploads\\\/2023\\\/06\\\/amigos-y-alumnis-CETYS.png\",\"contentUrl\":\"https:\\\/\\\/www.cetys.mx\\\/noticias\\\/wp-content\\\/uploads\\\/2023\\\/06\\\/amigos-y-alumnis-CETYS.png\",\"width\":1200,\"height\":798,\"caption\":\"Amigos y CETYS Alumni\"},{\"@type\":\"BreadcrumbList\",\"@id\":\"https:\\\/\\\/www.cetys.mx\\\/noticias\\\/amigos-y-cetys-alumni-por-tercera-vez-comparten-graduacion\\\/#breadcrumb\",\"itemListElement\":[{\"@type\":\"ListItem\",\"position\":1,\"name\":\"Inicio\",\"item\":\"https:\\\/\\\/www.cetys.mx\\\/noticias\\\/\"},{\"@type\":\"ListItem\",\"position\":2,\"name\":\"Amigos y CETYS Alumni, por tercera vez comparten graduaci\u00f3n\"}]},{\"@type\":\"WebSite\",\"@id\":\"https:\\\/\\\/www.cetys.mx\\\/noticias\\\/#website\",\"url\":\"https:\\\/\\\/www.cetys.mx\\\/noticias\\\/\",\"name\":\"CETYS\",\"description\":\"\",\"potentialAction\":[{\"@type\":\"SearchAction\",\"target\":{\"@type\":\"EntryPoint\",\"urlTemplate\":\"https:\\\/\\\/www.cetys.mx\\\/noticias\\\/?s={search_term_string}\"},\"query-input\":{\"@type\":\"PropertyValueSpecification\",\"valueRequired\":true,\"valueName\":\"search_term_string\"}}],\"inLanguage\":\"es\"},{\"@type\":\"Person\",\"@id\":\"https:\\\/\\\/www.cetys.mx\\\/noticias\\\/#\\\/schema\\\/person\\\/e790051ce60e18ae47cfa87011c8653f\",\"name\":\"Campus Tijuana\",\"url\":\"https:\\\/\\\/www.cetys.mx\\\/noticias\\\/author\\\/campustijuana\\\/\"}]}<\/script>\n<!-- \/ Yoast SEO plugin. -->","yoast_head_json":{"title":"Amigos y CETYS Alumni, por tercera vez comparten graduaci\u00f3n - CETYS","description":"Articulo sobre Amigos y CETYS Alumni, por tercera vez comparten graduaci\u00f3n","robots":{"index":"index","follow":"follow","max-snippet":"max-snippet:-1","max-image-preview":"max-image-preview:large","max-video-preview":"max-video-preview:-1"},"canonical":"https:\/\/www.cetys.mx\/noticias\/amigos-y-cetys-alumni-por-tercera-vez-comparten-graduacion\/","og_locale":"es_MX","og_type":"article","og_title":"Amigos y CETYS Alumni, por tercera vez comparten graduaci\u00f3n - CETYS","og_description":"Articulo sobre Amigos y CETYS Alumni, por tercera vez comparten graduaci\u00f3n","og_url":"https:\/\/www.cetys.mx\/noticias\/amigos-y-cetys-alumni-por-tercera-vez-comparten-graduacion\/","og_site_name":"CETYS","article_publisher":"https:\/\/www.facebook.com\/cetysuniversidadmxl\/","article_published_time":"2023-06-29T01:25:11+00:00","og_image":[{"width":1200,"height":798,"url":"https:\/\/www.cetys.mx\/noticias\/wp-content\/uploads\/2023\/06\/amigos-y-alumnis-CETYS.png","type":"image\/png"}],"author":"Campus Tijuana","twitter_card":"summary_large_image","twitter_creator":"@cetysuni","twitter_site":"@cetysuni","twitter_misc":{"Escrito por":"Campus Tijuana","Tiempo de lectura":"1 minuto"},"schema":{"@context":"https:\/\/schema.org","@graph":[{"@type":"Article","@id":"https:\/\/www.cetys.mx\/noticias\/amigos-y-cetys-alumni-por-tercera-vez-comparten-graduacion\/#article","isPartOf":{"@id":"https:\/\/www.cetys.mx\/noticias\/amigos-y-cetys-alumni-por-tercera-vez-comparten-graduacion\/"},"author":{"name":"Campus Tijuana","@id":"https:\/\/www.cetys.mx\/noticias\/#\/schema\/person\/e790051ce60e18ae47cfa87011c8653f"},"headline":"Amigos y CETYS Alumni, por tercera vez comparten graduaci\u00f3n","datePublished":"2023-06-29T01:25:11+00:00","mainEntityOfPage":{"@id":"https:\/\/www.cetys.mx\/noticias\/amigos-y-cetys-alumni-por-tercera-vez-comparten-graduacion\/"},"wordCount":120,"commentCount":0,"image":{"@id":"https:\/\/www.cetys.mx\/noticias\/amigos-y-cetys-alumni-por-tercera-vez-comparten-graduacion\/#primaryimage"},"thumbnailUrl":"https:\/\/www.cetys.mx\/noticias\/wp-content\/uploads\/2023\/06\/amigos-y-alumnis-CETYS.png","articleSection":["Alumni","Campus Tijuana"],"inLanguage":"es","potentialAction":[{"@type":"CommentAction","name":"Comment","target":["https:\/\/www.cetys.mx\/noticias\/amigos-y-cetys-alumni-por-tercera-vez-comparten-graduacion\/#respond"]}]},{"@type":"WebPage","@id":"https:\/\/www.cetys.mx\/noticias\/amigos-y-cetys-alumni-por-tercera-vez-comparten-graduacion\/","url":"https:\/\/www.cetys.mx\/noticias\/amigos-y-cetys-alumni-por-tercera-vez-comparten-graduacion\/","name":"Amigos y CETYS Alumni, por tercera vez comparten graduaci\u00f3n - CETYS","isPartOf":{"@id":"https:\/\/www.cetys.mx\/noticias\/#website"},"primaryImageOfPage":{"@id":"https:\/\/www.cetys.mx\/noticias\/amigos-y-cetys-alumni-por-tercera-vez-comparten-graduacion\/#primaryimage"},"image":{"@id":"https:\/\/www.cetys.mx\/noticias\/amigos-y-cetys-alumni-por-tercera-vez-comparten-graduacion\/#primaryimage"},"thumbnailUrl":"https:\/\/www.cetys.mx\/noticias\/wp-content\/uploads\/2023\/06\/amigos-y-alumnis-CETYS.png","datePublished":"2023-06-29T01:25:11+00:00","author":{"@id":"https:\/\/www.cetys.mx\/noticias\/#\/schema\/person\/e790051ce60e18ae47cfa87011c8653f"},"description":"Articulo sobre Amigos y CETYS Alumni, por tercera vez comparten graduaci\u00f3n","breadcrumb":{"@id":"https:\/\/www.cetys.mx\/noticias\/amigos-y-cetys-alumni-por-tercera-vez-comparten-graduacion\/#breadcrumb"},"inLanguage":"es","potentialAction":[{"@type":"ReadAction","target":["https:\/\/www.cetys.mx\/noticias\/amigos-y-cetys-alumni-por-tercera-vez-comparten-graduacion\/"]}]},{"@type":"ImageObject","inLanguage":"es","@id":"https:\/\/www.cetys.mx\/noticias\/amigos-y-cetys-alumni-por-tercera-vez-comparten-graduacion\/#primaryimage","url":"https:\/\/www.cetys.mx\/noticias\/wp-content\/uploads\/2023\/06\/amigos-y-alumnis-CETYS.png","contentUrl":"https:\/\/www.cetys.mx\/noticias\/wp-content\/uploads\/2023\/06\/amigos-y-alumnis-CETYS.png","width":1200,"height":798,"caption":"Amigos y CETYS Alumni"},{"@type":"BreadcrumbList","@id":"https:\/\/www.cetys.mx\/noticias\/amigos-y-cetys-alumni-por-tercera-vez-comparten-graduacion\/#breadcrumb","itemListElement":[{"@type":"ListItem","position":1,"name":"Inicio","item":"https:\/\/www.cetys.mx\/noticias\/"},{"@type":"ListItem","position":2,"name":"Amigos y CETYS Alumni, por tercera vez comparten graduaci\u00f3n"}]},{"@type":"WebSite","@id":"https:\/\/www.cetys.mx\/noticias\/#website","url":"https:\/\/www.cetys.mx\/noticias\/","name":"CETYS","description":"","potentialAction":[{"@type":"SearchAction","target":{"@type":"EntryPoint","urlTemplate":"https:\/\/www.cetys.mx\/noticias\/?s={search_term_string}"},"query-input":{"@type":"PropertyValueSpecification","valueRequired":true,"valueName":"search_term_string"}}],"inLanguage":"es"},{"@type":"Person","@id":"https:\/\/www.cetys.mx\/noticias\/#\/schema\/person\/e790051ce60e18ae47cfa87011c8653f","name":"Campus Tijuana","url":"https:\/\/www.cetys.mx\/noticias\/author\/campustijuana\/"}]}},"_links":{"self":[{"href":"https:\/\/www.cetys.mx\/noticias\/wp-json\/wp\/v2\/posts\/174133","targetHints":{"allow":["GET"]}}],"collection":[{"href":"https:\/\/www.cetys.mx\/noticias\/wp-json\/wp\/v2\/posts"}],"about":[{"href":"https:\/\/www.cetys.mx\/noticias\/wp-json\/wp\/v2\/types\/post"}],"author":[{"embeddable":true,"href":"https:\/\/www.cetys.mx\/noticias\/wp-json\/wp\/v2\/users\/24"}],"replies":[{"embeddable":true,"href":"https:\/\/www.cetys.mx\/noticias\/wp-json\/wp\/v2\/comments?post=174133"}],"version-history":[{"count":1,"href":"https:\/\/www.cetys.mx\/noticias\/wp-json\/wp\/v2\/posts\/174133\/revisions"}],"predecessor-version":[{"id":174137,"href":"https:\/\/www.cetys.mx\/noticias\/wp-json\/wp\/v2\/posts\/174133\/revisions\/174137"}],"wp:featuredmedia":[{"embeddable":true,"href":"https:\/\/www.cetys.mx\/noticias\/wp-json\/wp\/v2\/media\/174134"}],"wp:attachment":[{"href":"https:\/\/www.cetys.mx\/noticias\/wp-json\/wp\/v2\/media?parent=174133"}],"wp:term":[{"taxonomy":"category","embeddable":true,"href":"https:\/\/www.cetys.mx\/noticias\/wp-json\/wp\/v2\/categories?post=174133"},{"taxonomy":"post_tag","embeddable":true,"href":"https:\/\/www.cetys.mx\/noticias\/wp-json\/wp\/v2\/tags?post=174133"}],"curies":[{"name":"wp","href":"https:\/\/api.w.org\/{rel}","templated":true}]}}