{"id":174126,"date":"2023-06-28T17:43:42","date_gmt":"2023-06-29T00:43:42","guid":{"rendered":"https:\/\/www.cetys.mx\/noticias\/?p=174126"},"modified":"2023-07-26T15:09:59","modified_gmt":"2023-07-26T22:09:59","slug":"orgullosa-familia-cetys-egresan-hijos-de-preparatoria-profesional-y-posgrado","status":"publish","type":"post","link":"https:\/\/www.cetys.mx\/noticias\/orgullosa-familia-cetys-egresan-hijos-de-preparatoria-profesional-y-posgrado\/","title":{"rendered":"Orgullosa familia CETYS, egresan hijos de Preparatoria, Profesional y Posgrado"},"content":{"rendered":"<div class=\"xdj266r x11i5rnm xat24cr x1mh8g0r x1vvkbs x126k92a\">\n<div dir=\"auto\">No hay orgullo y alegr\u00eda m\u00e1s grande como padres que ver a tus hijos cumplir con sus metas y logros\u2026 pero verlos recorrer los mismos espacios que alguna vez lo hiciste t\u00fa y ayudarlos a construir su camino educativo en tu alma m\u00e1ter, es a\u00fan m\u00e1s conmovedor y lo vale todo.<\/div>\n<div dir=\"auto\"><\/div>\n<div dir=\"auto\">Este fue el caso la Familia Torres Ordo\u00f1ez,<strong> Jorge Torres<\/strong> y <strong>Lillian Ordo\u00f1ez<\/strong>, ambos Alumni CETYS de hace m\u00e1s de 30 a\u00f1os, vivieron con gran emoci\u00f3n y en un mismo d\u00eda que egresaron sus 3 hijos de preparatoria, licenciatura y maestr\u00eda respectivamente en Campus Tijuana.<\/div>\n<div dir=\"auto\">\n\n            <style type='text\/css'>\n                #gallery-1 {\n                    margin: auto;\n                }\n                #gallery-1 .gallery-item {\n                    float: left;\n                    margin-top: 10px;\n                    text-align: center;\n                    width: 50%;\n                }\n                #gallery-1 img {\n                    border: 2px solid #cfcfcf;\n                }\n                #gallery-1 .gallery-caption {\n                    margin-left: 0;\n                }\n                \/* see gallery_shortcode() in wp-includes\/media.php *\/\n            <\/style>\n\t\t<div id='gallery-1' class='gallery galleryid-174126 gallery-columns-2 gallery-size-thumbnail'><dl class='gallery-item'>\n                <dt class='gallery-icon landscape'>\n                    <a href='https:\/\/www.cetys.mx\/noticias\/orgullosa-familia-cetys-egresan-hijos-de-preparatoria-profesional-y-posgrado\/graduados-familia-ordonez-02\/'><img loading=\"lazy\" decoding=\"async\" width=\"128\" height=\"85\" src=\"https:\/\/www.cetys.mx\/noticias\/wp-content\/uploads\/2023\/06\/graduados-familia-ordonez-02.png\" class=\"attachment-thumbnail size-thumbnail\" alt=\"\" aria-describedby=\"gallery-1-174128\" srcset=\"https:\/\/www.cetys.mx\/noticias\/wp-content\/uploads\/2023\/06\/graduados-familia-ordonez-02.png 958w, https:\/\/www.cetys.mx\/noticias\/wp-content\/uploads\/2023\/06\/graduados-familia-ordonez-02-768x511.png 768w\" sizes=\"auto, (max-width: 128px) 100vw, 128px\" \/><\/a>\n                <\/dt>\n                    <dd class='wp-caption-text gallery-caption' id='gallery-1-174128'>\n                    Los hermanos Torres Ordo\u00f1ez con el zorro de CETYS.\n                    <\/dd><\/dl><dl class='gallery-item'>\n                <dt class='gallery-icon landscape'>\n                    <a href='https:\/\/www.cetys.mx\/noticias\/orgullosa-familia-cetys-egresan-hijos-de-preparatoria-profesional-y-posgrado\/graduados-familia-ordonez\/'><img loading=\"lazy\" decoding=\"async\" width=\"128\" height=\"85\" src=\"https:\/\/www.cetys.mx\/noticias\/wp-content\/uploads\/2023\/06\/graduados-familia-ordonez.png\" class=\"attachment-thumbnail size-thumbnail\" alt=\"\" aria-describedby=\"gallery-1-174127\" srcset=\"https:\/\/www.cetys.mx\/noticias\/wp-content\/uploads\/2023\/06\/graduados-familia-ordonez.png 958w, https:\/\/www.cetys.mx\/noticias\/wp-content\/uploads\/2023\/06\/graduados-familia-ordonez-768x511.png 768w\" sizes=\"auto, (max-width: 128px) 100vw, 128px\" \/><\/a>\n                <\/dt>\n                    <dd class='wp-caption-text gallery-caption' id='gallery-1-174127'>\n                    Los hermanos Torres Ordo\u00f1ez\n                    <\/dd><\/dl><br style=\"clear: both\" \/>\n            <\/div>\n\n<\/div>\n<div dir=\"auto\">A las 10:00 a.m., se reunieron para presenciar la Ceremonia de Fin de Cursos del m\u00e1s peque\u00f1o, de\u00a0<strong>H\u00e9ctor Daniel Torres Ord\u00f3\u00f1ez<\/strong>, quien culmin\u00f3 la Prepatoria General.<\/div>\n<div dir=\"auto\"><\/div>\n<div dir=\"auto\">A las 3:00 p.m. fue el turno de\u00a0<strong>Maria Fernanda Torres Ordo\u00f1ez<\/strong>, quien tuvo su graduaci\u00f3n y tom\u00f3 protesta como Licenciada en Administraci\u00f3n de Mercadotecnia.<\/div>\n<div dir=\"auto\"><\/div>\n<div dir=\"auto\">Por \u00faltimo y no menos importante,\u00a0\u00a0<strong>Jorge Ignacio Torres Ord\u00f3\u00f1ez<\/strong>, tuvo su graduaci\u00f3n a las 7:00 p.m. y tom\u00f3 protesta como Maestro en Administraci\u00f3n de Negocios (MBA).<\/div>\n<div dir=\"auto\"><\/div>\n<div dir=\"auto\">Gracias por confiar tres veces m\u00e1s en nuestra instituci\u00f3n, el amor por CETYS se contin\u00faa transmitiendo de generaci\u00f3n en generaci\u00f3n <span class=\"x3nfvp2 x1j61x8r x1fcty0u xdj266r xhhsvwb xat24cr xgzva0m xxymvpz xlup9mm x1kky2od\"><img loading=\"lazy\" decoding=\"async\" src=\"https:\/\/static.xx.fbcdn.net\/images\/emoji.php\/v9\/t25\/1\/16\/1f393.png\" alt=\"&#x1f393;\" width=\"16\" height=\"16\" \/><\/span><span class=\"x3nfvp2 x1j61x8r x1fcty0u xdj266r xhhsvwb xat24cr xgzva0m xxymvpz xlup9mm x1kky2od\"><img loading=\"lazy\" decoding=\"async\" src=\"https:\/\/static.xx.fbcdn.net\/images\/emoji.php\/v9\/t15\/1\/16\/1f49b.png\" alt=\"&#x1f49b;\" width=\"16\" height=\"16\" \/><\/span><\/div>\n<div dir=\"auto\"><\/div>\n<div dir=\"auto\">Estamos emocionados de continuar escribiendo historias de \u00e9xito y crecimiento juntos \u00a1Muchas felicidades!<span class=\"x3nfvp2 x1j61x8r x1fcty0u xdj266r xhhsvwb xat24cr xgzva0m xxymvpz xlup9mm x1kky2od\"><img loading=\"lazy\" decoding=\"async\" src=\"https:\/\/static.xx.fbcdn.net\/images\/emoji.php\/v9\/t8c\/1\/16\/1f389.png\" alt=\"&#x1f389;\" width=\"16\" height=\"16\" \/><\/span><span class=\"x3nfvp2 x1j61x8r x1fcty0u xdj266r xhhsvwb xat24cr xgzva0m xxymvpz xlup9mm x1kky2od\"><img loading=\"lazy\" decoding=\"async\" src=\"https:\/\/static.xx.fbcdn.net\/images\/emoji.php\/v9\/t25\/1\/16\/1f393.png\" alt=\"&#x1f393;\" width=\"16\" height=\"16\" \/><\/span><\/div>\n<\/div>\n","protected":false},"excerpt":{"rendered":"<p>No hay orgullo y alegr\u00eda m\u00e1s grande como padres que ver a tus hijos cumplir con sus metas y logros\u2026 pero verlos&#8230;<\/p>\n","protected":false},"author":24,"featured_media":174129,"comment_status":"open","ping_status":"closed","sticky":false,"template":"","format":"standard","meta":{"footnotes":""},"categories":[107,134],"tags":[6473,984,909,297],"class_list":["post-174126","post","type-post","status-publish","format-standard","has-post-thumbnail","hentry","category-alumni","category-campus-tijuana","tag-gradcetys2023","tag-orgullocetys","tag-alumni","tag-campus-tijuana"],"yoast_head":"<!-- This site is optimized with the Yoast SEO plugin v27.4 - https:\/\/yoast.com\/product\/yoast-seo-wordpress\/ -->\n<title>Orgullosa familia CETYS, egresan hijos de Preparatoria, Profesional y Posgrado - CETYS<\/title>\n<meta name=\"description\" content=\"Articulo sobre Orgullosa familia CETYS, egresan hijos de Preparatoria, Profesional y Posgrado\" \/>\n<meta name=\"robots\" content=\"index, follow, max-snippet:-1, max-image-preview:large, max-video-preview:-1\" \/>\n<link rel=\"canonical\" href=\"https:\/\/www.cetys.mx\/noticias\/orgullosa-familia-cetys-egresan-hijos-de-preparatoria-profesional-y-posgrado\/\" \/>\n<meta property=\"og:locale\" content=\"es_MX\" \/>\n<meta property=\"og:type\" content=\"article\" \/>\n<meta property=\"og:title\" content=\"Orgullosa familia CETYS, egresan hijos de Preparatoria, Profesional y Posgrado - CETYS\" \/>\n<meta property=\"og:description\" content=\"Articulo sobre Orgullosa familia CETYS, egresan hijos de Preparatoria, Profesional y Posgrado\" \/>\n<meta property=\"og:url\" content=\"https:\/\/www.cetys.mx\/noticias\/orgullosa-familia-cetys-egresan-hijos-de-preparatoria-profesional-y-posgrado\/\" \/>\n<meta property=\"og:site_name\" content=\"CETYS\" \/>\n<meta property=\"article:publisher\" content=\"https:\/\/www.facebook.com\/cetysuniversidadmxl\/\" \/>\n<meta property=\"article:published_time\" content=\"2023-06-29T00:43:42+00:00\" \/>\n<meta property=\"article:modified_time\" content=\"2023-07-26T22:09:59+00:00\" \/>\n<meta property=\"og:image\" content=\"https:\/\/www.cetys.mx\/noticias\/wp-content\/uploads\/2023\/06\/graduados-familia-torres-ordonez-.png\" \/>\n\t<meta property=\"og:image:width\" content=\"958\" \/>\n\t<meta property=\"og:image:height\" content=\"637\" \/>\n\t<meta property=\"og:image:type\" content=\"image\/png\" \/>\n<meta name=\"author\" content=\"Campus Tijuana\" \/>\n<meta name=\"twitter:card\" content=\"summary_large_image\" \/>\n<meta name=\"twitter:creator\" content=\"@cetysuni\" \/>\n<meta name=\"twitter:site\" content=\"@cetysuni\" \/>\n<meta name=\"twitter:label1\" content=\"Escrito por\" \/>\n\t<meta name=\"twitter:data1\" content=\"Campus Tijuana\" \/>\n\t<meta name=\"twitter:label2\" content=\"Tiempo de lectura\" \/>\n\t<meta name=\"twitter:data2\" content=\"1 minuto\" \/>\n<script type=\"application\/ld+json\" class=\"yoast-schema-graph\">{\"@context\":\"https:\\\/\\\/schema.org\",\"@graph\":[{\"@type\":\"Article\",\"@id\":\"https:\\\/\\\/www.cetys.mx\\\/noticias\\\/orgullosa-familia-cetys-egresan-hijos-de-preparatoria-profesional-y-posgrado\\\/#article\",\"isPartOf\":{\"@id\":\"https:\\\/\\\/www.cetys.mx\\\/noticias\\\/orgullosa-familia-cetys-egresan-hijos-de-preparatoria-profesional-y-posgrado\\\/\"},\"author\":{\"name\":\"Campus Tijuana\",\"@id\":\"https:\\\/\\\/www.cetys.mx\\\/noticias\\\/#\\\/schema\\\/person\\\/e790051ce60e18ae47cfa87011c8653f\"},\"headline\":\"Orgullosa familia CETYS, egresan hijos de Preparatoria, Profesional y Posgrado\",\"datePublished\":\"2023-06-29T00:43:42+00:00\",\"dateModified\":\"2023-07-26T22:09:59+00:00\",\"mainEntityOfPage\":{\"@id\":\"https:\\\/\\\/www.cetys.mx\\\/noticias\\\/orgullosa-familia-cetys-egresan-hijos-de-preparatoria-profesional-y-posgrado\\\/\"},\"wordCount\":246,\"commentCount\":0,\"image\":{\"@id\":\"https:\\\/\\\/www.cetys.mx\\\/noticias\\\/orgullosa-familia-cetys-egresan-hijos-de-preparatoria-profesional-y-posgrado\\\/#primaryimage\"},\"thumbnailUrl\":\"https:\\\/\\\/www.cetys.mx\\\/noticias\\\/wp-content\\\/uploads\\\/2023\\\/06\\\/graduados-familia-torres-ordonez-.png\",\"keywords\":[\"#gradcetys2023\",\"#orgulloCETYS\",\"Alumni\",\"Campus Tijuana\"],\"articleSection\":[\"Alumni\",\"Campus Tijuana\"],\"inLanguage\":\"es\",\"potentialAction\":[{\"@type\":\"CommentAction\",\"name\":\"Comment\",\"target\":[\"https:\\\/\\\/www.cetys.mx\\\/noticias\\\/orgullosa-familia-cetys-egresan-hijos-de-preparatoria-profesional-y-posgrado\\\/#respond\"]}]},{\"@type\":\"WebPage\",\"@id\":\"https:\\\/\\\/www.cetys.mx\\\/noticias\\\/orgullosa-familia-cetys-egresan-hijos-de-preparatoria-profesional-y-posgrado\\\/\",\"url\":\"https:\\\/\\\/www.cetys.mx\\\/noticias\\\/orgullosa-familia-cetys-egresan-hijos-de-preparatoria-profesional-y-posgrado\\\/\",\"name\":\"Orgullosa familia CETYS, egresan hijos de Preparatoria, Profesional y Posgrado - CETYS\",\"isPartOf\":{\"@id\":\"https:\\\/\\\/www.cetys.mx\\\/noticias\\\/#website\"},\"primaryImageOfPage\":{\"@id\":\"https:\\\/\\\/www.cetys.mx\\\/noticias\\\/orgullosa-familia-cetys-egresan-hijos-de-preparatoria-profesional-y-posgrado\\\/#primaryimage\"},\"image\":{\"@id\":\"https:\\\/\\\/www.cetys.mx\\\/noticias\\\/orgullosa-familia-cetys-egresan-hijos-de-preparatoria-profesional-y-posgrado\\\/#primaryimage\"},\"thumbnailUrl\":\"https:\\\/\\\/www.cetys.mx\\\/noticias\\\/wp-content\\\/uploads\\\/2023\\\/06\\\/graduados-familia-torres-ordonez-.png\",\"datePublished\":\"2023-06-29T00:43:42+00:00\",\"dateModified\":\"2023-07-26T22:09:59+00:00\",\"author\":{\"@id\":\"https:\\\/\\\/www.cetys.mx\\\/noticias\\\/#\\\/schema\\\/person\\\/e790051ce60e18ae47cfa87011c8653f\"},\"description\":\"Articulo sobre Orgullosa familia CETYS, egresan hijos de Preparatoria, Profesional y Posgrado\",\"breadcrumb\":{\"@id\":\"https:\\\/\\\/www.cetys.mx\\\/noticias\\\/orgullosa-familia-cetys-egresan-hijos-de-preparatoria-profesional-y-posgrado\\\/#breadcrumb\"},\"inLanguage\":\"es\",\"potentialAction\":[{\"@type\":\"ReadAction\",\"target\":[\"https:\\\/\\\/www.cetys.mx\\\/noticias\\\/orgullosa-familia-cetys-egresan-hijos-de-preparatoria-profesional-y-posgrado\\\/\"]}]},{\"@type\":\"ImageObject\",\"inLanguage\":\"es\",\"@id\":\"https:\\\/\\\/www.cetys.mx\\\/noticias\\\/orgullosa-familia-cetys-egresan-hijos-de-preparatoria-profesional-y-posgrado\\\/#primaryimage\",\"url\":\"https:\\\/\\\/www.cetys.mx\\\/noticias\\\/wp-content\\\/uploads\\\/2023\\\/06\\\/graduados-familia-torres-ordonez-.png\",\"contentUrl\":\"https:\\\/\\\/www.cetys.mx\\\/noticias\\\/wp-content\\\/uploads\\\/2023\\\/06\\\/graduados-familia-torres-ordonez-.png\",\"width\":958,\"height\":637},{\"@type\":\"BreadcrumbList\",\"@id\":\"https:\\\/\\\/www.cetys.mx\\\/noticias\\\/orgullosa-familia-cetys-egresan-hijos-de-preparatoria-profesional-y-posgrado\\\/#breadcrumb\",\"itemListElement\":[{\"@type\":\"ListItem\",\"position\":1,\"name\":\"Inicio\",\"item\":\"https:\\\/\\\/www.cetys.mx\\\/noticias\\\/\"},{\"@type\":\"ListItem\",\"position\":2,\"name\":\"Orgullosa familia CETYS, egresan hijos de Preparatoria, Profesional y Posgrado\"}]},{\"@type\":\"WebSite\",\"@id\":\"https:\\\/\\\/www.cetys.mx\\\/noticias\\\/#website\",\"url\":\"https:\\\/\\\/www.cetys.mx\\\/noticias\\\/\",\"name\":\"CETYS\",\"description\":\"\",\"potentialAction\":[{\"@type\":\"SearchAction\",\"target\":{\"@type\":\"EntryPoint\",\"urlTemplate\":\"https:\\\/\\\/www.cetys.mx\\\/noticias\\\/?s={search_term_string}\"},\"query-input\":{\"@type\":\"PropertyValueSpecification\",\"valueRequired\":true,\"valueName\":\"search_term_string\"}}],\"inLanguage\":\"es\"},{\"@type\":\"Person\",\"@id\":\"https:\\\/\\\/www.cetys.mx\\\/noticias\\\/#\\\/schema\\\/person\\\/e790051ce60e18ae47cfa87011c8653f\",\"name\":\"Campus Tijuana\",\"url\":\"https:\\\/\\\/www.cetys.mx\\\/noticias\\\/author\\\/campustijuana\\\/\"}]}<\/script>\n<!-- \/ Yoast SEO plugin. -->","yoast_head_json":{"title":"Orgullosa familia CETYS, egresan hijos de Preparatoria, Profesional y Posgrado - CETYS","description":"Articulo sobre Orgullosa familia CETYS, egresan hijos de Preparatoria, Profesional y Posgrado","robots":{"index":"index","follow":"follow","max-snippet":"max-snippet:-1","max-image-preview":"max-image-preview:large","max-video-preview":"max-video-preview:-1"},"canonical":"https:\/\/www.cetys.mx\/noticias\/orgullosa-familia-cetys-egresan-hijos-de-preparatoria-profesional-y-posgrado\/","og_locale":"es_MX","og_type":"article","og_title":"Orgullosa familia CETYS, egresan hijos de Preparatoria, Profesional y Posgrado - CETYS","og_description":"Articulo sobre Orgullosa familia CETYS, egresan hijos de Preparatoria, Profesional y Posgrado","og_url":"https:\/\/www.cetys.mx\/noticias\/orgullosa-familia-cetys-egresan-hijos-de-preparatoria-profesional-y-posgrado\/","og_site_name":"CETYS","article_publisher":"https:\/\/www.facebook.com\/cetysuniversidadmxl\/","article_published_time":"2023-06-29T00:43:42+00:00","article_modified_time":"2023-07-26T22:09:59+00:00","og_image":[{"width":958,"height":637,"url":"https:\/\/www.cetys.mx\/noticias\/wp-content\/uploads\/2023\/06\/graduados-familia-torres-ordonez-.png","type":"image\/png"}],"author":"Campus Tijuana","twitter_card":"summary_large_image","twitter_creator":"@cetysuni","twitter_site":"@cetysuni","twitter_misc":{"Escrito por":"Campus Tijuana","Tiempo de lectura":"1 minuto"},"schema":{"@context":"https:\/\/schema.org","@graph":[{"@type":"Article","@id":"https:\/\/www.cetys.mx\/noticias\/orgullosa-familia-cetys-egresan-hijos-de-preparatoria-profesional-y-posgrado\/#article","isPartOf":{"@id":"https:\/\/www.cetys.mx\/noticias\/orgullosa-familia-cetys-egresan-hijos-de-preparatoria-profesional-y-posgrado\/"},"author":{"name":"Campus Tijuana","@id":"https:\/\/www.cetys.mx\/noticias\/#\/schema\/person\/e790051ce60e18ae47cfa87011c8653f"},"headline":"Orgullosa familia CETYS, egresan hijos de Preparatoria, Profesional y Posgrado","datePublished":"2023-06-29T00:43:42+00:00","dateModified":"2023-07-26T22:09:59+00:00","mainEntityOfPage":{"@id":"https:\/\/www.cetys.mx\/noticias\/orgullosa-familia-cetys-egresan-hijos-de-preparatoria-profesional-y-posgrado\/"},"wordCount":246,"commentCount":0,"image":{"@id":"https:\/\/www.cetys.mx\/noticias\/orgullosa-familia-cetys-egresan-hijos-de-preparatoria-profesional-y-posgrado\/#primaryimage"},"thumbnailUrl":"https:\/\/www.cetys.mx\/noticias\/wp-content\/uploads\/2023\/06\/graduados-familia-torres-ordonez-.png","keywords":["#gradcetys2023","#orgulloCETYS","Alumni","Campus Tijuana"],"articleSection":["Alumni","Campus Tijuana"],"inLanguage":"es","potentialAction":[{"@type":"CommentAction","name":"Comment","target":["https:\/\/www.cetys.mx\/noticias\/orgullosa-familia-cetys-egresan-hijos-de-preparatoria-profesional-y-posgrado\/#respond"]}]},{"@type":"WebPage","@id":"https:\/\/www.cetys.mx\/noticias\/orgullosa-familia-cetys-egresan-hijos-de-preparatoria-profesional-y-posgrado\/","url":"https:\/\/www.cetys.mx\/noticias\/orgullosa-familia-cetys-egresan-hijos-de-preparatoria-profesional-y-posgrado\/","name":"Orgullosa familia CETYS, egresan hijos de Preparatoria, Profesional y Posgrado - CETYS","isPartOf":{"@id":"https:\/\/www.cetys.mx\/noticias\/#website"},"primaryImageOfPage":{"@id":"https:\/\/www.cetys.mx\/noticias\/orgullosa-familia-cetys-egresan-hijos-de-preparatoria-profesional-y-posgrado\/#primaryimage"},"image":{"@id":"https:\/\/www.cetys.mx\/noticias\/orgullosa-familia-cetys-egresan-hijos-de-preparatoria-profesional-y-posgrado\/#primaryimage"},"thumbnailUrl":"https:\/\/www.cetys.mx\/noticias\/wp-content\/uploads\/2023\/06\/graduados-familia-torres-ordonez-.png","datePublished":"2023-06-29T00:43:42+00:00","dateModified":"2023-07-26T22:09:59+00:00","author":{"@id":"https:\/\/www.cetys.mx\/noticias\/#\/schema\/person\/e790051ce60e18ae47cfa87011c8653f"},"description":"Articulo sobre Orgullosa familia CETYS, egresan hijos de Preparatoria, Profesional y Posgrado","breadcrumb":{"@id":"https:\/\/www.cetys.mx\/noticias\/orgullosa-familia-cetys-egresan-hijos-de-preparatoria-profesional-y-posgrado\/#breadcrumb"},"inLanguage":"es","potentialAction":[{"@type":"ReadAction","target":["https:\/\/www.cetys.mx\/noticias\/orgullosa-familia-cetys-egresan-hijos-de-preparatoria-profesional-y-posgrado\/"]}]},{"@type":"ImageObject","inLanguage":"es","@id":"https:\/\/www.cetys.mx\/noticias\/orgullosa-familia-cetys-egresan-hijos-de-preparatoria-profesional-y-posgrado\/#primaryimage","url":"https:\/\/www.cetys.mx\/noticias\/wp-content\/uploads\/2023\/06\/graduados-familia-torres-ordonez-.png","contentUrl":"https:\/\/www.cetys.mx\/noticias\/wp-content\/uploads\/2023\/06\/graduados-familia-torres-ordonez-.png","width":958,"height":637},{"@type":"BreadcrumbList","@id":"https:\/\/www.cetys.mx\/noticias\/orgullosa-familia-cetys-egresan-hijos-de-preparatoria-profesional-y-posgrado\/#breadcrumb","itemListElement":[{"@type":"ListItem","position":1,"name":"Inicio","item":"https:\/\/www.cetys.mx\/noticias\/"},{"@type":"ListItem","position":2,"name":"Orgullosa familia CETYS, egresan hijos de Preparatoria, Profesional y Posgrado"}]},{"@type":"WebSite","@id":"https:\/\/www.cetys.mx\/noticias\/#website","url":"https:\/\/www.cetys.mx\/noticias\/","name":"CETYS","description":"","potentialAction":[{"@type":"SearchAction","target":{"@type":"EntryPoint","urlTemplate":"https:\/\/www.cetys.mx\/noticias\/?s={search_term_string}"},"query-input":{"@type":"PropertyValueSpecification","valueRequired":true,"valueName":"search_term_string"}}],"inLanguage":"es"},{"@type":"Person","@id":"https:\/\/www.cetys.mx\/noticias\/#\/schema\/person\/e790051ce60e18ae47cfa87011c8653f","name":"Campus Tijuana","url":"https:\/\/www.cetys.mx\/noticias\/author\/campustijuana\/"}]}},"_links":{"self":[{"href":"https:\/\/www.cetys.mx\/noticias\/wp-json\/wp\/v2\/posts\/174126","targetHints":{"allow":["GET"]}}],"collection":[{"href":"https:\/\/www.cetys.mx\/noticias\/wp-json\/wp\/v2\/posts"}],"about":[{"href":"https:\/\/www.cetys.mx\/noticias\/wp-json\/wp\/v2\/types\/post"}],"author":[{"embeddable":true,"href":"https:\/\/www.cetys.mx\/noticias\/wp-json\/wp\/v2\/users\/24"}],"replies":[{"embeddable":true,"href":"https:\/\/www.cetys.mx\/noticias\/wp-json\/wp\/v2\/comments?post=174126"}],"version-history":[{"count":3,"href":"https:\/\/www.cetys.mx\/noticias\/wp-json\/wp\/v2\/posts\/174126\/revisions"}],"predecessor-version":[{"id":174132,"href":"https:\/\/www.cetys.mx\/noticias\/wp-json\/wp\/v2\/posts\/174126\/revisions\/174132"}],"wp:featuredmedia":[{"embeddable":true,"href":"https:\/\/www.cetys.mx\/noticias\/wp-json\/wp\/v2\/media\/174129"}],"wp:attachment":[{"href":"https:\/\/www.cetys.mx\/noticias\/wp-json\/wp\/v2\/media?parent=174126"}],"wp:term":[{"taxonomy":"category","embeddable":true,"href":"https:\/\/www.cetys.mx\/noticias\/wp-json\/wp\/v2\/categories?post=174126"},{"taxonomy":"post_tag","embeddable":true,"href":"https:\/\/www.cetys.mx\/noticias\/wp-json\/wp\/v2\/tags?post=174126"}],"curies":[{"name":"wp","href":"https:\/\/api.w.org\/{rel}","templated":true}]}}