{"id":173508,"date":"2023-06-06T17:56:42","date_gmt":"2023-06-07T00:56:42","guid":{"rendered":"https:\/\/www.cetys.mx\/noticias\/?p=173508"},"modified":"2023-06-06T20:06:42","modified_gmt":"2023-06-07T03:06:42","slug":"clase-final-alumnos-de-lic-en-administracion-de-mercadotecnia-realizan-diagnostico-a-empresas","status":"publish","type":"post","link":"https:\/\/www.cetys.mx\/noticias\/clase-final-alumnos-de-lic-en-administracion-de-mercadotecnia-realizan-diagnostico-a-empresas\/","title":{"rendered":"&#8220;Clase final&#8221; Alumnos de Lic. en Administraci\u00f3n de Mercadotecnia realizan diagn\u00f3stico a empresas"},"content":{"rendered":"<p>El pasado martes 30 de mayo en la marco de la asignatura &#8220;M\u00e9tricas de Mercadotecnia&#8221; loa dos grupos de octavo semestre de la <em>Licenciatura en Administraci\u00f3n de Mercadotecnia<\/em>, bajo la gu\u00eda del <strong>Dr. Alfredo Valadez Garc\u00eda<\/strong>, ofrecieron un diagn\u00f3stico a 9 empresas de la ciudad de Tijuana.<\/p>\n<p>El trabajo realizado sirve para la toma de decisiones y mejoras internas en rubros como: marketing, finanzas, ubicaci\u00f3n , an\u00e1lisis de la competencia entre otras.<\/p>\n<p>En esta ocasi\u00f3n se realizaron estos diagn\u00f3sticos a Brava Society y PaperPanas, quienes son parte de la red de emprendimiento que son asesoradas por la <strong>Mtra. Ana Marcela Sosa<\/strong>, quien es Directora de la Incubadora de Negocios de Alto Impacto en <strong>CETYS Universidad<\/strong> campus Tijuana. A la presentaci\u00f3n, acudieron la <strong>Lic.Dulce Angulo<\/strong>, quien es <em>Project Manager de Brava Society<\/em> y la <strong>Lic. Victoria Rangel,<\/strong> egresada de CETYS y empresaria representante\u00a0de\u00a0<em>PaperPanas.<\/em><\/p>\n\n            <style type='text\/css'>\n                #gallery-1 {\n                    margin: auto;\n                }\n                #gallery-1 .gallery-item {\n                    float: left;\n                    margin-top: 10px;\n                    text-align: center;\n                    width: 50%;\n                }\n                #gallery-1 img {\n                    border: 2px solid #cfcfcf;\n                }\n                #gallery-1 .gallery-caption {\n                    margin-left: 0;\n                }\n                \/* see gallery_shortcode() in wp-includes\/media.php *\/\n            <\/style>\n\t\t<div id='gallery-1' class='gallery galleryid-173508 gallery-columns-2 gallery-size-thumbnail'><dl class='gallery-item'>\n                <dt class='gallery-icon landscape'>\n                    <a href='https:\/\/www.cetys.mx\/noticias\/clase-final-alumnos-de-lic-en-administracion-de-mercadotecnia-realizan-diagnostico-a-empresas\/lam-clase-alfredo-valadez-clase\/'><img loading=\"lazy\" decoding=\"async\" width=\"128\" height=\"85\" src=\"https:\/\/www.cetys.mx\/noticias\/wp-content\/uploads\/2023\/06\/lam-clase-alfredo-valadez-clase.png\" class=\"attachment-thumbnail size-thumbnail\" alt=\"\" srcset=\"https:\/\/www.cetys.mx\/noticias\/wp-content\/uploads\/2023\/06\/lam-clase-alfredo-valadez-clase.png 958w, https:\/\/www.cetys.mx\/noticias\/wp-content\/uploads\/2023\/06\/lam-clase-alfredo-valadez-clase-768x511.png 768w\" sizes=\"auto, (max-width: 128px) 100vw, 128px\" \/><\/a>\n                <\/dt><\/dl><dl class='gallery-item'>\n                <dt class='gallery-icon landscape'>\n                    <a href='https:\/\/www.cetys.mx\/noticias\/clase-final-alumnos-de-lic-en-administracion-de-mercadotecnia-realizan-diagnostico-a-empresas\/lam-clase-alfredo-valadez-clase-03\/'><img loading=\"lazy\" decoding=\"async\" width=\"128\" height=\"85\" src=\"https:\/\/www.cetys.mx\/noticias\/wp-content\/uploads\/2023\/06\/lam-clase-alfredo-valadez-clase-03.png\" class=\"attachment-thumbnail size-thumbnail\" alt=\"\" srcset=\"https:\/\/www.cetys.mx\/noticias\/wp-content\/uploads\/2023\/06\/lam-clase-alfredo-valadez-clase-03.png 958w, https:\/\/www.cetys.mx\/noticias\/wp-content\/uploads\/2023\/06\/lam-clase-alfredo-valadez-clase-03-768x511.png 768w\" sizes=\"auto, (max-width: 128px) 100vw, 128px\" \/><\/a>\n                <\/dt><\/dl><br style=\"clear: both\" \/>\n            <\/div>\n\n","protected":false},"excerpt":{"rendered":"<p>El pasado martes 30 de mayo en la marco de la asignatura &#8220;M\u00e9tricas de Mercadotecnia&#8221; loa dos grupos de octavo semestre de&#8230;<\/p>\n","protected":false},"author":24,"featured_media":173509,"comment_status":"open","ping_status":"closed","sticky":false,"template":"","format":"standard","meta":{"footnotes":""},"categories":[134,306],"tags":[297,5532],"class_list":["post-173508","post","type-post","status-publish","format-standard","has-post-thumbnail","hentry","category-campus-tijuana","category-profesional","tag-campus-tijuana","tag-licenciatura-en-administracion-de-mercadotecnia"],"yoast_head":"<!-- This site is optimized with the Yoast SEO plugin v27.4 - https:\/\/yoast.com\/product\/yoast-seo-wordpress\/ -->\n<title>&quot;Clase final&quot; Alumnos de Lic. en Administraci\u00f3n de Mercadotecnia realizan diagn\u00f3stico a empresas - CETYS<\/title>\n<meta name=\"description\" content=\"Articulo sobre &quot;Clase final&quot; Alumnos de Lic. en Administraci\u00f3n de Mercadotecnia realizan diagn\u00f3stico a empresas\" \/>\n<meta name=\"robots\" content=\"index, follow, max-snippet:-1, max-image-preview:large, max-video-preview:-1\" \/>\n<link rel=\"canonical\" href=\"https:\/\/www.cetys.mx\/noticias\/clase-final-alumnos-de-lic-en-administracion-de-mercadotecnia-realizan-diagnostico-a-empresas\/\" \/>\n<meta property=\"og:locale\" content=\"es_MX\" \/>\n<meta property=\"og:type\" content=\"article\" \/>\n<meta property=\"og:title\" content=\"&quot;Clase final&quot; Alumnos de Lic. en Administraci\u00f3n de Mercadotecnia realizan diagn\u00f3stico a empresas - CETYS\" \/>\n<meta property=\"og:description\" content=\"Articulo sobre &quot;Clase final&quot; Alumnos de Lic. en Administraci\u00f3n de Mercadotecnia realizan diagn\u00f3stico a empresas\" \/>\n<meta property=\"og:url\" content=\"https:\/\/www.cetys.mx\/noticias\/clase-final-alumnos-de-lic-en-administracion-de-mercadotecnia-realizan-diagnostico-a-empresas\/\" \/>\n<meta property=\"og:site_name\" content=\"CETYS\" \/>\n<meta property=\"article:publisher\" content=\"https:\/\/www.facebook.com\/cetysuniversidadmxl\/\" \/>\n<meta property=\"article:published_time\" content=\"2023-06-07T00:56:42+00:00\" \/>\n<meta property=\"article:modified_time\" content=\"2023-06-07T03:06:42+00:00\" \/>\n<meta property=\"og:image\" content=\"https:\/\/www.cetys.mx\/noticias\/wp-content\/uploads\/2023\/06\/lam-clase-alfredo-valadez.png\" \/>\n\t<meta property=\"og:image:width\" content=\"957\" \/>\n\t<meta property=\"og:image:height\" content=\"636\" \/>\n\t<meta property=\"og:image:type\" content=\"image\/png\" \/>\n<meta name=\"author\" content=\"Campus Tijuana\" \/>\n<meta name=\"twitter:card\" content=\"summary_large_image\" \/>\n<meta name=\"twitter:creator\" content=\"@cetysuni\" \/>\n<meta name=\"twitter:site\" content=\"@cetysuni\" \/>\n<meta name=\"twitter:label1\" content=\"Escrito por\" \/>\n\t<meta name=\"twitter:data1\" content=\"Campus Tijuana\" \/>\n\t<meta name=\"twitter:label2\" content=\"Tiempo de lectura\" \/>\n\t<meta name=\"twitter:data2\" content=\"1 minuto\" \/>\n<script type=\"application\/ld+json\" class=\"yoast-schema-graph\">{\"@context\":\"https:\\\/\\\/schema.org\",\"@graph\":[{\"@type\":\"Article\",\"@id\":\"https:\\\/\\\/www.cetys.mx\\\/noticias\\\/clase-final-alumnos-de-lic-en-administracion-de-mercadotecnia-realizan-diagnostico-a-empresas\\\/#article\",\"isPartOf\":{\"@id\":\"https:\\\/\\\/www.cetys.mx\\\/noticias\\\/clase-final-alumnos-de-lic-en-administracion-de-mercadotecnia-realizan-diagnostico-a-empresas\\\/\"},\"author\":{\"name\":\"Campus Tijuana\",\"@id\":\"https:\\\/\\\/www.cetys.mx\\\/noticias\\\/#\\\/schema\\\/person\\\/e790051ce60e18ae47cfa87011c8653f\"},\"headline\":\"&#8220;Clase final&#8221; Alumnos de Lic. en Administraci\u00f3n de Mercadotecnia realizan diagn\u00f3stico a empresas\",\"datePublished\":\"2023-06-07T00:56:42+00:00\",\"dateModified\":\"2023-06-07T03:06:42+00:00\",\"mainEntityOfPage\":{\"@id\":\"https:\\\/\\\/www.cetys.mx\\\/noticias\\\/clase-final-alumnos-de-lic-en-administracion-de-mercadotecnia-realizan-diagnostico-a-empresas\\\/\"},\"wordCount\":170,\"commentCount\":0,\"image\":{\"@id\":\"https:\\\/\\\/www.cetys.mx\\\/noticias\\\/clase-final-alumnos-de-lic-en-administracion-de-mercadotecnia-realizan-diagnostico-a-empresas\\\/#primaryimage\"},\"thumbnailUrl\":\"https:\\\/\\\/www.cetys.mx\\\/noticias\\\/wp-content\\\/uploads\\\/2023\\\/06\\\/lam-clase-alfredo-valadez.png\",\"keywords\":[\"Campus Tijuana\",\"Licenciatura en Administraci\u00f3n de Mercadotecnia\"],\"articleSection\":[\"Campus Tijuana\",\"Profesional\"],\"inLanguage\":\"es\",\"potentialAction\":[{\"@type\":\"CommentAction\",\"name\":\"Comment\",\"target\":[\"https:\\\/\\\/www.cetys.mx\\\/noticias\\\/clase-final-alumnos-de-lic-en-administracion-de-mercadotecnia-realizan-diagnostico-a-empresas\\\/#respond\"]}]},{\"@type\":\"WebPage\",\"@id\":\"https:\\\/\\\/www.cetys.mx\\\/noticias\\\/clase-final-alumnos-de-lic-en-administracion-de-mercadotecnia-realizan-diagnostico-a-empresas\\\/\",\"url\":\"https:\\\/\\\/www.cetys.mx\\\/noticias\\\/clase-final-alumnos-de-lic-en-administracion-de-mercadotecnia-realizan-diagnostico-a-empresas\\\/\",\"name\":\"\\\"Clase final\\\" Alumnos de Lic. en Administraci\u00f3n de Mercadotecnia realizan diagn\u00f3stico a empresas - CETYS\",\"isPartOf\":{\"@id\":\"https:\\\/\\\/www.cetys.mx\\\/noticias\\\/#website\"},\"primaryImageOfPage\":{\"@id\":\"https:\\\/\\\/www.cetys.mx\\\/noticias\\\/clase-final-alumnos-de-lic-en-administracion-de-mercadotecnia-realizan-diagnostico-a-empresas\\\/#primaryimage\"},\"image\":{\"@id\":\"https:\\\/\\\/www.cetys.mx\\\/noticias\\\/clase-final-alumnos-de-lic-en-administracion-de-mercadotecnia-realizan-diagnostico-a-empresas\\\/#primaryimage\"},\"thumbnailUrl\":\"https:\\\/\\\/www.cetys.mx\\\/noticias\\\/wp-content\\\/uploads\\\/2023\\\/06\\\/lam-clase-alfredo-valadez.png\",\"datePublished\":\"2023-06-07T00:56:42+00:00\",\"dateModified\":\"2023-06-07T03:06:42+00:00\",\"author\":{\"@id\":\"https:\\\/\\\/www.cetys.mx\\\/noticias\\\/#\\\/schema\\\/person\\\/e790051ce60e18ae47cfa87011c8653f\"},\"description\":\"Articulo sobre \\\"Clase final\\\" Alumnos de Lic. en Administraci\u00f3n de Mercadotecnia realizan diagn\u00f3stico a empresas\",\"breadcrumb\":{\"@id\":\"https:\\\/\\\/www.cetys.mx\\\/noticias\\\/clase-final-alumnos-de-lic-en-administracion-de-mercadotecnia-realizan-diagnostico-a-empresas\\\/#breadcrumb\"},\"inLanguage\":\"es\",\"potentialAction\":[{\"@type\":\"ReadAction\",\"target\":[\"https:\\\/\\\/www.cetys.mx\\\/noticias\\\/clase-final-alumnos-de-lic-en-administracion-de-mercadotecnia-realizan-diagnostico-a-empresas\\\/\"]}]},{\"@type\":\"ImageObject\",\"inLanguage\":\"es\",\"@id\":\"https:\\\/\\\/www.cetys.mx\\\/noticias\\\/clase-final-alumnos-de-lic-en-administracion-de-mercadotecnia-realizan-diagnostico-a-empresas\\\/#primaryimage\",\"url\":\"https:\\\/\\\/www.cetys.mx\\\/noticias\\\/wp-content\\\/uploads\\\/2023\\\/06\\\/lam-clase-alfredo-valadez.png\",\"contentUrl\":\"https:\\\/\\\/www.cetys.mx\\\/noticias\\\/wp-content\\\/uploads\\\/2023\\\/06\\\/lam-clase-alfredo-valadez.png\",\"width\":957,\"height\":636},{\"@type\":\"BreadcrumbList\",\"@id\":\"https:\\\/\\\/www.cetys.mx\\\/noticias\\\/clase-final-alumnos-de-lic-en-administracion-de-mercadotecnia-realizan-diagnostico-a-empresas\\\/#breadcrumb\",\"itemListElement\":[{\"@type\":\"ListItem\",\"position\":1,\"name\":\"Inicio\",\"item\":\"https:\\\/\\\/www.cetys.mx\\\/noticias\\\/\"},{\"@type\":\"ListItem\",\"position\":2,\"name\":\"&#8220;Clase final&#8221; Alumnos de Lic. en Administraci\u00f3n de Mercadotecnia realizan diagn\u00f3stico a empresas\"}]},{\"@type\":\"WebSite\",\"@id\":\"https:\\\/\\\/www.cetys.mx\\\/noticias\\\/#website\",\"url\":\"https:\\\/\\\/www.cetys.mx\\\/noticias\\\/\",\"name\":\"CETYS\",\"description\":\"\",\"potentialAction\":[{\"@type\":\"SearchAction\",\"target\":{\"@type\":\"EntryPoint\",\"urlTemplate\":\"https:\\\/\\\/www.cetys.mx\\\/noticias\\\/?s={search_term_string}\"},\"query-input\":{\"@type\":\"PropertyValueSpecification\",\"valueRequired\":true,\"valueName\":\"search_term_string\"}}],\"inLanguage\":\"es\"},{\"@type\":\"Person\",\"@id\":\"https:\\\/\\\/www.cetys.mx\\\/noticias\\\/#\\\/schema\\\/person\\\/e790051ce60e18ae47cfa87011c8653f\",\"name\":\"Campus Tijuana\",\"url\":\"https:\\\/\\\/www.cetys.mx\\\/noticias\\\/author\\\/campustijuana\\\/\"}]}<\/script>\n<!-- \/ Yoast SEO plugin. -->","yoast_head_json":{"title":"\"Clase final\" Alumnos de Lic. en Administraci\u00f3n de Mercadotecnia realizan diagn\u00f3stico a empresas - CETYS","description":"Articulo sobre \"Clase final\" Alumnos de Lic. en Administraci\u00f3n de Mercadotecnia realizan diagn\u00f3stico a empresas","robots":{"index":"index","follow":"follow","max-snippet":"max-snippet:-1","max-image-preview":"max-image-preview:large","max-video-preview":"max-video-preview:-1"},"canonical":"https:\/\/www.cetys.mx\/noticias\/clase-final-alumnos-de-lic-en-administracion-de-mercadotecnia-realizan-diagnostico-a-empresas\/","og_locale":"es_MX","og_type":"article","og_title":"\"Clase final\" Alumnos de Lic. en Administraci\u00f3n de Mercadotecnia realizan diagn\u00f3stico a empresas - CETYS","og_description":"Articulo sobre \"Clase final\" Alumnos de Lic. en Administraci\u00f3n de Mercadotecnia realizan diagn\u00f3stico a empresas","og_url":"https:\/\/www.cetys.mx\/noticias\/clase-final-alumnos-de-lic-en-administracion-de-mercadotecnia-realizan-diagnostico-a-empresas\/","og_site_name":"CETYS","article_publisher":"https:\/\/www.facebook.com\/cetysuniversidadmxl\/","article_published_time":"2023-06-07T00:56:42+00:00","article_modified_time":"2023-06-07T03:06:42+00:00","og_image":[{"width":957,"height":636,"url":"https:\/\/www.cetys.mx\/noticias\/wp-content\/uploads\/2023\/06\/lam-clase-alfredo-valadez.png","type":"image\/png"}],"author":"Campus Tijuana","twitter_card":"summary_large_image","twitter_creator":"@cetysuni","twitter_site":"@cetysuni","twitter_misc":{"Escrito por":"Campus Tijuana","Tiempo de lectura":"1 minuto"},"schema":{"@context":"https:\/\/schema.org","@graph":[{"@type":"Article","@id":"https:\/\/www.cetys.mx\/noticias\/clase-final-alumnos-de-lic-en-administracion-de-mercadotecnia-realizan-diagnostico-a-empresas\/#article","isPartOf":{"@id":"https:\/\/www.cetys.mx\/noticias\/clase-final-alumnos-de-lic-en-administracion-de-mercadotecnia-realizan-diagnostico-a-empresas\/"},"author":{"name":"Campus Tijuana","@id":"https:\/\/www.cetys.mx\/noticias\/#\/schema\/person\/e790051ce60e18ae47cfa87011c8653f"},"headline":"&#8220;Clase final&#8221; Alumnos de Lic. en Administraci\u00f3n de Mercadotecnia realizan diagn\u00f3stico a empresas","datePublished":"2023-06-07T00:56:42+00:00","dateModified":"2023-06-07T03:06:42+00:00","mainEntityOfPage":{"@id":"https:\/\/www.cetys.mx\/noticias\/clase-final-alumnos-de-lic-en-administracion-de-mercadotecnia-realizan-diagnostico-a-empresas\/"},"wordCount":170,"commentCount":0,"image":{"@id":"https:\/\/www.cetys.mx\/noticias\/clase-final-alumnos-de-lic-en-administracion-de-mercadotecnia-realizan-diagnostico-a-empresas\/#primaryimage"},"thumbnailUrl":"https:\/\/www.cetys.mx\/noticias\/wp-content\/uploads\/2023\/06\/lam-clase-alfredo-valadez.png","keywords":["Campus Tijuana","Licenciatura en Administraci\u00f3n de Mercadotecnia"],"articleSection":["Campus Tijuana","Profesional"],"inLanguage":"es","potentialAction":[{"@type":"CommentAction","name":"Comment","target":["https:\/\/www.cetys.mx\/noticias\/clase-final-alumnos-de-lic-en-administracion-de-mercadotecnia-realizan-diagnostico-a-empresas\/#respond"]}]},{"@type":"WebPage","@id":"https:\/\/www.cetys.mx\/noticias\/clase-final-alumnos-de-lic-en-administracion-de-mercadotecnia-realizan-diagnostico-a-empresas\/","url":"https:\/\/www.cetys.mx\/noticias\/clase-final-alumnos-de-lic-en-administracion-de-mercadotecnia-realizan-diagnostico-a-empresas\/","name":"\"Clase final\" Alumnos de Lic. en Administraci\u00f3n de Mercadotecnia realizan diagn\u00f3stico a empresas - CETYS","isPartOf":{"@id":"https:\/\/www.cetys.mx\/noticias\/#website"},"primaryImageOfPage":{"@id":"https:\/\/www.cetys.mx\/noticias\/clase-final-alumnos-de-lic-en-administracion-de-mercadotecnia-realizan-diagnostico-a-empresas\/#primaryimage"},"image":{"@id":"https:\/\/www.cetys.mx\/noticias\/clase-final-alumnos-de-lic-en-administracion-de-mercadotecnia-realizan-diagnostico-a-empresas\/#primaryimage"},"thumbnailUrl":"https:\/\/www.cetys.mx\/noticias\/wp-content\/uploads\/2023\/06\/lam-clase-alfredo-valadez.png","datePublished":"2023-06-07T00:56:42+00:00","dateModified":"2023-06-07T03:06:42+00:00","author":{"@id":"https:\/\/www.cetys.mx\/noticias\/#\/schema\/person\/e790051ce60e18ae47cfa87011c8653f"},"description":"Articulo sobre \"Clase final\" Alumnos de Lic. en Administraci\u00f3n de Mercadotecnia realizan diagn\u00f3stico a empresas","breadcrumb":{"@id":"https:\/\/www.cetys.mx\/noticias\/clase-final-alumnos-de-lic-en-administracion-de-mercadotecnia-realizan-diagnostico-a-empresas\/#breadcrumb"},"inLanguage":"es","potentialAction":[{"@type":"ReadAction","target":["https:\/\/www.cetys.mx\/noticias\/clase-final-alumnos-de-lic-en-administracion-de-mercadotecnia-realizan-diagnostico-a-empresas\/"]}]},{"@type":"ImageObject","inLanguage":"es","@id":"https:\/\/www.cetys.mx\/noticias\/clase-final-alumnos-de-lic-en-administracion-de-mercadotecnia-realizan-diagnostico-a-empresas\/#primaryimage","url":"https:\/\/www.cetys.mx\/noticias\/wp-content\/uploads\/2023\/06\/lam-clase-alfredo-valadez.png","contentUrl":"https:\/\/www.cetys.mx\/noticias\/wp-content\/uploads\/2023\/06\/lam-clase-alfredo-valadez.png","width":957,"height":636},{"@type":"BreadcrumbList","@id":"https:\/\/www.cetys.mx\/noticias\/clase-final-alumnos-de-lic-en-administracion-de-mercadotecnia-realizan-diagnostico-a-empresas\/#breadcrumb","itemListElement":[{"@type":"ListItem","position":1,"name":"Inicio","item":"https:\/\/www.cetys.mx\/noticias\/"},{"@type":"ListItem","position":2,"name":"&#8220;Clase final&#8221; Alumnos de Lic. en Administraci\u00f3n de Mercadotecnia realizan diagn\u00f3stico a empresas"}]},{"@type":"WebSite","@id":"https:\/\/www.cetys.mx\/noticias\/#website","url":"https:\/\/www.cetys.mx\/noticias\/","name":"CETYS","description":"","potentialAction":[{"@type":"SearchAction","target":{"@type":"EntryPoint","urlTemplate":"https:\/\/www.cetys.mx\/noticias\/?s={search_term_string}"},"query-input":{"@type":"PropertyValueSpecification","valueRequired":true,"valueName":"search_term_string"}}],"inLanguage":"es"},{"@type":"Person","@id":"https:\/\/www.cetys.mx\/noticias\/#\/schema\/person\/e790051ce60e18ae47cfa87011c8653f","name":"Campus Tijuana","url":"https:\/\/www.cetys.mx\/noticias\/author\/campustijuana\/"}]}},"_links":{"self":[{"href":"https:\/\/www.cetys.mx\/noticias\/wp-json\/wp\/v2\/posts\/173508","targetHints":{"allow":["GET"]}}],"collection":[{"href":"https:\/\/www.cetys.mx\/noticias\/wp-json\/wp\/v2\/posts"}],"about":[{"href":"https:\/\/www.cetys.mx\/noticias\/wp-json\/wp\/v2\/types\/post"}],"author":[{"embeddable":true,"href":"https:\/\/www.cetys.mx\/noticias\/wp-json\/wp\/v2\/users\/24"}],"replies":[{"embeddable":true,"href":"https:\/\/www.cetys.mx\/noticias\/wp-json\/wp\/v2\/comments?post=173508"}],"version-history":[{"count":2,"href":"https:\/\/www.cetys.mx\/noticias\/wp-json\/wp\/v2\/posts\/173508\/revisions"}],"predecessor-version":[{"id":173518,"href":"https:\/\/www.cetys.mx\/noticias\/wp-json\/wp\/v2\/posts\/173508\/revisions\/173518"}],"wp:featuredmedia":[{"embeddable":true,"href":"https:\/\/www.cetys.mx\/noticias\/wp-json\/wp\/v2\/media\/173509"}],"wp:attachment":[{"href":"https:\/\/www.cetys.mx\/noticias\/wp-json\/wp\/v2\/media?parent=173508"}],"wp:term":[{"taxonomy":"category","embeddable":true,"href":"https:\/\/www.cetys.mx\/noticias\/wp-json\/wp\/v2\/categories?post=173508"},{"taxonomy":"post_tag","embeddable":true,"href":"https:\/\/www.cetys.mx\/noticias\/wp-json\/wp\/v2\/tags?post=173508"}],"curies":[{"name":"wp","href":"https:\/\/api.w.org\/{rel}","templated":true}]}}