{"id":173415,"date":"2023-06-02T11:31:51","date_gmt":"2023-06-02T18:31:51","guid":{"rendered":"https:\/\/www.cetys.mx\/noticias\/?p=173415"},"modified":"2023-06-02T11:31:51","modified_gmt":"2023-06-02T18:31:51","slug":"gisel-jimenez-se-gradua-como-maestra-en-responsabilidad-social","status":"publish","type":"post","link":"https:\/\/www.cetys.mx\/noticias\/gisel-jimenez-se-gradua-como-maestra-en-responsabilidad-social\/","title":{"rendered":"Dedicaci\u00f3n y compromiso por la Responsabilidad Social: Gisel Jim\u00e9nez"},"content":{"rendered":"<p><span style=\"font-weight: 400;\"><strong>Gisel Jim\u00e9nez, Directora a nivel Sistema de <a href=\"http:\/\/www.cetys.mx\/alumni\">CETYS Alumni<\/a><\/strong>, siempre se ha interesado en el apoyo comunitario y la creaci\u00f3n de v\u00ednculos en beneficio de la comunidad. Esta trayectoria comenz\u00f3 desde la secundaria, y una vez que se volvi\u00f3 miembro de la Familia CETYS Universidad, continu\u00f3 desarrollando su liderazgo en grupos de la sociedad civil, medio ambiente y diversos \u00e1mbitos de participaci\u00f3n.<\/span><\/p>\n<p><span style=\"font-weight: 400;\">Es as\u00ed que suma un logro m\u00e1s a su lista, al haberse graduado como <strong>Maestra en Responsabilidad Social<\/strong> por la Universidad An\u00e1huac, M\u00e9xico Norte, siendo este el segundo posgrado de su trayectoria profesional.<\/span><\/p>\n<p><span style=\"font-weight: 400;\">Gisel se gradu\u00f3 como Licenciada en Administraci\u00f3n de Mercadotecnia y obtuvo un grado de Maestr\u00eda en Administraci\u00f3n con concentraci\u00f3n en Alta Direcci\u00f3n por parte de CETYS Universidad. Se ha desempe\u00f1ado como la Directora a nivel Sistema de CETYS Alumni desde el 2015, llevando el departamento de apoyo a los egresados de la Instituci\u00f3n a un gran \u00e9xito, siendo reconocidos en el 2020 por el Council for Advancement and Support of Education con el Latin America Platinum Award, por la iniciativa Impacto CETYS Alumni, con el objetivo de dar a conocer el impacto positivo de los egresados en sus comunidades.<\/span><\/p>\n<p><span style=\"font-weight: 400;\">Su inter\u00e9s por estudiar un nuevo posgrado fue gracias a su voluntad de mejorar la calidad de vida de la comunidad:<\/span><\/p>\n<blockquote><p><strong>\u201cMe gustar\u00eda involucrarme m\u00e1s en la gesti\u00f3n de la responsabilidad social universitaria, cuyo objetivo fundamental es desarrollar una serie de acciones que permitan estrechar las relaciones de la Universidad con la sociedad\u201d.<\/strong><\/p>\n<p><a href=\"https:\/\/www.cetys.mx\/noticias\/wp-content\/uploads\/2023\/06\/Gisel-Jim\u00e9nez-CETYS-Alumni.jpg\"><img loading=\"lazy\" decoding=\"async\" class=\"wp-image-173418 aligncenter\" src=\"https:\/\/www.cetys.mx\/noticias\/wp-content\/uploads\/2023\/06\/Gisel-Jim\u00e9nez-CETYS-Alumni.jpg\" alt=\"\" width=\"719\" height=\"404\" srcset=\"https:\/\/www.cetys.mx\/noticias\/wp-content\/uploads\/2023\/06\/Gisel-Jim\u00e9nez-CETYS-Alumni.jpg 1600w, https:\/\/www.cetys.mx\/noticias\/wp-content\/uploads\/2023\/06\/Gisel-Jim\u00e9nez-CETYS-Alumni-768x432.jpg 768w\" sizes=\"auto, (max-width: 719px) 100vw, 719px\" \/><\/a><\/p><\/blockquote>\n<p><span style=\"font-weight: 400;\">Sobre los retos a conquistar, coment\u00f3 que hay muchos campos de acci\u00f3n para explorar:<\/span><\/p>\n<blockquote><p><strong>\u201cPodemos lograr mucho desde nuestras trincheras: la transformaci\u00f3n econ\u00f3mica, social y del medio ambiente en nuestro pa\u00eds; el poner en pr\u00e1ctica los Objetivos de Desarrollo Sostenible de la ONU; el implementar programas de responsabilidad social universitaria, adem\u00e1s de conocer profesionistas y docentes que est\u00e1n involucrados en empresas donde la responsabilidad sociales es ya una realidad y un ejemplo a seguir\u201d, concluy\u00f3.<\/strong><\/p><\/blockquote>\n<p><span style=\"font-weight: 400;\">Es con estos nuevos conocimientos y experiencias adquiridas, Gisel Jim\u00e9nez refrenda su compromiso y dedicaci\u00f3n con la comunidad de egresados y la Familia CETYS Alumni, siempre con una perspectiva de apoyo a la comunidad.<\/span><\/p>\n","protected":false},"excerpt":{"rendered":"<p>Gisel Jim\u00e9nez, Directora a nivel Sistema de CETYS Alumni, siempre se ha interesado en el apoyo comunitario y la creaci\u00f3n de v\u00ednculos&#8230;<\/p>\n","protected":false},"author":26,"featured_media":173419,"comment_status":"open","ping_status":"closed","sticky":false,"template":"","format":"standard","meta":{"footnotes":""},"categories":[107,209,125],"tags":[909,424,2804],"class_list":["post-173415","post","type-post","status-publish","format-standard","has-post-thumbnail","hentry","category-alumni","category-institucional","category-portada","tag-alumni","tag-egresados","tag-responsabilidad-social"],"yoast_head":"<!-- This site is optimized with the Yoast SEO plugin v27.4 - https:\/\/yoast.com\/product\/yoast-seo-wordpress\/ -->\n<title>Dedicaci\u00f3n y compromiso por la Responsabilidad Social: Gisel Jim\u00e9nez - CETYS<\/title>\n<meta name=\"description\" content=\"La Directora Sistema de CETYS Alumni, Gisel Jim\u00e9nez, se gradu\u00f3 como Maestra en Responsabilidad Social.\" \/>\n<meta name=\"robots\" content=\"index, follow, max-snippet:-1, max-image-preview:large, max-video-preview:-1\" \/>\n<link rel=\"canonical\" href=\"https:\/\/www.cetys.mx\/noticias\/gisel-jimenez-se-gradua-como-maestra-en-responsabilidad-social\/\" \/>\n<meta property=\"og:locale\" content=\"es_MX\" \/>\n<meta property=\"og:type\" content=\"article\" \/>\n<meta property=\"og:title\" content=\"Dedicaci\u00f3n y compromiso por la Responsabilidad Social: Gisel Jim\u00e9nez - CETYS\" \/>\n<meta property=\"og:description\" content=\"La Directora Sistema de CETYS Alumni, Gisel Jim\u00e9nez, se gradu\u00f3 como Maestra en Responsabilidad Social.\" \/>\n<meta property=\"og:url\" content=\"https:\/\/www.cetys.mx\/noticias\/gisel-jimenez-se-gradua-como-maestra-en-responsabilidad-social\/\" \/>\n<meta property=\"og:site_name\" content=\"CETYS\" \/>\n<meta property=\"article:publisher\" content=\"https:\/\/www.facebook.com\/cetysuniversidadmxl\/\" \/>\n<meta property=\"article:published_time\" content=\"2023-06-02T18:31:51+00:00\" \/>\n<meta property=\"og:image\" content=\"https:\/\/www.cetys.mx\/noticias\/wp-content\/uploads\/2023\/06\/Gisel-Jim\u00e9nez-Directora-Sistema-de-CETYS-Alumni.png\" \/>\n\t<meta property=\"og:image:width\" content=\"958\" \/>\n\t<meta property=\"og:image:height\" content=\"637\" \/>\n\t<meta property=\"og:image:type\" content=\"image\/png\" \/>\n<meta name=\"author\" content=\"CETYS Institucional\" \/>\n<meta name=\"twitter:card\" content=\"summary_large_image\" \/>\n<meta name=\"twitter:creator\" content=\"@cetysuni\" \/>\n<meta name=\"twitter:site\" content=\"@cetysuni\" \/>\n<meta name=\"twitter:label1\" content=\"Escrito por\" \/>\n\t<meta name=\"twitter:data1\" content=\"CETYS Institucional\" \/>\n\t<meta name=\"twitter:label2\" content=\"Tiempo de lectura\" \/>\n\t<meta name=\"twitter:data2\" content=\"2 minutos\" \/>\n<script type=\"application\/ld+json\" class=\"yoast-schema-graph\">{\"@context\":\"https:\\\/\\\/schema.org\",\"@graph\":[{\"@type\":\"Article\",\"@id\":\"https:\\\/\\\/www.cetys.mx\\\/noticias\\\/gisel-jimenez-se-gradua-como-maestra-en-responsabilidad-social\\\/#article\",\"isPartOf\":{\"@id\":\"https:\\\/\\\/www.cetys.mx\\\/noticias\\\/gisel-jimenez-se-gradua-como-maestra-en-responsabilidad-social\\\/\"},\"author\":{\"name\":\"CETYS Institucional\",\"@id\":\"https:\\\/\\\/www.cetys.mx\\\/noticias\\\/#\\\/schema\\\/person\\\/e9d2b35265b64aa454df57a2828eb2ac\"},\"headline\":\"Dedicaci\u00f3n y compromiso por la Responsabilidad Social: Gisel Jim\u00e9nez\",\"datePublished\":\"2023-06-02T18:31:51+00:00\",\"mainEntityOfPage\":{\"@id\":\"https:\\\/\\\/www.cetys.mx\\\/noticias\\\/gisel-jimenez-se-gradua-como-maestra-en-responsabilidad-social\\\/\"},\"wordCount\":392,\"commentCount\":0,\"image\":{\"@id\":\"https:\\\/\\\/www.cetys.mx\\\/noticias\\\/gisel-jimenez-se-gradua-como-maestra-en-responsabilidad-social\\\/#primaryimage\"},\"thumbnailUrl\":\"https:\\\/\\\/www.cetys.mx\\\/noticias\\\/wp-content\\\/uploads\\\/2023\\\/06\\\/Gisel-Jim\u00e9nez-Directora-Sistema-de-CETYS-Alumni.png\",\"keywords\":[\"Alumni\",\"Egresados\",\"Responsabilidad Social\"],\"articleSection\":[\"Alumni\",\"Institucional\",\"Portada\"],\"inLanguage\":\"es\",\"potentialAction\":[{\"@type\":\"CommentAction\",\"name\":\"Comment\",\"target\":[\"https:\\\/\\\/www.cetys.mx\\\/noticias\\\/gisel-jimenez-se-gradua-como-maestra-en-responsabilidad-social\\\/#respond\"]}]},{\"@type\":\"WebPage\",\"@id\":\"https:\\\/\\\/www.cetys.mx\\\/noticias\\\/gisel-jimenez-se-gradua-como-maestra-en-responsabilidad-social\\\/\",\"url\":\"https:\\\/\\\/www.cetys.mx\\\/noticias\\\/gisel-jimenez-se-gradua-como-maestra-en-responsabilidad-social\\\/\",\"name\":\"Dedicaci\u00f3n y compromiso por la Responsabilidad Social: Gisel Jim\u00e9nez - CETYS\",\"isPartOf\":{\"@id\":\"https:\\\/\\\/www.cetys.mx\\\/noticias\\\/#website\"},\"primaryImageOfPage\":{\"@id\":\"https:\\\/\\\/www.cetys.mx\\\/noticias\\\/gisel-jimenez-se-gradua-como-maestra-en-responsabilidad-social\\\/#primaryimage\"},\"image\":{\"@id\":\"https:\\\/\\\/www.cetys.mx\\\/noticias\\\/gisel-jimenez-se-gradua-como-maestra-en-responsabilidad-social\\\/#primaryimage\"},\"thumbnailUrl\":\"https:\\\/\\\/www.cetys.mx\\\/noticias\\\/wp-content\\\/uploads\\\/2023\\\/06\\\/Gisel-Jim\u00e9nez-Directora-Sistema-de-CETYS-Alumni.png\",\"datePublished\":\"2023-06-02T18:31:51+00:00\",\"author\":{\"@id\":\"https:\\\/\\\/www.cetys.mx\\\/noticias\\\/#\\\/schema\\\/person\\\/e9d2b35265b64aa454df57a2828eb2ac\"},\"description\":\"La Directora Sistema de CETYS Alumni, Gisel Jim\u00e9nez, se gradu\u00f3 como Maestra en Responsabilidad Social.\",\"breadcrumb\":{\"@id\":\"https:\\\/\\\/www.cetys.mx\\\/noticias\\\/gisel-jimenez-se-gradua-como-maestra-en-responsabilidad-social\\\/#breadcrumb\"},\"inLanguage\":\"es\",\"potentialAction\":[{\"@type\":\"ReadAction\",\"target\":[\"https:\\\/\\\/www.cetys.mx\\\/noticias\\\/gisel-jimenez-se-gradua-como-maestra-en-responsabilidad-social\\\/\"]}]},{\"@type\":\"ImageObject\",\"inLanguage\":\"es\",\"@id\":\"https:\\\/\\\/www.cetys.mx\\\/noticias\\\/gisel-jimenez-se-gradua-como-maestra-en-responsabilidad-social\\\/#primaryimage\",\"url\":\"https:\\\/\\\/www.cetys.mx\\\/noticias\\\/wp-content\\\/uploads\\\/2023\\\/06\\\/Gisel-Jim\u00e9nez-Directora-Sistema-de-CETYS-Alumni.png\",\"contentUrl\":\"https:\\\/\\\/www.cetys.mx\\\/noticias\\\/wp-content\\\/uploads\\\/2023\\\/06\\\/Gisel-Jim\u00e9nez-Directora-Sistema-de-CETYS-Alumni.png\",\"width\":958,\"height\":637},{\"@type\":\"BreadcrumbList\",\"@id\":\"https:\\\/\\\/www.cetys.mx\\\/noticias\\\/gisel-jimenez-se-gradua-como-maestra-en-responsabilidad-social\\\/#breadcrumb\",\"itemListElement\":[{\"@type\":\"ListItem\",\"position\":1,\"name\":\"Inicio\",\"item\":\"https:\\\/\\\/www.cetys.mx\\\/noticias\\\/\"},{\"@type\":\"ListItem\",\"position\":2,\"name\":\"Dedicaci\u00f3n y compromiso por la Responsabilidad Social: Gisel Jim\u00e9nez\"}]},{\"@type\":\"WebSite\",\"@id\":\"https:\\\/\\\/www.cetys.mx\\\/noticias\\\/#website\",\"url\":\"https:\\\/\\\/www.cetys.mx\\\/noticias\\\/\",\"name\":\"CETYS\",\"description\":\"\",\"potentialAction\":[{\"@type\":\"SearchAction\",\"target\":{\"@type\":\"EntryPoint\",\"urlTemplate\":\"https:\\\/\\\/www.cetys.mx\\\/noticias\\\/?s={search_term_string}\"},\"query-input\":{\"@type\":\"PropertyValueSpecification\",\"valueRequired\":true,\"valueName\":\"search_term_string\"}}],\"inLanguage\":\"es\"},{\"@type\":\"Person\",\"@id\":\"https:\\\/\\\/www.cetys.mx\\\/noticias\\\/#\\\/schema\\\/person\\\/e9d2b35265b64aa454df57a2828eb2ac\",\"name\":\"CETYS Institucional\",\"url\":\"https:\\\/\\\/www.cetys.mx\\\/noticias\\\/author\\\/cetysinstitucional\\\/\"}]}<\/script>\n<!-- \/ Yoast SEO plugin. -->","yoast_head_json":{"title":"Dedicaci\u00f3n y compromiso por la Responsabilidad Social: Gisel Jim\u00e9nez - CETYS","description":"La Directora Sistema de CETYS Alumni, Gisel Jim\u00e9nez, se gradu\u00f3 como Maestra en Responsabilidad Social.","robots":{"index":"index","follow":"follow","max-snippet":"max-snippet:-1","max-image-preview":"max-image-preview:large","max-video-preview":"max-video-preview:-1"},"canonical":"https:\/\/www.cetys.mx\/noticias\/gisel-jimenez-se-gradua-como-maestra-en-responsabilidad-social\/","og_locale":"es_MX","og_type":"article","og_title":"Dedicaci\u00f3n y compromiso por la Responsabilidad Social: Gisel Jim\u00e9nez - CETYS","og_description":"La Directora Sistema de CETYS Alumni, Gisel Jim\u00e9nez, se gradu\u00f3 como Maestra en Responsabilidad Social.","og_url":"https:\/\/www.cetys.mx\/noticias\/gisel-jimenez-se-gradua-como-maestra-en-responsabilidad-social\/","og_site_name":"CETYS","article_publisher":"https:\/\/www.facebook.com\/cetysuniversidadmxl\/","article_published_time":"2023-06-02T18:31:51+00:00","og_image":[{"width":958,"height":637,"url":"https:\/\/www.cetys.mx\/noticias\/wp-content\/uploads\/2023\/06\/Gisel-Jim\u00e9nez-Directora-Sistema-de-CETYS-Alumni.png","type":"image\/png"}],"author":"CETYS Institucional","twitter_card":"summary_large_image","twitter_creator":"@cetysuni","twitter_site":"@cetysuni","twitter_misc":{"Escrito por":"CETYS Institucional","Tiempo de lectura":"2 minutos"},"schema":{"@context":"https:\/\/schema.org","@graph":[{"@type":"Article","@id":"https:\/\/www.cetys.mx\/noticias\/gisel-jimenez-se-gradua-como-maestra-en-responsabilidad-social\/#article","isPartOf":{"@id":"https:\/\/www.cetys.mx\/noticias\/gisel-jimenez-se-gradua-como-maestra-en-responsabilidad-social\/"},"author":{"name":"CETYS Institucional","@id":"https:\/\/www.cetys.mx\/noticias\/#\/schema\/person\/e9d2b35265b64aa454df57a2828eb2ac"},"headline":"Dedicaci\u00f3n y compromiso por la Responsabilidad Social: Gisel Jim\u00e9nez","datePublished":"2023-06-02T18:31:51+00:00","mainEntityOfPage":{"@id":"https:\/\/www.cetys.mx\/noticias\/gisel-jimenez-se-gradua-como-maestra-en-responsabilidad-social\/"},"wordCount":392,"commentCount":0,"image":{"@id":"https:\/\/www.cetys.mx\/noticias\/gisel-jimenez-se-gradua-como-maestra-en-responsabilidad-social\/#primaryimage"},"thumbnailUrl":"https:\/\/www.cetys.mx\/noticias\/wp-content\/uploads\/2023\/06\/Gisel-Jim\u00e9nez-Directora-Sistema-de-CETYS-Alumni.png","keywords":["Alumni","Egresados","Responsabilidad Social"],"articleSection":["Alumni","Institucional","Portada"],"inLanguage":"es","potentialAction":[{"@type":"CommentAction","name":"Comment","target":["https:\/\/www.cetys.mx\/noticias\/gisel-jimenez-se-gradua-como-maestra-en-responsabilidad-social\/#respond"]}]},{"@type":"WebPage","@id":"https:\/\/www.cetys.mx\/noticias\/gisel-jimenez-se-gradua-como-maestra-en-responsabilidad-social\/","url":"https:\/\/www.cetys.mx\/noticias\/gisel-jimenez-se-gradua-como-maestra-en-responsabilidad-social\/","name":"Dedicaci\u00f3n y compromiso por la Responsabilidad Social: Gisel Jim\u00e9nez - CETYS","isPartOf":{"@id":"https:\/\/www.cetys.mx\/noticias\/#website"},"primaryImageOfPage":{"@id":"https:\/\/www.cetys.mx\/noticias\/gisel-jimenez-se-gradua-como-maestra-en-responsabilidad-social\/#primaryimage"},"image":{"@id":"https:\/\/www.cetys.mx\/noticias\/gisel-jimenez-se-gradua-como-maestra-en-responsabilidad-social\/#primaryimage"},"thumbnailUrl":"https:\/\/www.cetys.mx\/noticias\/wp-content\/uploads\/2023\/06\/Gisel-Jim\u00e9nez-Directora-Sistema-de-CETYS-Alumni.png","datePublished":"2023-06-02T18:31:51+00:00","author":{"@id":"https:\/\/www.cetys.mx\/noticias\/#\/schema\/person\/e9d2b35265b64aa454df57a2828eb2ac"},"description":"La Directora Sistema de CETYS Alumni, Gisel Jim\u00e9nez, se gradu\u00f3 como Maestra en Responsabilidad Social.","breadcrumb":{"@id":"https:\/\/www.cetys.mx\/noticias\/gisel-jimenez-se-gradua-como-maestra-en-responsabilidad-social\/#breadcrumb"},"inLanguage":"es","potentialAction":[{"@type":"ReadAction","target":["https:\/\/www.cetys.mx\/noticias\/gisel-jimenez-se-gradua-como-maestra-en-responsabilidad-social\/"]}]},{"@type":"ImageObject","inLanguage":"es","@id":"https:\/\/www.cetys.mx\/noticias\/gisel-jimenez-se-gradua-como-maestra-en-responsabilidad-social\/#primaryimage","url":"https:\/\/www.cetys.mx\/noticias\/wp-content\/uploads\/2023\/06\/Gisel-Jim\u00e9nez-Directora-Sistema-de-CETYS-Alumni.png","contentUrl":"https:\/\/www.cetys.mx\/noticias\/wp-content\/uploads\/2023\/06\/Gisel-Jim\u00e9nez-Directora-Sistema-de-CETYS-Alumni.png","width":958,"height":637},{"@type":"BreadcrumbList","@id":"https:\/\/www.cetys.mx\/noticias\/gisel-jimenez-se-gradua-como-maestra-en-responsabilidad-social\/#breadcrumb","itemListElement":[{"@type":"ListItem","position":1,"name":"Inicio","item":"https:\/\/www.cetys.mx\/noticias\/"},{"@type":"ListItem","position":2,"name":"Dedicaci\u00f3n y compromiso por la Responsabilidad Social: Gisel Jim\u00e9nez"}]},{"@type":"WebSite","@id":"https:\/\/www.cetys.mx\/noticias\/#website","url":"https:\/\/www.cetys.mx\/noticias\/","name":"CETYS","description":"","potentialAction":[{"@type":"SearchAction","target":{"@type":"EntryPoint","urlTemplate":"https:\/\/www.cetys.mx\/noticias\/?s={search_term_string}"},"query-input":{"@type":"PropertyValueSpecification","valueRequired":true,"valueName":"search_term_string"}}],"inLanguage":"es"},{"@type":"Person","@id":"https:\/\/www.cetys.mx\/noticias\/#\/schema\/person\/e9d2b35265b64aa454df57a2828eb2ac","name":"CETYS Institucional","url":"https:\/\/www.cetys.mx\/noticias\/author\/cetysinstitucional\/"}]}},"_links":{"self":[{"href":"https:\/\/www.cetys.mx\/noticias\/wp-json\/wp\/v2\/posts\/173415","targetHints":{"allow":["GET"]}}],"collection":[{"href":"https:\/\/www.cetys.mx\/noticias\/wp-json\/wp\/v2\/posts"}],"about":[{"href":"https:\/\/www.cetys.mx\/noticias\/wp-json\/wp\/v2\/types\/post"}],"author":[{"embeddable":true,"href":"https:\/\/www.cetys.mx\/noticias\/wp-json\/wp\/v2\/users\/26"}],"replies":[{"embeddable":true,"href":"https:\/\/www.cetys.mx\/noticias\/wp-json\/wp\/v2\/comments?post=173415"}],"version-history":[{"count":1,"href":"https:\/\/www.cetys.mx\/noticias\/wp-json\/wp\/v2\/posts\/173415\/revisions"}],"predecessor-version":[{"id":173420,"href":"https:\/\/www.cetys.mx\/noticias\/wp-json\/wp\/v2\/posts\/173415\/revisions\/173420"}],"wp:featuredmedia":[{"embeddable":true,"href":"https:\/\/www.cetys.mx\/noticias\/wp-json\/wp\/v2\/media\/173419"}],"wp:attachment":[{"href":"https:\/\/www.cetys.mx\/noticias\/wp-json\/wp\/v2\/media?parent=173415"}],"wp:term":[{"taxonomy":"category","embeddable":true,"href":"https:\/\/www.cetys.mx\/noticias\/wp-json\/wp\/v2\/categories?post=173415"},{"taxonomy":"post_tag","embeddable":true,"href":"https:\/\/www.cetys.mx\/noticias\/wp-json\/wp\/v2\/tags?post=173415"}],"curies":[{"name":"wp","href":"https:\/\/api.w.org\/{rel}","templated":true}]}}