{"id":173304,"date":"2023-05-31T11:07:12","date_gmt":"2023-05-31T18:07:12","guid":{"rendered":"https:\/\/www.cetys.mx\/noticias\/?p=173304"},"modified":"2023-05-31T11:07:12","modified_gmt":"2023-05-31T18:07:12","slug":"seleccionan-a-carolina-para-competir-y-podria-ser-embajadora-juvenil-de-la-cop28","status":"publish","type":"post","link":"https:\/\/www.cetys.mx\/noticias\/seleccionan-a-carolina-para-competir-y-podria-ser-embajadora-juvenil-de-la-cop28\/","title":{"rendered":"Seleccionan a Carolina para competir y podr\u00eda ser embajadora juvenil de la COP28"},"content":{"rendered":"<p><span style=\"font-weight: 400;\"><strong>Carolina Navarro<\/strong>, estudiante de <a href=\"https:\/\/www.cetys.mx\/programas\/ingenieria-en-energias-renovables\/\">Ingenier\u00eda en Energ\u00edas Renovables<\/a> en Campus Tijuana fue seleccionada para competir con otros 35 chicos de M\u00e9xico en una convocatoria que busca a <strong>embajadores juveniles<\/strong> que formen parte de la delegaci\u00f3n mexicana que participar\u00e1n en <strong>28\u00b0 Conferencia de las partes (COP28)<\/strong> de la <em>Convenci\u00f3n Marco de las naciones Unidas sobre el Cambio Clim\u00e1tico (CMNUCC).<\/em><\/span><\/p>\n<p><span style=\"font-weight: 400;\">La convocatoria es impulsada por la <em>Secretar\u00eda de Relaciones Exteriores (SRE)<\/em>, el Instituto Mexicano de la Juventud (IMJUVE), el Instituto Mat\u00edas Romero (IMR), el Instituto Nacional de los Pueblos Ind\u00edgenas (INPI), The Climate Reality Project Am\u00e9rica Latina y el Fondo de las Naciones Unidas para la Infancia (UNICEF).<\/span><\/p>\n<p><span style=\"font-weight: 400;\">El programa tendr\u00e1 dos etapas: en la primera de ellas, y en la que Carolina fue seleccionada junto con 35 personas m\u00e1s, tomar\u00e1n una serie de capacitaciones con duraci\u00f3n de cuatro meses sobre temas de diplomacia y cambio clim\u00e1tico. Mientras que para la segunda etapa elegir\u00e1n a cuatro de este grupo para formar parte de la Delegaci\u00f3n Mexicana que atender\u00e1 la COP28 de la CMNUCC, que se realizar\u00e1 del jueves 30 de noviembre al martes 12 de diciembre de 2023, en Dub\u00e1i.<\/span><\/p>\n<div id=\"attachment_171776\" style=\"width: 645px\" class=\"wp-caption aligncenter\"><img loading=\"lazy\" decoding=\"async\" aria-describedby=\"caption-attachment-171776\" class=\"wp-image-171776\" src=\"https:\/\/www.cetys.mx\/noticias\/wp-content\/uploads\/2023\/04\/carolina-navarro-terravita.png\" alt=\"\" width=\"635\" height=\"422\" srcset=\"https:\/\/www.cetys.mx\/noticias\/wp-content\/uploads\/2023\/04\/carolina-navarro-terravita.png 958w, https:\/\/www.cetys.mx\/noticias\/wp-content\/uploads\/2023\/04\/carolina-navarro-terravita-768x511.png 768w\" sizes=\"auto, (max-width: 635px) 100vw, 635px\" \/><p id=\"caption-attachment-171776\" class=\"wp-caption-text\">Carolina Navarro, estudiante de Ingenier\u00eda en Energ\u00edas Renovables en Campus Tijuana.<\/p><\/div>\n","protected":false},"excerpt":{"rendered":"<p>Carolina Navarro, estudiante de Ingenier\u00eda en Energ\u00edas Renovables en Campus Tijuana fue seleccionada para competir con otros 35 chicos de M\u00e9xico en&#8230;<\/p>\n","protected":false},"author":24,"featured_media":173284,"comment_status":"open","ping_status":"closed","sticky":false,"template":"","format":"standard","meta":{"footnotes":""},"categories":[134,1850,3031,306,313],"tags":[297,168,1632,4287],"class_list":["post-173304","post","type-post","status-publish","format-standard","has-post-thumbnail","hentry","category-campus-tijuana","category-ingenieria","category-liderazgo","category-profesional","category-vocetys-2","tag-campus-tijuana","tag-cetys-universidad","tag-escuela-de-ingenieria","tag-ingenieria-en-energias-renovables"],"yoast_head":"<!-- This site is optimized with the Yoast SEO plugin v27.4 - https:\/\/yoast.com\/product\/yoast-seo-wordpress\/ -->\n<title>Seleccionan a Carolina para competir y podr\u00eda ser embajadora juvenil de la COP28 - CETYS<\/title>\n<meta name=\"description\" content=\"Articulo sobre Seleccionan a Carolina para competir y podr\u00eda ser embajadora juvenil de la COP28\" \/>\n<meta name=\"robots\" content=\"index, follow, max-snippet:-1, max-image-preview:large, max-video-preview:-1\" \/>\n<link rel=\"canonical\" href=\"https:\/\/www.cetys.mx\/noticias\/seleccionan-a-carolina-para-competir-y-podria-ser-embajadora-juvenil-de-la-cop28\/\" \/>\n<meta property=\"og:locale\" content=\"es_MX\" \/>\n<meta property=\"og:type\" content=\"article\" \/>\n<meta property=\"og:title\" content=\"Seleccionan a Carolina para competir y podr\u00eda ser embajadora juvenil de la COP28 - CETYS\" \/>\n<meta property=\"og:description\" content=\"Articulo sobre Seleccionan a Carolina para competir y podr\u00eda ser embajadora juvenil de la COP28\" \/>\n<meta property=\"og:url\" content=\"https:\/\/www.cetys.mx\/noticias\/seleccionan-a-carolina-para-competir-y-podria-ser-embajadora-juvenil-de-la-cop28\/\" \/>\n<meta property=\"og:site_name\" content=\"CETYS\" \/>\n<meta property=\"article:publisher\" content=\"https:\/\/www.facebook.com\/cetysuniversidadmxl\/\" \/>\n<meta property=\"article:published_time\" content=\"2023-05-31T18:07:12+00:00\" \/>\n<meta property=\"og:image\" content=\"https:\/\/www.cetys.mx\/noticias\/wp-content\/uploads\/2023\/05\/carolina-navarro-estudiante-de-ingenie\u00eda-en-energ\u00edas-renovables.png\" \/>\n\t<meta property=\"og:image:width\" content=\"958\" \/>\n\t<meta property=\"og:image:height\" content=\"637\" \/>\n\t<meta property=\"og:image:type\" content=\"image\/png\" \/>\n<meta name=\"author\" content=\"Campus Tijuana\" \/>\n<meta name=\"twitter:card\" content=\"summary_large_image\" \/>\n<meta name=\"twitter:creator\" content=\"@cetysuni\" \/>\n<meta name=\"twitter:site\" content=\"@cetysuni\" \/>\n<meta name=\"twitter:label1\" content=\"Escrito por\" \/>\n\t<meta name=\"twitter:data1\" content=\"Campus Tijuana\" \/>\n\t<meta name=\"twitter:label2\" content=\"Tiempo de lectura\" \/>\n\t<meta name=\"twitter:data2\" content=\"1 minuto\" \/>\n<script type=\"application\/ld+json\" class=\"yoast-schema-graph\">{\"@context\":\"https:\\\/\\\/schema.org\",\"@graph\":[{\"@type\":\"Article\",\"@id\":\"https:\\\/\\\/www.cetys.mx\\\/noticias\\\/seleccionan-a-carolina-para-competir-y-podria-ser-embajadora-juvenil-de-la-cop28\\\/#article\",\"isPartOf\":{\"@id\":\"https:\\\/\\\/www.cetys.mx\\\/noticias\\\/seleccionan-a-carolina-para-competir-y-podria-ser-embajadora-juvenil-de-la-cop28\\\/\"},\"author\":{\"name\":\"Campus Tijuana\",\"@id\":\"https:\\\/\\\/www.cetys.mx\\\/noticias\\\/#\\\/schema\\\/person\\\/e790051ce60e18ae47cfa87011c8653f\"},\"headline\":\"Seleccionan a Carolina para competir y podr\u00eda ser embajadora juvenil de la COP28\",\"datePublished\":\"2023-05-31T18:07:12+00:00\",\"mainEntityOfPage\":{\"@id\":\"https:\\\/\\\/www.cetys.mx\\\/noticias\\\/seleccionan-a-carolina-para-competir-y-podria-ser-embajadora-juvenil-de-la-cop28\\\/\"},\"wordCount\":234,\"commentCount\":0,\"image\":{\"@id\":\"https:\\\/\\\/www.cetys.mx\\\/noticias\\\/seleccionan-a-carolina-para-competir-y-podria-ser-embajadora-juvenil-de-la-cop28\\\/#primaryimage\"},\"thumbnailUrl\":\"https:\\\/\\\/www.cetys.mx\\\/noticias\\\/wp-content\\\/uploads\\\/2023\\\/05\\\/carolina-navarro-estudiante-de-ingenie\u00eda-en-energ\u00edas-renovables.png\",\"keywords\":[\"Campus Tijuana\",\"CETYS Universidad\",\"Escuela de Ingenier\u00eda\",\"Ingenier\u00eda en Energ\u00edas Renovables\"],\"articleSection\":[\"Campus Tijuana\",\"Ingenier\u00eda\",\"Liderazgo\",\"Profesional\",\"VoCETYS\"],\"inLanguage\":\"es\",\"potentialAction\":[{\"@type\":\"CommentAction\",\"name\":\"Comment\",\"target\":[\"https:\\\/\\\/www.cetys.mx\\\/noticias\\\/seleccionan-a-carolina-para-competir-y-podria-ser-embajadora-juvenil-de-la-cop28\\\/#respond\"]}]},{\"@type\":\"WebPage\",\"@id\":\"https:\\\/\\\/www.cetys.mx\\\/noticias\\\/seleccionan-a-carolina-para-competir-y-podria-ser-embajadora-juvenil-de-la-cop28\\\/\",\"url\":\"https:\\\/\\\/www.cetys.mx\\\/noticias\\\/seleccionan-a-carolina-para-competir-y-podria-ser-embajadora-juvenil-de-la-cop28\\\/\",\"name\":\"Seleccionan a Carolina para competir y podr\u00eda ser embajadora juvenil de la COP28 - CETYS\",\"isPartOf\":{\"@id\":\"https:\\\/\\\/www.cetys.mx\\\/noticias\\\/#website\"},\"primaryImageOfPage\":{\"@id\":\"https:\\\/\\\/www.cetys.mx\\\/noticias\\\/seleccionan-a-carolina-para-competir-y-podria-ser-embajadora-juvenil-de-la-cop28\\\/#primaryimage\"},\"image\":{\"@id\":\"https:\\\/\\\/www.cetys.mx\\\/noticias\\\/seleccionan-a-carolina-para-competir-y-podria-ser-embajadora-juvenil-de-la-cop28\\\/#primaryimage\"},\"thumbnailUrl\":\"https:\\\/\\\/www.cetys.mx\\\/noticias\\\/wp-content\\\/uploads\\\/2023\\\/05\\\/carolina-navarro-estudiante-de-ingenie\u00eda-en-energ\u00edas-renovables.png\",\"datePublished\":\"2023-05-31T18:07:12+00:00\",\"author\":{\"@id\":\"https:\\\/\\\/www.cetys.mx\\\/noticias\\\/#\\\/schema\\\/person\\\/e790051ce60e18ae47cfa87011c8653f\"},\"description\":\"Articulo sobre Seleccionan a Carolina para competir y podr\u00eda ser embajadora juvenil de la COP28\",\"breadcrumb\":{\"@id\":\"https:\\\/\\\/www.cetys.mx\\\/noticias\\\/seleccionan-a-carolina-para-competir-y-podria-ser-embajadora-juvenil-de-la-cop28\\\/#breadcrumb\"},\"inLanguage\":\"es\",\"potentialAction\":[{\"@type\":\"ReadAction\",\"target\":[\"https:\\\/\\\/www.cetys.mx\\\/noticias\\\/seleccionan-a-carolina-para-competir-y-podria-ser-embajadora-juvenil-de-la-cop28\\\/\"]}]},{\"@type\":\"ImageObject\",\"inLanguage\":\"es\",\"@id\":\"https:\\\/\\\/www.cetys.mx\\\/noticias\\\/seleccionan-a-carolina-para-competir-y-podria-ser-embajadora-juvenil-de-la-cop28\\\/#primaryimage\",\"url\":\"https:\\\/\\\/www.cetys.mx\\\/noticias\\\/wp-content\\\/uploads\\\/2023\\\/05\\\/carolina-navarro-estudiante-de-ingenie\u00eda-en-energ\u00edas-renovables.png\",\"contentUrl\":\"https:\\\/\\\/www.cetys.mx\\\/noticias\\\/wp-content\\\/uploads\\\/2023\\\/05\\\/carolina-navarro-estudiante-de-ingenie\u00eda-en-energ\u00edas-renovables.png\",\"width\":958,\"height\":637},{\"@type\":\"BreadcrumbList\",\"@id\":\"https:\\\/\\\/www.cetys.mx\\\/noticias\\\/seleccionan-a-carolina-para-competir-y-podria-ser-embajadora-juvenil-de-la-cop28\\\/#breadcrumb\",\"itemListElement\":[{\"@type\":\"ListItem\",\"position\":1,\"name\":\"Inicio\",\"item\":\"https:\\\/\\\/www.cetys.mx\\\/noticias\\\/\"},{\"@type\":\"ListItem\",\"position\":2,\"name\":\"Seleccionan a Carolina para competir y podr\u00eda ser embajadora juvenil de la COP28\"}]},{\"@type\":\"WebSite\",\"@id\":\"https:\\\/\\\/www.cetys.mx\\\/noticias\\\/#website\",\"url\":\"https:\\\/\\\/www.cetys.mx\\\/noticias\\\/\",\"name\":\"CETYS\",\"description\":\"\",\"potentialAction\":[{\"@type\":\"SearchAction\",\"target\":{\"@type\":\"EntryPoint\",\"urlTemplate\":\"https:\\\/\\\/www.cetys.mx\\\/noticias\\\/?s={search_term_string}\"},\"query-input\":{\"@type\":\"PropertyValueSpecification\",\"valueRequired\":true,\"valueName\":\"search_term_string\"}}],\"inLanguage\":\"es\"},{\"@type\":\"Person\",\"@id\":\"https:\\\/\\\/www.cetys.mx\\\/noticias\\\/#\\\/schema\\\/person\\\/e790051ce60e18ae47cfa87011c8653f\",\"name\":\"Campus Tijuana\",\"url\":\"https:\\\/\\\/www.cetys.mx\\\/noticias\\\/author\\\/campustijuana\\\/\"}]}<\/script>\n<!-- \/ Yoast SEO plugin. -->","yoast_head_json":{"title":"Seleccionan a Carolina para competir y podr\u00eda ser embajadora juvenil de la COP28 - CETYS","description":"Articulo sobre Seleccionan a Carolina para competir y podr\u00eda ser embajadora juvenil de la COP28","robots":{"index":"index","follow":"follow","max-snippet":"max-snippet:-1","max-image-preview":"max-image-preview:large","max-video-preview":"max-video-preview:-1"},"canonical":"https:\/\/www.cetys.mx\/noticias\/seleccionan-a-carolina-para-competir-y-podria-ser-embajadora-juvenil-de-la-cop28\/","og_locale":"es_MX","og_type":"article","og_title":"Seleccionan a Carolina para competir y podr\u00eda ser embajadora juvenil de la COP28 - CETYS","og_description":"Articulo sobre Seleccionan a Carolina para competir y podr\u00eda ser embajadora juvenil de la COP28","og_url":"https:\/\/www.cetys.mx\/noticias\/seleccionan-a-carolina-para-competir-y-podria-ser-embajadora-juvenil-de-la-cop28\/","og_site_name":"CETYS","article_publisher":"https:\/\/www.facebook.com\/cetysuniversidadmxl\/","article_published_time":"2023-05-31T18:07:12+00:00","og_image":[{"width":958,"height":637,"url":"https:\/\/www.cetys.mx\/noticias\/wp-content\/uploads\/2023\/05\/carolina-navarro-estudiante-de-ingenie\u00eda-en-energ\u00edas-renovables.png","type":"image\/png"}],"author":"Campus Tijuana","twitter_card":"summary_large_image","twitter_creator":"@cetysuni","twitter_site":"@cetysuni","twitter_misc":{"Escrito por":"Campus Tijuana","Tiempo de lectura":"1 minuto"},"schema":{"@context":"https:\/\/schema.org","@graph":[{"@type":"Article","@id":"https:\/\/www.cetys.mx\/noticias\/seleccionan-a-carolina-para-competir-y-podria-ser-embajadora-juvenil-de-la-cop28\/#article","isPartOf":{"@id":"https:\/\/www.cetys.mx\/noticias\/seleccionan-a-carolina-para-competir-y-podria-ser-embajadora-juvenil-de-la-cop28\/"},"author":{"name":"Campus Tijuana","@id":"https:\/\/www.cetys.mx\/noticias\/#\/schema\/person\/e790051ce60e18ae47cfa87011c8653f"},"headline":"Seleccionan a Carolina para competir y podr\u00eda ser embajadora juvenil de la COP28","datePublished":"2023-05-31T18:07:12+00:00","mainEntityOfPage":{"@id":"https:\/\/www.cetys.mx\/noticias\/seleccionan-a-carolina-para-competir-y-podria-ser-embajadora-juvenil-de-la-cop28\/"},"wordCount":234,"commentCount":0,"image":{"@id":"https:\/\/www.cetys.mx\/noticias\/seleccionan-a-carolina-para-competir-y-podria-ser-embajadora-juvenil-de-la-cop28\/#primaryimage"},"thumbnailUrl":"https:\/\/www.cetys.mx\/noticias\/wp-content\/uploads\/2023\/05\/carolina-navarro-estudiante-de-ingenie\u00eda-en-energ\u00edas-renovables.png","keywords":["Campus Tijuana","CETYS Universidad","Escuela de Ingenier\u00eda","Ingenier\u00eda en Energ\u00edas Renovables"],"articleSection":["Campus Tijuana","Ingenier\u00eda","Liderazgo","Profesional","VoCETYS"],"inLanguage":"es","potentialAction":[{"@type":"CommentAction","name":"Comment","target":["https:\/\/www.cetys.mx\/noticias\/seleccionan-a-carolina-para-competir-y-podria-ser-embajadora-juvenil-de-la-cop28\/#respond"]}]},{"@type":"WebPage","@id":"https:\/\/www.cetys.mx\/noticias\/seleccionan-a-carolina-para-competir-y-podria-ser-embajadora-juvenil-de-la-cop28\/","url":"https:\/\/www.cetys.mx\/noticias\/seleccionan-a-carolina-para-competir-y-podria-ser-embajadora-juvenil-de-la-cop28\/","name":"Seleccionan a Carolina para competir y podr\u00eda ser embajadora juvenil de la COP28 - CETYS","isPartOf":{"@id":"https:\/\/www.cetys.mx\/noticias\/#website"},"primaryImageOfPage":{"@id":"https:\/\/www.cetys.mx\/noticias\/seleccionan-a-carolina-para-competir-y-podria-ser-embajadora-juvenil-de-la-cop28\/#primaryimage"},"image":{"@id":"https:\/\/www.cetys.mx\/noticias\/seleccionan-a-carolina-para-competir-y-podria-ser-embajadora-juvenil-de-la-cop28\/#primaryimage"},"thumbnailUrl":"https:\/\/www.cetys.mx\/noticias\/wp-content\/uploads\/2023\/05\/carolina-navarro-estudiante-de-ingenie\u00eda-en-energ\u00edas-renovables.png","datePublished":"2023-05-31T18:07:12+00:00","author":{"@id":"https:\/\/www.cetys.mx\/noticias\/#\/schema\/person\/e790051ce60e18ae47cfa87011c8653f"},"description":"Articulo sobre Seleccionan a Carolina para competir y podr\u00eda ser embajadora juvenil de la COP28","breadcrumb":{"@id":"https:\/\/www.cetys.mx\/noticias\/seleccionan-a-carolina-para-competir-y-podria-ser-embajadora-juvenil-de-la-cop28\/#breadcrumb"},"inLanguage":"es","potentialAction":[{"@type":"ReadAction","target":["https:\/\/www.cetys.mx\/noticias\/seleccionan-a-carolina-para-competir-y-podria-ser-embajadora-juvenil-de-la-cop28\/"]}]},{"@type":"ImageObject","inLanguage":"es","@id":"https:\/\/www.cetys.mx\/noticias\/seleccionan-a-carolina-para-competir-y-podria-ser-embajadora-juvenil-de-la-cop28\/#primaryimage","url":"https:\/\/www.cetys.mx\/noticias\/wp-content\/uploads\/2023\/05\/carolina-navarro-estudiante-de-ingenie\u00eda-en-energ\u00edas-renovables.png","contentUrl":"https:\/\/www.cetys.mx\/noticias\/wp-content\/uploads\/2023\/05\/carolina-navarro-estudiante-de-ingenie\u00eda-en-energ\u00edas-renovables.png","width":958,"height":637},{"@type":"BreadcrumbList","@id":"https:\/\/www.cetys.mx\/noticias\/seleccionan-a-carolina-para-competir-y-podria-ser-embajadora-juvenil-de-la-cop28\/#breadcrumb","itemListElement":[{"@type":"ListItem","position":1,"name":"Inicio","item":"https:\/\/www.cetys.mx\/noticias\/"},{"@type":"ListItem","position":2,"name":"Seleccionan a Carolina para competir y podr\u00eda ser embajadora juvenil de la COP28"}]},{"@type":"WebSite","@id":"https:\/\/www.cetys.mx\/noticias\/#website","url":"https:\/\/www.cetys.mx\/noticias\/","name":"CETYS","description":"","potentialAction":[{"@type":"SearchAction","target":{"@type":"EntryPoint","urlTemplate":"https:\/\/www.cetys.mx\/noticias\/?s={search_term_string}"},"query-input":{"@type":"PropertyValueSpecification","valueRequired":true,"valueName":"search_term_string"}}],"inLanguage":"es"},{"@type":"Person","@id":"https:\/\/www.cetys.mx\/noticias\/#\/schema\/person\/e790051ce60e18ae47cfa87011c8653f","name":"Campus Tijuana","url":"https:\/\/www.cetys.mx\/noticias\/author\/campustijuana\/"}]}},"_links":{"self":[{"href":"https:\/\/www.cetys.mx\/noticias\/wp-json\/wp\/v2\/posts\/173304","targetHints":{"allow":["GET"]}}],"collection":[{"href":"https:\/\/www.cetys.mx\/noticias\/wp-json\/wp\/v2\/posts"}],"about":[{"href":"https:\/\/www.cetys.mx\/noticias\/wp-json\/wp\/v2\/types\/post"}],"author":[{"embeddable":true,"href":"https:\/\/www.cetys.mx\/noticias\/wp-json\/wp\/v2\/users\/24"}],"replies":[{"embeddable":true,"href":"https:\/\/www.cetys.mx\/noticias\/wp-json\/wp\/v2\/comments?post=173304"}],"version-history":[{"count":1,"href":"https:\/\/www.cetys.mx\/noticias\/wp-json\/wp\/v2\/posts\/173304\/revisions"}],"predecessor-version":[{"id":173305,"href":"https:\/\/www.cetys.mx\/noticias\/wp-json\/wp\/v2\/posts\/173304\/revisions\/173305"}],"wp:featuredmedia":[{"embeddable":true,"href":"https:\/\/www.cetys.mx\/noticias\/wp-json\/wp\/v2\/media\/173284"}],"wp:attachment":[{"href":"https:\/\/www.cetys.mx\/noticias\/wp-json\/wp\/v2\/media?parent=173304"}],"wp:term":[{"taxonomy":"category","embeddable":true,"href":"https:\/\/www.cetys.mx\/noticias\/wp-json\/wp\/v2\/categories?post=173304"},{"taxonomy":"post_tag","embeddable":true,"href":"https:\/\/www.cetys.mx\/noticias\/wp-json\/wp\/v2\/tags?post=173304"}],"curies":[{"name":"wp","href":"https:\/\/api.w.org\/{rel}","templated":true}]}}