{"id":173243,"date":"2023-05-29T17:45:10","date_gmt":"2023-05-30T00:45:10","guid":{"rendered":"https:\/\/www.cetys.mx\/noticias\/?p=173243"},"modified":"2023-05-30T12:26:41","modified_gmt":"2023-05-30T19:26:41","slug":"de-baja-california-hasta-colombia-la-visita-a-la-universidad-de-santo-tomas-colombia","status":"publish","type":"post","link":"https:\/\/www.cetys.mx\/noticias\/de-baja-california-hasta-colombia-la-visita-a-la-universidad-de-santo-tomas-colombia\/","title":{"rendered":"De Baja California hasta Colombia, la visita a la Universidad de Santo Tom\u00e1s, Colombia"},"content":{"rendered":"<p><span style=\"font-weight: 400;\">Un grupo de 26 j\u00f3venes de<strong> de los tres campus de CETYS en Tijuana, Mexicali y el Internacional Ensenada<\/strong>, junto con dos acad\u00e9micos, realizaron una ruta acad\u00e9mica <strong>hasta Colombia<\/strong>, se trata de una visita a la <strong>Universidad de Santo Tom\u00e1s<\/strong>, Seccional Bucaramanga en Colombia.<\/span><\/p>\n<p><span style=\"font-weight: 400;\">La iniciativa promovida desde la misma <em>Escuela de Administraci\u00f3n y Negocios<\/em> reuni\u00f3 a estudiantes tanto de <strong>Negocios Internacionales, Mercadotecnia Administraci\u00f3n de Empresas, Inteligencia de Negocios<\/strong> y hasta alumnos de la <strong>Escuela de\u00a0Ingenier\u00eda<\/strong>, es decir distintas perspectivas y disciplinas que participan en la cadena productiva y apuestas innovadoras para estos sectores.<\/span><\/p>\n<blockquote><p><span style=\"font-weight: 400;\">\u201cA partir de esta experiencia que implementa una visi\u00f3n hol\u00edstica, integral e interdisciplinaria se abord\u00f3 el conocimiento y la realidad empresarial para reafirmar que el desarrollo humano sostenible s\u00f3lo podr\u00e1 ser alcanzado desde la participaci\u00f3n de equipos multidisciplinarios que articulen la visi\u00f3n t\u00e9cnica de muchas especialidades\u201d,\u00a0<\/span><\/p><\/blockquote>\n<p><span style=\"font-weight: 400;\">Este encuentro en Colombia incluy\u00f3 visitas empresariales, contacto con la cultura a trav\u00e9s de la interacci\u00f3n y networking con estudiantes locales de la Universidad de Santo Tom\u00e1s, con la gastronom\u00eda, costumbres y paisajes de uno de los lugares m\u00e1s maravillosos que cualquier extranjero pueda tener en Santander.<\/span><\/p>\n<p><span style=\"font-weight: 400;\">Entre los lugares emblem\u00e1ticos que conocieron se encuentran el Ca\u00f1\u00f3n del Chicamocha, tierra brava, majestuosa y fascinante cuya profundidad m\u00e1xima la recorre en las inmediaciones de la ciudad de Bucaramanga, y que en el 2011 la Fundaci\u00f3n de Siete Maravillas Naturales y la UNESCO lo preseleccion\u00f3 como uno de los candidatos para ostentar el t\u00edtulo de las \u201cNuevas siete maravillas Naturales del Mundo\u201d.\u00a0<\/span><\/p>\n<p><span style=\"font-weight: 400;\">En esta ocasi\u00f3n el acompa\u00f1amiento estuvo a cargo de la <strong>Dra. Milena Sorzano<\/strong> y del <strong>Dr. Ignacio Casas Fraire<\/strong>, ambos acad\u00e9micos de Tiempo Completo desde la Escuela de Administraci\u00f3n y Nrgocios de CETYS Universidad Campus Tijuana.<\/span><\/p>\n","protected":false},"excerpt":{"rendered":"<p>Un grupo de 26 j\u00f3venes de de los tres campus de CETYS en Tijuana, Mexicali y el Internacional Ensenada, junto con dos&#8230;<\/p>\n","protected":false},"author":24,"featured_media":173246,"comment_status":"open","ping_status":"closed","sticky":false,"template":"","format":"gallery","meta":{"footnotes":""},"categories":[209,108,125],"tags":[],"class_list":["post-173243","post","type-post","status-publish","format-gallery","has-post-thumbnail","hentry","category-institucional","category-internacionales","category-portada","post_format-post-format-gallery"],"yoast_head":"<!-- This site is optimized with the Yoast SEO plugin v27.4 - https:\/\/yoast.com\/product\/yoast-seo-wordpress\/ -->\n<title>De Tijuana hasta Colombia, la visita a la Universidad de Santo Tom\u00e1s<\/title>\n<meta name=\"description\" content=\"26 j\u00f3venes de CETYS en Tijuana, junto con dos acad\u00e9micos, realizaron una ruta acad\u00e9mica hasta Colombia, esto enuna visita a la Universidad de Santo Tom\u00e1s\" \/>\n<meta name=\"robots\" content=\"index, follow, max-snippet:-1, max-image-preview:large, max-video-preview:-1\" \/>\n<link rel=\"canonical\" href=\"https:\/\/www.cetys.mx\/noticias\/de-baja-california-hasta-colombia-la-visita-a-la-universidad-de-santo-tomas-colombia\/\" \/>\n<meta property=\"og:locale\" content=\"es_MX\" \/>\n<meta property=\"og:type\" content=\"article\" \/>\n<meta property=\"og:title\" content=\"De Tijuana hasta Colombia, la visita a la Universidad de Santo Tom\u00e1s\" \/>\n<meta property=\"og:description\" content=\"26 j\u00f3venes de CETYS en Tijuana, junto con dos acad\u00e9micos, realizaron una ruta acad\u00e9mica hasta Colombia, esto enuna visita a la Universidad de Santo Tom\u00e1s\" \/>\n<meta property=\"og:url\" content=\"https:\/\/www.cetys.mx\/noticias\/de-baja-california-hasta-colombia-la-visita-a-la-universidad-de-santo-tomas-colombia\/\" \/>\n<meta property=\"og:site_name\" content=\"CETYS\" \/>\n<meta property=\"article:publisher\" content=\"https:\/\/www.facebook.com\/cetysuniversidadmxl\/\" \/>\n<meta property=\"article:published_time\" content=\"2023-05-30T00:45:10+00:00\" \/>\n<meta property=\"article:modified_time\" content=\"2023-05-30T19:26:41+00:00\" \/>\n<meta property=\"og:image\" content=\"https:\/\/www.cetys.mx\/noticias\/wp-content\/uploads\/2023\/05\/alumnos-ayn-en-colombia-03.png\" \/>\n\t<meta property=\"og:image:width\" content=\"958\" \/>\n\t<meta property=\"og:image:height\" content=\"638\" \/>\n\t<meta property=\"og:image:type\" content=\"image\/png\" \/>\n<meta name=\"author\" content=\"Campus Tijuana\" \/>\n<meta name=\"twitter:card\" content=\"summary_large_image\" \/>\n<meta name=\"twitter:creator\" content=\"@cetysuni\" \/>\n<meta name=\"twitter:site\" content=\"@cetysuni\" \/>\n<meta name=\"twitter:label1\" content=\"Escrito por\" \/>\n\t<meta name=\"twitter:data1\" content=\"Campus Tijuana\" \/>\n\t<meta name=\"twitter:label2\" content=\"Tiempo de lectura\" \/>\n\t<meta name=\"twitter:data2\" content=\"2 minutos\" \/>\n<script type=\"application\/ld+json\" class=\"yoast-schema-graph\">{\"@context\":\"https:\\\/\\\/schema.org\",\"@graph\":[{\"@type\":\"Article\",\"@id\":\"https:\\\/\\\/www.cetys.mx\\\/noticias\\\/de-baja-california-hasta-colombia-la-visita-a-la-universidad-de-santo-tomas-colombia\\\/#article\",\"isPartOf\":{\"@id\":\"https:\\\/\\\/www.cetys.mx\\\/noticias\\\/de-baja-california-hasta-colombia-la-visita-a-la-universidad-de-santo-tomas-colombia\\\/\"},\"author\":{\"name\":\"Campus Tijuana\",\"@id\":\"https:\\\/\\\/www.cetys.mx\\\/noticias\\\/#\\\/schema\\\/person\\\/e790051ce60e18ae47cfa87011c8653f\"},\"headline\":\"De Baja California hasta Colombia, la visita a la Universidad de Santo Tom\u00e1s, Colombia\",\"datePublished\":\"2023-05-30T00:45:10+00:00\",\"dateModified\":\"2023-05-30T19:26:41+00:00\",\"mainEntityOfPage\":{\"@id\":\"https:\\\/\\\/www.cetys.mx\\\/noticias\\\/de-baja-california-hasta-colombia-la-visita-a-la-universidad-de-santo-tomas-colombia\\\/\"},\"wordCount\":327,\"commentCount\":0,\"image\":{\"@id\":\"https:\\\/\\\/www.cetys.mx\\\/noticias\\\/de-baja-california-hasta-colombia-la-visita-a-la-universidad-de-santo-tomas-colombia\\\/#primaryimage\"},\"thumbnailUrl\":\"https:\\\/\\\/www.cetys.mx\\\/noticias\\\/wp-content\\\/uploads\\\/2023\\\/05\\\/alumnos-ayn-en-colombia-03.png\",\"articleSection\":[\"Institucional\",\"Internacionales\",\"Portada\"],\"inLanguage\":\"es\",\"potentialAction\":[{\"@type\":\"CommentAction\",\"name\":\"Comment\",\"target\":[\"https:\\\/\\\/www.cetys.mx\\\/noticias\\\/de-baja-california-hasta-colombia-la-visita-a-la-universidad-de-santo-tomas-colombia\\\/#respond\"]}]},{\"@type\":\"WebPage\",\"@id\":\"https:\\\/\\\/www.cetys.mx\\\/noticias\\\/de-baja-california-hasta-colombia-la-visita-a-la-universidad-de-santo-tomas-colombia\\\/\",\"url\":\"https:\\\/\\\/www.cetys.mx\\\/noticias\\\/de-baja-california-hasta-colombia-la-visita-a-la-universidad-de-santo-tomas-colombia\\\/\",\"name\":\"De Tijuana hasta Colombia, la visita a la Universidad de Santo Tom\u00e1s\",\"isPartOf\":{\"@id\":\"https:\\\/\\\/www.cetys.mx\\\/noticias\\\/#website\"},\"primaryImageOfPage\":{\"@id\":\"https:\\\/\\\/www.cetys.mx\\\/noticias\\\/de-baja-california-hasta-colombia-la-visita-a-la-universidad-de-santo-tomas-colombia\\\/#primaryimage\"},\"image\":{\"@id\":\"https:\\\/\\\/www.cetys.mx\\\/noticias\\\/de-baja-california-hasta-colombia-la-visita-a-la-universidad-de-santo-tomas-colombia\\\/#primaryimage\"},\"thumbnailUrl\":\"https:\\\/\\\/www.cetys.mx\\\/noticias\\\/wp-content\\\/uploads\\\/2023\\\/05\\\/alumnos-ayn-en-colombia-03.png\",\"datePublished\":\"2023-05-30T00:45:10+00:00\",\"dateModified\":\"2023-05-30T19:26:41+00:00\",\"author\":{\"@id\":\"https:\\\/\\\/www.cetys.mx\\\/noticias\\\/#\\\/schema\\\/person\\\/e790051ce60e18ae47cfa87011c8653f\"},\"description\":\"26 j\u00f3venes de CETYS en Tijuana, junto con dos acad\u00e9micos, realizaron una ruta acad\u00e9mica hasta Colombia, esto enuna visita a la Universidad de Santo Tom\u00e1s\",\"breadcrumb\":{\"@id\":\"https:\\\/\\\/www.cetys.mx\\\/noticias\\\/de-baja-california-hasta-colombia-la-visita-a-la-universidad-de-santo-tomas-colombia\\\/#breadcrumb\"},\"inLanguage\":\"es\",\"potentialAction\":[{\"@type\":\"ReadAction\",\"target\":[\"https:\\\/\\\/www.cetys.mx\\\/noticias\\\/de-baja-california-hasta-colombia-la-visita-a-la-universidad-de-santo-tomas-colombia\\\/\"]}]},{\"@type\":\"ImageObject\",\"inLanguage\":\"es\",\"@id\":\"https:\\\/\\\/www.cetys.mx\\\/noticias\\\/de-baja-california-hasta-colombia-la-visita-a-la-universidad-de-santo-tomas-colombia\\\/#primaryimage\",\"url\":\"https:\\\/\\\/www.cetys.mx\\\/noticias\\\/wp-content\\\/uploads\\\/2023\\\/05\\\/alumnos-ayn-en-colombia-03.png\",\"contentUrl\":\"https:\\\/\\\/www.cetys.mx\\\/noticias\\\/wp-content\\\/uploads\\\/2023\\\/05\\\/alumnos-ayn-en-colombia-03.png\",\"width\":958,\"height\":638},{\"@type\":\"BreadcrumbList\",\"@id\":\"https:\\\/\\\/www.cetys.mx\\\/noticias\\\/de-baja-california-hasta-colombia-la-visita-a-la-universidad-de-santo-tomas-colombia\\\/#breadcrumb\",\"itemListElement\":[{\"@type\":\"ListItem\",\"position\":1,\"name\":\"Inicio\",\"item\":\"https:\\\/\\\/www.cetys.mx\\\/noticias\\\/\"},{\"@type\":\"ListItem\",\"position\":2,\"name\":\"De Baja California hasta Colombia, la visita a la Universidad de Santo Tom\u00e1s, Colombia\"}]},{\"@type\":\"WebSite\",\"@id\":\"https:\\\/\\\/www.cetys.mx\\\/noticias\\\/#website\",\"url\":\"https:\\\/\\\/www.cetys.mx\\\/noticias\\\/\",\"name\":\"CETYS\",\"description\":\"\",\"potentialAction\":[{\"@type\":\"SearchAction\",\"target\":{\"@type\":\"EntryPoint\",\"urlTemplate\":\"https:\\\/\\\/www.cetys.mx\\\/noticias\\\/?s={search_term_string}\"},\"query-input\":{\"@type\":\"PropertyValueSpecification\",\"valueRequired\":true,\"valueName\":\"search_term_string\"}}],\"inLanguage\":\"es\"},{\"@type\":\"Person\",\"@id\":\"https:\\\/\\\/www.cetys.mx\\\/noticias\\\/#\\\/schema\\\/person\\\/e790051ce60e18ae47cfa87011c8653f\",\"name\":\"Campus Tijuana\",\"url\":\"https:\\\/\\\/www.cetys.mx\\\/noticias\\\/author\\\/campustijuana\\\/\"}]}<\/script>\n<!-- \/ Yoast SEO plugin. -->","yoast_head_json":{"title":"De Tijuana hasta Colombia, la visita a la Universidad de Santo Tom\u00e1s","description":"26 j\u00f3venes de CETYS en Tijuana, junto con dos acad\u00e9micos, realizaron una ruta acad\u00e9mica hasta Colombia, esto enuna visita a la Universidad de Santo Tom\u00e1s","robots":{"index":"index","follow":"follow","max-snippet":"max-snippet:-1","max-image-preview":"max-image-preview:large","max-video-preview":"max-video-preview:-1"},"canonical":"https:\/\/www.cetys.mx\/noticias\/de-baja-california-hasta-colombia-la-visita-a-la-universidad-de-santo-tomas-colombia\/","og_locale":"es_MX","og_type":"article","og_title":"De Tijuana hasta Colombia, la visita a la Universidad de Santo Tom\u00e1s","og_description":"26 j\u00f3venes de CETYS en Tijuana, junto con dos acad\u00e9micos, realizaron una ruta acad\u00e9mica hasta Colombia, esto enuna visita a la Universidad de Santo Tom\u00e1s","og_url":"https:\/\/www.cetys.mx\/noticias\/de-baja-california-hasta-colombia-la-visita-a-la-universidad-de-santo-tomas-colombia\/","og_site_name":"CETYS","article_publisher":"https:\/\/www.facebook.com\/cetysuniversidadmxl\/","article_published_time":"2023-05-30T00:45:10+00:00","article_modified_time":"2023-05-30T19:26:41+00:00","og_image":[{"width":958,"height":638,"url":"https:\/\/www.cetys.mx\/noticias\/wp-content\/uploads\/2023\/05\/alumnos-ayn-en-colombia-03.png","type":"image\/png"}],"author":"Campus Tijuana","twitter_card":"summary_large_image","twitter_creator":"@cetysuni","twitter_site":"@cetysuni","twitter_misc":{"Escrito por":"Campus Tijuana","Tiempo de lectura":"2 minutos"},"schema":{"@context":"https:\/\/schema.org","@graph":[{"@type":"Article","@id":"https:\/\/www.cetys.mx\/noticias\/de-baja-california-hasta-colombia-la-visita-a-la-universidad-de-santo-tomas-colombia\/#article","isPartOf":{"@id":"https:\/\/www.cetys.mx\/noticias\/de-baja-california-hasta-colombia-la-visita-a-la-universidad-de-santo-tomas-colombia\/"},"author":{"name":"Campus Tijuana","@id":"https:\/\/www.cetys.mx\/noticias\/#\/schema\/person\/e790051ce60e18ae47cfa87011c8653f"},"headline":"De Baja California hasta Colombia, la visita a la Universidad de Santo Tom\u00e1s, Colombia","datePublished":"2023-05-30T00:45:10+00:00","dateModified":"2023-05-30T19:26:41+00:00","mainEntityOfPage":{"@id":"https:\/\/www.cetys.mx\/noticias\/de-baja-california-hasta-colombia-la-visita-a-la-universidad-de-santo-tomas-colombia\/"},"wordCount":327,"commentCount":0,"image":{"@id":"https:\/\/www.cetys.mx\/noticias\/de-baja-california-hasta-colombia-la-visita-a-la-universidad-de-santo-tomas-colombia\/#primaryimage"},"thumbnailUrl":"https:\/\/www.cetys.mx\/noticias\/wp-content\/uploads\/2023\/05\/alumnos-ayn-en-colombia-03.png","articleSection":["Institucional","Internacionales","Portada"],"inLanguage":"es","potentialAction":[{"@type":"CommentAction","name":"Comment","target":["https:\/\/www.cetys.mx\/noticias\/de-baja-california-hasta-colombia-la-visita-a-la-universidad-de-santo-tomas-colombia\/#respond"]}]},{"@type":"WebPage","@id":"https:\/\/www.cetys.mx\/noticias\/de-baja-california-hasta-colombia-la-visita-a-la-universidad-de-santo-tomas-colombia\/","url":"https:\/\/www.cetys.mx\/noticias\/de-baja-california-hasta-colombia-la-visita-a-la-universidad-de-santo-tomas-colombia\/","name":"De Tijuana hasta Colombia, la visita a la Universidad de Santo Tom\u00e1s","isPartOf":{"@id":"https:\/\/www.cetys.mx\/noticias\/#website"},"primaryImageOfPage":{"@id":"https:\/\/www.cetys.mx\/noticias\/de-baja-california-hasta-colombia-la-visita-a-la-universidad-de-santo-tomas-colombia\/#primaryimage"},"image":{"@id":"https:\/\/www.cetys.mx\/noticias\/de-baja-california-hasta-colombia-la-visita-a-la-universidad-de-santo-tomas-colombia\/#primaryimage"},"thumbnailUrl":"https:\/\/www.cetys.mx\/noticias\/wp-content\/uploads\/2023\/05\/alumnos-ayn-en-colombia-03.png","datePublished":"2023-05-30T00:45:10+00:00","dateModified":"2023-05-30T19:26:41+00:00","author":{"@id":"https:\/\/www.cetys.mx\/noticias\/#\/schema\/person\/e790051ce60e18ae47cfa87011c8653f"},"description":"26 j\u00f3venes de CETYS en Tijuana, junto con dos acad\u00e9micos, realizaron una ruta acad\u00e9mica hasta Colombia, esto enuna visita a la Universidad de Santo Tom\u00e1s","breadcrumb":{"@id":"https:\/\/www.cetys.mx\/noticias\/de-baja-california-hasta-colombia-la-visita-a-la-universidad-de-santo-tomas-colombia\/#breadcrumb"},"inLanguage":"es","potentialAction":[{"@type":"ReadAction","target":["https:\/\/www.cetys.mx\/noticias\/de-baja-california-hasta-colombia-la-visita-a-la-universidad-de-santo-tomas-colombia\/"]}]},{"@type":"ImageObject","inLanguage":"es","@id":"https:\/\/www.cetys.mx\/noticias\/de-baja-california-hasta-colombia-la-visita-a-la-universidad-de-santo-tomas-colombia\/#primaryimage","url":"https:\/\/www.cetys.mx\/noticias\/wp-content\/uploads\/2023\/05\/alumnos-ayn-en-colombia-03.png","contentUrl":"https:\/\/www.cetys.mx\/noticias\/wp-content\/uploads\/2023\/05\/alumnos-ayn-en-colombia-03.png","width":958,"height":638},{"@type":"BreadcrumbList","@id":"https:\/\/www.cetys.mx\/noticias\/de-baja-california-hasta-colombia-la-visita-a-la-universidad-de-santo-tomas-colombia\/#breadcrumb","itemListElement":[{"@type":"ListItem","position":1,"name":"Inicio","item":"https:\/\/www.cetys.mx\/noticias\/"},{"@type":"ListItem","position":2,"name":"De Baja California hasta Colombia, la visita a la Universidad de Santo Tom\u00e1s, Colombia"}]},{"@type":"WebSite","@id":"https:\/\/www.cetys.mx\/noticias\/#website","url":"https:\/\/www.cetys.mx\/noticias\/","name":"CETYS","description":"","potentialAction":[{"@type":"SearchAction","target":{"@type":"EntryPoint","urlTemplate":"https:\/\/www.cetys.mx\/noticias\/?s={search_term_string}"},"query-input":{"@type":"PropertyValueSpecification","valueRequired":true,"valueName":"search_term_string"}}],"inLanguage":"es"},{"@type":"Person","@id":"https:\/\/www.cetys.mx\/noticias\/#\/schema\/person\/e790051ce60e18ae47cfa87011c8653f","name":"Campus Tijuana","url":"https:\/\/www.cetys.mx\/noticias\/author\/campustijuana\/"}]}},"_links":{"self":[{"href":"https:\/\/www.cetys.mx\/noticias\/wp-json\/wp\/v2\/posts\/173243","targetHints":{"allow":["GET"]}}],"collection":[{"href":"https:\/\/www.cetys.mx\/noticias\/wp-json\/wp\/v2\/posts"}],"about":[{"href":"https:\/\/www.cetys.mx\/noticias\/wp-json\/wp\/v2\/types\/post"}],"author":[{"embeddable":true,"href":"https:\/\/www.cetys.mx\/noticias\/wp-json\/wp\/v2\/users\/24"}],"replies":[{"embeddable":true,"href":"https:\/\/www.cetys.mx\/noticias\/wp-json\/wp\/v2\/comments?post=173243"}],"version-history":[{"count":4,"href":"https:\/\/www.cetys.mx\/noticias\/wp-json\/wp\/v2\/posts\/173243\/revisions"}],"predecessor-version":[{"id":173276,"href":"https:\/\/www.cetys.mx\/noticias\/wp-json\/wp\/v2\/posts\/173243\/revisions\/173276"}],"wp:featuredmedia":[{"embeddable":true,"href":"https:\/\/www.cetys.mx\/noticias\/wp-json\/wp\/v2\/media\/173246"}],"wp:attachment":[{"href":"https:\/\/www.cetys.mx\/noticias\/wp-json\/wp\/v2\/media?parent=173243"}],"wp:term":[{"taxonomy":"category","embeddable":true,"href":"https:\/\/www.cetys.mx\/noticias\/wp-json\/wp\/v2\/categories?post=173243"},{"taxonomy":"post_tag","embeddable":true,"href":"https:\/\/www.cetys.mx\/noticias\/wp-json\/wp\/v2\/tags?post=173243"}],"curies":[{"name":"wp","href":"https:\/\/api.w.org\/{rel}","templated":true}]}}