{"id":172736,"date":"2023-05-10T17:22:07","date_gmt":"2023-05-11T00:22:07","guid":{"rendered":"https:\/\/www.cetys.mx\/noticias\/?p=172736"},"modified":"2023-05-16T15:42:32","modified_gmt":"2023-05-16T22:42:32","slug":"sabes-que-es-la-culpa-de-mama","status":"publish","type":"post","link":"https:\/\/www.cetys.mx\/noticias\/sabes-que-es-la-culpa-de-mama\/","title":{"rendered":"\u00bfSabes qu\u00e9 es la culpa de mam\u00e1?"},"content":{"rendered":"<p>&nbsp;<\/p>\n<p style=\"text-align: center;\"><b><i>Se trata de un sentimiento que puede afectar a las madres en distintos momentos de su vida y de la crianza y que requiere de un entorno emp\u00e1tico, abierto y responsable para sobrellevarlo, explican Expertas CETYS<\/i><\/b><\/p>\n<p><span style=\"font-weight: 400;\">Ser madre conlleva una amplia gama de emociones y responsabilidades. A pesar del amor incondicional y el cuidado que las madres brindan a sus hijos, muchas de ellas enfrentan un desaf\u00edo emocional particularmente complejo conocido como culpa de mam\u00e1.<\/span><\/p>\n<p><span style=\"font-weight: 400;\">Se trata de un sentimiento que puede afectar a las madres en diferentes momentos de su vida y de la crianza. Puede surgir por diversas razones, como sentir que no se est\u00e1 dedicando tiempo suficiente a los hijos, no poder cumplir con las expectativas personales o sociales o cuando se enfrentan dificultades para conciliar entre su vida profesional y el \u00e1mbito familiar, explic\u00f3 la Dra. Daniela D\u00edaz Flores, coordinadora de la Licenciatura en Psicolog\u00eda Infantil de CETYS Universidad Campus Mexicali.<\/span><\/p>\n<p><span style=\"font-weight: 400;\">A\u00f1adi\u00f3 que la culpa de mam\u00e1 no es exclusiva de un grupo particular de mujeres y no deber\u00eda ser objeto de juicio o estigma. Cada madre tiene sus propias circunstancias, desaf\u00edos y limitaciones por lo que resulta esencial evitar comparaciones y reconocer que todas las experiencias de maternidad son v\u00e1lidas y merecen respeto.<\/span><\/p>\n<blockquote><p><span style=\"font-weight: 400;\"><img loading=\"lazy\" decoding=\"async\" class=\"size-full wp-image-164578 aligncenter\" src=\"https:\/\/www.cetys.mx\/noticias\/wp-content\/uploads\/2022\/06\/DanielaDiaz1.jpg\" alt=\"\" width=\"637\" height=\"955\" \/>\u201cLas madres deben ser alentadas a expresar sus preocupaciones y miedos sin temor a ser juzgadas. Al compartir sus experiencias, pueden encontrar apoyo mutuo y obtener diferentes perspectivas que les ayuden a sobrellevar su sentimiento de culpa\u201d.<\/span><\/p><\/blockquote>\n<p><span style=\"font-weight: 400;\">Actualmente, las mujeres en edad productiva en el pa\u00eds representan alrededor 48% de la participaci\u00f3n econ\u00f3mica, de acuerdo con datos de\u00a0 la Encuesta Nacional de Ocupaci\u00f3n y Empleo (ENOE) del Instituto Nacional de Estad\u00edstica y Geograf\u00eda (INEGI) de M\u00e9xico, lo que refleja una mayor inclusi\u00f3n laboral de las mujeres mexicanas, incluyendo a las madres.<\/span><\/p>\n<p><span style=\"font-weight: 400;\">Ellas desempe\u00f1an diferentes roles durante el d\u00eda y tienen un impacto significativo en la econom\u00eda de su entorno, m\u00e1s all\u00e1 de las finanzas de su hogar. Por ejemplo, contribuyen en la reducci\u00f3n de la pobreza, el crecimiento econ\u00f3mico y el empleo, ret\u00e1ndolas a encontrar el equilibrio entre el ejercicio de la maternidad y el \u00e9xito laboral, detall\u00f3 la Dra. Paulina Vargas, Directora de la Escuela de Administraci\u00f3n y Negocios de CETYS Universidad, Campus Mexicali.\u00a0<\/span><\/p>\n<blockquote><p><span style=\"font-weight: 400;\">\u201cAunque puede ser un desaf\u00edo, cada vez m\u00e1s mujeres est\u00e1n encontrando formas de lograr un equilibrio entre estas dos responsabilidades importantes, ya sea a trav\u00e9s de flexibilidades en sus espacios de trabajo, guarder\u00edas o estancias y redes de apoyo. La clave es encontrar opciones que funcionen para cada mujer y su familia\u201d.\u00a0<\/span><\/p>\n<p><img loading=\"lazy\" decoding=\"async\" class=\"size-full wp-image-172419 aligncenter\" src=\"https:\/\/www.cetys.mx\/noticias\/wp-content\/uploads\/2023\/05\/Dra_PaulinaVargas.jpg\" alt=\"\" width=\"286\" height=\"428\" \/><\/p><\/blockquote>\n<p><span style=\"font-weight: 400;\">Ambas acad\u00e9micas, concluyeron que generar un entorno emp\u00e1tico que promueva el autocuidado y el apoyo hacia las madres es responsabilidad de la sociedad en general. Esto implica desafiar los estereotipos y expectativas poco realistas asociadas a la maternidad y, en su lugar, valorar y respetar la diversidad de experiencias maternas para contribuir a aliviar la culpa de mam\u00e1 y permitir que disfruten plenamente de su maternidad sin sentirse abrumadas.<\/span><\/p>\n<p><span style=\"font-weight: 400;\">\u00a0<\/span><\/p>\n","protected":false},"excerpt":{"rendered":"<p>&nbsp; Se trata de un sentimiento que puede afectar a las madres en distintos momentos de su vida y de la crianza&#8230;<\/p>\n","protected":false},"author":20,"featured_media":172679,"comment_status":"open","ping_status":"closed","sticky":false,"template":"","format":"standard","meta":{"footnotes":""},"categories":[133,125,306,313],"tags":[1295,5191,4580,179,6394],"class_list":["post-172736","post","type-post","status-publish","format-standard","has-post-thumbnail","hentry","category-campus-mexicali","category-portada","category-profesional","category-vocetys-2","tag-administracion-y-negocios","tag-dia-de-las-madres","tag-expertos-cetys","tag-psicologia","tag-vocetys-2023-05-16"],"yoast_head":"<!-- This site is optimized with the Yoast SEO plugin v27.4 - https:\/\/yoast.com\/product\/yoast-seo-wordpress\/ -->\n<title>\u00bfSabes qu\u00e9 es la culpa de mam\u00e1? - CETYS<\/title>\n<meta name=\"description\" content=\"Articulo sobre \u00bfSabes qu\u00e9 es la culpa de mam\u00e1?\" \/>\n<meta name=\"robots\" content=\"index, follow, max-snippet:-1, max-image-preview:large, max-video-preview:-1\" \/>\n<link rel=\"canonical\" href=\"https:\/\/www.cetys.mx\/noticias\/sabes-que-es-la-culpa-de-mama\/\" \/>\n<meta property=\"og:locale\" content=\"es_MX\" \/>\n<meta property=\"og:type\" content=\"article\" \/>\n<meta property=\"og:title\" content=\"\u00bfSabes qu\u00e9 es la culpa de mam\u00e1? - CETYS\" \/>\n<meta property=\"og:description\" content=\"Articulo sobre \u00bfSabes qu\u00e9 es la culpa de mam\u00e1?\" \/>\n<meta property=\"og:url\" content=\"https:\/\/www.cetys.mx\/noticias\/sabes-que-es-la-culpa-de-mama\/\" \/>\n<meta property=\"og:site_name\" content=\"CETYS\" \/>\n<meta property=\"article:publisher\" content=\"https:\/\/www.facebook.com\/cetysuniversidadmxl\/\" \/>\n<meta property=\"article:published_time\" content=\"2023-05-11T00:22:07+00:00\" \/>\n<meta property=\"article:modified_time\" content=\"2023-05-16T22:42:32+00:00\" \/>\n<meta property=\"og:image\" content=\"https:\/\/www.cetys.mx\/noticias\/wp-content\/uploads\/2023\/05\/madre-molesta-tiro-medio.jpg\" \/>\n\t<meta property=\"og:image:width\" content=\"958\" \/>\n\t<meta property=\"og:image:height\" content=\"639\" \/>\n\t<meta property=\"og:image:type\" content=\"image\/jpeg\" \/>\n<meta name=\"author\" content=\"Campus Mexicali\" \/>\n<meta name=\"twitter:card\" content=\"summary_large_image\" \/>\n<meta name=\"twitter:creator\" content=\"@cetysuni\" \/>\n<meta name=\"twitter:site\" content=\"@cetysuni\" \/>\n<meta name=\"twitter:label1\" content=\"Escrito por\" \/>\n\t<meta name=\"twitter:data1\" content=\"Campus Mexicali\" \/>\n\t<meta name=\"twitter:label2\" content=\"Tiempo de lectura\" \/>\n\t<meta name=\"twitter:data2\" content=\"3 minutos\" \/>\n<script type=\"application\/ld+json\" class=\"yoast-schema-graph\">{\"@context\":\"https:\\\/\\\/schema.org\",\"@graph\":[{\"@type\":\"Article\",\"@id\":\"https:\\\/\\\/www.cetys.mx\\\/noticias\\\/sabes-que-es-la-culpa-de-mama\\\/#article\",\"isPartOf\":{\"@id\":\"https:\\\/\\\/www.cetys.mx\\\/noticias\\\/sabes-que-es-la-culpa-de-mama\\\/\"},\"author\":{\"name\":\"Campus Mexicali\",\"@id\":\"https:\\\/\\\/www.cetys.mx\\\/noticias\\\/#\\\/schema\\\/person\\\/79a95c4ac185f3705cf1b9c9340a5f70\"},\"headline\":\"\u00bfSabes qu\u00e9 es la culpa de mam\u00e1?\",\"datePublished\":\"2023-05-11T00:22:07+00:00\",\"dateModified\":\"2023-05-16T22:42:32+00:00\",\"mainEntityOfPage\":{\"@id\":\"https:\\\/\\\/www.cetys.mx\\\/noticias\\\/sabes-que-es-la-culpa-de-mama\\\/\"},\"wordCount\":532,\"commentCount\":0,\"image\":{\"@id\":\"https:\\\/\\\/www.cetys.mx\\\/noticias\\\/sabes-que-es-la-culpa-de-mama\\\/#primaryimage\"},\"thumbnailUrl\":\"https:\\\/\\\/www.cetys.mx\\\/noticias\\\/wp-content\\\/uploads\\\/2023\\\/05\\\/madre-molesta-tiro-medio.jpg\",\"keywords\":[\"Administraci\u00f3n y Negocios\",\"D\u00eda de las Madres\",\"Expertos CETYS\",\"psicolog\u00eda\",\"vocetys-2023-05-16\"],\"articleSection\":[\"Campus Mexicali\",\"Portada\",\"Profesional\",\"VoCETYS\"],\"inLanguage\":\"es\",\"potentialAction\":[{\"@type\":\"CommentAction\",\"name\":\"Comment\",\"target\":[\"https:\\\/\\\/www.cetys.mx\\\/noticias\\\/sabes-que-es-la-culpa-de-mama\\\/#respond\"]}]},{\"@type\":\"WebPage\",\"@id\":\"https:\\\/\\\/www.cetys.mx\\\/noticias\\\/sabes-que-es-la-culpa-de-mama\\\/\",\"url\":\"https:\\\/\\\/www.cetys.mx\\\/noticias\\\/sabes-que-es-la-culpa-de-mama\\\/\",\"name\":\"\u00bfSabes qu\u00e9 es la culpa de mam\u00e1? - CETYS\",\"isPartOf\":{\"@id\":\"https:\\\/\\\/www.cetys.mx\\\/noticias\\\/#website\"},\"primaryImageOfPage\":{\"@id\":\"https:\\\/\\\/www.cetys.mx\\\/noticias\\\/sabes-que-es-la-culpa-de-mama\\\/#primaryimage\"},\"image\":{\"@id\":\"https:\\\/\\\/www.cetys.mx\\\/noticias\\\/sabes-que-es-la-culpa-de-mama\\\/#primaryimage\"},\"thumbnailUrl\":\"https:\\\/\\\/www.cetys.mx\\\/noticias\\\/wp-content\\\/uploads\\\/2023\\\/05\\\/madre-molesta-tiro-medio.jpg\",\"datePublished\":\"2023-05-11T00:22:07+00:00\",\"dateModified\":\"2023-05-16T22:42:32+00:00\",\"author\":{\"@id\":\"https:\\\/\\\/www.cetys.mx\\\/noticias\\\/#\\\/schema\\\/person\\\/79a95c4ac185f3705cf1b9c9340a5f70\"},\"description\":\"Articulo sobre \u00bfSabes qu\u00e9 es la culpa de mam\u00e1?\",\"breadcrumb\":{\"@id\":\"https:\\\/\\\/www.cetys.mx\\\/noticias\\\/sabes-que-es-la-culpa-de-mama\\\/#breadcrumb\"},\"inLanguage\":\"es\",\"potentialAction\":[{\"@type\":\"ReadAction\",\"target\":[\"https:\\\/\\\/www.cetys.mx\\\/noticias\\\/sabes-que-es-la-culpa-de-mama\\\/\"]}]},{\"@type\":\"ImageObject\",\"inLanguage\":\"es\",\"@id\":\"https:\\\/\\\/www.cetys.mx\\\/noticias\\\/sabes-que-es-la-culpa-de-mama\\\/#primaryimage\",\"url\":\"https:\\\/\\\/www.cetys.mx\\\/noticias\\\/wp-content\\\/uploads\\\/2023\\\/05\\\/madre-molesta-tiro-medio.jpg\",\"contentUrl\":\"https:\\\/\\\/www.cetys.mx\\\/noticias\\\/wp-content\\\/uploads\\\/2023\\\/05\\\/madre-molesta-tiro-medio.jpg\",\"width\":958,\"height\":639},{\"@type\":\"BreadcrumbList\",\"@id\":\"https:\\\/\\\/www.cetys.mx\\\/noticias\\\/sabes-que-es-la-culpa-de-mama\\\/#breadcrumb\",\"itemListElement\":[{\"@type\":\"ListItem\",\"position\":1,\"name\":\"Inicio\",\"item\":\"https:\\\/\\\/www.cetys.mx\\\/noticias\\\/\"},{\"@type\":\"ListItem\",\"position\":2,\"name\":\"\u00bfSabes qu\u00e9 es la culpa de mam\u00e1?\"}]},{\"@type\":\"WebSite\",\"@id\":\"https:\\\/\\\/www.cetys.mx\\\/noticias\\\/#website\",\"url\":\"https:\\\/\\\/www.cetys.mx\\\/noticias\\\/\",\"name\":\"CETYS\",\"description\":\"\",\"potentialAction\":[{\"@type\":\"SearchAction\",\"target\":{\"@type\":\"EntryPoint\",\"urlTemplate\":\"https:\\\/\\\/www.cetys.mx\\\/noticias\\\/?s={search_term_string}\"},\"query-input\":{\"@type\":\"PropertyValueSpecification\",\"valueRequired\":true,\"valueName\":\"search_term_string\"}}],\"inLanguage\":\"es\"},{\"@type\":\"Person\",\"@id\":\"https:\\\/\\\/www.cetys.mx\\\/noticias\\\/#\\\/schema\\\/person\\\/79a95c4ac185f3705cf1b9c9340a5f70\",\"name\":\"Campus Mexicali\",\"url\":\"https:\\\/\\\/www.cetys.mx\\\/noticias\\\/author\\\/campusmexicali\\\/\"}]}<\/script>\n<!-- \/ Yoast SEO plugin. -->","yoast_head_json":{"title":"\u00bfSabes qu\u00e9 es la culpa de mam\u00e1? - CETYS","description":"Articulo sobre \u00bfSabes qu\u00e9 es la culpa de mam\u00e1?","robots":{"index":"index","follow":"follow","max-snippet":"max-snippet:-1","max-image-preview":"max-image-preview:large","max-video-preview":"max-video-preview:-1"},"canonical":"https:\/\/www.cetys.mx\/noticias\/sabes-que-es-la-culpa-de-mama\/","og_locale":"es_MX","og_type":"article","og_title":"\u00bfSabes qu\u00e9 es la culpa de mam\u00e1? - CETYS","og_description":"Articulo sobre \u00bfSabes qu\u00e9 es la culpa de mam\u00e1?","og_url":"https:\/\/www.cetys.mx\/noticias\/sabes-que-es-la-culpa-de-mama\/","og_site_name":"CETYS","article_publisher":"https:\/\/www.facebook.com\/cetysuniversidadmxl\/","article_published_time":"2023-05-11T00:22:07+00:00","article_modified_time":"2023-05-16T22:42:32+00:00","og_image":[{"width":958,"height":639,"url":"https:\/\/www.cetys.mx\/noticias\/wp-content\/uploads\/2023\/05\/madre-molesta-tiro-medio.jpg","type":"image\/jpeg"}],"author":"Campus Mexicali","twitter_card":"summary_large_image","twitter_creator":"@cetysuni","twitter_site":"@cetysuni","twitter_misc":{"Escrito por":"Campus Mexicali","Tiempo de lectura":"3 minutos"},"schema":{"@context":"https:\/\/schema.org","@graph":[{"@type":"Article","@id":"https:\/\/www.cetys.mx\/noticias\/sabes-que-es-la-culpa-de-mama\/#article","isPartOf":{"@id":"https:\/\/www.cetys.mx\/noticias\/sabes-que-es-la-culpa-de-mama\/"},"author":{"name":"Campus Mexicali","@id":"https:\/\/www.cetys.mx\/noticias\/#\/schema\/person\/79a95c4ac185f3705cf1b9c9340a5f70"},"headline":"\u00bfSabes qu\u00e9 es la culpa de mam\u00e1?","datePublished":"2023-05-11T00:22:07+00:00","dateModified":"2023-05-16T22:42:32+00:00","mainEntityOfPage":{"@id":"https:\/\/www.cetys.mx\/noticias\/sabes-que-es-la-culpa-de-mama\/"},"wordCount":532,"commentCount":0,"image":{"@id":"https:\/\/www.cetys.mx\/noticias\/sabes-que-es-la-culpa-de-mama\/#primaryimage"},"thumbnailUrl":"https:\/\/www.cetys.mx\/noticias\/wp-content\/uploads\/2023\/05\/madre-molesta-tiro-medio.jpg","keywords":["Administraci\u00f3n y Negocios","D\u00eda de las Madres","Expertos CETYS","psicolog\u00eda","vocetys-2023-05-16"],"articleSection":["Campus Mexicali","Portada","Profesional","VoCETYS"],"inLanguage":"es","potentialAction":[{"@type":"CommentAction","name":"Comment","target":["https:\/\/www.cetys.mx\/noticias\/sabes-que-es-la-culpa-de-mama\/#respond"]}]},{"@type":"WebPage","@id":"https:\/\/www.cetys.mx\/noticias\/sabes-que-es-la-culpa-de-mama\/","url":"https:\/\/www.cetys.mx\/noticias\/sabes-que-es-la-culpa-de-mama\/","name":"\u00bfSabes qu\u00e9 es la culpa de mam\u00e1? - CETYS","isPartOf":{"@id":"https:\/\/www.cetys.mx\/noticias\/#website"},"primaryImageOfPage":{"@id":"https:\/\/www.cetys.mx\/noticias\/sabes-que-es-la-culpa-de-mama\/#primaryimage"},"image":{"@id":"https:\/\/www.cetys.mx\/noticias\/sabes-que-es-la-culpa-de-mama\/#primaryimage"},"thumbnailUrl":"https:\/\/www.cetys.mx\/noticias\/wp-content\/uploads\/2023\/05\/madre-molesta-tiro-medio.jpg","datePublished":"2023-05-11T00:22:07+00:00","dateModified":"2023-05-16T22:42:32+00:00","author":{"@id":"https:\/\/www.cetys.mx\/noticias\/#\/schema\/person\/79a95c4ac185f3705cf1b9c9340a5f70"},"description":"Articulo sobre \u00bfSabes qu\u00e9 es la culpa de mam\u00e1?","breadcrumb":{"@id":"https:\/\/www.cetys.mx\/noticias\/sabes-que-es-la-culpa-de-mama\/#breadcrumb"},"inLanguage":"es","potentialAction":[{"@type":"ReadAction","target":["https:\/\/www.cetys.mx\/noticias\/sabes-que-es-la-culpa-de-mama\/"]}]},{"@type":"ImageObject","inLanguage":"es","@id":"https:\/\/www.cetys.mx\/noticias\/sabes-que-es-la-culpa-de-mama\/#primaryimage","url":"https:\/\/www.cetys.mx\/noticias\/wp-content\/uploads\/2023\/05\/madre-molesta-tiro-medio.jpg","contentUrl":"https:\/\/www.cetys.mx\/noticias\/wp-content\/uploads\/2023\/05\/madre-molesta-tiro-medio.jpg","width":958,"height":639},{"@type":"BreadcrumbList","@id":"https:\/\/www.cetys.mx\/noticias\/sabes-que-es-la-culpa-de-mama\/#breadcrumb","itemListElement":[{"@type":"ListItem","position":1,"name":"Inicio","item":"https:\/\/www.cetys.mx\/noticias\/"},{"@type":"ListItem","position":2,"name":"\u00bfSabes qu\u00e9 es la culpa de mam\u00e1?"}]},{"@type":"WebSite","@id":"https:\/\/www.cetys.mx\/noticias\/#website","url":"https:\/\/www.cetys.mx\/noticias\/","name":"CETYS","description":"","potentialAction":[{"@type":"SearchAction","target":{"@type":"EntryPoint","urlTemplate":"https:\/\/www.cetys.mx\/noticias\/?s={search_term_string}"},"query-input":{"@type":"PropertyValueSpecification","valueRequired":true,"valueName":"search_term_string"}}],"inLanguage":"es"},{"@type":"Person","@id":"https:\/\/www.cetys.mx\/noticias\/#\/schema\/person\/79a95c4ac185f3705cf1b9c9340a5f70","name":"Campus Mexicali","url":"https:\/\/www.cetys.mx\/noticias\/author\/campusmexicali\/"}]}},"_links":{"self":[{"href":"https:\/\/www.cetys.mx\/noticias\/wp-json\/wp\/v2\/posts\/172736","targetHints":{"allow":["GET"]}}],"collection":[{"href":"https:\/\/www.cetys.mx\/noticias\/wp-json\/wp\/v2\/posts"}],"about":[{"href":"https:\/\/www.cetys.mx\/noticias\/wp-json\/wp\/v2\/types\/post"}],"author":[{"embeddable":true,"href":"https:\/\/www.cetys.mx\/noticias\/wp-json\/wp\/v2\/users\/20"}],"replies":[{"embeddable":true,"href":"https:\/\/www.cetys.mx\/noticias\/wp-json\/wp\/v2\/comments?post=172736"}],"version-history":[{"count":1,"href":"https:\/\/www.cetys.mx\/noticias\/wp-json\/wp\/v2\/posts\/172736\/revisions"}],"predecessor-version":[{"id":172737,"href":"https:\/\/www.cetys.mx\/noticias\/wp-json\/wp\/v2\/posts\/172736\/revisions\/172737"}],"wp:featuredmedia":[{"embeddable":true,"href":"https:\/\/www.cetys.mx\/noticias\/wp-json\/wp\/v2\/media\/172679"}],"wp:attachment":[{"href":"https:\/\/www.cetys.mx\/noticias\/wp-json\/wp\/v2\/media?parent=172736"}],"wp:term":[{"taxonomy":"category","embeddable":true,"href":"https:\/\/www.cetys.mx\/noticias\/wp-json\/wp\/v2\/categories?post=172736"},{"taxonomy":"post_tag","embeddable":true,"href":"https:\/\/www.cetys.mx\/noticias\/wp-json\/wp\/v2\/tags?post=172736"}],"curies":[{"name":"wp","href":"https:\/\/api.w.org\/{rel}","templated":true}]}}