{"id":172599,"date":"2023-05-08T17:49:30","date_gmt":"2023-05-09T00:49:30","guid":{"rendered":"https:\/\/www.cetys.mx\/noticias\/?p=172599"},"modified":"2023-05-16T15:42:49","modified_gmt":"2023-05-16T22:42:49","slug":"hacia-nuevos-horizontes-de-crecimiento-informe-anual-2022-dr-fernando-leon-garcia","status":"publish","type":"post","link":"https:\/\/www.cetys.mx\/noticias\/hacia-nuevos-horizontes-de-crecimiento-informe-anual-2022-dr-fernando-leon-garcia\/","title":{"rendered":"Hacia nuevos horizontes de crecimiento: Informe Anual 2022, Dr. Fernando Le\u00f3n Garc\u00eda"},"content":{"rendered":"<p><span style=\"font-weight: 400;\">Con foros llenos y creando un espacio para compartir logros y el trabajo comprometido de la universidad, el <strong>Dr. Fernando Le\u00f3n Garc\u00eda, Rector de CETYS<\/strong>, present\u00f3 los logros y trabajo realizado en el a\u00f1o 2022 en el Informe Anual de Actividades.<\/span><\/p>\n<p><span style=\"font-weight: 400;\">Mediante una serie de presentaciones con alumnos, docentes, colaboradores, egresados y actores clave de la industria, sociedad civil y filantrop\u00eda en los tres Campus, el Rector realiz\u00f3 un repaso puntual de metas logradas desde la <strong>Alta Calidad, Competitividad Global, Comunidades de Aprendizaje y la Sustentabilidad.<\/strong><\/span><\/p>\n<p><span style=\"font-weight: 400;\">Es as\u00ed que, al 2022, se cont\u00f3 con una matr\u00edcula de m\u00e1s de 7,900 alumnos y m\u00e1s de 48, 300 egresados programa; experiencias internacionales de egresados de licenciatura en un 69 %; 174 docentes de tiempo completo, de los cu\u00e1les, el 74 % cuenta con doctorado; se apoy\u00f3 a 8 de cada 10 alumnos con Becas y Apoyos Financieros y, en la actualidad, se cuenta con acreditaciones y rankings internacionales como: WASC, ACBSP, ABET, QS Stars y QS Rankings, Times Higher Education y la reciente UI Green Metric para temas de sustentabilidad.\u00a0<\/span><\/p>\n<p>&nbsp;<\/p>\n<div class=\"gallery-slider-wrapper gallery-1\">\n                        <div class=\"gallery-slider\" itemscope itemtype=\"http:\/\/schema.org\/ImageGallery\"><figure class=\"slide\" itemprop=\"associatedMedia\" itemscope itemtype=\"http:\/\/schema.org\/ImageObject\">\n                    <a itemprop=\"contentUrl\" href=\"https:\/\/www.cetys.mx\/noticias\/wp-content\/uploads\/2023\/05\/344948967_185960397666112_8366231218510082457_n.jpg\">\n                        <img decoding=\"async\" itemprop=\"thumbnail\" class=\"lazyOwl\" src=\"https:\/\/www.cetys.mx\/noticias\/wp-content\/plugins\/jmagz-plugin\/assets\/placeholder\/900x450.png\" data-src=\"https:\/\/www.cetys.mx\/noticias\/wp-content\/uploads\/2023\/05\/344948967_185960397666112_8366231218510082457_n.jpg\" alt=\"Campus Mexicali\">\n                    <\/a>\n                    <figcaption itemprop=\"caption description\" class=\"slide-caption\">\n                        Campus Mexicali\n                    <\/figcaption>\n                <\/figure><figure class=\"slide\" itemprop=\"associatedMedia\" itemscope itemtype=\"http:\/\/schema.org\/ImageObject\">\n                    <a itemprop=\"contentUrl\" href=\"https:\/\/www.cetys.mx\/noticias\/wp-content\/uploads\/2023\/05\/344815098_599438028806097_7169442905337486813_n.jpg\">\n                        <img decoding=\"async\" itemprop=\"thumbnail\" class=\"lazyOwl\" src=\"https:\/\/www.cetys.mx\/noticias\/wp-content\/plugins\/jmagz-plugin\/assets\/placeholder\/900x450.png\" data-src=\"https:\/\/www.cetys.mx\/noticias\/wp-content\/uploads\/2023\/05\/344815098_599438028806097_7169442905337486813_n.jpg\" alt=\"Campus Mexicali\">\n                    <\/a>\n                    <figcaption itemprop=\"caption description\" class=\"slide-caption\">\n                        Campus Mexicali\n                    <\/figcaption>\n                <\/figure><figure class=\"slide\" itemprop=\"associatedMedia\" itemscope itemtype=\"http:\/\/schema.org\/ImageObject\">\n                    <a itemprop=\"contentUrl\" href=\"https:\/\/www.cetys.mx\/noticias\/wp-content\/uploads\/2023\/05\/344808599_256710743559735_4404254378363223079_n.jpg\">\n                        <img decoding=\"async\" itemprop=\"thumbnail\" class=\"lazyOwl\" src=\"https:\/\/www.cetys.mx\/noticias\/wp-content\/plugins\/jmagz-plugin\/assets\/placeholder\/900x450.png\" data-src=\"https:\/\/www.cetys.mx\/noticias\/wp-content\/uploads\/2023\/05\/344808599_256710743559735_4404254378363223079_n.jpg\" alt=\"Campus Tijuana\">\n                    <\/a>\n                    <figcaption itemprop=\"caption description\" class=\"slide-caption\">\n                        Campus Tijuana\n                    <\/figcaption>\n                <\/figure><figure class=\"slide\" itemprop=\"associatedMedia\" itemscope itemtype=\"http:\/\/schema.org\/ImageObject\">\n                    <a itemprop=\"contentUrl\" href=\"https:\/\/www.cetys.mx\/noticias\/wp-content\/uploads\/2023\/05\/344765862_904783987246841_1725351972826744702_n.jpg\">\n                        <img decoding=\"async\" itemprop=\"thumbnail\" class=\"lazyOwl\" src=\"https:\/\/www.cetys.mx\/noticias\/wp-content\/plugins\/jmagz-plugin\/assets\/placeholder\/900x450.png\" data-src=\"https:\/\/www.cetys.mx\/noticias\/wp-content\/uploads\/2023\/05\/344765862_904783987246841_1725351972826744702_n.jpg\" alt=\"Campus Tijuana\">\n                    <\/a>\n                    <figcaption itemprop=\"caption description\" class=\"slide-caption\">\n                        Campus Tijuana\n                    <\/figcaption>\n                <\/figure><figure class=\"slide\" itemprop=\"associatedMedia\" itemscope itemtype=\"http:\/\/schema.org\/ImageObject\">\n                    <a itemprop=\"contentUrl\" href=\"https:\/\/www.cetys.mx\/noticias\/wp-content\/uploads\/2023\/05\/344555707_1427211044720701_3031116595522744008_n.jpg\">\n                        <img decoding=\"async\" itemprop=\"thumbnail\" class=\"lazyOwl\" src=\"https:\/\/www.cetys.mx\/noticias\/wp-content\/plugins\/jmagz-plugin\/assets\/placeholder\/900x450.png\" data-src=\"https:\/\/www.cetys.mx\/noticias\/wp-content\/uploads\/2023\/05\/344555707_1427211044720701_3031116595522744008_n.jpg\" alt=\"Campus Internacional Ensenada.\">\n                    <\/a>\n                    <figcaption itemprop=\"caption description\" class=\"slide-caption\">\n                        Campus Ensenada\n                    <\/figcaption>\n                <\/figure><figure class=\"slide\" itemprop=\"associatedMedia\" itemscope itemtype=\"http:\/\/schema.org\/ImageObject\">\n                    <a itemprop=\"contentUrl\" href=\"https:\/\/www.cetys.mx\/noticias\/wp-content\/uploads\/2023\/05\/345043346_205145535605557_1905421173339775198_n.jpg\">\n                        <img decoding=\"async\" itemprop=\"thumbnail\" class=\"lazyOwl\" src=\"https:\/\/www.cetys.mx\/noticias\/wp-content\/plugins\/jmagz-plugin\/assets\/placeholder\/900x450.png\" data-src=\"https:\/\/www.cetys.mx\/noticias\/wp-content\/uploads\/2023\/05\/345043346_205145535605557_1905421173339775198_n.jpg\" alt=\"Campus Internacional Ensenada.\">\n                    <\/a>\n                    <figcaption itemprop=\"caption description\" class=\"slide-caption\">\n                        Campus Ensenada\n                    <\/figcaption>\n                <\/figure><\/div>\n                <div class=\"gallery-slider-thumbnail-wrapper\">\n                    <div class=\"gallery-slider-thumbnail\"><div class=\"slide-thumbnail\"><img decoding=\"async\" class=\"lazyOwl\" src=\"https:\/\/www.cetys.mx\/noticias\/wp-content\/plugins\/jmagz-plugin\/assets\/placeholder\/150x75.png\" data-src=\"https:\/\/www.cetys.mx\/noticias\/wp-content\/uploads\/2023\/05\/344948967_185960397666112_8366231218510082457_n.jpg\" alt=\"Campus Mexicali\"><\/div><div class=\"slide-thumbnail\"><img decoding=\"async\" class=\"lazyOwl\" src=\"https:\/\/www.cetys.mx\/noticias\/wp-content\/plugins\/jmagz-plugin\/assets\/placeholder\/150x75.png\" data-src=\"https:\/\/www.cetys.mx\/noticias\/wp-content\/uploads\/2023\/05\/344815098_599438028806097_7169442905337486813_n.jpg\" alt=\"Campus Mexicali\"><\/div><div class=\"slide-thumbnail\"><img decoding=\"async\" class=\"lazyOwl\" src=\"https:\/\/www.cetys.mx\/noticias\/wp-content\/plugins\/jmagz-plugin\/assets\/placeholder\/150x75.png\" data-src=\"https:\/\/www.cetys.mx\/noticias\/wp-content\/uploads\/2023\/05\/344808599_256710743559735_4404254378363223079_n.jpg\" alt=\"Campus Tijuana\"><\/div><div class=\"slide-thumbnail\"><img decoding=\"async\" class=\"lazyOwl\" src=\"https:\/\/www.cetys.mx\/noticias\/wp-content\/plugins\/jmagz-plugin\/assets\/placeholder\/150x75.png\" data-src=\"https:\/\/www.cetys.mx\/noticias\/wp-content\/uploads\/2023\/05\/344765862_904783987246841_1725351972826744702_n.jpg\" alt=\"Campus Tijuana\"><\/div><div class=\"slide-thumbnail\"><img decoding=\"async\" class=\"lazyOwl\" src=\"https:\/\/www.cetys.mx\/noticias\/wp-content\/plugins\/jmagz-plugin\/assets\/placeholder\/150x75.png\" data-src=\"https:\/\/www.cetys.mx\/noticias\/wp-content\/uploads\/2023\/05\/344555707_1427211044720701_3031116595522744008_n.jpg\" alt=\"Campus Internacional Ensenada.\"><\/div><div class=\"slide-thumbnail\"><img decoding=\"async\" class=\"lazyOwl\" src=\"https:\/\/www.cetys.mx\/noticias\/wp-content\/plugins\/jmagz-plugin\/assets\/placeholder\/150x75.png\" data-src=\"https:\/\/www.cetys.mx\/noticias\/wp-content\/uploads\/2023\/05\/345043346_205145535605557_1905421173339775198_n.jpg\" alt=\"Campus Internacional Ensenada.\"><\/div><\/div><\/div><\/div>\n<p><span style=\"font-weight: 400;\">Adem\u00e1s, se distingui\u00f3 la participaci\u00f3n de los alumnos en eventos acad\u00e9micos, de liderazgo estudiantil, deportivo y cultural, tanto a nivel nacional como internacional. Por parte de los docentes, participaron en diversos grupos de trabajo en proyectos de innovaci\u00f3n en las \u00e1reas de Ingenier\u00eda, Administraci\u00f3n y Negocios, as\u00ed como Ciencias Sociales y Humanidades.<\/span><\/p>\n<p><span style=\"font-weight: 400;\">En infraestructura, mencion\u00f3 los grandes avances que se dieron en el a\u00f1o, como la inauguraci\u00f3n del <strong>Centro de Estudios Vitivin\u00edcolas de CETYS (CEVIT)<\/strong> en Campus Ensenada; la construcci\u00f3n del <strong>Centro de Excelencia en Desarrollo Humano y Social Ing. Enrique C. Blancas De la Cruz (CEDHUS)<\/strong> en Campus Mexicali y la construcci\u00f3n del C<strong>entro de Excelencia en Competitividad y Emprendimiento-Centro Estudiantil en Campus Tijuana.<\/strong><\/span><\/p>\n<p><span style=\"font-weight: 400;\">Hacia el 75 aniversario de la Instituci\u00f3n, el Dr. Le\u00f3n Garc\u00eda coment\u00f3: <\/span><\/p>\n<blockquote><p><span style=\"font-weight: 400;\">\u201cHablar del CETYS del Futuro es hablar del ambiente universitario que se requiere para poder ofrecer el tipo de educaci\u00f3n que queremos tener dentro del Plan 2036, en donde CETYS Universidad ser\u00e1 una instituci\u00f3n educativa distintiva por su experiencia transformadora, cultura de innovaci\u00f3n, impacto significativo en la comunidad y con trascendencia nacional y global\u201d.<\/span><\/p><\/blockquote>\n<p><span style=\"font-weight: 400;\">Con un amplio balance de logros y esfuerzo comprometido, el Dr. Fernando Le\u00f3n Garc\u00eda concluy\u00f3 y agradeci\u00f3 a la comunidad CETYS por su trabajo, sentando las bases para la sustentabilidad y crecimiento institucionales hacia el 2036.<\/span><\/p>\n<p>&nbsp;<\/p>\n","protected":false},"excerpt":{"rendered":"<p>Con foros llenos y creando un espacio para compartir logros y el trabajo comprometido de la universidad, el Dr. Fernando Le\u00f3n Garc\u00eda,&#8230;<\/p>\n","protected":false},"author":26,"featured_media":172602,"comment_status":"open","ping_status":"closed","sticky":false,"template":"","format":"standard","meta":{"footnotes":""},"categories":[209,125,113,313],"tags":[4665,6377,6395],"class_list":["post-172599","post","type-post","status-publish","format-standard","has-post-thumbnail","hentry","category-institucional","category-portada","category-rectoria","category-vocetys-2","tag-dr-fernando-leon-garcia","tag-informe-anual-2022","tag-vocetys-top-2023-05-16"],"yoast_head":"<!-- This site is optimized with the Yoast SEO plugin v27.4 - https:\/\/yoast.com\/product\/yoast-seo-wordpress\/ -->\n<title>Informe Anual 2022 CETYS - Dr. Fernando Le\u00f3n Garc\u00eda<\/title>\n<meta name=\"description\" content=\"El Dr. Fernando Le\u00f3n Garc\u00eda, Rector de CETYS, present\u00f3 los logros y trabajo realizado en el a\u00f1o 2022 en el Informe Anual de Actividades.\" \/>\n<meta name=\"robots\" content=\"index, follow, max-snippet:-1, max-image-preview:large, max-video-preview:-1\" \/>\n<link rel=\"canonical\" href=\"https:\/\/www.cetys.mx\/noticias\/hacia-nuevos-horizontes-de-crecimiento-informe-anual-2022-dr-fernando-leon-garcia\/\" \/>\n<meta property=\"og:locale\" content=\"es_MX\" \/>\n<meta property=\"og:type\" content=\"article\" \/>\n<meta property=\"og:title\" content=\"Informe Anual 2022 CETYS - Dr. Fernando Le\u00f3n Garc\u00eda\" \/>\n<meta property=\"og:description\" content=\"El Dr. Fernando Le\u00f3n Garc\u00eda, Rector de CETYS, present\u00f3 los logros y trabajo realizado en el a\u00f1o 2022 en el Informe Anual de Actividades.\" \/>\n<meta property=\"og:url\" content=\"https:\/\/www.cetys.mx\/noticias\/hacia-nuevos-horizontes-de-crecimiento-informe-anual-2022-dr-fernando-leon-garcia\/\" \/>\n<meta property=\"og:site_name\" content=\"CETYS\" \/>\n<meta property=\"article:publisher\" content=\"https:\/\/www.facebook.com\/cetysuniversidadmxl\/\" \/>\n<meta property=\"article:published_time\" content=\"2023-05-09T00:49:30+00:00\" \/>\n<meta property=\"article:modified_time\" content=\"2023-05-16T22:42:49+00:00\" \/>\n<meta property=\"og:image\" content=\"https:\/\/www.cetys.mx\/noticias\/wp-content\/uploads\/2023\/05\/como.png\" \/>\n\t<meta property=\"og:image:width\" content=\"958\" \/>\n\t<meta property=\"og:image:height\" content=\"637\" \/>\n\t<meta property=\"og:image:type\" content=\"image\/png\" \/>\n<meta name=\"author\" content=\"CETYS Institucional\" \/>\n<meta name=\"twitter:card\" content=\"summary_large_image\" \/>\n<meta name=\"twitter:creator\" content=\"@cetysuni\" \/>\n<meta name=\"twitter:site\" content=\"@cetysuni\" \/>\n<meta name=\"twitter:label1\" content=\"Escrito por\" \/>\n\t<meta name=\"twitter:data1\" content=\"CETYS Institucional\" \/>\n\t<meta name=\"twitter:label2\" content=\"Tiempo de lectura\" \/>\n\t<meta name=\"twitter:data2\" content=\"2 minutos\" \/>\n<script type=\"application\/ld+json\" class=\"yoast-schema-graph\">{\"@context\":\"https:\\\/\\\/schema.org\",\"@graph\":[{\"@type\":\"Article\",\"@id\":\"https:\\\/\\\/www.cetys.mx\\\/noticias\\\/hacia-nuevos-horizontes-de-crecimiento-informe-anual-2022-dr-fernando-leon-garcia\\\/#article\",\"isPartOf\":{\"@id\":\"https:\\\/\\\/www.cetys.mx\\\/noticias\\\/hacia-nuevos-horizontes-de-crecimiento-informe-anual-2022-dr-fernando-leon-garcia\\\/\"},\"author\":{\"name\":\"CETYS Institucional\",\"@id\":\"https:\\\/\\\/www.cetys.mx\\\/noticias\\\/#\\\/schema\\\/person\\\/e9d2b35265b64aa454df57a2828eb2ac\"},\"headline\":\"Hacia nuevos horizontes de crecimiento: Informe Anual 2022, Dr. Fernando Le\u00f3n Garc\u00eda\",\"datePublished\":\"2023-05-09T00:49:30+00:00\",\"dateModified\":\"2023-05-16T22:42:49+00:00\",\"mainEntityOfPage\":{\"@id\":\"https:\\\/\\\/www.cetys.mx\\\/noticias\\\/hacia-nuevos-horizontes-de-crecimiento-informe-anual-2022-dr-fernando-leon-garcia\\\/\"},\"wordCount\":428,\"commentCount\":0,\"image\":{\"@id\":\"https:\\\/\\\/www.cetys.mx\\\/noticias\\\/hacia-nuevos-horizontes-de-crecimiento-informe-anual-2022-dr-fernando-leon-garcia\\\/#primaryimage\"},\"thumbnailUrl\":\"https:\\\/\\\/www.cetys.mx\\\/noticias\\\/wp-content\\\/uploads\\\/2023\\\/05\\\/como.png\",\"keywords\":[\"Dr. Fernando Le\u00f3n Garc\u00eda\",\"Informe Anual 2022\",\"vocetys-top-2023-05-16\"],\"articleSection\":[\"Institucional\",\"Portada\",\"Rector\u00eda\",\"VoCETYS\"],\"inLanguage\":\"es\",\"potentialAction\":[{\"@type\":\"CommentAction\",\"name\":\"Comment\",\"target\":[\"https:\\\/\\\/www.cetys.mx\\\/noticias\\\/hacia-nuevos-horizontes-de-crecimiento-informe-anual-2022-dr-fernando-leon-garcia\\\/#respond\"]}]},{\"@type\":\"WebPage\",\"@id\":\"https:\\\/\\\/www.cetys.mx\\\/noticias\\\/hacia-nuevos-horizontes-de-crecimiento-informe-anual-2022-dr-fernando-leon-garcia\\\/\",\"url\":\"https:\\\/\\\/www.cetys.mx\\\/noticias\\\/hacia-nuevos-horizontes-de-crecimiento-informe-anual-2022-dr-fernando-leon-garcia\\\/\",\"name\":\"Informe Anual 2022 CETYS - Dr. Fernando Le\u00f3n Garc\u00eda\",\"isPartOf\":{\"@id\":\"https:\\\/\\\/www.cetys.mx\\\/noticias\\\/#website\"},\"primaryImageOfPage\":{\"@id\":\"https:\\\/\\\/www.cetys.mx\\\/noticias\\\/hacia-nuevos-horizontes-de-crecimiento-informe-anual-2022-dr-fernando-leon-garcia\\\/#primaryimage\"},\"image\":{\"@id\":\"https:\\\/\\\/www.cetys.mx\\\/noticias\\\/hacia-nuevos-horizontes-de-crecimiento-informe-anual-2022-dr-fernando-leon-garcia\\\/#primaryimage\"},\"thumbnailUrl\":\"https:\\\/\\\/www.cetys.mx\\\/noticias\\\/wp-content\\\/uploads\\\/2023\\\/05\\\/como.png\",\"datePublished\":\"2023-05-09T00:49:30+00:00\",\"dateModified\":\"2023-05-16T22:42:49+00:00\",\"author\":{\"@id\":\"https:\\\/\\\/www.cetys.mx\\\/noticias\\\/#\\\/schema\\\/person\\\/e9d2b35265b64aa454df57a2828eb2ac\"},\"description\":\"El Dr. Fernando Le\u00f3n Garc\u00eda, Rector de CETYS, present\u00f3 los logros y trabajo realizado en el a\u00f1o 2022 en el Informe Anual de Actividades.\",\"breadcrumb\":{\"@id\":\"https:\\\/\\\/www.cetys.mx\\\/noticias\\\/hacia-nuevos-horizontes-de-crecimiento-informe-anual-2022-dr-fernando-leon-garcia\\\/#breadcrumb\"},\"inLanguage\":\"es\",\"potentialAction\":[{\"@type\":\"ReadAction\",\"target\":[\"https:\\\/\\\/www.cetys.mx\\\/noticias\\\/hacia-nuevos-horizontes-de-crecimiento-informe-anual-2022-dr-fernando-leon-garcia\\\/\"]}]},{\"@type\":\"ImageObject\",\"inLanguage\":\"es\",\"@id\":\"https:\\\/\\\/www.cetys.mx\\\/noticias\\\/hacia-nuevos-horizontes-de-crecimiento-informe-anual-2022-dr-fernando-leon-garcia\\\/#primaryimage\",\"url\":\"https:\\\/\\\/www.cetys.mx\\\/noticias\\\/wp-content\\\/uploads\\\/2023\\\/05\\\/como.png\",\"contentUrl\":\"https:\\\/\\\/www.cetys.mx\\\/noticias\\\/wp-content\\\/uploads\\\/2023\\\/05\\\/como.png\",\"width\":958,\"height\":637},{\"@type\":\"BreadcrumbList\",\"@id\":\"https:\\\/\\\/www.cetys.mx\\\/noticias\\\/hacia-nuevos-horizontes-de-crecimiento-informe-anual-2022-dr-fernando-leon-garcia\\\/#breadcrumb\",\"itemListElement\":[{\"@type\":\"ListItem\",\"position\":1,\"name\":\"Inicio\",\"item\":\"https:\\\/\\\/www.cetys.mx\\\/noticias\\\/\"},{\"@type\":\"ListItem\",\"position\":2,\"name\":\"Hacia nuevos horizontes de crecimiento: Informe Anual 2022, Dr. Fernando Le\u00f3n Garc\u00eda\"}]},{\"@type\":\"WebSite\",\"@id\":\"https:\\\/\\\/www.cetys.mx\\\/noticias\\\/#website\",\"url\":\"https:\\\/\\\/www.cetys.mx\\\/noticias\\\/\",\"name\":\"CETYS\",\"description\":\"\",\"potentialAction\":[{\"@type\":\"SearchAction\",\"target\":{\"@type\":\"EntryPoint\",\"urlTemplate\":\"https:\\\/\\\/www.cetys.mx\\\/noticias\\\/?s={search_term_string}\"},\"query-input\":{\"@type\":\"PropertyValueSpecification\",\"valueRequired\":true,\"valueName\":\"search_term_string\"}}],\"inLanguage\":\"es\"},{\"@type\":\"Person\",\"@id\":\"https:\\\/\\\/www.cetys.mx\\\/noticias\\\/#\\\/schema\\\/person\\\/e9d2b35265b64aa454df57a2828eb2ac\",\"name\":\"CETYS Institucional\",\"url\":\"https:\\\/\\\/www.cetys.mx\\\/noticias\\\/author\\\/cetysinstitucional\\\/\"}]}<\/script>\n<!-- \/ Yoast SEO plugin. -->","yoast_head_json":{"title":"Informe Anual 2022 CETYS - Dr. Fernando Le\u00f3n Garc\u00eda","description":"El Dr. Fernando Le\u00f3n Garc\u00eda, Rector de CETYS, present\u00f3 los logros y trabajo realizado en el a\u00f1o 2022 en el Informe Anual de Actividades.","robots":{"index":"index","follow":"follow","max-snippet":"max-snippet:-1","max-image-preview":"max-image-preview:large","max-video-preview":"max-video-preview:-1"},"canonical":"https:\/\/www.cetys.mx\/noticias\/hacia-nuevos-horizontes-de-crecimiento-informe-anual-2022-dr-fernando-leon-garcia\/","og_locale":"es_MX","og_type":"article","og_title":"Informe Anual 2022 CETYS - Dr. Fernando Le\u00f3n Garc\u00eda","og_description":"El Dr. Fernando Le\u00f3n Garc\u00eda, Rector de CETYS, present\u00f3 los logros y trabajo realizado en el a\u00f1o 2022 en el Informe Anual de Actividades.","og_url":"https:\/\/www.cetys.mx\/noticias\/hacia-nuevos-horizontes-de-crecimiento-informe-anual-2022-dr-fernando-leon-garcia\/","og_site_name":"CETYS","article_publisher":"https:\/\/www.facebook.com\/cetysuniversidadmxl\/","article_published_time":"2023-05-09T00:49:30+00:00","article_modified_time":"2023-05-16T22:42:49+00:00","og_image":[{"width":958,"height":637,"url":"https:\/\/www.cetys.mx\/noticias\/wp-content\/uploads\/2023\/05\/como.png","type":"image\/png"}],"author":"CETYS Institucional","twitter_card":"summary_large_image","twitter_creator":"@cetysuni","twitter_site":"@cetysuni","twitter_misc":{"Escrito por":"CETYS Institucional","Tiempo de lectura":"2 minutos"},"schema":{"@context":"https:\/\/schema.org","@graph":[{"@type":"Article","@id":"https:\/\/www.cetys.mx\/noticias\/hacia-nuevos-horizontes-de-crecimiento-informe-anual-2022-dr-fernando-leon-garcia\/#article","isPartOf":{"@id":"https:\/\/www.cetys.mx\/noticias\/hacia-nuevos-horizontes-de-crecimiento-informe-anual-2022-dr-fernando-leon-garcia\/"},"author":{"name":"CETYS Institucional","@id":"https:\/\/www.cetys.mx\/noticias\/#\/schema\/person\/e9d2b35265b64aa454df57a2828eb2ac"},"headline":"Hacia nuevos horizontes de crecimiento: Informe Anual 2022, Dr. Fernando Le\u00f3n Garc\u00eda","datePublished":"2023-05-09T00:49:30+00:00","dateModified":"2023-05-16T22:42:49+00:00","mainEntityOfPage":{"@id":"https:\/\/www.cetys.mx\/noticias\/hacia-nuevos-horizontes-de-crecimiento-informe-anual-2022-dr-fernando-leon-garcia\/"},"wordCount":428,"commentCount":0,"image":{"@id":"https:\/\/www.cetys.mx\/noticias\/hacia-nuevos-horizontes-de-crecimiento-informe-anual-2022-dr-fernando-leon-garcia\/#primaryimage"},"thumbnailUrl":"https:\/\/www.cetys.mx\/noticias\/wp-content\/uploads\/2023\/05\/como.png","keywords":["Dr. Fernando Le\u00f3n Garc\u00eda","Informe Anual 2022","vocetys-top-2023-05-16"],"articleSection":["Institucional","Portada","Rector\u00eda","VoCETYS"],"inLanguage":"es","potentialAction":[{"@type":"CommentAction","name":"Comment","target":["https:\/\/www.cetys.mx\/noticias\/hacia-nuevos-horizontes-de-crecimiento-informe-anual-2022-dr-fernando-leon-garcia\/#respond"]}]},{"@type":"WebPage","@id":"https:\/\/www.cetys.mx\/noticias\/hacia-nuevos-horizontes-de-crecimiento-informe-anual-2022-dr-fernando-leon-garcia\/","url":"https:\/\/www.cetys.mx\/noticias\/hacia-nuevos-horizontes-de-crecimiento-informe-anual-2022-dr-fernando-leon-garcia\/","name":"Informe Anual 2022 CETYS - Dr. Fernando Le\u00f3n Garc\u00eda","isPartOf":{"@id":"https:\/\/www.cetys.mx\/noticias\/#website"},"primaryImageOfPage":{"@id":"https:\/\/www.cetys.mx\/noticias\/hacia-nuevos-horizontes-de-crecimiento-informe-anual-2022-dr-fernando-leon-garcia\/#primaryimage"},"image":{"@id":"https:\/\/www.cetys.mx\/noticias\/hacia-nuevos-horizontes-de-crecimiento-informe-anual-2022-dr-fernando-leon-garcia\/#primaryimage"},"thumbnailUrl":"https:\/\/www.cetys.mx\/noticias\/wp-content\/uploads\/2023\/05\/como.png","datePublished":"2023-05-09T00:49:30+00:00","dateModified":"2023-05-16T22:42:49+00:00","author":{"@id":"https:\/\/www.cetys.mx\/noticias\/#\/schema\/person\/e9d2b35265b64aa454df57a2828eb2ac"},"description":"El Dr. Fernando Le\u00f3n Garc\u00eda, Rector de CETYS, present\u00f3 los logros y trabajo realizado en el a\u00f1o 2022 en el Informe Anual de Actividades.","breadcrumb":{"@id":"https:\/\/www.cetys.mx\/noticias\/hacia-nuevos-horizontes-de-crecimiento-informe-anual-2022-dr-fernando-leon-garcia\/#breadcrumb"},"inLanguage":"es","potentialAction":[{"@type":"ReadAction","target":["https:\/\/www.cetys.mx\/noticias\/hacia-nuevos-horizontes-de-crecimiento-informe-anual-2022-dr-fernando-leon-garcia\/"]}]},{"@type":"ImageObject","inLanguage":"es","@id":"https:\/\/www.cetys.mx\/noticias\/hacia-nuevos-horizontes-de-crecimiento-informe-anual-2022-dr-fernando-leon-garcia\/#primaryimage","url":"https:\/\/www.cetys.mx\/noticias\/wp-content\/uploads\/2023\/05\/como.png","contentUrl":"https:\/\/www.cetys.mx\/noticias\/wp-content\/uploads\/2023\/05\/como.png","width":958,"height":637},{"@type":"BreadcrumbList","@id":"https:\/\/www.cetys.mx\/noticias\/hacia-nuevos-horizontes-de-crecimiento-informe-anual-2022-dr-fernando-leon-garcia\/#breadcrumb","itemListElement":[{"@type":"ListItem","position":1,"name":"Inicio","item":"https:\/\/www.cetys.mx\/noticias\/"},{"@type":"ListItem","position":2,"name":"Hacia nuevos horizontes de crecimiento: Informe Anual 2022, Dr. Fernando Le\u00f3n Garc\u00eda"}]},{"@type":"WebSite","@id":"https:\/\/www.cetys.mx\/noticias\/#website","url":"https:\/\/www.cetys.mx\/noticias\/","name":"CETYS","description":"","potentialAction":[{"@type":"SearchAction","target":{"@type":"EntryPoint","urlTemplate":"https:\/\/www.cetys.mx\/noticias\/?s={search_term_string}"},"query-input":{"@type":"PropertyValueSpecification","valueRequired":true,"valueName":"search_term_string"}}],"inLanguage":"es"},{"@type":"Person","@id":"https:\/\/www.cetys.mx\/noticias\/#\/schema\/person\/e9d2b35265b64aa454df57a2828eb2ac","name":"CETYS Institucional","url":"https:\/\/www.cetys.mx\/noticias\/author\/cetysinstitucional\/"}]}},"_links":{"self":[{"href":"https:\/\/www.cetys.mx\/noticias\/wp-json\/wp\/v2\/posts\/172599","targetHints":{"allow":["GET"]}}],"collection":[{"href":"https:\/\/www.cetys.mx\/noticias\/wp-json\/wp\/v2\/posts"}],"about":[{"href":"https:\/\/www.cetys.mx\/noticias\/wp-json\/wp\/v2\/types\/post"}],"author":[{"embeddable":true,"href":"https:\/\/www.cetys.mx\/noticias\/wp-json\/wp\/v2\/users\/26"}],"replies":[{"embeddable":true,"href":"https:\/\/www.cetys.mx\/noticias\/wp-json\/wp\/v2\/comments?post=172599"}],"version-history":[{"count":1,"href":"https:\/\/www.cetys.mx\/noticias\/wp-json\/wp\/v2\/posts\/172599\/revisions"}],"predecessor-version":[{"id":172613,"href":"https:\/\/www.cetys.mx\/noticias\/wp-json\/wp\/v2\/posts\/172599\/revisions\/172613"}],"wp:featuredmedia":[{"embeddable":true,"href":"https:\/\/www.cetys.mx\/noticias\/wp-json\/wp\/v2\/media\/172602"}],"wp:attachment":[{"href":"https:\/\/www.cetys.mx\/noticias\/wp-json\/wp\/v2\/media?parent=172599"}],"wp:term":[{"taxonomy":"category","embeddable":true,"href":"https:\/\/www.cetys.mx\/noticias\/wp-json\/wp\/v2\/categories?post=172599"},{"taxonomy":"post_tag","embeddable":true,"href":"https:\/\/www.cetys.mx\/noticias\/wp-json\/wp\/v2\/tags?post=172599"}],"curies":[{"name":"wp","href":"https:\/\/api.w.org\/{rel}","templated":true}]}}