{"id":172480,"date":"2023-05-04T10:43:03","date_gmt":"2023-05-04T17:43:03","guid":{"rendered":"https:\/\/www.cetys.mx\/noticias\/?p=172480"},"modified":"2023-05-04T10:43:03","modified_gmt":"2023-05-04T17:43:03","slug":"se-certifican-5-docentes-como-facilitadores-en-salud-mental","status":"publish","type":"post","link":"https:\/\/www.cetys.mx\/noticias\/se-certifican-5-docentes-como-facilitadores-en-salud-mental\/","title":{"rendered":"Se certifican 5 docentes como facilitadores en Salud Mental"},"content":{"rendered":"<p>Como parte de los objetivos del<strong> Programa de Salud Mental y Bienestar Integral de CETYS<\/strong>, cinco colaboradores recibieron la certificaci\u00f3n como Facilitadores en Salud Mental por parte del Consejo Nacional para la Ense\u00f1anza e Investigaci\u00f3n en Psicoolog\u00eda (CNEIP), siendo de Mexicali, Karina Imperial y Paola Castro; de Tijuana Fernanda Gil y Melany Celed\u00f3n y de Ensenada, Eduardo Mariscal, que son colaboradores del\u00a0Centro de Desarrollo Estudiantil (CEDE).<\/p>\n<p>Esta certificaci\u00f3n fue obtenida a travpes de un curso dise\u00f1ado para mejorar el acceso a la atenci\u00f3n de salud mental,\u00a0<span style=\"font-weight: 400;\">\u00a0trabajando con los recursos existentes de <\/span><span style=\"font-weight: 400;\">una comunidad determinada.\u00a0 <\/span><\/p>\n<p><span style=\"font-weight: 400;\">Entre los temas se destacaron:<\/span><\/p>\n<ul>\n<li><span style=\"font-weight: 400;\">Salud mental.<\/span><\/li>\n<li><span style=\"font-weight: 400;\">Emociones.<\/span><\/li>\n<li><span style=\"font-weight: 400;\">T\u00e9cnicas de entrevista.<\/span><\/li>\n<li><span style=\"font-weight: 400;\">Estr\u00e9s.<\/span><\/li>\n<li><span style=\"font-weight: 400;\">Angustia.<\/span><\/li>\n<li><span style=\"font-weight: 400;\">Violencia.<\/span><\/li>\n<li><span style=\"font-weight: 400;\">Prevenci\u00f3n del suicidio.\u00a0<\/span><\/li>\n<\/ul>\n<p><span style=\"font-weight: 400;\">Gracias a esta certificaci\u00f3n, los colaboradores de CETYS tienen la capacidad de brindar la primera respuesta en salud mental a individuos, grupos o comunidades, lo que resulta en beneficio para los estudiantes de la Instituci\u00f3n.<\/span><\/p>\n","protected":false},"excerpt":{"rendered":"<p>Como parte de los objetivos del Programa de Salud Mental y Bienestar Integral de CETYS, cinco colaboradores recibieron la certificaci\u00f3n como Facilitadores&#8230;<\/p>\n","protected":false},"author":26,"featured_media":172486,"comment_status":"open","ping_status":"closed","sticky":false,"template":"","format":"standard","meta":{"footnotes":""},"categories":[209,125,6103],"tags":[4221,530],"class_list":["post-172480","post","type-post","status-publish","format-standard","has-post-thumbnail","hentry","category-institucional","category-portada","category-salud-mental","tag-bienestar-integral","tag-salud-mental"],"yoast_head":"<!-- This site is optimized with the Yoast SEO plugin v27.4 - https:\/\/yoast.com\/product\/yoast-seo-wordpress\/ -->\n<title>5 Docentes CETYS ser Certifican en Salud Mental<\/title>\n<meta name=\"description\" content=\"Por parte del Consejo Nacional para la Ense\u00f1anza e Investigaci\u00f3n en Psicoolog\u00eda (CNEIP).\" \/>\n<meta name=\"robots\" content=\"index, follow, max-snippet:-1, max-image-preview:large, max-video-preview:-1\" \/>\n<link rel=\"canonical\" href=\"https:\/\/www.cetys.mx\/noticias\/se-certifican-5-docentes-como-facilitadores-en-salud-mental\/\" \/>\n<meta property=\"og:locale\" content=\"es_MX\" \/>\n<meta property=\"og:type\" content=\"article\" \/>\n<meta property=\"og:title\" content=\"5 Docentes CETYS ser Certifican en Salud Mental\" \/>\n<meta property=\"og:description\" content=\"Por parte del Consejo Nacional para la Ense\u00f1anza e Investigaci\u00f3n en Psicoolog\u00eda (CNEIP).\" \/>\n<meta property=\"og:url\" content=\"https:\/\/www.cetys.mx\/noticias\/se-certifican-5-docentes-como-facilitadores-en-salud-mental\/\" \/>\n<meta property=\"og:site_name\" content=\"CETYS\" \/>\n<meta property=\"article:publisher\" content=\"https:\/\/www.facebook.com\/cetysuniversidadmxl\/\" \/>\n<meta property=\"article:published_time\" content=\"2023-05-04T17:43:03+00:00\" \/>\n<meta property=\"og:image\" content=\"https:\/\/www.cetys.mx\/noticias\/wp-content\/uploads\/2023\/05\/Salud-Mental-y-Bienestar.jpg\" \/>\n\t<meta property=\"og:image:width\" content=\"958\" \/>\n\t<meta property=\"og:image:height\" content=\"637\" \/>\n\t<meta property=\"og:image:type\" content=\"image\/jpeg\" \/>\n<meta name=\"author\" content=\"CETYS Institucional\" \/>\n<meta name=\"twitter:card\" content=\"summary_large_image\" \/>\n<meta name=\"twitter:creator\" content=\"@cetysuni\" \/>\n<meta name=\"twitter:site\" content=\"@cetysuni\" \/>\n<meta name=\"twitter:label1\" content=\"Escrito por\" \/>\n\t<meta name=\"twitter:data1\" content=\"CETYS Institucional\" \/>\n\t<meta name=\"twitter:label2\" content=\"Tiempo de lectura\" \/>\n\t<meta name=\"twitter:data2\" content=\"1 minuto\" \/>\n<script type=\"application\/ld+json\" class=\"yoast-schema-graph\">{\"@context\":\"https:\\\/\\\/schema.org\",\"@graph\":[{\"@type\":\"Article\",\"@id\":\"https:\\\/\\\/www.cetys.mx\\\/noticias\\\/se-certifican-5-docentes-como-facilitadores-en-salud-mental\\\/#article\",\"isPartOf\":{\"@id\":\"https:\\\/\\\/www.cetys.mx\\\/noticias\\\/se-certifican-5-docentes-como-facilitadores-en-salud-mental\\\/\"},\"author\":{\"name\":\"CETYS Institucional\",\"@id\":\"https:\\\/\\\/www.cetys.mx\\\/noticias\\\/#\\\/schema\\\/person\\\/e9d2b35265b64aa454df57a2828eb2ac\"},\"headline\":\"Se certifican 5 docentes como facilitadores en Salud Mental\",\"datePublished\":\"2023-05-04T17:43:03+00:00\",\"mainEntityOfPage\":{\"@id\":\"https:\\\/\\\/www.cetys.mx\\\/noticias\\\/se-certifican-5-docentes-como-facilitadores-en-salud-mental\\\/\"},\"wordCount\":169,\"commentCount\":0,\"image\":{\"@id\":\"https:\\\/\\\/www.cetys.mx\\\/noticias\\\/se-certifican-5-docentes-como-facilitadores-en-salud-mental\\\/#primaryimage\"},\"thumbnailUrl\":\"https:\\\/\\\/www.cetys.mx\\\/noticias\\\/wp-content\\\/uploads\\\/2023\\\/05\\\/Salud-Mental-y-Bienestar.jpg\",\"keywords\":[\"Bienestar Integral\",\"Salud Mental\"],\"articleSection\":[\"Institucional\",\"Portada\",\"Salud Mental\"],\"inLanguage\":\"es\",\"potentialAction\":[{\"@type\":\"CommentAction\",\"name\":\"Comment\",\"target\":[\"https:\\\/\\\/www.cetys.mx\\\/noticias\\\/se-certifican-5-docentes-como-facilitadores-en-salud-mental\\\/#respond\"]}]},{\"@type\":\"WebPage\",\"@id\":\"https:\\\/\\\/www.cetys.mx\\\/noticias\\\/se-certifican-5-docentes-como-facilitadores-en-salud-mental\\\/\",\"url\":\"https:\\\/\\\/www.cetys.mx\\\/noticias\\\/se-certifican-5-docentes-como-facilitadores-en-salud-mental\\\/\",\"name\":\"5 Docentes CETYS ser Certifican en Salud Mental\",\"isPartOf\":{\"@id\":\"https:\\\/\\\/www.cetys.mx\\\/noticias\\\/#website\"},\"primaryImageOfPage\":{\"@id\":\"https:\\\/\\\/www.cetys.mx\\\/noticias\\\/se-certifican-5-docentes-como-facilitadores-en-salud-mental\\\/#primaryimage\"},\"image\":{\"@id\":\"https:\\\/\\\/www.cetys.mx\\\/noticias\\\/se-certifican-5-docentes-como-facilitadores-en-salud-mental\\\/#primaryimage\"},\"thumbnailUrl\":\"https:\\\/\\\/www.cetys.mx\\\/noticias\\\/wp-content\\\/uploads\\\/2023\\\/05\\\/Salud-Mental-y-Bienestar.jpg\",\"datePublished\":\"2023-05-04T17:43:03+00:00\",\"author\":{\"@id\":\"https:\\\/\\\/www.cetys.mx\\\/noticias\\\/#\\\/schema\\\/person\\\/e9d2b35265b64aa454df57a2828eb2ac\"},\"description\":\"Por parte del Consejo Nacional para la Ense\u00f1anza e Investigaci\u00f3n en Psicoolog\u00eda (CNEIP).\",\"breadcrumb\":{\"@id\":\"https:\\\/\\\/www.cetys.mx\\\/noticias\\\/se-certifican-5-docentes-como-facilitadores-en-salud-mental\\\/#breadcrumb\"},\"inLanguage\":\"es\",\"potentialAction\":[{\"@type\":\"ReadAction\",\"target\":[\"https:\\\/\\\/www.cetys.mx\\\/noticias\\\/se-certifican-5-docentes-como-facilitadores-en-salud-mental\\\/\"]}]},{\"@type\":\"ImageObject\",\"inLanguage\":\"es\",\"@id\":\"https:\\\/\\\/www.cetys.mx\\\/noticias\\\/se-certifican-5-docentes-como-facilitadores-en-salud-mental\\\/#primaryimage\",\"url\":\"https:\\\/\\\/www.cetys.mx\\\/noticias\\\/wp-content\\\/uploads\\\/2023\\\/05\\\/Salud-Mental-y-Bienestar.jpg\",\"contentUrl\":\"https:\\\/\\\/www.cetys.mx\\\/noticias\\\/wp-content\\\/uploads\\\/2023\\\/05\\\/Salud-Mental-y-Bienestar.jpg\",\"width\":958,\"height\":637},{\"@type\":\"BreadcrumbList\",\"@id\":\"https:\\\/\\\/www.cetys.mx\\\/noticias\\\/se-certifican-5-docentes-como-facilitadores-en-salud-mental\\\/#breadcrumb\",\"itemListElement\":[{\"@type\":\"ListItem\",\"position\":1,\"name\":\"Inicio\",\"item\":\"https:\\\/\\\/www.cetys.mx\\\/noticias\\\/\"},{\"@type\":\"ListItem\",\"position\":2,\"name\":\"Se certifican 5 docentes como facilitadores en Salud Mental\"}]},{\"@type\":\"WebSite\",\"@id\":\"https:\\\/\\\/www.cetys.mx\\\/noticias\\\/#website\",\"url\":\"https:\\\/\\\/www.cetys.mx\\\/noticias\\\/\",\"name\":\"CETYS\",\"description\":\"\",\"potentialAction\":[{\"@type\":\"SearchAction\",\"target\":{\"@type\":\"EntryPoint\",\"urlTemplate\":\"https:\\\/\\\/www.cetys.mx\\\/noticias\\\/?s={search_term_string}\"},\"query-input\":{\"@type\":\"PropertyValueSpecification\",\"valueRequired\":true,\"valueName\":\"search_term_string\"}}],\"inLanguage\":\"es\"},{\"@type\":\"Person\",\"@id\":\"https:\\\/\\\/www.cetys.mx\\\/noticias\\\/#\\\/schema\\\/person\\\/e9d2b35265b64aa454df57a2828eb2ac\",\"name\":\"CETYS Institucional\",\"url\":\"https:\\\/\\\/www.cetys.mx\\\/noticias\\\/author\\\/cetysinstitucional\\\/\"}]}<\/script>\n<!-- \/ Yoast SEO plugin. -->","yoast_head_json":{"title":"5 Docentes CETYS ser Certifican en Salud Mental","description":"Por parte del Consejo Nacional para la Ense\u00f1anza e Investigaci\u00f3n en Psicoolog\u00eda (CNEIP).","robots":{"index":"index","follow":"follow","max-snippet":"max-snippet:-1","max-image-preview":"max-image-preview:large","max-video-preview":"max-video-preview:-1"},"canonical":"https:\/\/www.cetys.mx\/noticias\/se-certifican-5-docentes-como-facilitadores-en-salud-mental\/","og_locale":"es_MX","og_type":"article","og_title":"5 Docentes CETYS ser Certifican en Salud Mental","og_description":"Por parte del Consejo Nacional para la Ense\u00f1anza e Investigaci\u00f3n en Psicoolog\u00eda (CNEIP).","og_url":"https:\/\/www.cetys.mx\/noticias\/se-certifican-5-docentes-como-facilitadores-en-salud-mental\/","og_site_name":"CETYS","article_publisher":"https:\/\/www.facebook.com\/cetysuniversidadmxl\/","article_published_time":"2023-05-04T17:43:03+00:00","og_image":[{"width":958,"height":637,"url":"https:\/\/www.cetys.mx\/noticias\/wp-content\/uploads\/2023\/05\/Salud-Mental-y-Bienestar.jpg","type":"image\/jpeg"}],"author":"CETYS Institucional","twitter_card":"summary_large_image","twitter_creator":"@cetysuni","twitter_site":"@cetysuni","twitter_misc":{"Escrito por":"CETYS Institucional","Tiempo de lectura":"1 minuto"},"schema":{"@context":"https:\/\/schema.org","@graph":[{"@type":"Article","@id":"https:\/\/www.cetys.mx\/noticias\/se-certifican-5-docentes-como-facilitadores-en-salud-mental\/#article","isPartOf":{"@id":"https:\/\/www.cetys.mx\/noticias\/se-certifican-5-docentes-como-facilitadores-en-salud-mental\/"},"author":{"name":"CETYS Institucional","@id":"https:\/\/www.cetys.mx\/noticias\/#\/schema\/person\/e9d2b35265b64aa454df57a2828eb2ac"},"headline":"Se certifican 5 docentes como facilitadores en Salud Mental","datePublished":"2023-05-04T17:43:03+00:00","mainEntityOfPage":{"@id":"https:\/\/www.cetys.mx\/noticias\/se-certifican-5-docentes-como-facilitadores-en-salud-mental\/"},"wordCount":169,"commentCount":0,"image":{"@id":"https:\/\/www.cetys.mx\/noticias\/se-certifican-5-docentes-como-facilitadores-en-salud-mental\/#primaryimage"},"thumbnailUrl":"https:\/\/www.cetys.mx\/noticias\/wp-content\/uploads\/2023\/05\/Salud-Mental-y-Bienestar.jpg","keywords":["Bienestar Integral","Salud Mental"],"articleSection":["Institucional","Portada","Salud Mental"],"inLanguage":"es","potentialAction":[{"@type":"CommentAction","name":"Comment","target":["https:\/\/www.cetys.mx\/noticias\/se-certifican-5-docentes-como-facilitadores-en-salud-mental\/#respond"]}]},{"@type":"WebPage","@id":"https:\/\/www.cetys.mx\/noticias\/se-certifican-5-docentes-como-facilitadores-en-salud-mental\/","url":"https:\/\/www.cetys.mx\/noticias\/se-certifican-5-docentes-como-facilitadores-en-salud-mental\/","name":"5 Docentes CETYS ser Certifican en Salud Mental","isPartOf":{"@id":"https:\/\/www.cetys.mx\/noticias\/#website"},"primaryImageOfPage":{"@id":"https:\/\/www.cetys.mx\/noticias\/se-certifican-5-docentes-como-facilitadores-en-salud-mental\/#primaryimage"},"image":{"@id":"https:\/\/www.cetys.mx\/noticias\/se-certifican-5-docentes-como-facilitadores-en-salud-mental\/#primaryimage"},"thumbnailUrl":"https:\/\/www.cetys.mx\/noticias\/wp-content\/uploads\/2023\/05\/Salud-Mental-y-Bienestar.jpg","datePublished":"2023-05-04T17:43:03+00:00","author":{"@id":"https:\/\/www.cetys.mx\/noticias\/#\/schema\/person\/e9d2b35265b64aa454df57a2828eb2ac"},"description":"Por parte del Consejo Nacional para la Ense\u00f1anza e Investigaci\u00f3n en Psicoolog\u00eda (CNEIP).","breadcrumb":{"@id":"https:\/\/www.cetys.mx\/noticias\/se-certifican-5-docentes-como-facilitadores-en-salud-mental\/#breadcrumb"},"inLanguage":"es","potentialAction":[{"@type":"ReadAction","target":["https:\/\/www.cetys.mx\/noticias\/se-certifican-5-docentes-como-facilitadores-en-salud-mental\/"]}]},{"@type":"ImageObject","inLanguage":"es","@id":"https:\/\/www.cetys.mx\/noticias\/se-certifican-5-docentes-como-facilitadores-en-salud-mental\/#primaryimage","url":"https:\/\/www.cetys.mx\/noticias\/wp-content\/uploads\/2023\/05\/Salud-Mental-y-Bienestar.jpg","contentUrl":"https:\/\/www.cetys.mx\/noticias\/wp-content\/uploads\/2023\/05\/Salud-Mental-y-Bienestar.jpg","width":958,"height":637},{"@type":"BreadcrumbList","@id":"https:\/\/www.cetys.mx\/noticias\/se-certifican-5-docentes-como-facilitadores-en-salud-mental\/#breadcrumb","itemListElement":[{"@type":"ListItem","position":1,"name":"Inicio","item":"https:\/\/www.cetys.mx\/noticias\/"},{"@type":"ListItem","position":2,"name":"Se certifican 5 docentes como facilitadores en Salud Mental"}]},{"@type":"WebSite","@id":"https:\/\/www.cetys.mx\/noticias\/#website","url":"https:\/\/www.cetys.mx\/noticias\/","name":"CETYS","description":"","potentialAction":[{"@type":"SearchAction","target":{"@type":"EntryPoint","urlTemplate":"https:\/\/www.cetys.mx\/noticias\/?s={search_term_string}"},"query-input":{"@type":"PropertyValueSpecification","valueRequired":true,"valueName":"search_term_string"}}],"inLanguage":"es"},{"@type":"Person","@id":"https:\/\/www.cetys.mx\/noticias\/#\/schema\/person\/e9d2b35265b64aa454df57a2828eb2ac","name":"CETYS Institucional","url":"https:\/\/www.cetys.mx\/noticias\/author\/cetysinstitucional\/"}]}},"_links":{"self":[{"href":"https:\/\/www.cetys.mx\/noticias\/wp-json\/wp\/v2\/posts\/172480","targetHints":{"allow":["GET"]}}],"collection":[{"href":"https:\/\/www.cetys.mx\/noticias\/wp-json\/wp\/v2\/posts"}],"about":[{"href":"https:\/\/www.cetys.mx\/noticias\/wp-json\/wp\/v2\/types\/post"}],"author":[{"embeddable":true,"href":"https:\/\/www.cetys.mx\/noticias\/wp-json\/wp\/v2\/users\/26"}],"replies":[{"embeddable":true,"href":"https:\/\/www.cetys.mx\/noticias\/wp-json\/wp\/v2\/comments?post=172480"}],"version-history":[{"count":1,"href":"https:\/\/www.cetys.mx\/noticias\/wp-json\/wp\/v2\/posts\/172480\/revisions"}],"predecessor-version":[{"id":172503,"href":"https:\/\/www.cetys.mx\/noticias\/wp-json\/wp\/v2\/posts\/172480\/revisions\/172503"}],"wp:featuredmedia":[{"embeddable":true,"href":"https:\/\/www.cetys.mx\/noticias\/wp-json\/wp\/v2\/media\/172486"}],"wp:attachment":[{"href":"https:\/\/www.cetys.mx\/noticias\/wp-json\/wp\/v2\/media?parent=172480"}],"wp:term":[{"taxonomy":"category","embeddable":true,"href":"https:\/\/www.cetys.mx\/noticias\/wp-json\/wp\/v2\/categories?post=172480"},{"taxonomy":"post_tag","embeddable":true,"href":"https:\/\/www.cetys.mx\/noticias\/wp-json\/wp\/v2\/tags?post=172480"}],"curies":[{"name":"wp","href":"https:\/\/api.w.org\/{rel}","templated":true}]}}