{"id":171865,"date":"2023-04-12T17:28:13","date_gmt":"2023-04-13T00:28:13","guid":{"rendered":"https:\/\/www.cetys.mx\/noticias\/?p=171865"},"modified":"2023-04-12T17:28:13","modified_gmt":"2023-04-13T00:28:13","slug":"campus-ensenada-fue-sede-del-tercer-congreso-de-liderazgo-estudiantil-de-cetys","status":"publish","type":"post","link":"https:\/\/www.cetys.mx\/noticias\/campus-ensenada-fue-sede-del-tercer-congreso-de-liderazgo-estudiantil-de-cetys\/","title":{"rendered":"Campus Ensenada fue sede del tercer Congreso de Liderazgo Estudiantil de CETYS"},"content":{"rendered":"<p>M\u00e1s de un centenar de estudiantes de los tres campus de CETYS Universidad se dieron cita en el Ensenada para participar en el Tercer Congreso de Liderazgo Estudiantil, evento que tiene como objetivo desarrollar el liderazgo y crear lazos entre estudiantes de la instituci\u00f3n.<\/p>\n<p>A trav\u00e9s de conferencias, talleres y actividades de integraci\u00f3n, el congreso brinda la oportunidad de compartir experiencias, conocimientos y trayectorias para impulsar el liderazgo de estudiante a estudiante, as\u00ed lo precis\u00f3 el Dr. Francisco V\u00e9lez Torrres, Director de CETYS Universidad Campus Internacional Ensenada, quien fue el encargado de darles la bienvenida al Campus.<\/p>\n<p>El Congreso de Liderazgo Estudiantil surgi\u00f3 en el a\u00f1o 2020 con sede en el Campus Tijuana, contando con la participaci\u00f3n de conferencistas y talleristas externos,\u00a0y a consecuencia de la pandemia, se tuvo que llevar a cabo en modalidad virtual; en el 2021 fue la segunda edici\u00f3n, nuevamente con el campus Tijuana como anfitri\u00f3n, pero ahora en modalidad h\u00edbrida; los conferencistas y talleristas fueron egresados de CETYS.<\/p>\n<p><img loading=\"lazy\" decoding=\"async\" class=\"wp-image-171867 aligncenter\" src=\"https:\/\/www.cetys.mx\/noticias\/wp-content\/uploads\/2023\/04\/Foto-2.jpg\" alt=\"\" width=\"539\" height=\"358\" srcset=\"https:\/\/www.cetys.mx\/noticias\/wp-content\/uploads\/2023\/04\/Foto-2.jpg 958w, https:\/\/www.cetys.mx\/noticias\/wp-content\/uploads\/2023\/04\/Foto-2-768x511.jpg 768w\" sizes=\"auto, (max-width: 539px) 100vw, 539px\" \/><\/p>\n<p>Para el 2023 se decidi\u00f3 que la sede del congreso se alternara, tocando el turno a Campus Ensenada, y que los responsables de impartir los talleres fueran los mismos estudiantes que representan a diferentes grupos estudiantiles, como lo son: el CETYS Green Club Campus Ensenada, Recicali de Mexicali, El CONEPSI (Consejo de Psicolog\u00eda Tijuana), Colectivo Femmes Tijuana y un alumno de Millennium Fellowship 2022 de Ensenada, entre otros.<\/p>\n<p>Los talleres a cargo de los grupos estudiantiles fueron: \u201cProyectos de impacto social estilo Milleniun Fellowship\u201d, a cargo de Carlos Yaroslav Vera Kolomoets Class of 2022 Millenium Fellow Campus Ensenada; \u201cTransforma, no lo tires\u201d, a cargo de CETYS Green Club Campus Ensenada; \u201cDescubre el liderazgo que llevas dentro&#8221;, \u201cY si seguimos el camino verde?\u201d ambos dirigidos por Recicali Campus Mexicali; \u201cL\u00edderes masculinos, l\u00edderes inclusivos\u201d, a cargo del Colectivo Femmes Campus Tijuana; \u201cEstr\u00e9s y la toma de decisiones en equipo\u201d, a cargo de CONEPSI (Consejo de Psicolog\u00eda) de Campus Tijuana;\u00a0 y \u201cHazlo con miedo o sin miedo pero hazlo\u201d, dirigido por QUANTUM Campus Tijuana.<\/p>\n<p><img loading=\"lazy\" decoding=\"async\" class=\"wp-image-171868 aligncenter\" src=\"https:\/\/www.cetys.mx\/noticias\/wp-content\/uploads\/2023\/04\/Foto-4.jpg\" alt=\"\" width=\"537\" height=\"357\" srcset=\"https:\/\/www.cetys.mx\/noticias\/wp-content\/uploads\/2023\/04\/Foto-4.jpg 958w, https:\/\/www.cetys.mx\/noticias\/wp-content\/uploads\/2023\/04\/Foto-4-768x511.jpg 768w\" sizes=\"auto, (max-width: 537px) 100vw, 537px\" \/><\/p>\n<p>Adem\u00e1s, la tercera edici\u00f3n cont\u00f3 con dos conferencias magistrales; la primera fue \u201cLiderazgo de la felicidad\u201d, a cargo de Adri\u00e1n Arturo Luna Sig\u00fcenza, coach-motivador de atletas profesionales; la segunda fue \u201cEl primer paso\u201d, a cargo de Km1, organizaci\u00f3n sin \u00e1nimo de lucro, por la conservaci\u00f3n de las playas, mares y oc\u00e9anos.<\/p>\n<p>Finalmente, para Carlos Yaroslav Vera, estudiante de Ingenier\u00eda en Energ\u00edas Renovables en Campus Ensenada, el evento fue muy representativo porque adem\u00e1s le toc\u00f3 impartir un taller. \u201cConsidero que fue una excelente idea, ya que los compa\u00f1eros se sienten m\u00e1s relajados y la convivencia es \u00f3ptima. Adem\u00e1s, los muchachos fueron muy participativos y tambi\u00e9n muy activos, lo que hizo el taller m\u00e1s ameno. Sal\u00ed muy satisfecho y orgulloso, ya que pude identificar que los j\u00f3venes tenemos aptitudes de l\u00edderes y agentes de cambio y que tenemos en CETYS todo el apoyo para desarrollarnos\u201d.<\/p>\n<p>CETYS Universidad, fiel a su misi\u00f3n de formar personas comprometidas moral e intelectualmente con el mejoramiento econ\u00f3mico, social y cultural, promueve espacios para impulsar y desarrollar el liderazgo en el estudiantado que a su vez les permita hacer conciencia social sobre las necesidades de la comunidad, el pa\u00eds y el mundo.<\/p>\n<p><img loading=\"lazy\" decoding=\"async\" class=\"wp-image-171869 aligncenter\" src=\"https:\/\/www.cetys.mx\/noticias\/wp-content\/uploads\/2023\/04\/Foto-7.jpg\" alt=\"\" width=\"493\" height=\"328\" srcset=\"https:\/\/www.cetys.mx\/noticias\/wp-content\/uploads\/2023\/04\/Foto-7.jpg 958w, https:\/\/www.cetys.mx\/noticias\/wp-content\/uploads\/2023\/04\/Foto-7-768x511.jpg 768w\" sizes=\"auto, (max-width: 493px) 100vw, 493px\" \/><\/p>\n","protected":false},"excerpt":{"rendered":"<p>M\u00e1s de un centenar de estudiantes de los tres campus de CETYS Universidad se dieron cita en el Ensenada para participar en&#8230;<\/p>\n","protected":false},"author":23,"featured_media":171866,"comment_status":"open","ping_status":"closed","sticky":false,"template":"","format":"standard","meta":{"footnotes":""},"categories":[209,105,313],"tags":[138,214,4491],"class_list":["post-171865","post","type-post","status-publish","format-standard","has-post-thumbnail","hentry","category-institucional","category-vida-estudiantil","category-vocetys-2","tag-cetys","tag-congreso","tag-liderazgo-estudiantil"],"yoast_head":"<!-- This site is optimized with the Yoast SEO plugin v27.4 - https:\/\/yoast.com\/product\/yoast-seo-wordpress\/ -->\n<title>Campus Ensenada fue sede del tercer Congreso de Liderazgo Estudiantil de CETYS - CETYS<\/title>\n<meta name=\"description\" content=\"Articulo sobre Campus Ensenada fue sede del tercer Congreso de Liderazgo Estudiantil de CETYS\" \/>\n<meta name=\"robots\" content=\"index, follow, max-snippet:-1, max-image-preview:large, max-video-preview:-1\" \/>\n<link rel=\"canonical\" href=\"https:\/\/www.cetys.mx\/noticias\/campus-ensenada-fue-sede-del-tercer-congreso-de-liderazgo-estudiantil-de-cetys\/\" \/>\n<meta property=\"og:locale\" content=\"es_MX\" \/>\n<meta property=\"og:type\" content=\"article\" \/>\n<meta property=\"og:title\" content=\"Campus Ensenada fue sede del tercer Congreso de Liderazgo Estudiantil de CETYS - CETYS\" \/>\n<meta property=\"og:description\" content=\"Articulo sobre Campus Ensenada fue sede del tercer Congreso de Liderazgo Estudiantil de CETYS\" \/>\n<meta property=\"og:url\" content=\"https:\/\/www.cetys.mx\/noticias\/campus-ensenada-fue-sede-del-tercer-congreso-de-liderazgo-estudiantil-de-cetys\/\" \/>\n<meta property=\"og:site_name\" content=\"CETYS\" \/>\n<meta property=\"article:publisher\" content=\"https:\/\/www.facebook.com\/cetysuniversidadmxl\/\" \/>\n<meta property=\"article:published_time\" content=\"2023-04-13T00:28:13+00:00\" \/>\n<meta property=\"og:image\" content=\"https:\/\/www.cetys.mx\/noticias\/wp-content\/uploads\/2023\/04\/Foto-1.jpg\" \/>\n\t<meta property=\"og:image:width\" content=\"958\" \/>\n\t<meta property=\"og:image:height\" content=\"637\" \/>\n\t<meta property=\"og:image:type\" content=\"image\/jpeg\" \/>\n<meta name=\"author\" content=\"Campus Ensenada\" \/>\n<meta name=\"twitter:card\" content=\"summary_large_image\" \/>\n<meta name=\"twitter:creator\" content=\"@cetysuni\" \/>\n<meta name=\"twitter:site\" content=\"@cetysuni\" \/>\n<meta name=\"twitter:label1\" content=\"Escrito por\" \/>\n\t<meta name=\"twitter:data1\" content=\"Campus Ensenada\" \/>\n\t<meta name=\"twitter:label2\" content=\"Tiempo de lectura\" \/>\n\t<meta name=\"twitter:data2\" content=\"3 minutos\" \/>\n<script type=\"application\/ld+json\" class=\"yoast-schema-graph\">{\"@context\":\"https:\\\/\\\/schema.org\",\"@graph\":[{\"@type\":\"Article\",\"@id\":\"https:\\\/\\\/www.cetys.mx\\\/noticias\\\/campus-ensenada-fue-sede-del-tercer-congreso-de-liderazgo-estudiantil-de-cetys\\\/#article\",\"isPartOf\":{\"@id\":\"https:\\\/\\\/www.cetys.mx\\\/noticias\\\/campus-ensenada-fue-sede-del-tercer-congreso-de-liderazgo-estudiantil-de-cetys\\\/\"},\"author\":{\"name\":\"Campus Ensenada\",\"@id\":\"https:\\\/\\\/www.cetys.mx\\\/noticias\\\/#\\\/schema\\\/person\\\/1a1a88c0b6586e66a2e9e88e07afc712\"},\"headline\":\"Campus Ensenada fue sede del tercer Congreso de Liderazgo Estudiantil de CETYS\",\"datePublished\":\"2023-04-13T00:28:13+00:00\",\"mainEntityOfPage\":{\"@id\":\"https:\\\/\\\/www.cetys.mx\\\/noticias\\\/campus-ensenada-fue-sede-del-tercer-congreso-de-liderazgo-estudiantil-de-cetys\\\/\"},\"wordCount\":571,\"commentCount\":0,\"image\":{\"@id\":\"https:\\\/\\\/www.cetys.mx\\\/noticias\\\/campus-ensenada-fue-sede-del-tercer-congreso-de-liderazgo-estudiantil-de-cetys\\\/#primaryimage\"},\"thumbnailUrl\":\"https:\\\/\\\/www.cetys.mx\\\/noticias\\\/wp-content\\\/uploads\\\/2023\\\/04\\\/Foto-1.jpg\",\"keywords\":[\"Cetys\",\"congreso\",\"Liderazgo Estudiantil\"],\"articleSection\":[\"Institucional\",\"Vida Estudiantil\",\"VoCETYS\"],\"inLanguage\":\"es\",\"potentialAction\":[{\"@type\":\"CommentAction\",\"name\":\"Comment\",\"target\":[\"https:\\\/\\\/www.cetys.mx\\\/noticias\\\/campus-ensenada-fue-sede-del-tercer-congreso-de-liderazgo-estudiantil-de-cetys\\\/#respond\"]}]},{\"@type\":\"WebPage\",\"@id\":\"https:\\\/\\\/www.cetys.mx\\\/noticias\\\/campus-ensenada-fue-sede-del-tercer-congreso-de-liderazgo-estudiantil-de-cetys\\\/\",\"url\":\"https:\\\/\\\/www.cetys.mx\\\/noticias\\\/campus-ensenada-fue-sede-del-tercer-congreso-de-liderazgo-estudiantil-de-cetys\\\/\",\"name\":\"Campus Ensenada fue sede del tercer Congreso de Liderazgo Estudiantil de CETYS - CETYS\",\"isPartOf\":{\"@id\":\"https:\\\/\\\/www.cetys.mx\\\/noticias\\\/#website\"},\"primaryImageOfPage\":{\"@id\":\"https:\\\/\\\/www.cetys.mx\\\/noticias\\\/campus-ensenada-fue-sede-del-tercer-congreso-de-liderazgo-estudiantil-de-cetys\\\/#primaryimage\"},\"image\":{\"@id\":\"https:\\\/\\\/www.cetys.mx\\\/noticias\\\/campus-ensenada-fue-sede-del-tercer-congreso-de-liderazgo-estudiantil-de-cetys\\\/#primaryimage\"},\"thumbnailUrl\":\"https:\\\/\\\/www.cetys.mx\\\/noticias\\\/wp-content\\\/uploads\\\/2023\\\/04\\\/Foto-1.jpg\",\"datePublished\":\"2023-04-13T00:28:13+00:00\",\"author\":{\"@id\":\"https:\\\/\\\/www.cetys.mx\\\/noticias\\\/#\\\/schema\\\/person\\\/1a1a88c0b6586e66a2e9e88e07afc712\"},\"description\":\"Articulo sobre Campus Ensenada fue sede del tercer Congreso de Liderazgo Estudiantil de CETYS\",\"breadcrumb\":{\"@id\":\"https:\\\/\\\/www.cetys.mx\\\/noticias\\\/campus-ensenada-fue-sede-del-tercer-congreso-de-liderazgo-estudiantil-de-cetys\\\/#breadcrumb\"},\"inLanguage\":\"es\",\"potentialAction\":[{\"@type\":\"ReadAction\",\"target\":[\"https:\\\/\\\/www.cetys.mx\\\/noticias\\\/campus-ensenada-fue-sede-del-tercer-congreso-de-liderazgo-estudiantil-de-cetys\\\/\"]}]},{\"@type\":\"ImageObject\",\"inLanguage\":\"es\",\"@id\":\"https:\\\/\\\/www.cetys.mx\\\/noticias\\\/campus-ensenada-fue-sede-del-tercer-congreso-de-liderazgo-estudiantil-de-cetys\\\/#primaryimage\",\"url\":\"https:\\\/\\\/www.cetys.mx\\\/noticias\\\/wp-content\\\/uploads\\\/2023\\\/04\\\/Foto-1.jpg\",\"contentUrl\":\"https:\\\/\\\/www.cetys.mx\\\/noticias\\\/wp-content\\\/uploads\\\/2023\\\/04\\\/Foto-1.jpg\",\"width\":958,\"height\":637,\"caption\":\"Congreso Liderazgo Estudiantil.\"},{\"@type\":\"BreadcrumbList\",\"@id\":\"https:\\\/\\\/www.cetys.mx\\\/noticias\\\/campus-ensenada-fue-sede-del-tercer-congreso-de-liderazgo-estudiantil-de-cetys\\\/#breadcrumb\",\"itemListElement\":[{\"@type\":\"ListItem\",\"position\":1,\"name\":\"Inicio\",\"item\":\"https:\\\/\\\/www.cetys.mx\\\/noticias\\\/\"},{\"@type\":\"ListItem\",\"position\":2,\"name\":\"Campus Ensenada fue sede del tercer Congreso de Liderazgo Estudiantil de CETYS\"}]},{\"@type\":\"WebSite\",\"@id\":\"https:\\\/\\\/www.cetys.mx\\\/noticias\\\/#website\",\"url\":\"https:\\\/\\\/www.cetys.mx\\\/noticias\\\/\",\"name\":\"CETYS\",\"description\":\"\",\"potentialAction\":[{\"@type\":\"SearchAction\",\"target\":{\"@type\":\"EntryPoint\",\"urlTemplate\":\"https:\\\/\\\/www.cetys.mx\\\/noticias\\\/?s={search_term_string}\"},\"query-input\":{\"@type\":\"PropertyValueSpecification\",\"valueRequired\":true,\"valueName\":\"search_term_string\"}}],\"inLanguage\":\"es\"},{\"@type\":\"Person\",\"@id\":\"https:\\\/\\\/www.cetys.mx\\\/noticias\\\/#\\\/schema\\\/person\\\/1a1a88c0b6586e66a2e9e88e07afc712\",\"name\":\"Campus Ensenada\",\"url\":\"https:\\\/\\\/www.cetys.mx\\\/noticias\\\/author\\\/campusensenada\\\/\"}]}<\/script>\n<!-- \/ Yoast SEO plugin. -->","yoast_head_json":{"title":"Campus Ensenada fue sede del tercer Congreso de Liderazgo Estudiantil de CETYS - CETYS","description":"Articulo sobre Campus Ensenada fue sede del tercer Congreso de Liderazgo Estudiantil de CETYS","robots":{"index":"index","follow":"follow","max-snippet":"max-snippet:-1","max-image-preview":"max-image-preview:large","max-video-preview":"max-video-preview:-1"},"canonical":"https:\/\/www.cetys.mx\/noticias\/campus-ensenada-fue-sede-del-tercer-congreso-de-liderazgo-estudiantil-de-cetys\/","og_locale":"es_MX","og_type":"article","og_title":"Campus Ensenada fue sede del tercer Congreso de Liderazgo Estudiantil de CETYS - CETYS","og_description":"Articulo sobre Campus Ensenada fue sede del tercer Congreso de Liderazgo Estudiantil de CETYS","og_url":"https:\/\/www.cetys.mx\/noticias\/campus-ensenada-fue-sede-del-tercer-congreso-de-liderazgo-estudiantil-de-cetys\/","og_site_name":"CETYS","article_publisher":"https:\/\/www.facebook.com\/cetysuniversidadmxl\/","article_published_time":"2023-04-13T00:28:13+00:00","og_image":[{"width":958,"height":637,"url":"https:\/\/www.cetys.mx\/noticias\/wp-content\/uploads\/2023\/04\/Foto-1.jpg","type":"image\/jpeg"}],"author":"Campus Ensenada","twitter_card":"summary_large_image","twitter_creator":"@cetysuni","twitter_site":"@cetysuni","twitter_misc":{"Escrito por":"Campus Ensenada","Tiempo de lectura":"3 minutos"},"schema":{"@context":"https:\/\/schema.org","@graph":[{"@type":"Article","@id":"https:\/\/www.cetys.mx\/noticias\/campus-ensenada-fue-sede-del-tercer-congreso-de-liderazgo-estudiantil-de-cetys\/#article","isPartOf":{"@id":"https:\/\/www.cetys.mx\/noticias\/campus-ensenada-fue-sede-del-tercer-congreso-de-liderazgo-estudiantil-de-cetys\/"},"author":{"name":"Campus Ensenada","@id":"https:\/\/www.cetys.mx\/noticias\/#\/schema\/person\/1a1a88c0b6586e66a2e9e88e07afc712"},"headline":"Campus Ensenada fue sede del tercer Congreso de Liderazgo Estudiantil de CETYS","datePublished":"2023-04-13T00:28:13+00:00","mainEntityOfPage":{"@id":"https:\/\/www.cetys.mx\/noticias\/campus-ensenada-fue-sede-del-tercer-congreso-de-liderazgo-estudiantil-de-cetys\/"},"wordCount":571,"commentCount":0,"image":{"@id":"https:\/\/www.cetys.mx\/noticias\/campus-ensenada-fue-sede-del-tercer-congreso-de-liderazgo-estudiantil-de-cetys\/#primaryimage"},"thumbnailUrl":"https:\/\/www.cetys.mx\/noticias\/wp-content\/uploads\/2023\/04\/Foto-1.jpg","keywords":["Cetys","congreso","Liderazgo Estudiantil"],"articleSection":["Institucional","Vida Estudiantil","VoCETYS"],"inLanguage":"es","potentialAction":[{"@type":"CommentAction","name":"Comment","target":["https:\/\/www.cetys.mx\/noticias\/campus-ensenada-fue-sede-del-tercer-congreso-de-liderazgo-estudiantil-de-cetys\/#respond"]}]},{"@type":"WebPage","@id":"https:\/\/www.cetys.mx\/noticias\/campus-ensenada-fue-sede-del-tercer-congreso-de-liderazgo-estudiantil-de-cetys\/","url":"https:\/\/www.cetys.mx\/noticias\/campus-ensenada-fue-sede-del-tercer-congreso-de-liderazgo-estudiantil-de-cetys\/","name":"Campus Ensenada fue sede del tercer Congreso de Liderazgo Estudiantil de CETYS - CETYS","isPartOf":{"@id":"https:\/\/www.cetys.mx\/noticias\/#website"},"primaryImageOfPage":{"@id":"https:\/\/www.cetys.mx\/noticias\/campus-ensenada-fue-sede-del-tercer-congreso-de-liderazgo-estudiantil-de-cetys\/#primaryimage"},"image":{"@id":"https:\/\/www.cetys.mx\/noticias\/campus-ensenada-fue-sede-del-tercer-congreso-de-liderazgo-estudiantil-de-cetys\/#primaryimage"},"thumbnailUrl":"https:\/\/www.cetys.mx\/noticias\/wp-content\/uploads\/2023\/04\/Foto-1.jpg","datePublished":"2023-04-13T00:28:13+00:00","author":{"@id":"https:\/\/www.cetys.mx\/noticias\/#\/schema\/person\/1a1a88c0b6586e66a2e9e88e07afc712"},"description":"Articulo sobre Campus Ensenada fue sede del tercer Congreso de Liderazgo Estudiantil de CETYS","breadcrumb":{"@id":"https:\/\/www.cetys.mx\/noticias\/campus-ensenada-fue-sede-del-tercer-congreso-de-liderazgo-estudiantil-de-cetys\/#breadcrumb"},"inLanguage":"es","potentialAction":[{"@type":"ReadAction","target":["https:\/\/www.cetys.mx\/noticias\/campus-ensenada-fue-sede-del-tercer-congreso-de-liderazgo-estudiantil-de-cetys\/"]}]},{"@type":"ImageObject","inLanguage":"es","@id":"https:\/\/www.cetys.mx\/noticias\/campus-ensenada-fue-sede-del-tercer-congreso-de-liderazgo-estudiantil-de-cetys\/#primaryimage","url":"https:\/\/www.cetys.mx\/noticias\/wp-content\/uploads\/2023\/04\/Foto-1.jpg","contentUrl":"https:\/\/www.cetys.mx\/noticias\/wp-content\/uploads\/2023\/04\/Foto-1.jpg","width":958,"height":637,"caption":"Congreso Liderazgo Estudiantil."},{"@type":"BreadcrumbList","@id":"https:\/\/www.cetys.mx\/noticias\/campus-ensenada-fue-sede-del-tercer-congreso-de-liderazgo-estudiantil-de-cetys\/#breadcrumb","itemListElement":[{"@type":"ListItem","position":1,"name":"Inicio","item":"https:\/\/www.cetys.mx\/noticias\/"},{"@type":"ListItem","position":2,"name":"Campus Ensenada fue sede del tercer Congreso de Liderazgo Estudiantil de CETYS"}]},{"@type":"WebSite","@id":"https:\/\/www.cetys.mx\/noticias\/#website","url":"https:\/\/www.cetys.mx\/noticias\/","name":"CETYS","description":"","potentialAction":[{"@type":"SearchAction","target":{"@type":"EntryPoint","urlTemplate":"https:\/\/www.cetys.mx\/noticias\/?s={search_term_string}"},"query-input":{"@type":"PropertyValueSpecification","valueRequired":true,"valueName":"search_term_string"}}],"inLanguage":"es"},{"@type":"Person","@id":"https:\/\/www.cetys.mx\/noticias\/#\/schema\/person\/1a1a88c0b6586e66a2e9e88e07afc712","name":"Campus Ensenada","url":"https:\/\/www.cetys.mx\/noticias\/author\/campusensenada\/"}]}},"_links":{"self":[{"href":"https:\/\/www.cetys.mx\/noticias\/wp-json\/wp\/v2\/posts\/171865","targetHints":{"allow":["GET"]}}],"collection":[{"href":"https:\/\/www.cetys.mx\/noticias\/wp-json\/wp\/v2\/posts"}],"about":[{"href":"https:\/\/www.cetys.mx\/noticias\/wp-json\/wp\/v2\/types\/post"}],"author":[{"embeddable":true,"href":"https:\/\/www.cetys.mx\/noticias\/wp-json\/wp\/v2\/users\/23"}],"replies":[{"embeddable":true,"href":"https:\/\/www.cetys.mx\/noticias\/wp-json\/wp\/v2\/comments?post=171865"}],"version-history":[{"count":1,"href":"https:\/\/www.cetys.mx\/noticias\/wp-json\/wp\/v2\/posts\/171865\/revisions"}],"predecessor-version":[{"id":171870,"href":"https:\/\/www.cetys.mx\/noticias\/wp-json\/wp\/v2\/posts\/171865\/revisions\/171870"}],"wp:featuredmedia":[{"embeddable":true,"href":"https:\/\/www.cetys.mx\/noticias\/wp-json\/wp\/v2\/media\/171866"}],"wp:attachment":[{"href":"https:\/\/www.cetys.mx\/noticias\/wp-json\/wp\/v2\/media?parent=171865"}],"wp:term":[{"taxonomy":"category","embeddable":true,"href":"https:\/\/www.cetys.mx\/noticias\/wp-json\/wp\/v2\/categories?post=171865"},{"taxonomy":"post_tag","embeddable":true,"href":"https:\/\/www.cetys.mx\/noticias\/wp-json\/wp\/v2\/tags?post=171865"}],"curies":[{"name":"wp","href":"https:\/\/api.w.org\/{rel}","templated":true}]}}