{"id":171493,"date":"2023-03-23T17:14:44","date_gmt":"2023-03-24T00:14:44","guid":{"rendered":"https:\/\/www.cetys.mx\/noticias\/?p=171493"},"modified":"2023-03-23T17:14:44","modified_gmt":"2023-03-24T00:14:44","slug":"como-influyen-los-docentes-en-el-desarrollo-personal-y-profesional-de-los-estudiantes","status":"publish","type":"post","link":"https:\/\/www.cetys.mx\/noticias\/como-influyen-los-docentes-en-el-desarrollo-personal-y-profesional-de-los-estudiantes\/","title":{"rendered":"\u00bfC\u00f3mo influyen los docentes en el desarrollo personal y profesional de los estudiantes?"},"content":{"rendered":"<p>Lo que en primera instancia resulta imperante reconocer es que, para quienes se dedican a la docencia, en cualquier nivel educativo, resulta imposible no ejercer alg\u00fan tipo de influencia respecto a quienes deben sus labores.<\/p>\n<p>De acuerdo a los hallazgos reportados en estudios de investigaci\u00f3n educativa, los docentes que se consideran exitosos, suelen distinguirse\u00a0por tener la convicci\u00f3n o creencia de que, como\u00a0 personas y a trav\u00e9s de su forma de ense\u00f1ar influyen en las vidas de sus estudiantes.<\/p>\n<p>Pero, \u00bfqu\u00e9 actitudes o conductas habr\u00e1 que demostrar con los estudiantes para que esa ineludible influencia sea positiva?, la Dra. Karla D\u00edaz L\u00f3pez, Coordinadora de la Maestr\u00eda en Educaci\u00f3n de CETYS Universidad Campus Internacional Ensenada comparte las m\u00e1s importantes:<\/p>\n<ul>\n<li>Demostrar genuino inter\u00e9s por sus necesidades.<\/li>\n<li>Disposici\u00f3n a escucharlos.<\/li>\n<li>Compartir experiencias dando paso al di\u00e1logo y a la reflexi\u00f3n.<\/li>\n<\/ul>\n<blockquote><p>\u201cSi entendemos la Educaci\u00f3n desde postulados humanistas, los docentes debemos asegurar nuestro desarrollo personal, es a trav\u00e9s del autoconocimiento como lograremos conectar y repercutir hondamente con nuestros estudiantes. Seg\u00fan lo confirmado por destacados pedagogos, la \u2018persona\u2019\u00a0del profesor ejerce en sus estudiantes una impronta formativa incisiva y profunda que va calando en ellos hasta los estratos m\u00e1s profundos de su ser\u201d, comparti\u00f3 la Dra. Karla D\u00edaz.<\/p><\/blockquote>\n<p>De acuerdo con la Experta CETYS, sin lugar a duda los docentes llevan a cabo acciones relativas a la orientaci\u00f3n educativa y asesor\u00eda, por ende, influyen en el bienestar tanto presente como futuro y el desempe\u00f1o acad\u00e9mico presente y \u00e9xito profesional.<\/p>\n<blockquote><p>\u201cEn nuestro rol como docentes y en nuestro quehacer en el aula, los hallazgos de la investigaci\u00f3n educativa nos invitan a llevar a cabo determinadas acciones para ejercer una influencia positiva que impacte el \u00e1mbito personal y profesional de nuestros estudiantes, aqu\u00ed un recuento:<\/p><\/blockquote>\n<ul>\n<li>Realizar de manera constante autoevaluaci\u00f3n, para crecer como persona y como profesional.<\/li>\n<li>Ejercer nuestro trabajo considerando el\u00a0contexto social y personal de los estudiantes.<\/li>\n<li>Aportar soluciones a las problem\u00e1ticas de aprendizaje.<\/li>\n<li>Animar a que se responsabilicen de su propio aprendizaje.<\/li>\n<li>Demostrarles que existen diversas maneras de aprender.<\/li>\n<li>Lograr que nos perciban como modelo o referente.<\/li>\n<li>Apelar a sus emociones en los distintos procesos de aprendizaje.<\/li>\n<li>Demostrar de qu\u00e9 manera la formaci\u00f3n profesional\u00a0incide en su desarrollo como personas\u201d.<\/li>\n<\/ul>\n<p>Para concluir, la Dra. Karla D\u00edaz comparte un postulado de la autor\u00eda de Sierra y Alcantara (2019): \u201cSe educa por lo que se \u2018es\u2019, m\u00e1s que por lo que se dice.\u00a0 Se ense\u00f1a tambi\u00e9n lo que se \u2018es\u2019 m\u00e1s que lo que se sabe\u201d.<\/p>\n<p><img loading=\"lazy\" decoding=\"async\" class=\"wp-image-149372 aligncenter\" src=\"https:\/\/www.cetys.mx\/noticias\/wp-content\/uploads\/2020\/09\/Foto-2.-Karla-D\u00edaz1.jpg\" alt=\"\" width=\"600\" height=\"400\" srcset=\"https:\/\/www.cetys.mx\/noticias\/wp-content\/uploads\/2020\/09\/Foto-2.-Karla-D\u00edaz1.jpg 850w, https:\/\/www.cetys.mx\/noticias\/wp-content\/uploads\/2020\/09\/Foto-2.-Karla-D\u00edaz1-768x512.jpg 768w\" sizes=\"auto, (max-width: 600px) 100vw, 600px\" \/><\/p>\n<p>&nbsp;<\/p>\n","protected":false},"excerpt":{"rendered":"<p>Lo que en primera instancia resulta imperante reconocer es que, para quienes se dedican a la docencia, en cualquier nivel educativo, resulta&#8230;<\/p>\n","protected":false},"author":23,"featured_media":171494,"comment_status":"open","ping_status":"closed","sticky":false,"template":"","format":"standard","meta":{"footnotes":""},"categories":[132,4579,125,309],"tags":[396,411,4580,684],"class_list":["post-171493","post","type-post","status-publish","format-standard","has-post-thumbnail","hentry","category-campus-ensenada","category-expertos-cetys","category-portada","category-posgrado","tag-ensenada","tag-estudiantes","tag-expertos-cetys","tag-profesores"],"yoast_head":"<!-- This site is optimized with the Yoast SEO plugin v27.4 - https:\/\/yoast.com\/product\/yoast-seo-wordpress\/ -->\n<title>\u00bfC\u00f3mo influyen los docentes en el desarrollo personal y profesional de los estudiantes? - CETYS<\/title>\n<meta name=\"description\" content=\"Articulo sobre \u00bfC\u00f3mo influyen los docentes en el desarrollo personal y profesional de los estudiantes?\" \/>\n<meta name=\"robots\" content=\"index, follow, max-snippet:-1, max-image-preview:large, max-video-preview:-1\" \/>\n<link rel=\"canonical\" href=\"https:\/\/www.cetys.mx\/noticias\/como-influyen-los-docentes-en-el-desarrollo-personal-y-profesional-de-los-estudiantes\/\" \/>\n<meta property=\"og:locale\" content=\"es_MX\" \/>\n<meta property=\"og:type\" content=\"article\" \/>\n<meta property=\"og:title\" content=\"\u00bfC\u00f3mo influyen los docentes en el desarrollo personal y profesional de los estudiantes? - CETYS\" \/>\n<meta property=\"og:description\" content=\"Articulo sobre \u00bfC\u00f3mo influyen los docentes en el desarrollo personal y profesional de los estudiantes?\" \/>\n<meta property=\"og:url\" content=\"https:\/\/www.cetys.mx\/noticias\/como-influyen-los-docentes-en-el-desarrollo-personal-y-profesional-de-los-estudiantes\/\" \/>\n<meta property=\"og:site_name\" content=\"CETYS\" \/>\n<meta property=\"article:publisher\" content=\"https:\/\/www.facebook.com\/cetysuniversidadmxl\/\" \/>\n<meta property=\"article:published_time\" content=\"2023-03-24T00:14:44+00:00\" \/>\n<meta property=\"og:image\" content=\"https:\/\/www.cetys.mx\/noticias\/wp-content\/uploads\/2023\/03\/Foto-1-1.jpg\" \/>\n\t<meta property=\"og:image:width\" content=\"958\" \/>\n\t<meta property=\"og:image:height\" content=\"637\" \/>\n\t<meta property=\"og:image:type\" content=\"image\/jpeg\" \/>\n<meta name=\"author\" content=\"Campus Ensenada\" \/>\n<meta name=\"twitter:card\" content=\"summary_large_image\" \/>\n<meta name=\"twitter:creator\" content=\"@cetysuni\" \/>\n<meta name=\"twitter:site\" content=\"@cetysuni\" \/>\n<meta name=\"twitter:label1\" content=\"Escrito por\" \/>\n\t<meta name=\"twitter:data1\" content=\"Campus Ensenada\" \/>\n\t<meta name=\"twitter:label2\" content=\"Tiempo de lectura\" \/>\n\t<meta name=\"twitter:data2\" content=\"2 minutos\" \/>\n<script type=\"application\/ld+json\" class=\"yoast-schema-graph\">{\"@context\":\"https:\\\/\\\/schema.org\",\"@graph\":[{\"@type\":\"Article\",\"@id\":\"https:\\\/\\\/www.cetys.mx\\\/noticias\\\/como-influyen-los-docentes-en-el-desarrollo-personal-y-profesional-de-los-estudiantes\\\/#article\",\"isPartOf\":{\"@id\":\"https:\\\/\\\/www.cetys.mx\\\/noticias\\\/como-influyen-los-docentes-en-el-desarrollo-personal-y-profesional-de-los-estudiantes\\\/\"},\"author\":{\"name\":\"Campus Ensenada\",\"@id\":\"https:\\\/\\\/www.cetys.mx\\\/noticias\\\/#\\\/schema\\\/person\\\/1a1a88c0b6586e66a2e9e88e07afc712\"},\"headline\":\"\u00bfC\u00f3mo influyen los docentes en el desarrollo personal y profesional de los estudiantes?\",\"datePublished\":\"2023-03-24T00:14:44+00:00\",\"mainEntityOfPage\":{\"@id\":\"https:\\\/\\\/www.cetys.mx\\\/noticias\\\/como-influyen-los-docentes-en-el-desarrollo-personal-y-profesional-de-los-estudiantes\\\/\"},\"wordCount\":457,\"commentCount\":0,\"image\":{\"@id\":\"https:\\\/\\\/www.cetys.mx\\\/noticias\\\/como-influyen-los-docentes-en-el-desarrollo-personal-y-profesional-de-los-estudiantes\\\/#primaryimage\"},\"thumbnailUrl\":\"https:\\\/\\\/www.cetys.mx\\\/noticias\\\/wp-content\\\/uploads\\\/2023\\\/03\\\/Foto-1-1.jpg\",\"keywords\":[\"ensenada\",\"Estudiantes\",\"Expertos CETYS\",\"profesores\"],\"articleSection\":[\"Campus Ensenada\",\"Expertos CETYS\",\"Portada\",\"Posgrado\"],\"inLanguage\":\"es\",\"potentialAction\":[{\"@type\":\"CommentAction\",\"name\":\"Comment\",\"target\":[\"https:\\\/\\\/www.cetys.mx\\\/noticias\\\/como-influyen-los-docentes-en-el-desarrollo-personal-y-profesional-de-los-estudiantes\\\/#respond\"]}]},{\"@type\":\"WebPage\",\"@id\":\"https:\\\/\\\/www.cetys.mx\\\/noticias\\\/como-influyen-los-docentes-en-el-desarrollo-personal-y-profesional-de-los-estudiantes\\\/\",\"url\":\"https:\\\/\\\/www.cetys.mx\\\/noticias\\\/como-influyen-los-docentes-en-el-desarrollo-personal-y-profesional-de-los-estudiantes\\\/\",\"name\":\"\u00bfC\u00f3mo influyen los docentes en el desarrollo personal y profesional de los estudiantes? - CETYS\",\"isPartOf\":{\"@id\":\"https:\\\/\\\/www.cetys.mx\\\/noticias\\\/#website\"},\"primaryImageOfPage\":{\"@id\":\"https:\\\/\\\/www.cetys.mx\\\/noticias\\\/como-influyen-los-docentes-en-el-desarrollo-personal-y-profesional-de-los-estudiantes\\\/#primaryimage\"},\"image\":{\"@id\":\"https:\\\/\\\/www.cetys.mx\\\/noticias\\\/como-influyen-los-docentes-en-el-desarrollo-personal-y-profesional-de-los-estudiantes\\\/#primaryimage\"},\"thumbnailUrl\":\"https:\\\/\\\/www.cetys.mx\\\/noticias\\\/wp-content\\\/uploads\\\/2023\\\/03\\\/Foto-1-1.jpg\",\"datePublished\":\"2023-03-24T00:14:44+00:00\",\"author\":{\"@id\":\"https:\\\/\\\/www.cetys.mx\\\/noticias\\\/#\\\/schema\\\/person\\\/1a1a88c0b6586e66a2e9e88e07afc712\"},\"description\":\"Articulo sobre \u00bfC\u00f3mo influyen los docentes en el desarrollo personal y profesional de los estudiantes?\",\"breadcrumb\":{\"@id\":\"https:\\\/\\\/www.cetys.mx\\\/noticias\\\/como-influyen-los-docentes-en-el-desarrollo-personal-y-profesional-de-los-estudiantes\\\/#breadcrumb\"},\"inLanguage\":\"es\",\"potentialAction\":[{\"@type\":\"ReadAction\",\"target\":[\"https:\\\/\\\/www.cetys.mx\\\/noticias\\\/como-influyen-los-docentes-en-el-desarrollo-personal-y-profesional-de-los-estudiantes\\\/\"]}]},{\"@type\":\"ImageObject\",\"inLanguage\":\"es\",\"@id\":\"https:\\\/\\\/www.cetys.mx\\\/noticias\\\/como-influyen-los-docentes-en-el-desarrollo-personal-y-profesional-de-los-estudiantes\\\/#primaryimage\",\"url\":\"https:\\\/\\\/www.cetys.mx\\\/noticias\\\/wp-content\\\/uploads\\\/2023\\\/03\\\/Foto-1-1.jpg\",\"contentUrl\":\"https:\\\/\\\/www.cetys.mx\\\/noticias\\\/wp-content\\\/uploads\\\/2023\\\/03\\\/Foto-1-1.jpg\",\"width\":958,\"height\":637},{\"@type\":\"BreadcrumbList\",\"@id\":\"https:\\\/\\\/www.cetys.mx\\\/noticias\\\/como-influyen-los-docentes-en-el-desarrollo-personal-y-profesional-de-los-estudiantes\\\/#breadcrumb\",\"itemListElement\":[{\"@type\":\"ListItem\",\"position\":1,\"name\":\"Inicio\",\"item\":\"https:\\\/\\\/www.cetys.mx\\\/noticias\\\/\"},{\"@type\":\"ListItem\",\"position\":2,\"name\":\"\u00bfC\u00f3mo influyen los docentes en el desarrollo personal y profesional de los estudiantes?\"}]},{\"@type\":\"WebSite\",\"@id\":\"https:\\\/\\\/www.cetys.mx\\\/noticias\\\/#website\",\"url\":\"https:\\\/\\\/www.cetys.mx\\\/noticias\\\/\",\"name\":\"CETYS\",\"description\":\"\",\"potentialAction\":[{\"@type\":\"SearchAction\",\"target\":{\"@type\":\"EntryPoint\",\"urlTemplate\":\"https:\\\/\\\/www.cetys.mx\\\/noticias\\\/?s={search_term_string}\"},\"query-input\":{\"@type\":\"PropertyValueSpecification\",\"valueRequired\":true,\"valueName\":\"search_term_string\"}}],\"inLanguage\":\"es\"},{\"@type\":\"Person\",\"@id\":\"https:\\\/\\\/www.cetys.mx\\\/noticias\\\/#\\\/schema\\\/person\\\/1a1a88c0b6586e66a2e9e88e07afc712\",\"name\":\"Campus Ensenada\",\"url\":\"https:\\\/\\\/www.cetys.mx\\\/noticias\\\/author\\\/campusensenada\\\/\"}]}<\/script>\n<!-- \/ Yoast SEO plugin. -->","yoast_head_json":{"title":"\u00bfC\u00f3mo influyen los docentes en el desarrollo personal y profesional de los estudiantes? - CETYS","description":"Articulo sobre \u00bfC\u00f3mo influyen los docentes en el desarrollo personal y profesional de los estudiantes?","robots":{"index":"index","follow":"follow","max-snippet":"max-snippet:-1","max-image-preview":"max-image-preview:large","max-video-preview":"max-video-preview:-1"},"canonical":"https:\/\/www.cetys.mx\/noticias\/como-influyen-los-docentes-en-el-desarrollo-personal-y-profesional-de-los-estudiantes\/","og_locale":"es_MX","og_type":"article","og_title":"\u00bfC\u00f3mo influyen los docentes en el desarrollo personal y profesional de los estudiantes? - CETYS","og_description":"Articulo sobre \u00bfC\u00f3mo influyen los docentes en el desarrollo personal y profesional de los estudiantes?","og_url":"https:\/\/www.cetys.mx\/noticias\/como-influyen-los-docentes-en-el-desarrollo-personal-y-profesional-de-los-estudiantes\/","og_site_name":"CETYS","article_publisher":"https:\/\/www.facebook.com\/cetysuniversidadmxl\/","article_published_time":"2023-03-24T00:14:44+00:00","og_image":[{"width":958,"height":637,"url":"https:\/\/www.cetys.mx\/noticias\/wp-content\/uploads\/2023\/03\/Foto-1-1.jpg","type":"image\/jpeg"}],"author":"Campus Ensenada","twitter_card":"summary_large_image","twitter_creator":"@cetysuni","twitter_site":"@cetysuni","twitter_misc":{"Escrito por":"Campus Ensenada","Tiempo de lectura":"2 minutos"},"schema":{"@context":"https:\/\/schema.org","@graph":[{"@type":"Article","@id":"https:\/\/www.cetys.mx\/noticias\/como-influyen-los-docentes-en-el-desarrollo-personal-y-profesional-de-los-estudiantes\/#article","isPartOf":{"@id":"https:\/\/www.cetys.mx\/noticias\/como-influyen-los-docentes-en-el-desarrollo-personal-y-profesional-de-los-estudiantes\/"},"author":{"name":"Campus Ensenada","@id":"https:\/\/www.cetys.mx\/noticias\/#\/schema\/person\/1a1a88c0b6586e66a2e9e88e07afc712"},"headline":"\u00bfC\u00f3mo influyen los docentes en el desarrollo personal y profesional de los estudiantes?","datePublished":"2023-03-24T00:14:44+00:00","mainEntityOfPage":{"@id":"https:\/\/www.cetys.mx\/noticias\/como-influyen-los-docentes-en-el-desarrollo-personal-y-profesional-de-los-estudiantes\/"},"wordCount":457,"commentCount":0,"image":{"@id":"https:\/\/www.cetys.mx\/noticias\/como-influyen-los-docentes-en-el-desarrollo-personal-y-profesional-de-los-estudiantes\/#primaryimage"},"thumbnailUrl":"https:\/\/www.cetys.mx\/noticias\/wp-content\/uploads\/2023\/03\/Foto-1-1.jpg","keywords":["ensenada","Estudiantes","Expertos CETYS","profesores"],"articleSection":["Campus Ensenada","Expertos CETYS","Portada","Posgrado"],"inLanguage":"es","potentialAction":[{"@type":"CommentAction","name":"Comment","target":["https:\/\/www.cetys.mx\/noticias\/como-influyen-los-docentes-en-el-desarrollo-personal-y-profesional-de-los-estudiantes\/#respond"]}]},{"@type":"WebPage","@id":"https:\/\/www.cetys.mx\/noticias\/como-influyen-los-docentes-en-el-desarrollo-personal-y-profesional-de-los-estudiantes\/","url":"https:\/\/www.cetys.mx\/noticias\/como-influyen-los-docentes-en-el-desarrollo-personal-y-profesional-de-los-estudiantes\/","name":"\u00bfC\u00f3mo influyen los docentes en el desarrollo personal y profesional de los estudiantes? - CETYS","isPartOf":{"@id":"https:\/\/www.cetys.mx\/noticias\/#website"},"primaryImageOfPage":{"@id":"https:\/\/www.cetys.mx\/noticias\/como-influyen-los-docentes-en-el-desarrollo-personal-y-profesional-de-los-estudiantes\/#primaryimage"},"image":{"@id":"https:\/\/www.cetys.mx\/noticias\/como-influyen-los-docentes-en-el-desarrollo-personal-y-profesional-de-los-estudiantes\/#primaryimage"},"thumbnailUrl":"https:\/\/www.cetys.mx\/noticias\/wp-content\/uploads\/2023\/03\/Foto-1-1.jpg","datePublished":"2023-03-24T00:14:44+00:00","author":{"@id":"https:\/\/www.cetys.mx\/noticias\/#\/schema\/person\/1a1a88c0b6586e66a2e9e88e07afc712"},"description":"Articulo sobre \u00bfC\u00f3mo influyen los docentes en el desarrollo personal y profesional de los estudiantes?","breadcrumb":{"@id":"https:\/\/www.cetys.mx\/noticias\/como-influyen-los-docentes-en-el-desarrollo-personal-y-profesional-de-los-estudiantes\/#breadcrumb"},"inLanguage":"es","potentialAction":[{"@type":"ReadAction","target":["https:\/\/www.cetys.mx\/noticias\/como-influyen-los-docentes-en-el-desarrollo-personal-y-profesional-de-los-estudiantes\/"]}]},{"@type":"ImageObject","inLanguage":"es","@id":"https:\/\/www.cetys.mx\/noticias\/como-influyen-los-docentes-en-el-desarrollo-personal-y-profesional-de-los-estudiantes\/#primaryimage","url":"https:\/\/www.cetys.mx\/noticias\/wp-content\/uploads\/2023\/03\/Foto-1-1.jpg","contentUrl":"https:\/\/www.cetys.mx\/noticias\/wp-content\/uploads\/2023\/03\/Foto-1-1.jpg","width":958,"height":637},{"@type":"BreadcrumbList","@id":"https:\/\/www.cetys.mx\/noticias\/como-influyen-los-docentes-en-el-desarrollo-personal-y-profesional-de-los-estudiantes\/#breadcrumb","itemListElement":[{"@type":"ListItem","position":1,"name":"Inicio","item":"https:\/\/www.cetys.mx\/noticias\/"},{"@type":"ListItem","position":2,"name":"\u00bfC\u00f3mo influyen los docentes en el desarrollo personal y profesional de los estudiantes?"}]},{"@type":"WebSite","@id":"https:\/\/www.cetys.mx\/noticias\/#website","url":"https:\/\/www.cetys.mx\/noticias\/","name":"CETYS","description":"","potentialAction":[{"@type":"SearchAction","target":{"@type":"EntryPoint","urlTemplate":"https:\/\/www.cetys.mx\/noticias\/?s={search_term_string}"},"query-input":{"@type":"PropertyValueSpecification","valueRequired":true,"valueName":"search_term_string"}}],"inLanguage":"es"},{"@type":"Person","@id":"https:\/\/www.cetys.mx\/noticias\/#\/schema\/person\/1a1a88c0b6586e66a2e9e88e07afc712","name":"Campus Ensenada","url":"https:\/\/www.cetys.mx\/noticias\/author\/campusensenada\/"}]}},"_links":{"self":[{"href":"https:\/\/www.cetys.mx\/noticias\/wp-json\/wp\/v2\/posts\/171493","targetHints":{"allow":["GET"]}}],"collection":[{"href":"https:\/\/www.cetys.mx\/noticias\/wp-json\/wp\/v2\/posts"}],"about":[{"href":"https:\/\/www.cetys.mx\/noticias\/wp-json\/wp\/v2\/types\/post"}],"author":[{"embeddable":true,"href":"https:\/\/www.cetys.mx\/noticias\/wp-json\/wp\/v2\/users\/23"}],"replies":[{"embeddable":true,"href":"https:\/\/www.cetys.mx\/noticias\/wp-json\/wp\/v2\/comments?post=171493"}],"version-history":[{"count":1,"href":"https:\/\/www.cetys.mx\/noticias\/wp-json\/wp\/v2\/posts\/171493\/revisions"}],"predecessor-version":[{"id":171495,"href":"https:\/\/www.cetys.mx\/noticias\/wp-json\/wp\/v2\/posts\/171493\/revisions\/171495"}],"wp:featuredmedia":[{"embeddable":true,"href":"https:\/\/www.cetys.mx\/noticias\/wp-json\/wp\/v2\/media\/171494"}],"wp:attachment":[{"href":"https:\/\/www.cetys.mx\/noticias\/wp-json\/wp\/v2\/media?parent=171493"}],"wp:term":[{"taxonomy":"category","embeddable":true,"href":"https:\/\/www.cetys.mx\/noticias\/wp-json\/wp\/v2\/categories?post=171493"},{"taxonomy":"post_tag","embeddable":true,"href":"https:\/\/www.cetys.mx\/noticias\/wp-json\/wp\/v2\/tags?post=171493"}],"curies":[{"name":"wp","href":"https:\/\/api.w.org\/{rel}","templated":true}]}}