{"id":171381,"date":"2023-03-17T16:46:55","date_gmt":"2023-03-17T23:46:55","guid":{"rendered":"https:\/\/www.cetys.mx\/noticias\/?p=171381"},"modified":"2023-03-23T15:07:35","modified_gmt":"2023-03-23T22:07:35","slug":"la-dra-esthela-galvan-de-campus-tijuana-da-catedra-a-diversas-universidades-de-espana-sobre-la-felicidad","status":"publish","type":"post","link":"https:\/\/www.cetys.mx\/noticias\/la-dra-esthela-galvan-de-campus-tijuana-da-catedra-a-diversas-universidades-de-espana-sobre-la-felicidad\/","title":{"rendered":"La Dra. Esthela Galv\u00e1n de Campus Tijuana da c\u00e1tedra a diversas universidades de Espa\u00f1a sobre la gesti\u00f3n de la felicidad"},"content":{"rendered":"<p><span style=\"font-weight: 400;\">Al ser miembro de la <em>Red Internacional Universitaria de la Felicidad<\/em>, la <strong>Dra. Esthela Galvan Vela<\/strong>, quien es <em>acad\u00e9mica de<\/em> <strong>CETYS Universidad<\/strong> en Tijuana y <em>miembro del Sistema Nacional de Investigadores (SNI)<\/em>, realiz\u00f3 varias actividades en diversas instituciones de Espa\u00f1a.\u00a0<\/span><\/p>\n<p><span style=\"font-weight: 400;\">Durante su viaje, llevado a cabo de noviembre a diciembre de 2022, pudo concretar v\u00ednculos institucionales con los miembros de la Red a la cual tambi\u00e9n pertenece <strong>CETYS,<\/strong> esto permiti\u00f3 a la docente de la Escuela de Administraci\u00f3n y Negocios participar en ponencias, estancias, as\u00ed como clases como profesor invitado en diversas clases en el pa\u00eds europeo.<\/span><\/p>\n<p><span style=\"font-weight: 400;\">La <strong>Dra. Esthela Galv\u00e1n Vel<\/strong>a se\u00f1al\u00f3 que la gesti\u00f3n de la felicidad o<em> \u201cHappiness Management\u201d<\/em> es una corriente dentro del amplio espectro de temas que conforman el estudio de la felicidad y que comenz\u00f3 a tener una mayor visibilidad en la comunidad cient\u00edfica, a partir de 2020, justo durante el periodo de aislamiento por COVID-19, cuando las personas comenzaron a cuestionar seriamente los elementos relacionados a su bienestar subjetivo, producto de sus esfuerzos del trabajo y de los elementos propios de sus condiciones laborales.\u00a0<\/span><\/p>\n<p><span style=\"font-weight: 400;\">Es por ello que, a partir de este a\u00f1o, ha liderado y ha colaborado en investigaciones relacionadas al estudio de la gesti\u00f3n de la felicidad y de la felicidad en el trabajo, ya que estos aspectos juegan un papel preponderante en el bienestar de los individuos que conforman las organizaciones y por consecuencia, en el desempe\u00f1o de toda la organizaci\u00f3n. <\/span><\/p>\n<blockquote><p><span style=\"font-weight: 400;\">\u201cLa felicidad, es un aspecto valioso para los seres humanos en aspectos individuales, sociales y relacionales, por lo que, crear un ambiente de trabajo positivo, ayuda a los empleados a manifestar conductas optimistas, as\u00ed como a expresar sus emociones, las cuales, finalmente se exteriorizan en su desempe\u00f1o\u201d, mencion\u00f3 la docente. <\/span><\/p><\/blockquote>\n<p><span style=\"font-weight: 400;\">Las actividades que realiz\u00f3:<\/span><\/p>\n<div class=\"gallery-slider-wrapper gallery-1\">\n                        <div class=\"gallery-slider\" itemscope itemtype=\"http:\/\/schema.org\/ImageGallery\"><figure class=\"slide\" itemprop=\"associatedMedia\" itemscope itemtype=\"http:\/\/schema.org\/ImageObject\">\n                    <a itemprop=\"contentUrl\" href=\"https:\/\/www.cetys.mx\/noticias\/wp-content\/uploads\/2023\/03\/Dra-Esthela-Galvan-en-Universidad-Cadiz.png\">\n                        <img decoding=\"async\" itemprop=\"thumbnail\" class=\"lazyOwl\" src=\"https:\/\/www.cetys.mx\/noticias\/wp-content\/plugins\/jmagz-plugin\/assets\/placeholder\/900x450.png\" data-src=\"https:\/\/www.cetys.mx\/noticias\/wp-content\/uploads\/2023\/03\/Dra-Esthela-Galvan-en-Universidad-Cadiz.png\" alt=\"Dra-Esthela-Galvan-en-Universidad-Cadiz\">\n                    <\/a>\n                    <figcaption itemprop=\"caption description\" class=\"slide-caption\">\n                        \n                    <\/figcaption>\n                <\/figure><figure class=\"slide\" itemprop=\"associatedMedia\" itemscope itemtype=\"http:\/\/schema.org\/ImageObject\">\n                    <a itemprop=\"contentUrl\" href=\"https:\/\/www.cetys.mx\/noticias\/wp-content\/uploads\/2023\/03\/Dra-Esthela-Galvan-charla-en-Espa\u00f1a.png\">\n                        <img decoding=\"async\" itemprop=\"thumbnail\" class=\"lazyOwl\" src=\"https:\/\/www.cetys.mx\/noticias\/wp-content\/plugins\/jmagz-plugin\/assets\/placeholder\/900x450.png\" data-src=\"https:\/\/www.cetys.mx\/noticias\/wp-content\/uploads\/2023\/03\/Dra-Esthela-Galvan-charla-en-Espa\u00f1a.png\" alt=\"Dra-Esthela-Galvan-charla-en-Espa\u00f1a\">\n                    <\/a>\n                    <figcaption itemprop=\"caption description\" class=\"slide-caption\">\n                        \n                    <\/figcaption>\n                <\/figure><figure class=\"slide\" itemprop=\"associatedMedia\" itemscope itemtype=\"http:\/\/schema.org\/ImageObject\">\n                    <a itemprop=\"contentUrl\" href=\"https:\/\/www.cetys.mx\/noticias\/wp-content\/uploads\/2023\/03\/Dra-Esthela-Galvan.png\">\n                        <img decoding=\"async\" itemprop=\"thumbnail\" class=\"lazyOwl\" src=\"https:\/\/www.cetys.mx\/noticias\/wp-content\/plugins\/jmagz-plugin\/assets\/placeholder\/900x450.png\" data-src=\"https:\/\/www.cetys.mx\/noticias\/wp-content\/uploads\/2023\/03\/Dra-Esthela-Galvan.png\" alt=\"Dra-Esthela-Galvan\">\n                    <\/a>\n                    <figcaption itemprop=\"caption description\" class=\"slide-caption\">\n                        \n                    <\/figcaption>\n                <\/figure><figure class=\"slide\" itemprop=\"associatedMedia\" itemscope itemtype=\"http:\/\/schema.org\/ImageObject\">\n                    <a itemprop=\"contentUrl\" href=\"https:\/\/www.cetys.mx\/noticias\/wp-content\/uploads\/2023\/03\/Dra-Esthela-Galvan-vela-en-espa\u00f1a.png\">\n                        <img decoding=\"async\" itemprop=\"thumbnail\" class=\"lazyOwl\" src=\"https:\/\/www.cetys.mx\/noticias\/wp-content\/plugins\/jmagz-plugin\/assets\/placeholder\/900x450.png\" data-src=\"https:\/\/www.cetys.mx\/noticias\/wp-content\/uploads\/2023\/03\/Dra-Esthela-Galvan-vela-en-espa\u00f1a.png\" alt=\"Dra-Esthela-Galvan-vela-en-espa\u00f1a\">\n                    <\/a>\n                    <figcaption itemprop=\"caption description\" class=\"slide-caption\">\n                        \n                    <\/figcaption>\n                <\/figure><figure class=\"slide\" itemprop=\"associatedMedia\" itemscope itemtype=\"http:\/\/schema.org\/ImageObject\">\n                    <a itemprop=\"contentUrl\" href=\"https:\/\/www.cetys.mx\/noticias\/wp-content\/uploads\/2023\/03\/Dra-Esthela-Galvan-vela-profesora-invitada.png\">\n                        <img decoding=\"async\" itemprop=\"thumbnail\" class=\"lazyOwl\" src=\"https:\/\/www.cetys.mx\/noticias\/wp-content\/plugins\/jmagz-plugin\/assets\/placeholder\/900x450.png\" data-src=\"https:\/\/www.cetys.mx\/noticias\/wp-content\/uploads\/2023\/03\/Dra-Esthela-Galvan-vela-profesora-invitada.png\" alt=\"Dra-Esthela-Galvan-vela-profesora-invitada\">\n                    <\/a>\n                    <figcaption itemprop=\"caption description\" class=\"slide-caption\">\n                        \n                    <\/figcaption>\n                <\/figure><\/div>\n                <div class=\"gallery-slider-thumbnail-wrapper\">\n                    <div class=\"gallery-slider-thumbnail\"><div class=\"slide-thumbnail\"><img decoding=\"async\" class=\"lazyOwl\" src=\"https:\/\/www.cetys.mx\/noticias\/wp-content\/plugins\/jmagz-plugin\/assets\/placeholder\/150x75.png\" data-src=\"https:\/\/www.cetys.mx\/noticias\/wp-content\/uploads\/2023\/03\/Dra-Esthela-Galvan-en-Universidad-Cadiz.png\" alt=\"Dra-Esthela-Galvan-en-Universidad-Cadiz\"><\/div><div class=\"slide-thumbnail\"><img decoding=\"async\" class=\"lazyOwl\" src=\"https:\/\/www.cetys.mx\/noticias\/wp-content\/plugins\/jmagz-plugin\/assets\/placeholder\/150x75.png\" data-src=\"https:\/\/www.cetys.mx\/noticias\/wp-content\/uploads\/2023\/03\/Dra-Esthela-Galvan-charla-en-Espa\u00f1a.png\" alt=\"Dra-Esthela-Galvan-charla-en-Espa\u00f1a\"><\/div><div class=\"slide-thumbnail\"><img decoding=\"async\" class=\"lazyOwl\" src=\"https:\/\/www.cetys.mx\/noticias\/wp-content\/plugins\/jmagz-plugin\/assets\/placeholder\/150x75.png\" data-src=\"https:\/\/www.cetys.mx\/noticias\/wp-content\/uploads\/2023\/03\/Dra-Esthela-Galvan.png\" alt=\"Dra-Esthela-Galvan\"><\/div><div class=\"slide-thumbnail\"><img decoding=\"async\" class=\"lazyOwl\" src=\"https:\/\/www.cetys.mx\/noticias\/wp-content\/plugins\/jmagz-plugin\/assets\/placeholder\/150x75.png\" data-src=\"https:\/\/www.cetys.mx\/noticias\/wp-content\/uploads\/2023\/03\/Dra-Esthela-Galvan-vela-en-espa\u00f1a.png\" alt=\"Dra-Esthela-Galvan-vela-en-espa\u00f1a\"><\/div><div class=\"slide-thumbnail\"><img decoding=\"async\" class=\"lazyOwl\" src=\"https:\/\/www.cetys.mx\/noticias\/wp-content\/plugins\/jmagz-plugin\/assets\/placeholder\/150x75.png\" data-src=\"https:\/\/www.cetys.mx\/noticias\/wp-content\/uploads\/2023\/03\/Dra-Esthela-Galvan-vela-profesora-invitada.png\" alt=\"Dra-Esthela-Galvan-vela-profesora-invitada\"><\/div><\/div><\/div><\/div>\n<ul>\n<li style=\"font-weight: 400;\" aria-level=\"1\"><span style=\"font-weight: 400;\">Ponencia \u201cProposal for the study of Happiness Management based on a bidirectional logical framework\u201d, este evento fue organizado por la <strong>Universidad de Salamanca<\/strong> y la <strong>Universidad Pontificia de Salamanca<\/strong>, tambi\u00e9n fue encargada de una de las mesas de trabajo al ser miembro del Comit\u00e9 Cient\u00edfico Organizador en el 6th International Academic and Professional Congress of Happiness \u201cHappiness Management: A social well-being multiplier, social marketing and organizational communication\u201d. De esto fue reconocida como la mejor ponencia del Congreso.<\/span><\/li>\n<\/ul>\n<p>&nbsp;<\/p>\n<ul>\n<li style=\"font-weight: 400;\" aria-level=\"1\"><span style=\"font-weight: 400;\">Realiz\u00f3 una estancia posdoctoral en el Instituto Universitario de Investigaci\u00f3n para el Desarrollo Social Sostenible (INDESS) de la <strong>Universidad de C\u00e1diz<\/strong>, en donde se llevaron a cabo diversas actividades, tanto de interacci\u00f3n con miembros de la Red Internacional Universitaria de la Felicidad; as\u00ed como seguimiento a proyectos relacionados con el trazo de un modelo cros-cultural sobre elementos del comportamiento organizacional en trabajadores de instituciones de educaci\u00f3n superior, esto para analizar elementos del comportamiento organizacional, desde: justicia organizacional, satisfacci\u00f3n laboral, entre otros temas.<\/span><\/li>\n<\/ul>\n<p>&nbsp;<\/p>\n<ul>\n<li style=\"font-weight: 400;\" aria-level=\"1\"><span style=\"font-weight: 400;\">De la mano con el <strong>Dr. Rafael Ravina-Ripoll<\/strong>, de la <strong>Universidad de Cadiz<\/strong>, la Dra Galv\u00e1n Vela desarroll\u00f3 el marco normativo para una patente llamada \u201cHappiness Management Certification\u201d.<\/span><\/li>\n<li style=\"font-weight: 400;\" aria-level=\"1\"><span style=\"font-weight: 400;\">Trabaj\u00f3 en dos art\u00edculos cient\u00edficos con otros miembros de la Red Internacional: &#8220;Redefining entrepreneurial happiness based on personality traits: the role of the Big 5&#8221; y el segundo llamado \u201cEmotional Salary, Happiness at Work and Organizational Justice as triggering factors of Happiness Management\u201d.<\/span><\/li>\n<\/ul>\n<p>&nbsp;<\/p>\n<ul>\n<li style=\"font-weight: 400;\" aria-level=\"1\"><span style=\"font-weight: 400;\">Tambi\u00e9n fue invitada como profesora visitante para distintas charlas de temas como \u201cIdeaci\u00f3n en design thinking\u201d, \u201cTriangulaci\u00f3n metodol\u00f3gica\u201d y \u201cTeor\u00eda fundamentada\u201d sobre pensamiento creativo y emprendimiento en el \u00e1mbito de la creatividad. Esto en la<strong> Universidad Rey Juan Carlos de Madrid<\/strong>, en la Facultad de Ciencias Sociales y de la Comunicaci\u00f3n, de la <strong>Universidad de C\u00e1diz Campus Jerezeb<\/strong> en el Departamento de Organizaci\u00f3n de Empresas de la Universidad de C\u00e1diz, campus Algeciras, y la Facultad de Comunicaci\u00f3n de la <strong>Universidad de Sevilla<\/strong>.<\/span><\/li>\n<\/ul>\n","protected":false},"excerpt":{"rendered":"<p>Al ser miembro de la Red Internacional Universitaria de la Felicidad, la Dra. Esthela Galvan Vela, quien es acad\u00e9mica de CETYS Universidad&#8230;<\/p>\n","protected":false},"author":24,"featured_media":171386,"comment_status":"open","ping_status":"closed","sticky":false,"template":"","format":"standard","meta":{"footnotes":""},"categories":[134,313],"tags":[297,1826],"class_list":["post-171381","post","type-post","status-publish","format-standard","has-post-thumbnail","hentry","category-campus-tijuana","category-vocetys-2","tag-campus-tijuana","tag-escuela-de-administracion-y-negocios"],"yoast_head":"<!-- This site is optimized with the Yoast SEO plugin v27.4 - https:\/\/yoast.com\/product\/yoast-seo-wordpress\/ -->\n<title>La Dra. Esthela Galvan da c\u00e1tedra en Espa\u00f1a sobre la felicidad<\/title>\n<meta name=\"description\" content=\"Al ser miembro de la Red Internacional Universitaria de la Felicidad, la Dra. Esthela Galvan, acad\u00e9mica de CETYS, realiz\u00f3 actividades en Espa\u00f1a.\u00a0\" \/>\n<meta name=\"robots\" content=\"index, follow, max-snippet:-1, max-image-preview:large, max-video-preview:-1\" \/>\n<link rel=\"canonical\" href=\"https:\/\/www.cetys.mx\/noticias\/la-dra-esthela-galvan-de-campus-tijuana-da-catedra-a-diversas-universidades-de-espana-sobre-la-felicidad\/\" \/>\n<meta property=\"og:locale\" content=\"es_MX\" \/>\n<meta property=\"og:type\" content=\"article\" \/>\n<meta property=\"og:title\" content=\"La Dra. Esthela Galvan da c\u00e1tedra en Espa\u00f1a sobre la felicidad\" \/>\n<meta property=\"og:description\" content=\"Al ser miembro de la Red Internacional Universitaria de la Felicidad, la Dra. Esthela Galvan, acad\u00e9mica de CETYS, realiz\u00f3 actividades en Espa\u00f1a.\u00a0\" \/>\n<meta property=\"og:url\" content=\"https:\/\/www.cetys.mx\/noticias\/la-dra-esthela-galvan-de-campus-tijuana-da-catedra-a-diversas-universidades-de-espana-sobre-la-felicidad\/\" \/>\n<meta property=\"og:site_name\" content=\"CETYS\" \/>\n<meta property=\"article:publisher\" content=\"https:\/\/www.facebook.com\/cetysuniversidadmxl\/\" \/>\n<meta property=\"article:published_time\" content=\"2023-03-17T23:46:55+00:00\" \/>\n<meta property=\"article:modified_time\" content=\"2023-03-23T22:07:35+00:00\" \/>\n<meta property=\"og:image\" content=\"https:\/\/www.cetys.mx\/noticias\/wp-content\/uploads\/2023\/03\/Dra-Esthela-Galvan-vela-profesora-invitada.png\" \/>\n\t<meta property=\"og:image:width\" content=\"958\" \/>\n\t<meta property=\"og:image:height\" content=\"688\" \/>\n\t<meta property=\"og:image:type\" content=\"image\/png\" \/>\n<meta name=\"author\" content=\"Campus Tijuana\" \/>\n<meta name=\"twitter:card\" content=\"summary_large_image\" \/>\n<meta name=\"twitter:creator\" content=\"@cetysuni\" \/>\n<meta name=\"twitter:site\" content=\"@cetysuni\" \/>\n<meta name=\"twitter:label1\" content=\"Escrito por\" \/>\n\t<meta name=\"twitter:data1\" content=\"Campus Tijuana\" \/>\n\t<meta name=\"twitter:label2\" content=\"Tiempo de lectura\" \/>\n\t<meta name=\"twitter:data2\" content=\"3 minutos\" \/>\n<script type=\"application\/ld+json\" class=\"yoast-schema-graph\">{\"@context\":\"https:\\\/\\\/schema.org\",\"@graph\":[{\"@type\":\"Article\",\"@id\":\"https:\\\/\\\/www.cetys.mx\\\/noticias\\\/la-dra-esthela-galvan-de-campus-tijuana-da-catedra-a-diversas-universidades-de-espana-sobre-la-felicidad\\\/#article\",\"isPartOf\":{\"@id\":\"https:\\\/\\\/www.cetys.mx\\\/noticias\\\/la-dra-esthela-galvan-de-campus-tijuana-da-catedra-a-diversas-universidades-de-espana-sobre-la-felicidad\\\/\"},\"author\":{\"name\":\"Campus Tijuana\",\"@id\":\"https:\\\/\\\/www.cetys.mx\\\/noticias\\\/#\\\/schema\\\/person\\\/e790051ce60e18ae47cfa87011c8653f\"},\"headline\":\"La Dra. Esthela Galv\u00e1n de Campus Tijuana da c\u00e1tedra a diversas universidades de Espa\u00f1a sobre la gesti\u00f3n de la felicidad\",\"datePublished\":\"2023-03-17T23:46:55+00:00\",\"dateModified\":\"2023-03-23T22:07:35+00:00\",\"mainEntityOfPage\":{\"@id\":\"https:\\\/\\\/www.cetys.mx\\\/noticias\\\/la-dra-esthela-galvan-de-campus-tijuana-da-catedra-a-diversas-universidades-de-espana-sobre-la-felicidad\\\/\"},\"wordCount\":671,\"commentCount\":0,\"image\":{\"@id\":\"https:\\\/\\\/www.cetys.mx\\\/noticias\\\/la-dra-esthela-galvan-de-campus-tijuana-da-catedra-a-diversas-universidades-de-espana-sobre-la-felicidad\\\/#primaryimage\"},\"thumbnailUrl\":\"https:\\\/\\\/www.cetys.mx\\\/noticias\\\/wp-content\\\/uploads\\\/2023\\\/03\\\/Dra-Esthela-Galvan-vela-profesora-invitada.png\",\"keywords\":[\"Campus Tijuana\",\"Escuela de Administraci\u00f3n y Negocios\"],\"articleSection\":[\"Campus Tijuana\",\"VoCETYS\"],\"inLanguage\":\"es\",\"potentialAction\":[{\"@type\":\"CommentAction\",\"name\":\"Comment\",\"target\":[\"https:\\\/\\\/www.cetys.mx\\\/noticias\\\/la-dra-esthela-galvan-de-campus-tijuana-da-catedra-a-diversas-universidades-de-espana-sobre-la-felicidad\\\/#respond\"]}]},{\"@type\":\"WebPage\",\"@id\":\"https:\\\/\\\/www.cetys.mx\\\/noticias\\\/la-dra-esthela-galvan-de-campus-tijuana-da-catedra-a-diversas-universidades-de-espana-sobre-la-felicidad\\\/\",\"url\":\"https:\\\/\\\/www.cetys.mx\\\/noticias\\\/la-dra-esthela-galvan-de-campus-tijuana-da-catedra-a-diversas-universidades-de-espana-sobre-la-felicidad\\\/\",\"name\":\"La Dra. Esthela Galvan da c\u00e1tedra en Espa\u00f1a sobre la felicidad\",\"isPartOf\":{\"@id\":\"https:\\\/\\\/www.cetys.mx\\\/noticias\\\/#website\"},\"primaryImageOfPage\":{\"@id\":\"https:\\\/\\\/www.cetys.mx\\\/noticias\\\/la-dra-esthela-galvan-de-campus-tijuana-da-catedra-a-diversas-universidades-de-espana-sobre-la-felicidad\\\/#primaryimage\"},\"image\":{\"@id\":\"https:\\\/\\\/www.cetys.mx\\\/noticias\\\/la-dra-esthela-galvan-de-campus-tijuana-da-catedra-a-diversas-universidades-de-espana-sobre-la-felicidad\\\/#primaryimage\"},\"thumbnailUrl\":\"https:\\\/\\\/www.cetys.mx\\\/noticias\\\/wp-content\\\/uploads\\\/2023\\\/03\\\/Dra-Esthela-Galvan-vela-profesora-invitada.png\",\"datePublished\":\"2023-03-17T23:46:55+00:00\",\"dateModified\":\"2023-03-23T22:07:35+00:00\",\"author\":{\"@id\":\"https:\\\/\\\/www.cetys.mx\\\/noticias\\\/#\\\/schema\\\/person\\\/e790051ce60e18ae47cfa87011c8653f\"},\"description\":\"Al ser miembro de la Red Internacional Universitaria de la Felicidad, la Dra. Esthela Galvan, acad\u00e9mica de CETYS, realiz\u00f3 actividades en Espa\u00f1a.\u00a0\",\"breadcrumb\":{\"@id\":\"https:\\\/\\\/www.cetys.mx\\\/noticias\\\/la-dra-esthela-galvan-de-campus-tijuana-da-catedra-a-diversas-universidades-de-espana-sobre-la-felicidad\\\/#breadcrumb\"},\"inLanguage\":\"es\",\"potentialAction\":[{\"@type\":\"ReadAction\",\"target\":[\"https:\\\/\\\/www.cetys.mx\\\/noticias\\\/la-dra-esthela-galvan-de-campus-tijuana-da-catedra-a-diversas-universidades-de-espana-sobre-la-felicidad\\\/\"]}]},{\"@type\":\"ImageObject\",\"inLanguage\":\"es\",\"@id\":\"https:\\\/\\\/www.cetys.mx\\\/noticias\\\/la-dra-esthela-galvan-de-campus-tijuana-da-catedra-a-diversas-universidades-de-espana-sobre-la-felicidad\\\/#primaryimage\",\"url\":\"https:\\\/\\\/www.cetys.mx\\\/noticias\\\/wp-content\\\/uploads\\\/2023\\\/03\\\/Dra-Esthela-Galvan-vela-profesora-invitada.png\",\"contentUrl\":\"https:\\\/\\\/www.cetys.mx\\\/noticias\\\/wp-content\\\/uploads\\\/2023\\\/03\\\/Dra-Esthela-Galvan-vela-profesora-invitada.png\",\"width\":958,\"height\":688},{\"@type\":\"BreadcrumbList\",\"@id\":\"https:\\\/\\\/www.cetys.mx\\\/noticias\\\/la-dra-esthela-galvan-de-campus-tijuana-da-catedra-a-diversas-universidades-de-espana-sobre-la-felicidad\\\/#breadcrumb\",\"itemListElement\":[{\"@type\":\"ListItem\",\"position\":1,\"name\":\"Inicio\",\"item\":\"https:\\\/\\\/www.cetys.mx\\\/noticias\\\/\"},{\"@type\":\"ListItem\",\"position\":2,\"name\":\"La Dra. Esthela Galv\u00e1n de Campus Tijuana da c\u00e1tedra a diversas universidades de Espa\u00f1a sobre la gesti\u00f3n de la felicidad\"}]},{\"@type\":\"WebSite\",\"@id\":\"https:\\\/\\\/www.cetys.mx\\\/noticias\\\/#website\",\"url\":\"https:\\\/\\\/www.cetys.mx\\\/noticias\\\/\",\"name\":\"CETYS\",\"description\":\"\",\"potentialAction\":[{\"@type\":\"SearchAction\",\"target\":{\"@type\":\"EntryPoint\",\"urlTemplate\":\"https:\\\/\\\/www.cetys.mx\\\/noticias\\\/?s={search_term_string}\"},\"query-input\":{\"@type\":\"PropertyValueSpecification\",\"valueRequired\":true,\"valueName\":\"search_term_string\"}}],\"inLanguage\":\"es\"},{\"@type\":\"Person\",\"@id\":\"https:\\\/\\\/www.cetys.mx\\\/noticias\\\/#\\\/schema\\\/person\\\/e790051ce60e18ae47cfa87011c8653f\",\"name\":\"Campus Tijuana\",\"url\":\"https:\\\/\\\/www.cetys.mx\\\/noticias\\\/author\\\/campustijuana\\\/\"}]}<\/script>\n<!-- \/ Yoast SEO plugin. -->","yoast_head_json":{"title":"La Dra. Esthela Galvan da c\u00e1tedra en Espa\u00f1a sobre la felicidad","description":"Al ser miembro de la Red Internacional Universitaria de la Felicidad, la Dra. Esthela Galvan, acad\u00e9mica de CETYS, realiz\u00f3 actividades en Espa\u00f1a.\u00a0","robots":{"index":"index","follow":"follow","max-snippet":"max-snippet:-1","max-image-preview":"max-image-preview:large","max-video-preview":"max-video-preview:-1"},"canonical":"https:\/\/www.cetys.mx\/noticias\/la-dra-esthela-galvan-de-campus-tijuana-da-catedra-a-diversas-universidades-de-espana-sobre-la-felicidad\/","og_locale":"es_MX","og_type":"article","og_title":"La Dra. Esthela Galvan da c\u00e1tedra en Espa\u00f1a sobre la felicidad","og_description":"Al ser miembro de la Red Internacional Universitaria de la Felicidad, la Dra. Esthela Galvan, acad\u00e9mica de CETYS, realiz\u00f3 actividades en Espa\u00f1a.\u00a0","og_url":"https:\/\/www.cetys.mx\/noticias\/la-dra-esthela-galvan-de-campus-tijuana-da-catedra-a-diversas-universidades-de-espana-sobre-la-felicidad\/","og_site_name":"CETYS","article_publisher":"https:\/\/www.facebook.com\/cetysuniversidadmxl\/","article_published_time":"2023-03-17T23:46:55+00:00","article_modified_time":"2023-03-23T22:07:35+00:00","og_image":[{"width":958,"height":688,"url":"https:\/\/www.cetys.mx\/noticias\/wp-content\/uploads\/2023\/03\/Dra-Esthela-Galvan-vela-profesora-invitada.png","type":"image\/png"}],"author":"Campus Tijuana","twitter_card":"summary_large_image","twitter_creator":"@cetysuni","twitter_site":"@cetysuni","twitter_misc":{"Escrito por":"Campus Tijuana","Tiempo de lectura":"3 minutos"},"schema":{"@context":"https:\/\/schema.org","@graph":[{"@type":"Article","@id":"https:\/\/www.cetys.mx\/noticias\/la-dra-esthela-galvan-de-campus-tijuana-da-catedra-a-diversas-universidades-de-espana-sobre-la-felicidad\/#article","isPartOf":{"@id":"https:\/\/www.cetys.mx\/noticias\/la-dra-esthela-galvan-de-campus-tijuana-da-catedra-a-diversas-universidades-de-espana-sobre-la-felicidad\/"},"author":{"name":"Campus Tijuana","@id":"https:\/\/www.cetys.mx\/noticias\/#\/schema\/person\/e790051ce60e18ae47cfa87011c8653f"},"headline":"La Dra. Esthela Galv\u00e1n de Campus Tijuana da c\u00e1tedra a diversas universidades de Espa\u00f1a sobre la gesti\u00f3n de la felicidad","datePublished":"2023-03-17T23:46:55+00:00","dateModified":"2023-03-23T22:07:35+00:00","mainEntityOfPage":{"@id":"https:\/\/www.cetys.mx\/noticias\/la-dra-esthela-galvan-de-campus-tijuana-da-catedra-a-diversas-universidades-de-espana-sobre-la-felicidad\/"},"wordCount":671,"commentCount":0,"image":{"@id":"https:\/\/www.cetys.mx\/noticias\/la-dra-esthela-galvan-de-campus-tijuana-da-catedra-a-diversas-universidades-de-espana-sobre-la-felicidad\/#primaryimage"},"thumbnailUrl":"https:\/\/www.cetys.mx\/noticias\/wp-content\/uploads\/2023\/03\/Dra-Esthela-Galvan-vela-profesora-invitada.png","keywords":["Campus Tijuana","Escuela de Administraci\u00f3n y Negocios"],"articleSection":["Campus Tijuana","VoCETYS"],"inLanguage":"es","potentialAction":[{"@type":"CommentAction","name":"Comment","target":["https:\/\/www.cetys.mx\/noticias\/la-dra-esthela-galvan-de-campus-tijuana-da-catedra-a-diversas-universidades-de-espana-sobre-la-felicidad\/#respond"]}]},{"@type":"WebPage","@id":"https:\/\/www.cetys.mx\/noticias\/la-dra-esthela-galvan-de-campus-tijuana-da-catedra-a-diversas-universidades-de-espana-sobre-la-felicidad\/","url":"https:\/\/www.cetys.mx\/noticias\/la-dra-esthela-galvan-de-campus-tijuana-da-catedra-a-diversas-universidades-de-espana-sobre-la-felicidad\/","name":"La Dra. Esthela Galvan da c\u00e1tedra en Espa\u00f1a sobre la felicidad","isPartOf":{"@id":"https:\/\/www.cetys.mx\/noticias\/#website"},"primaryImageOfPage":{"@id":"https:\/\/www.cetys.mx\/noticias\/la-dra-esthela-galvan-de-campus-tijuana-da-catedra-a-diversas-universidades-de-espana-sobre-la-felicidad\/#primaryimage"},"image":{"@id":"https:\/\/www.cetys.mx\/noticias\/la-dra-esthela-galvan-de-campus-tijuana-da-catedra-a-diversas-universidades-de-espana-sobre-la-felicidad\/#primaryimage"},"thumbnailUrl":"https:\/\/www.cetys.mx\/noticias\/wp-content\/uploads\/2023\/03\/Dra-Esthela-Galvan-vela-profesora-invitada.png","datePublished":"2023-03-17T23:46:55+00:00","dateModified":"2023-03-23T22:07:35+00:00","author":{"@id":"https:\/\/www.cetys.mx\/noticias\/#\/schema\/person\/e790051ce60e18ae47cfa87011c8653f"},"description":"Al ser miembro de la Red Internacional Universitaria de la Felicidad, la Dra. Esthela Galvan, acad\u00e9mica de CETYS, realiz\u00f3 actividades en Espa\u00f1a.\u00a0","breadcrumb":{"@id":"https:\/\/www.cetys.mx\/noticias\/la-dra-esthela-galvan-de-campus-tijuana-da-catedra-a-diversas-universidades-de-espana-sobre-la-felicidad\/#breadcrumb"},"inLanguage":"es","potentialAction":[{"@type":"ReadAction","target":["https:\/\/www.cetys.mx\/noticias\/la-dra-esthela-galvan-de-campus-tijuana-da-catedra-a-diversas-universidades-de-espana-sobre-la-felicidad\/"]}]},{"@type":"ImageObject","inLanguage":"es","@id":"https:\/\/www.cetys.mx\/noticias\/la-dra-esthela-galvan-de-campus-tijuana-da-catedra-a-diversas-universidades-de-espana-sobre-la-felicidad\/#primaryimage","url":"https:\/\/www.cetys.mx\/noticias\/wp-content\/uploads\/2023\/03\/Dra-Esthela-Galvan-vela-profesora-invitada.png","contentUrl":"https:\/\/www.cetys.mx\/noticias\/wp-content\/uploads\/2023\/03\/Dra-Esthela-Galvan-vela-profesora-invitada.png","width":958,"height":688},{"@type":"BreadcrumbList","@id":"https:\/\/www.cetys.mx\/noticias\/la-dra-esthela-galvan-de-campus-tijuana-da-catedra-a-diversas-universidades-de-espana-sobre-la-felicidad\/#breadcrumb","itemListElement":[{"@type":"ListItem","position":1,"name":"Inicio","item":"https:\/\/www.cetys.mx\/noticias\/"},{"@type":"ListItem","position":2,"name":"La Dra. Esthela Galv\u00e1n de Campus Tijuana da c\u00e1tedra a diversas universidades de Espa\u00f1a sobre la gesti\u00f3n de la felicidad"}]},{"@type":"WebSite","@id":"https:\/\/www.cetys.mx\/noticias\/#website","url":"https:\/\/www.cetys.mx\/noticias\/","name":"CETYS","description":"","potentialAction":[{"@type":"SearchAction","target":{"@type":"EntryPoint","urlTemplate":"https:\/\/www.cetys.mx\/noticias\/?s={search_term_string}"},"query-input":{"@type":"PropertyValueSpecification","valueRequired":true,"valueName":"search_term_string"}}],"inLanguage":"es"},{"@type":"Person","@id":"https:\/\/www.cetys.mx\/noticias\/#\/schema\/person\/e790051ce60e18ae47cfa87011c8653f","name":"Campus Tijuana","url":"https:\/\/www.cetys.mx\/noticias\/author\/campustijuana\/"}]}},"_links":{"self":[{"href":"https:\/\/www.cetys.mx\/noticias\/wp-json\/wp\/v2\/posts\/171381","targetHints":{"allow":["GET"]}}],"collection":[{"href":"https:\/\/www.cetys.mx\/noticias\/wp-json\/wp\/v2\/posts"}],"about":[{"href":"https:\/\/www.cetys.mx\/noticias\/wp-json\/wp\/v2\/types\/post"}],"author":[{"embeddable":true,"href":"https:\/\/www.cetys.mx\/noticias\/wp-json\/wp\/v2\/users\/24"}],"replies":[{"embeddable":true,"href":"https:\/\/www.cetys.mx\/noticias\/wp-json\/wp\/v2\/comments?post=171381"}],"version-history":[{"count":6,"href":"https:\/\/www.cetys.mx\/noticias\/wp-json\/wp\/v2\/posts\/171381\/revisions"}],"predecessor-version":[{"id":171489,"href":"https:\/\/www.cetys.mx\/noticias\/wp-json\/wp\/v2\/posts\/171381\/revisions\/171489"}],"wp:featuredmedia":[{"embeddable":true,"href":"https:\/\/www.cetys.mx\/noticias\/wp-json\/wp\/v2\/media\/171386"}],"wp:attachment":[{"href":"https:\/\/www.cetys.mx\/noticias\/wp-json\/wp\/v2\/media?parent=171381"}],"wp:term":[{"taxonomy":"category","embeddable":true,"href":"https:\/\/www.cetys.mx\/noticias\/wp-json\/wp\/v2\/categories?post=171381"},{"taxonomy":"post_tag","embeddable":true,"href":"https:\/\/www.cetys.mx\/noticias\/wp-json\/wp\/v2\/tags?post=171381"}],"curies":[{"name":"wp","href":"https:\/\/api.w.org\/{rel}","templated":true}]}}