{"id":170749,"date":"2023-02-21T13:24:44","date_gmt":"2023-02-21T21:24:44","guid":{"rendered":"https:\/\/www.cetys.mx\/noticias\/?p=170749"},"modified":"2023-02-21T13:24:44","modified_gmt":"2023-02-21T21:24:44","slug":"reconoce-cetys-tijuana-a-estudiantes-por-su-alto-rendimiento-academico-cultural-y-deportivo","status":"publish","type":"post","link":"https:\/\/www.cetys.mx\/noticias\/reconoce-cetys-tijuana-a-estudiantes-por-su-alto-rendimiento-academico-cultural-y-deportivo\/","title":{"rendered":"Reconoce CETYS Tijuana a estudiantes por su alto rendimiento acad\u00e9mico, cultural y deportivo"},"content":{"rendered":"<p><span style=\"font-weight: 400;\">Por su rendimiento acad\u00e9mico, sus logros deportivos y culturales, es que <strong>CETYS Campus Tijuana<\/strong> reconoci\u00f3 a 255 estudiantes, tanto en nivel Preparatoria como Universidad, esto durante el ciclo escolar agosto-diciembre del 2022.<\/span><\/p>\n<p><span style=\"font-weight: 400;\">El <strong>Dr. Alberto G\u00e1rate Rivera<\/strong>, <em>Vicerrector Acad\u00e9mico del Sistema CETYS<\/em>, presidi\u00f3 la Ceremonia de Reconocimiento a dichos alumnos, quienes tuvieron como testigos a sus familiares y amigos cercanos, as\u00ed como los docentes que han asistido y\/o participado para su gran desenvolvimiento.<\/span><\/p>\n<blockquote><p><span style=\"font-weight: 400;\">\u201cLa disciplina es una cualidad cercana a la perseverancia, y hay que tener esa disciplina para tener el promedio que ustedes consiguieron, para llegar a las competencias deportivas o art\u00edsticas. La responsabilidad que ustedes tienen no la inyecta el padre al hijo, emana del car\u00e1cter personal y es alimentado por la familia. Ustedes demostraron esto, que combinado con el talento que demuestran al participar en sus actividades, junto con el amor de sus seres cercanos, llegar\u00e1n lejos\u201d, destac\u00f3.<\/span><\/p><\/blockquote>\n<p><span style=\"font-weight: 400;\">En ese sentido, la <strong>Mtra. Jessica Ibarra Ramonet<\/strong>, <em>Directora de CETYS Universidad <\/em><strong>Campus Tijuana<\/strong>, <\/span><span style=\"font-weight: 400;\">invit\u00f3 a los estudiantes reconocidos a seguir esforz\u00e1ndose por cumplir sus metas y a seguir desarrollando habilidades. Los invito a reconocer que <\/span><span style=\"font-weight: 400;\">tienen el poder de transformar en cada uno de ellos, solo deben tomar las herramientas para ser los agentes de cambio que se necesitan para cambiar el mundo.<\/span><\/p>\n<blockquote><p><span style=\"font-weight: 400;\">\u00a0<\/span><span style=\"font-weight: 400;\">\u201cEs un honor estar reunidos para reconocer a 116 alumnos de preparatoria y 139 de profesional, que asisten a las aulas no a estudiar, sino a trascender, participando en iniciativas, actividades que dan nuevos aprendizajes y muchas oportunidades de desarrollo integral. No es f\u00e1cil un 100, un 99, horas y horas de entrenamiento o de pr\u00e1cticas para competir o representar e impulsar distintos proyectos. Sigan con ese \u00edmpetu y sean ejemplo para la comunidad\u201d, destac\u00f3 la Mtra. Jessica Ibarra, frente a los padres de familia.<\/span><\/p><\/blockquote>\n<p><span style=\"font-weight: 400;\">Por \u00faltimo, la alumna <strong>Renata Higuera Fierro<\/strong>, una de las alumnas distinguidas en Preparatoria, dio un discurso en nombre de los 255 estudiantes reunidos.<em> \u201cLos alumnos distinguidos se destacan por dar m\u00e1s de su 100%, el hecho de esforzarse tendr\u00e1 buenos resultados, y deben estar orgullosos\u201d.<\/em><\/span><\/p>\n","protected":false},"excerpt":{"rendered":"<p>Por su rendimiento acad\u00e9mico, sus logros deportivos y culturales, es que CETYS Campus Tijuana reconoci\u00f3 a 255 estudiantes, tanto en nivel Preparatoria&#8230;<\/p>\n","protected":false},"author":24,"featured_media":170777,"comment_status":"open","ping_status":"closed","sticky":false,"template":"","format":"gallery","meta":{"footnotes":""},"categories":[134,143,125,313],"tags":[3513,297,168,92,176],"class_list":["post-170749","post","type-post","status-publish","format-gallery","has-post-thumbnail","hentry","category-campus-tijuana","category-galeria","category-portada","category-vocetys-2","tag-alumnos-distinguidos","tag-campus-tijuana","tag-cetys-universidad","tag-preparatoria","tag-profesional","post_format-post-format-gallery"],"yoast_head":"<!-- This site is optimized with the Yoast SEO plugin v27.4 - https:\/\/yoast.com\/product\/yoast-seo-wordpress\/ -->\n<title>Reconoce CETYS alumnos por rendimiento acad\u00e9mico, cultural y deportivo<\/title>\n<meta name=\"description\" content=\"Los 255 estudiantes de Preparatoria y Profesional reconocidos demostraron que tienen la capacidad para cambiar el mundo de forma positiva\" \/>\n<meta name=\"robots\" content=\"index, follow, max-snippet:-1, max-image-preview:large, max-video-preview:-1\" \/>\n<link rel=\"canonical\" href=\"https:\/\/www.cetys.mx\/noticias\/reconoce-cetys-tijuana-a-estudiantes-por-su-alto-rendimiento-academico-cultural-y-deportivo\/\" \/>\n<meta property=\"og:locale\" content=\"es_MX\" \/>\n<meta property=\"og:type\" content=\"article\" \/>\n<meta property=\"og:title\" content=\"Reconoce CETYS alumnos por rendimiento acad\u00e9mico, cultural y deportivo\" \/>\n<meta property=\"og:description\" content=\"Los 255 estudiantes de Preparatoria y Profesional reconocidos demostraron que tienen la capacidad para cambiar el mundo de forma positiva\" \/>\n<meta property=\"og:url\" content=\"https:\/\/www.cetys.mx\/noticias\/reconoce-cetys-tijuana-a-estudiantes-por-su-alto-rendimiento-academico-cultural-y-deportivo\/\" \/>\n<meta property=\"og:site_name\" content=\"CETYS\" \/>\n<meta property=\"article:publisher\" content=\"https:\/\/www.facebook.com\/cetysuniversidadmxl\/\" \/>\n<meta property=\"article:published_time\" content=\"2023-02-21T21:24:44+00:00\" \/>\n<meta property=\"og:image\" content=\"https:\/\/www.cetys.mx\/noticias\/wp-content\/uploads\/2023\/02\/alumnos-distinguidos-agosto-diciembre-2023.png\" \/>\n\t<meta property=\"og:image:width\" content=\"1200\" \/>\n\t<meta property=\"og:image:height\" content=\"565\" \/>\n\t<meta property=\"og:image:type\" content=\"image\/png\" \/>\n<meta name=\"author\" content=\"Campus Tijuana\" \/>\n<meta name=\"twitter:card\" content=\"summary_large_image\" \/>\n<meta name=\"twitter:creator\" content=\"@cetysuni\" \/>\n<meta name=\"twitter:site\" content=\"@cetysuni\" \/>\n<meta name=\"twitter:label1\" content=\"Escrito por\" \/>\n\t<meta name=\"twitter:data1\" content=\"Campus Tijuana\" \/>\n\t<meta name=\"twitter:label2\" content=\"Tiempo de lectura\" \/>\n\t<meta name=\"twitter:data2\" content=\"2 minutos\" \/>\n<script type=\"application\/ld+json\" class=\"yoast-schema-graph\">{\"@context\":\"https:\\\/\\\/schema.org\",\"@graph\":[{\"@type\":\"Article\",\"@id\":\"https:\\\/\\\/www.cetys.mx\\\/noticias\\\/reconoce-cetys-tijuana-a-estudiantes-por-su-alto-rendimiento-academico-cultural-y-deportivo\\\/#article\",\"isPartOf\":{\"@id\":\"https:\\\/\\\/www.cetys.mx\\\/noticias\\\/reconoce-cetys-tijuana-a-estudiantes-por-su-alto-rendimiento-academico-cultural-y-deportivo\\\/\"},\"author\":{\"name\":\"Campus Tijuana\",\"@id\":\"https:\\\/\\\/www.cetys.mx\\\/noticias\\\/#\\\/schema\\\/person\\\/e790051ce60e18ae47cfa87011c8653f\"},\"headline\":\"Reconoce CETYS Tijuana a estudiantes por su alto rendimiento acad\u00e9mico, cultural y deportivo\",\"datePublished\":\"2023-02-21T21:24:44+00:00\",\"mainEntityOfPage\":{\"@id\":\"https:\\\/\\\/www.cetys.mx\\\/noticias\\\/reconoce-cetys-tijuana-a-estudiantes-por-su-alto-rendimiento-academico-cultural-y-deportivo\\\/\"},\"wordCount\":363,\"commentCount\":0,\"image\":{\"@id\":\"https:\\\/\\\/www.cetys.mx\\\/noticias\\\/reconoce-cetys-tijuana-a-estudiantes-por-su-alto-rendimiento-academico-cultural-y-deportivo\\\/#primaryimage\"},\"thumbnailUrl\":\"https:\\\/\\\/www.cetys.mx\\\/noticias\\\/wp-content\\\/uploads\\\/2023\\\/02\\\/alumnos-distinguidos-agosto-diciembre-2023.png\",\"keywords\":[\"Alumnos distinguidos\",\"Campus Tijuana\",\"CETYS Universidad\",\"Preparatoria\",\"profesional\"],\"articleSection\":[\"Campus Tijuana\",\"Galer\u00eda\",\"Portada\",\"VoCETYS\"],\"inLanguage\":\"es\",\"potentialAction\":[{\"@type\":\"CommentAction\",\"name\":\"Comment\",\"target\":[\"https:\\\/\\\/www.cetys.mx\\\/noticias\\\/reconoce-cetys-tijuana-a-estudiantes-por-su-alto-rendimiento-academico-cultural-y-deportivo\\\/#respond\"]}]},{\"@type\":\"WebPage\",\"@id\":\"https:\\\/\\\/www.cetys.mx\\\/noticias\\\/reconoce-cetys-tijuana-a-estudiantes-por-su-alto-rendimiento-academico-cultural-y-deportivo\\\/\",\"url\":\"https:\\\/\\\/www.cetys.mx\\\/noticias\\\/reconoce-cetys-tijuana-a-estudiantes-por-su-alto-rendimiento-academico-cultural-y-deportivo\\\/\",\"name\":\"Reconoce CETYS alumnos por rendimiento acad\u00e9mico, cultural y deportivo\",\"isPartOf\":{\"@id\":\"https:\\\/\\\/www.cetys.mx\\\/noticias\\\/#website\"},\"primaryImageOfPage\":{\"@id\":\"https:\\\/\\\/www.cetys.mx\\\/noticias\\\/reconoce-cetys-tijuana-a-estudiantes-por-su-alto-rendimiento-academico-cultural-y-deportivo\\\/#primaryimage\"},\"image\":{\"@id\":\"https:\\\/\\\/www.cetys.mx\\\/noticias\\\/reconoce-cetys-tijuana-a-estudiantes-por-su-alto-rendimiento-academico-cultural-y-deportivo\\\/#primaryimage\"},\"thumbnailUrl\":\"https:\\\/\\\/www.cetys.mx\\\/noticias\\\/wp-content\\\/uploads\\\/2023\\\/02\\\/alumnos-distinguidos-agosto-diciembre-2023.png\",\"datePublished\":\"2023-02-21T21:24:44+00:00\",\"author\":{\"@id\":\"https:\\\/\\\/www.cetys.mx\\\/noticias\\\/#\\\/schema\\\/person\\\/e790051ce60e18ae47cfa87011c8653f\"},\"description\":\"Los 255 estudiantes de Preparatoria y Profesional reconocidos demostraron que tienen la capacidad para cambiar el mundo de forma positiva\",\"breadcrumb\":{\"@id\":\"https:\\\/\\\/www.cetys.mx\\\/noticias\\\/reconoce-cetys-tijuana-a-estudiantes-por-su-alto-rendimiento-academico-cultural-y-deportivo\\\/#breadcrumb\"},\"inLanguage\":\"es\",\"potentialAction\":[{\"@type\":\"ReadAction\",\"target\":[\"https:\\\/\\\/www.cetys.mx\\\/noticias\\\/reconoce-cetys-tijuana-a-estudiantes-por-su-alto-rendimiento-academico-cultural-y-deportivo\\\/\"]}]},{\"@type\":\"ImageObject\",\"inLanguage\":\"es\",\"@id\":\"https:\\\/\\\/www.cetys.mx\\\/noticias\\\/reconoce-cetys-tijuana-a-estudiantes-por-su-alto-rendimiento-academico-cultural-y-deportivo\\\/#primaryimage\",\"url\":\"https:\\\/\\\/www.cetys.mx\\\/noticias\\\/wp-content\\\/uploads\\\/2023\\\/02\\\/alumnos-distinguidos-agosto-diciembre-2023.png\",\"contentUrl\":\"https:\\\/\\\/www.cetys.mx\\\/noticias\\\/wp-content\\\/uploads\\\/2023\\\/02\\\/alumnos-distinguidos-agosto-diciembre-2023.png\",\"width\":1200,\"height\":565},{\"@type\":\"BreadcrumbList\",\"@id\":\"https:\\\/\\\/www.cetys.mx\\\/noticias\\\/reconoce-cetys-tijuana-a-estudiantes-por-su-alto-rendimiento-academico-cultural-y-deportivo\\\/#breadcrumb\",\"itemListElement\":[{\"@type\":\"ListItem\",\"position\":1,\"name\":\"Inicio\",\"item\":\"https:\\\/\\\/www.cetys.mx\\\/noticias\\\/\"},{\"@type\":\"ListItem\",\"position\":2,\"name\":\"Reconoce CETYS Tijuana a estudiantes por su alto rendimiento acad\u00e9mico, cultural y deportivo\"}]},{\"@type\":\"WebSite\",\"@id\":\"https:\\\/\\\/www.cetys.mx\\\/noticias\\\/#website\",\"url\":\"https:\\\/\\\/www.cetys.mx\\\/noticias\\\/\",\"name\":\"CETYS\",\"description\":\"\",\"potentialAction\":[{\"@type\":\"SearchAction\",\"target\":{\"@type\":\"EntryPoint\",\"urlTemplate\":\"https:\\\/\\\/www.cetys.mx\\\/noticias\\\/?s={search_term_string}\"},\"query-input\":{\"@type\":\"PropertyValueSpecification\",\"valueRequired\":true,\"valueName\":\"search_term_string\"}}],\"inLanguage\":\"es\"},{\"@type\":\"Person\",\"@id\":\"https:\\\/\\\/www.cetys.mx\\\/noticias\\\/#\\\/schema\\\/person\\\/e790051ce60e18ae47cfa87011c8653f\",\"name\":\"Campus Tijuana\",\"url\":\"https:\\\/\\\/www.cetys.mx\\\/noticias\\\/author\\\/campustijuana\\\/\"}]}<\/script>\n<!-- \/ Yoast SEO plugin. -->","yoast_head_json":{"title":"Reconoce CETYS alumnos por rendimiento acad\u00e9mico, cultural y deportivo","description":"Los 255 estudiantes de Preparatoria y Profesional reconocidos demostraron que tienen la capacidad para cambiar el mundo de forma positiva","robots":{"index":"index","follow":"follow","max-snippet":"max-snippet:-1","max-image-preview":"max-image-preview:large","max-video-preview":"max-video-preview:-1"},"canonical":"https:\/\/www.cetys.mx\/noticias\/reconoce-cetys-tijuana-a-estudiantes-por-su-alto-rendimiento-academico-cultural-y-deportivo\/","og_locale":"es_MX","og_type":"article","og_title":"Reconoce CETYS alumnos por rendimiento acad\u00e9mico, cultural y deportivo","og_description":"Los 255 estudiantes de Preparatoria y Profesional reconocidos demostraron que tienen la capacidad para cambiar el mundo de forma positiva","og_url":"https:\/\/www.cetys.mx\/noticias\/reconoce-cetys-tijuana-a-estudiantes-por-su-alto-rendimiento-academico-cultural-y-deportivo\/","og_site_name":"CETYS","article_publisher":"https:\/\/www.facebook.com\/cetysuniversidadmxl\/","article_published_time":"2023-02-21T21:24:44+00:00","og_image":[{"width":1200,"height":565,"url":"https:\/\/www.cetys.mx\/noticias\/wp-content\/uploads\/2023\/02\/alumnos-distinguidos-agosto-diciembre-2023.png","type":"image\/png"}],"author":"Campus Tijuana","twitter_card":"summary_large_image","twitter_creator":"@cetysuni","twitter_site":"@cetysuni","twitter_misc":{"Escrito por":"Campus Tijuana","Tiempo de lectura":"2 minutos"},"schema":{"@context":"https:\/\/schema.org","@graph":[{"@type":"Article","@id":"https:\/\/www.cetys.mx\/noticias\/reconoce-cetys-tijuana-a-estudiantes-por-su-alto-rendimiento-academico-cultural-y-deportivo\/#article","isPartOf":{"@id":"https:\/\/www.cetys.mx\/noticias\/reconoce-cetys-tijuana-a-estudiantes-por-su-alto-rendimiento-academico-cultural-y-deportivo\/"},"author":{"name":"Campus Tijuana","@id":"https:\/\/www.cetys.mx\/noticias\/#\/schema\/person\/e790051ce60e18ae47cfa87011c8653f"},"headline":"Reconoce CETYS Tijuana a estudiantes por su alto rendimiento acad\u00e9mico, cultural y deportivo","datePublished":"2023-02-21T21:24:44+00:00","mainEntityOfPage":{"@id":"https:\/\/www.cetys.mx\/noticias\/reconoce-cetys-tijuana-a-estudiantes-por-su-alto-rendimiento-academico-cultural-y-deportivo\/"},"wordCount":363,"commentCount":0,"image":{"@id":"https:\/\/www.cetys.mx\/noticias\/reconoce-cetys-tijuana-a-estudiantes-por-su-alto-rendimiento-academico-cultural-y-deportivo\/#primaryimage"},"thumbnailUrl":"https:\/\/www.cetys.mx\/noticias\/wp-content\/uploads\/2023\/02\/alumnos-distinguidos-agosto-diciembre-2023.png","keywords":["Alumnos distinguidos","Campus Tijuana","CETYS Universidad","Preparatoria","profesional"],"articleSection":["Campus Tijuana","Galer\u00eda","Portada","VoCETYS"],"inLanguage":"es","potentialAction":[{"@type":"CommentAction","name":"Comment","target":["https:\/\/www.cetys.mx\/noticias\/reconoce-cetys-tijuana-a-estudiantes-por-su-alto-rendimiento-academico-cultural-y-deportivo\/#respond"]}]},{"@type":"WebPage","@id":"https:\/\/www.cetys.mx\/noticias\/reconoce-cetys-tijuana-a-estudiantes-por-su-alto-rendimiento-academico-cultural-y-deportivo\/","url":"https:\/\/www.cetys.mx\/noticias\/reconoce-cetys-tijuana-a-estudiantes-por-su-alto-rendimiento-academico-cultural-y-deportivo\/","name":"Reconoce CETYS alumnos por rendimiento acad\u00e9mico, cultural y deportivo","isPartOf":{"@id":"https:\/\/www.cetys.mx\/noticias\/#website"},"primaryImageOfPage":{"@id":"https:\/\/www.cetys.mx\/noticias\/reconoce-cetys-tijuana-a-estudiantes-por-su-alto-rendimiento-academico-cultural-y-deportivo\/#primaryimage"},"image":{"@id":"https:\/\/www.cetys.mx\/noticias\/reconoce-cetys-tijuana-a-estudiantes-por-su-alto-rendimiento-academico-cultural-y-deportivo\/#primaryimage"},"thumbnailUrl":"https:\/\/www.cetys.mx\/noticias\/wp-content\/uploads\/2023\/02\/alumnos-distinguidos-agosto-diciembre-2023.png","datePublished":"2023-02-21T21:24:44+00:00","author":{"@id":"https:\/\/www.cetys.mx\/noticias\/#\/schema\/person\/e790051ce60e18ae47cfa87011c8653f"},"description":"Los 255 estudiantes de Preparatoria y Profesional reconocidos demostraron que tienen la capacidad para cambiar el mundo de forma positiva","breadcrumb":{"@id":"https:\/\/www.cetys.mx\/noticias\/reconoce-cetys-tijuana-a-estudiantes-por-su-alto-rendimiento-academico-cultural-y-deportivo\/#breadcrumb"},"inLanguage":"es","potentialAction":[{"@type":"ReadAction","target":["https:\/\/www.cetys.mx\/noticias\/reconoce-cetys-tijuana-a-estudiantes-por-su-alto-rendimiento-academico-cultural-y-deportivo\/"]}]},{"@type":"ImageObject","inLanguage":"es","@id":"https:\/\/www.cetys.mx\/noticias\/reconoce-cetys-tijuana-a-estudiantes-por-su-alto-rendimiento-academico-cultural-y-deportivo\/#primaryimage","url":"https:\/\/www.cetys.mx\/noticias\/wp-content\/uploads\/2023\/02\/alumnos-distinguidos-agosto-diciembre-2023.png","contentUrl":"https:\/\/www.cetys.mx\/noticias\/wp-content\/uploads\/2023\/02\/alumnos-distinguidos-agosto-diciembre-2023.png","width":1200,"height":565},{"@type":"BreadcrumbList","@id":"https:\/\/www.cetys.mx\/noticias\/reconoce-cetys-tijuana-a-estudiantes-por-su-alto-rendimiento-academico-cultural-y-deportivo\/#breadcrumb","itemListElement":[{"@type":"ListItem","position":1,"name":"Inicio","item":"https:\/\/www.cetys.mx\/noticias\/"},{"@type":"ListItem","position":2,"name":"Reconoce CETYS Tijuana a estudiantes por su alto rendimiento acad\u00e9mico, cultural y deportivo"}]},{"@type":"WebSite","@id":"https:\/\/www.cetys.mx\/noticias\/#website","url":"https:\/\/www.cetys.mx\/noticias\/","name":"CETYS","description":"","potentialAction":[{"@type":"SearchAction","target":{"@type":"EntryPoint","urlTemplate":"https:\/\/www.cetys.mx\/noticias\/?s={search_term_string}"},"query-input":{"@type":"PropertyValueSpecification","valueRequired":true,"valueName":"search_term_string"}}],"inLanguage":"es"},{"@type":"Person","@id":"https:\/\/www.cetys.mx\/noticias\/#\/schema\/person\/e790051ce60e18ae47cfa87011c8653f","name":"Campus Tijuana","url":"https:\/\/www.cetys.mx\/noticias\/author\/campustijuana\/"}]}},"_links":{"self":[{"href":"https:\/\/www.cetys.mx\/noticias\/wp-json\/wp\/v2\/posts\/170749","targetHints":{"allow":["GET"]}}],"collection":[{"href":"https:\/\/www.cetys.mx\/noticias\/wp-json\/wp\/v2\/posts"}],"about":[{"href":"https:\/\/www.cetys.mx\/noticias\/wp-json\/wp\/v2\/types\/post"}],"author":[{"embeddable":true,"href":"https:\/\/www.cetys.mx\/noticias\/wp-json\/wp\/v2\/users\/24"}],"replies":[{"embeddable":true,"href":"https:\/\/www.cetys.mx\/noticias\/wp-json\/wp\/v2\/comments?post=170749"}],"version-history":[{"count":1,"href":"https:\/\/www.cetys.mx\/noticias\/wp-json\/wp\/v2\/posts\/170749\/revisions"}],"predecessor-version":[{"id":170778,"href":"https:\/\/www.cetys.mx\/noticias\/wp-json\/wp\/v2\/posts\/170749\/revisions\/170778"}],"wp:featuredmedia":[{"embeddable":true,"href":"https:\/\/www.cetys.mx\/noticias\/wp-json\/wp\/v2\/media\/170777"}],"wp:attachment":[{"href":"https:\/\/www.cetys.mx\/noticias\/wp-json\/wp\/v2\/media?parent=170749"}],"wp:term":[{"taxonomy":"category","embeddable":true,"href":"https:\/\/www.cetys.mx\/noticias\/wp-json\/wp\/v2\/categories?post=170749"},{"taxonomy":"post_tag","embeddable":true,"href":"https:\/\/www.cetys.mx\/noticias\/wp-json\/wp\/v2\/tags?post=170749"}],"curies":[{"name":"wp","href":"https:\/\/api.w.org\/{rel}","templated":true}]}}