{"id":170609,"date":"2023-02-15T10:01:16","date_gmt":"2023-02-15T18:01:16","guid":{"rendered":"https:\/\/www.cetys.mx\/noticias\/?p=170609"},"modified":"2023-02-15T10:03:04","modified_gmt":"2023-02-15T18:03:04","slug":"cetys-humaniza-el-desarrollo-educativo-bajo-el-liderazgo-del-infin","status":"publish","type":"post","link":"https:\/\/www.cetys.mx\/noticias\/cetys-humaniza-el-desarrollo-educativo-bajo-el-liderazgo-del-infin\/","title":{"rendered":"CETYS humaniza el desarrollo educativo bajo el liderazgo del INFIN"},"content":{"rendered":"<p style=\"text-align: center;\"><em><span style=\"font-weight: 400;\">Con el prop\u00f3sito de fomentar la educaci\u00f3n integral, el humanismo y el liderazgo, nace el Instituto para la Formaci\u00f3n Integral (INFIN) de CETYS.<\/span><\/em><\/p>\n<p><span style=\"font-weight: 400;\">De cara al cumplimiento del Plan CETYS 2036 y con el objetivo de preparar a los futuros profesionistas de M\u00e9xico con una perspectiva humanista y con el liderazgo necesario para mejorar su entorno econ\u00f3mico, social y cultural, surge el <strong>Instituto para la Formaci\u00f3n Integral (INFIN)<\/strong> del Sistema CETYS Universidad, inform\u00f3 el <strong>Dr. Luis Enrique Linares Borboa<\/strong>, Director del INFIN a nivel Sistema.<\/span><\/p>\n<p><span style=\"font-weight: 400;\">Bajo el liderazgo del Dr. Luis Enrique Linares Borboa, primer director de este Instituto, el INFIN tiene cuatro objetivos estrat\u00e9gicos: Promover la educaci\u00f3n humanista, Impulsar el desarrollo integral estudiantil, incentivar la responsabilidad y el compromiso social y desarrollar la investigaci\u00f3n educativa y de tipo social.<\/span><\/p>\n<p><img loading=\"lazy\" decoding=\"async\" class=\"aligncenter wp-image-170468\" src=\"https:\/\/www.cetys.mx\/noticias\/wp-content\/uploads\/2023\/02\/IMG_0502.jpg\" alt=\"\" width=\"476\" height=\"431\" srcset=\"https:\/\/www.cetys.mx\/noticias\/wp-content\/uploads\/2023\/02\/IMG_0502.jpg 3816w, https:\/\/www.cetys.mx\/noticias\/wp-content\/uploads\/2023\/02\/IMG_0502-768x696.jpg 768w\" sizes=\"auto, (max-width: 476px) 100vw, 476px\" \/><\/p>\n<p><span style=\"font-weight: 400;\">Sus campos de acci\u00f3n en el corto y mediano plazo son la formaci\u00f3n acad\u00e9mica, la vinculaci\u00f3n social, la pedagog\u00eda e investigaci\u00f3n humanista y el impulso a la cultura, inform\u00f3 el Dr. Linares Borboa.\u00a0<\/span><\/p>\n<p><span style=\"font-weight: 400;\">Apunt\u00f3 que ser\u00e1 trascendental el trabajo del INFIN en los 3 campus, impulsando la certificaci\u00f3n de los docentes y colaboradores de CETYS en Formaci\u00f3n Humanista, el fortalecimiento de los grupos estudiantiles, la creaci\u00f3n del Centro de Estudios Musicales y la realizaci\u00f3n de eventos culturales como el Congreso de Teatro Histri\u00f3n y la Exposici\u00f3n Internacional de Artes Visuales y Encuentro de Artistas Sinergia, estos dos \u00faltimos con un impulso a nivel estatal, son algunas de las acciones inclusivas, innovadoras y a la altura de las exigencias del entorno actual que ya se implementan en pro del cumplimiento de cada uno de dichos objetivos.<\/span><\/p>\n<p><span style=\"font-weight: 400;\">El INFIN atender\u00e1 a la comunidad CETYS a trav\u00e9s del dise\u00f1o de acciones, planes y adiciones a los programas educativos que complementar\u00e1n lo aprendido en el aula con experiencias que refuerzan su responsabilidad y compromiso social, enmarcadas en el compromiso de CETYS de proveer una educaci\u00f3n humanista e integral.<\/span><\/p>\n<p><span style=\"font-weight: 400;\">El desarrollo de los fundamentos, l\u00edneas de acci\u00f3n y los prop\u00f3sitos de este nuevo Instituto, erigido en el 2022, cont\u00f3 en sus or\u00edgenes y mantiene la asesor\u00eda del Dr. Ram\u00f3n M\u00ednguez, docente investigador de la Universidad de Murcia; la Dra. Frances Sweeney, catedr\u00e1tica del\u00a0 Saint Mary&#8217;s College; el Dr. Luis Eugenio Espinosa, profesor de la Escuela de Educaci\u00f3n y Humanidades de la Universidad de Monterrey y el Dr. Celestino Fern\u00e1ndez, Profesor Distinguido Em\u00e9rito y Consultor Universidad de Arizona.<\/span><\/p>\n","protected":false},"excerpt":{"rendered":"<p>Con el prop\u00f3sito de fomentar la educaci\u00f3n integral, el humanismo y el liderazgo, nace el Instituto para la Formaci\u00f3n Integral (INFIN) de&#8230;<\/p>\n","protected":false},"author":26,"featured_media":170610,"comment_status":"open","ping_status":"closed","sticky":false,"template":"","format":"standard","meta":{"footnotes":""},"categories":[209,125],"tags":[6166],"class_list":["post-170609","post","type-post","status-publish","format-standard","has-post-thumbnail","hentry","category-institucional","category-portada","tag-infin"],"yoast_head":"<!-- This site is optimized with the Yoast SEO plugin v27.4 - https:\/\/yoast.com\/product\/yoast-seo-wordpress\/ -->\n<title>CETYS humaniza el desarrollo educativo bajo el liderazgo del INFIN - CETYS<\/title>\n<meta name=\"description\" content=\"Con el prop\u00f3sito de fomentar la educaci\u00f3n integral, el humanismo y el liderazgo, nace el Instituto para la Formaci\u00f3n Integral (INFIN) de CETYS.\" \/>\n<meta name=\"robots\" content=\"index, follow, max-snippet:-1, max-image-preview:large, max-video-preview:-1\" \/>\n<link rel=\"canonical\" href=\"https:\/\/www.cetys.mx\/noticias\/cetys-humaniza-el-desarrollo-educativo-bajo-el-liderazgo-del-infin\/\" \/>\n<meta property=\"og:locale\" content=\"es_MX\" \/>\n<meta property=\"og:type\" content=\"article\" \/>\n<meta property=\"og:title\" content=\"CETYS humaniza el desarrollo educativo bajo el liderazgo del INFIN - CETYS\" \/>\n<meta property=\"og:description\" content=\"Con el prop\u00f3sito de fomentar la educaci\u00f3n integral, el humanismo y el liderazgo, nace el Instituto para la Formaci\u00f3n Integral (INFIN) de CETYS.\" \/>\n<meta property=\"og:url\" content=\"https:\/\/www.cetys.mx\/noticias\/cetys-humaniza-el-desarrollo-educativo-bajo-el-liderazgo-del-infin\/\" \/>\n<meta property=\"og:site_name\" content=\"CETYS\" \/>\n<meta property=\"article:publisher\" content=\"https:\/\/www.facebook.com\/cetysuniversidadmxl\/\" \/>\n<meta property=\"article:published_time\" content=\"2023-02-15T18:01:16+00:00\" \/>\n<meta property=\"article:modified_time\" content=\"2023-02-15T18:03:04+00:00\" \/>\n<meta property=\"og:image\" content=\"https:\/\/www.cetys.mx\/noticias\/wp-content\/uploads\/2023\/02\/Dise\u00f1o-sin-t\u00edtulo-5.png\" \/>\n\t<meta property=\"og:image:width\" content=\"958\" \/>\n\t<meta property=\"og:image:height\" content=\"637\" \/>\n\t<meta property=\"og:image:type\" content=\"image\/png\" \/>\n<meta name=\"author\" content=\"CETYS Institucional\" \/>\n<meta name=\"twitter:card\" content=\"summary_large_image\" \/>\n<meta name=\"twitter:creator\" content=\"@cetysuni\" \/>\n<meta name=\"twitter:site\" content=\"@cetysuni\" \/>\n<meta name=\"twitter:label1\" content=\"Escrito por\" \/>\n\t<meta name=\"twitter:data1\" content=\"CETYS Institucional\" \/>\n\t<meta name=\"twitter:label2\" content=\"Tiempo de lectura\" \/>\n\t<meta name=\"twitter:data2\" content=\"2 minutos\" \/>\n<script type=\"application\/ld+json\" class=\"yoast-schema-graph\">{\"@context\":\"https:\\\/\\\/schema.org\",\"@graph\":[{\"@type\":\"Article\",\"@id\":\"https:\\\/\\\/www.cetys.mx\\\/noticias\\\/cetys-humaniza-el-desarrollo-educativo-bajo-el-liderazgo-del-infin\\\/#article\",\"isPartOf\":{\"@id\":\"https:\\\/\\\/www.cetys.mx\\\/noticias\\\/cetys-humaniza-el-desarrollo-educativo-bajo-el-liderazgo-del-infin\\\/\"},\"author\":{\"name\":\"CETYS Institucional\",\"@id\":\"https:\\\/\\\/www.cetys.mx\\\/noticias\\\/#\\\/schema\\\/person\\\/e9d2b35265b64aa454df57a2828eb2ac\"},\"headline\":\"CETYS humaniza el desarrollo educativo bajo el liderazgo del INFIN\",\"datePublished\":\"2023-02-15T18:01:16+00:00\",\"dateModified\":\"2023-02-15T18:03:04+00:00\",\"mainEntityOfPage\":{\"@id\":\"https:\\\/\\\/www.cetys.mx\\\/noticias\\\/cetys-humaniza-el-desarrollo-educativo-bajo-el-liderazgo-del-infin\\\/\"},\"wordCount\":435,\"commentCount\":0,\"image\":{\"@id\":\"https:\\\/\\\/www.cetys.mx\\\/noticias\\\/cetys-humaniza-el-desarrollo-educativo-bajo-el-liderazgo-del-infin\\\/#primaryimage\"},\"thumbnailUrl\":\"https:\\\/\\\/www.cetys.mx\\\/noticias\\\/wp-content\\\/uploads\\\/2023\\\/02\\\/Dise\u00f1o-sin-t\u00edtulo-5.png\",\"keywords\":[\"INFIN\"],\"articleSection\":[\"Institucional\",\"Portada\"],\"inLanguage\":\"es\",\"potentialAction\":[{\"@type\":\"CommentAction\",\"name\":\"Comment\",\"target\":[\"https:\\\/\\\/www.cetys.mx\\\/noticias\\\/cetys-humaniza-el-desarrollo-educativo-bajo-el-liderazgo-del-infin\\\/#respond\"]}]},{\"@type\":\"WebPage\",\"@id\":\"https:\\\/\\\/www.cetys.mx\\\/noticias\\\/cetys-humaniza-el-desarrollo-educativo-bajo-el-liderazgo-del-infin\\\/\",\"url\":\"https:\\\/\\\/www.cetys.mx\\\/noticias\\\/cetys-humaniza-el-desarrollo-educativo-bajo-el-liderazgo-del-infin\\\/\",\"name\":\"CETYS humaniza el desarrollo educativo bajo el liderazgo del INFIN - CETYS\",\"isPartOf\":{\"@id\":\"https:\\\/\\\/www.cetys.mx\\\/noticias\\\/#website\"},\"primaryImageOfPage\":{\"@id\":\"https:\\\/\\\/www.cetys.mx\\\/noticias\\\/cetys-humaniza-el-desarrollo-educativo-bajo-el-liderazgo-del-infin\\\/#primaryimage\"},\"image\":{\"@id\":\"https:\\\/\\\/www.cetys.mx\\\/noticias\\\/cetys-humaniza-el-desarrollo-educativo-bajo-el-liderazgo-del-infin\\\/#primaryimage\"},\"thumbnailUrl\":\"https:\\\/\\\/www.cetys.mx\\\/noticias\\\/wp-content\\\/uploads\\\/2023\\\/02\\\/Dise\u00f1o-sin-t\u00edtulo-5.png\",\"datePublished\":\"2023-02-15T18:01:16+00:00\",\"dateModified\":\"2023-02-15T18:03:04+00:00\",\"author\":{\"@id\":\"https:\\\/\\\/www.cetys.mx\\\/noticias\\\/#\\\/schema\\\/person\\\/e9d2b35265b64aa454df57a2828eb2ac\"},\"description\":\"Con el prop\u00f3sito de fomentar la educaci\u00f3n integral, el humanismo y el liderazgo, nace el Instituto para la Formaci\u00f3n Integral (INFIN) de CETYS.\",\"breadcrumb\":{\"@id\":\"https:\\\/\\\/www.cetys.mx\\\/noticias\\\/cetys-humaniza-el-desarrollo-educativo-bajo-el-liderazgo-del-infin\\\/#breadcrumb\"},\"inLanguage\":\"es\",\"potentialAction\":[{\"@type\":\"ReadAction\",\"target\":[\"https:\\\/\\\/www.cetys.mx\\\/noticias\\\/cetys-humaniza-el-desarrollo-educativo-bajo-el-liderazgo-del-infin\\\/\"]}]},{\"@type\":\"ImageObject\",\"inLanguage\":\"es\",\"@id\":\"https:\\\/\\\/www.cetys.mx\\\/noticias\\\/cetys-humaniza-el-desarrollo-educativo-bajo-el-liderazgo-del-infin\\\/#primaryimage\",\"url\":\"https:\\\/\\\/www.cetys.mx\\\/noticias\\\/wp-content\\\/uploads\\\/2023\\\/02\\\/Dise\u00f1o-sin-t\u00edtulo-5.png\",\"contentUrl\":\"https:\\\/\\\/www.cetys.mx\\\/noticias\\\/wp-content\\\/uploads\\\/2023\\\/02\\\/Dise\u00f1o-sin-t\u00edtulo-5.png\",\"width\":958,\"height\":637},{\"@type\":\"BreadcrumbList\",\"@id\":\"https:\\\/\\\/www.cetys.mx\\\/noticias\\\/cetys-humaniza-el-desarrollo-educativo-bajo-el-liderazgo-del-infin\\\/#breadcrumb\",\"itemListElement\":[{\"@type\":\"ListItem\",\"position\":1,\"name\":\"Inicio\",\"item\":\"https:\\\/\\\/www.cetys.mx\\\/noticias\\\/\"},{\"@type\":\"ListItem\",\"position\":2,\"name\":\"CETYS humaniza el desarrollo educativo bajo el liderazgo del INFIN\"}]},{\"@type\":\"WebSite\",\"@id\":\"https:\\\/\\\/www.cetys.mx\\\/noticias\\\/#website\",\"url\":\"https:\\\/\\\/www.cetys.mx\\\/noticias\\\/\",\"name\":\"CETYS\",\"description\":\"\",\"potentialAction\":[{\"@type\":\"SearchAction\",\"target\":{\"@type\":\"EntryPoint\",\"urlTemplate\":\"https:\\\/\\\/www.cetys.mx\\\/noticias\\\/?s={search_term_string}\"},\"query-input\":{\"@type\":\"PropertyValueSpecification\",\"valueRequired\":true,\"valueName\":\"search_term_string\"}}],\"inLanguage\":\"es\"},{\"@type\":\"Person\",\"@id\":\"https:\\\/\\\/www.cetys.mx\\\/noticias\\\/#\\\/schema\\\/person\\\/e9d2b35265b64aa454df57a2828eb2ac\",\"name\":\"CETYS Institucional\",\"url\":\"https:\\\/\\\/www.cetys.mx\\\/noticias\\\/author\\\/cetysinstitucional\\\/\"}]}<\/script>\n<!-- \/ Yoast SEO plugin. -->","yoast_head_json":{"title":"CETYS humaniza el desarrollo educativo bajo el liderazgo del INFIN - CETYS","description":"Con el prop\u00f3sito de fomentar la educaci\u00f3n integral, el humanismo y el liderazgo, nace el Instituto para la Formaci\u00f3n Integral (INFIN) de CETYS.","robots":{"index":"index","follow":"follow","max-snippet":"max-snippet:-1","max-image-preview":"max-image-preview:large","max-video-preview":"max-video-preview:-1"},"canonical":"https:\/\/www.cetys.mx\/noticias\/cetys-humaniza-el-desarrollo-educativo-bajo-el-liderazgo-del-infin\/","og_locale":"es_MX","og_type":"article","og_title":"CETYS humaniza el desarrollo educativo bajo el liderazgo del INFIN - CETYS","og_description":"Con el prop\u00f3sito de fomentar la educaci\u00f3n integral, el humanismo y el liderazgo, nace el Instituto para la Formaci\u00f3n Integral (INFIN) de CETYS.","og_url":"https:\/\/www.cetys.mx\/noticias\/cetys-humaniza-el-desarrollo-educativo-bajo-el-liderazgo-del-infin\/","og_site_name":"CETYS","article_publisher":"https:\/\/www.facebook.com\/cetysuniversidadmxl\/","article_published_time":"2023-02-15T18:01:16+00:00","article_modified_time":"2023-02-15T18:03:04+00:00","og_image":[{"width":958,"height":637,"url":"https:\/\/www.cetys.mx\/noticias\/wp-content\/uploads\/2023\/02\/Dise\u00f1o-sin-t\u00edtulo-5.png","type":"image\/png"}],"author":"CETYS Institucional","twitter_card":"summary_large_image","twitter_creator":"@cetysuni","twitter_site":"@cetysuni","twitter_misc":{"Escrito por":"CETYS Institucional","Tiempo de lectura":"2 minutos"},"schema":{"@context":"https:\/\/schema.org","@graph":[{"@type":"Article","@id":"https:\/\/www.cetys.mx\/noticias\/cetys-humaniza-el-desarrollo-educativo-bajo-el-liderazgo-del-infin\/#article","isPartOf":{"@id":"https:\/\/www.cetys.mx\/noticias\/cetys-humaniza-el-desarrollo-educativo-bajo-el-liderazgo-del-infin\/"},"author":{"name":"CETYS Institucional","@id":"https:\/\/www.cetys.mx\/noticias\/#\/schema\/person\/e9d2b35265b64aa454df57a2828eb2ac"},"headline":"CETYS humaniza el desarrollo educativo bajo el liderazgo del INFIN","datePublished":"2023-02-15T18:01:16+00:00","dateModified":"2023-02-15T18:03:04+00:00","mainEntityOfPage":{"@id":"https:\/\/www.cetys.mx\/noticias\/cetys-humaniza-el-desarrollo-educativo-bajo-el-liderazgo-del-infin\/"},"wordCount":435,"commentCount":0,"image":{"@id":"https:\/\/www.cetys.mx\/noticias\/cetys-humaniza-el-desarrollo-educativo-bajo-el-liderazgo-del-infin\/#primaryimage"},"thumbnailUrl":"https:\/\/www.cetys.mx\/noticias\/wp-content\/uploads\/2023\/02\/Dise\u00f1o-sin-t\u00edtulo-5.png","keywords":["INFIN"],"articleSection":["Institucional","Portada"],"inLanguage":"es","potentialAction":[{"@type":"CommentAction","name":"Comment","target":["https:\/\/www.cetys.mx\/noticias\/cetys-humaniza-el-desarrollo-educativo-bajo-el-liderazgo-del-infin\/#respond"]}]},{"@type":"WebPage","@id":"https:\/\/www.cetys.mx\/noticias\/cetys-humaniza-el-desarrollo-educativo-bajo-el-liderazgo-del-infin\/","url":"https:\/\/www.cetys.mx\/noticias\/cetys-humaniza-el-desarrollo-educativo-bajo-el-liderazgo-del-infin\/","name":"CETYS humaniza el desarrollo educativo bajo el liderazgo del INFIN - CETYS","isPartOf":{"@id":"https:\/\/www.cetys.mx\/noticias\/#website"},"primaryImageOfPage":{"@id":"https:\/\/www.cetys.mx\/noticias\/cetys-humaniza-el-desarrollo-educativo-bajo-el-liderazgo-del-infin\/#primaryimage"},"image":{"@id":"https:\/\/www.cetys.mx\/noticias\/cetys-humaniza-el-desarrollo-educativo-bajo-el-liderazgo-del-infin\/#primaryimage"},"thumbnailUrl":"https:\/\/www.cetys.mx\/noticias\/wp-content\/uploads\/2023\/02\/Dise\u00f1o-sin-t\u00edtulo-5.png","datePublished":"2023-02-15T18:01:16+00:00","dateModified":"2023-02-15T18:03:04+00:00","author":{"@id":"https:\/\/www.cetys.mx\/noticias\/#\/schema\/person\/e9d2b35265b64aa454df57a2828eb2ac"},"description":"Con el prop\u00f3sito de fomentar la educaci\u00f3n integral, el humanismo y el liderazgo, nace el Instituto para la Formaci\u00f3n Integral (INFIN) de CETYS.","breadcrumb":{"@id":"https:\/\/www.cetys.mx\/noticias\/cetys-humaniza-el-desarrollo-educativo-bajo-el-liderazgo-del-infin\/#breadcrumb"},"inLanguage":"es","potentialAction":[{"@type":"ReadAction","target":["https:\/\/www.cetys.mx\/noticias\/cetys-humaniza-el-desarrollo-educativo-bajo-el-liderazgo-del-infin\/"]}]},{"@type":"ImageObject","inLanguage":"es","@id":"https:\/\/www.cetys.mx\/noticias\/cetys-humaniza-el-desarrollo-educativo-bajo-el-liderazgo-del-infin\/#primaryimage","url":"https:\/\/www.cetys.mx\/noticias\/wp-content\/uploads\/2023\/02\/Dise\u00f1o-sin-t\u00edtulo-5.png","contentUrl":"https:\/\/www.cetys.mx\/noticias\/wp-content\/uploads\/2023\/02\/Dise\u00f1o-sin-t\u00edtulo-5.png","width":958,"height":637},{"@type":"BreadcrumbList","@id":"https:\/\/www.cetys.mx\/noticias\/cetys-humaniza-el-desarrollo-educativo-bajo-el-liderazgo-del-infin\/#breadcrumb","itemListElement":[{"@type":"ListItem","position":1,"name":"Inicio","item":"https:\/\/www.cetys.mx\/noticias\/"},{"@type":"ListItem","position":2,"name":"CETYS humaniza el desarrollo educativo bajo el liderazgo del INFIN"}]},{"@type":"WebSite","@id":"https:\/\/www.cetys.mx\/noticias\/#website","url":"https:\/\/www.cetys.mx\/noticias\/","name":"CETYS","description":"","potentialAction":[{"@type":"SearchAction","target":{"@type":"EntryPoint","urlTemplate":"https:\/\/www.cetys.mx\/noticias\/?s={search_term_string}"},"query-input":{"@type":"PropertyValueSpecification","valueRequired":true,"valueName":"search_term_string"}}],"inLanguage":"es"},{"@type":"Person","@id":"https:\/\/www.cetys.mx\/noticias\/#\/schema\/person\/e9d2b35265b64aa454df57a2828eb2ac","name":"CETYS Institucional","url":"https:\/\/www.cetys.mx\/noticias\/author\/cetysinstitucional\/"}]}},"_links":{"self":[{"href":"https:\/\/www.cetys.mx\/noticias\/wp-json\/wp\/v2\/posts\/170609","targetHints":{"allow":["GET"]}}],"collection":[{"href":"https:\/\/www.cetys.mx\/noticias\/wp-json\/wp\/v2\/posts"}],"about":[{"href":"https:\/\/www.cetys.mx\/noticias\/wp-json\/wp\/v2\/types\/post"}],"author":[{"embeddable":true,"href":"https:\/\/www.cetys.mx\/noticias\/wp-json\/wp\/v2\/users\/26"}],"replies":[{"embeddable":true,"href":"https:\/\/www.cetys.mx\/noticias\/wp-json\/wp\/v2\/comments?post=170609"}],"version-history":[{"count":1,"href":"https:\/\/www.cetys.mx\/noticias\/wp-json\/wp\/v2\/posts\/170609\/revisions"}],"predecessor-version":[{"id":170611,"href":"https:\/\/www.cetys.mx\/noticias\/wp-json\/wp\/v2\/posts\/170609\/revisions\/170611"}],"wp:featuredmedia":[{"embeddable":true,"href":"https:\/\/www.cetys.mx\/noticias\/wp-json\/wp\/v2\/media\/170610"}],"wp:attachment":[{"href":"https:\/\/www.cetys.mx\/noticias\/wp-json\/wp\/v2\/media?parent=170609"}],"wp:term":[{"taxonomy":"category","embeddable":true,"href":"https:\/\/www.cetys.mx\/noticias\/wp-json\/wp\/v2\/categories?post=170609"},{"taxonomy":"post_tag","embeddable":true,"href":"https:\/\/www.cetys.mx\/noticias\/wp-json\/wp\/v2\/tags?post=170609"}],"curies":[{"name":"wp","href":"https:\/\/api.w.org\/{rel}","templated":true}]}}