{"id":170393,"date":"2023-02-03T13:07:11","date_gmt":"2023-02-03T21:07:11","guid":{"rendered":"https:\/\/www.cetys.mx\/noticias\/?p=170393"},"modified":"2023-02-03T13:07:11","modified_gmt":"2023-02-03T21:07:11","slug":"docentes-de-campus-tijuana-reciben-capacitacion-para-reforzar-politica-de-cero-tolerancia","status":"publish","type":"post","link":"https:\/\/www.cetys.mx\/noticias\/docentes-de-campus-tijuana-reciben-capacitacion-para-reforzar-politica-de-cero-tolerancia\/","title":{"rendered":"Docentes de Campus Tijuana reciben capacitaci\u00f3n para reforzar pol\u00edtica de Cero Tolerancia"},"content":{"rendered":"<p><span style=\"font-weight: 400;\">Docentes de las diversas escuelas de <strong>CETYS Universidad<\/strong>, as\u00ed como \u00e1reas de atenci\u00f3n a estudiantes de nivel preparatoria y profesional, recibieron una capacitaci\u00f3n para seguir promoviendo una pol\u00edtica de Cero Tolerancia.<\/span><\/p>\n<p><span style=\"font-weight: 400;\">El <strong>Centro de Desarrollo Estudiantil (CEDE)<\/strong> en Tijuana, junto con la <strong>Coordinaci\u00f3n de Formaci\u00f3n Integral del Profesorado (FIP)<\/strong> fueron los organizadores de la capacitaci\u00f3n <em>\u201cAtenci\u00f3n de primer contacto\u201d,<\/em> esta fue impartida por el <em>Centro de Justicia para las Mujeres del Estado de Baja California (CEJUM)<\/em>.<\/span><\/p>\n<p><span style=\"font-weight: 400;\">El objetivo de la capacitaci\u00f3n, impartida por la <strong>Psic. Daniela Robles R\u00e1bago,<\/strong> <em>jefa del programa de Prevenci\u00f3n de la Violencia y Acceso a la Justicia para las Mujeres<\/em>, fue desarrollar habilidades para la atenci\u00f3n y entrevista de primer contacto y su seguimiento previo para posible aplicaci\u00f3n del protocolo para la prevenci\u00f3n y atenci\u00f3n por un Campus Seguro.<\/span><\/p>\n\n            <style type='text\/css'>\n                #gallery-1 {\n                    margin: auto;\n                }\n                #gallery-1 .gallery-item {\n                    float: left;\n                    margin-top: 10px;\n                    text-align: center;\n                    width: 33%;\n                }\n                #gallery-1 img {\n                    border: 2px solid #cfcfcf;\n                }\n                #gallery-1 .gallery-caption {\n                    margin-left: 0;\n                }\n                \/* see gallery_shortcode() in wp-includes\/media.php *\/\n            <\/style>\n\t\t<div id='gallery-1' class='gallery galleryid-170393 gallery-columns-3 gallery-size-thumbnail'><dl class='gallery-item'>\n                <dt class='gallery-icon landscape'>\n                    <a href='https:\/\/www.cetys.mx\/noticias\/docentes-de-campus-tijuana-reciben-capacitacion-para-reforzar-politica-de-cero-tolerancia\/docentes-taller-de-atencion-campus-seguro\/'><img loading=\"lazy\" decoding=\"async\" width=\"128\" height=\"85\" src=\"https:\/\/www.cetys.mx\/noticias\/wp-content\/uploads\/2023\/02\/docentes-taller-de-atencion-campus-seguro.png\" class=\"attachment-thumbnail size-thumbnail\" alt=\"\" srcset=\"https:\/\/www.cetys.mx\/noticias\/wp-content\/uploads\/2023\/02\/docentes-taller-de-atencion-campus-seguro.png 958w, https:\/\/www.cetys.mx\/noticias\/wp-content\/uploads\/2023\/02\/docentes-taller-de-atencion-campus-seguro-768x511.png 768w\" sizes=\"auto, (max-width: 128px) 100vw, 128px\" \/><\/a>\n                <\/dt><\/dl><dl class='gallery-item'>\n                <dt class='gallery-icon landscape'>\n                    <a href='https:\/\/www.cetys.mx\/noticias\/docentes-de-campus-tijuana-reciben-capacitacion-para-reforzar-politica-de-cero-tolerancia\/docentes-taller-de-atencion-campus-seguro-02\/'><img loading=\"lazy\" decoding=\"async\" width=\"128\" height=\"85\" src=\"https:\/\/www.cetys.mx\/noticias\/wp-content\/uploads\/2023\/02\/docentes-taller-de-atencion-campus-seguro-02.png\" class=\"attachment-thumbnail size-thumbnail\" alt=\"\" srcset=\"https:\/\/www.cetys.mx\/noticias\/wp-content\/uploads\/2023\/02\/docentes-taller-de-atencion-campus-seguro-02.png 958w, https:\/\/www.cetys.mx\/noticias\/wp-content\/uploads\/2023\/02\/docentes-taller-de-atencion-campus-seguro-02-768x511.png 768w\" sizes=\"auto, (max-width: 128px) 100vw, 128px\" \/><\/a>\n                <\/dt><\/dl><dl class='gallery-item'>\n                <dt class='gallery-icon landscape'>\n                    <a href='https:\/\/www.cetys.mx\/noticias\/docentes-de-campus-tijuana-reciben-capacitacion-para-reforzar-politica-de-cero-tolerancia\/taller-primer-contacto\/'><img loading=\"lazy\" decoding=\"async\" width=\"128\" height=\"85\" src=\"https:\/\/www.cetys.mx\/noticias\/wp-content\/uploads\/2023\/02\/taller-primer-contacto.png\" class=\"attachment-thumbnail size-thumbnail\" alt=\"\" srcset=\"https:\/\/www.cetys.mx\/noticias\/wp-content\/uploads\/2023\/02\/taller-primer-contacto.png 958w, https:\/\/www.cetys.mx\/noticias\/wp-content\/uploads\/2023\/02\/taller-primer-contacto-768x511.png 768w\" sizes=\"auto, (max-width: 128px) 100vw, 128px\" \/><\/a>\n                <\/dt><\/dl><br style=\"clear: both\" \/>\n            <\/div>\n\n<p><span style=\"font-weight: 400;\">La encargada de la atenci\u00f3n y seguimiento a los casos presentados a trav\u00e9s de dicho protocolo, la <strong>Mtra. Lourdes Garc\u00eda<\/strong>, explic\u00f3 que esta atenci\u00f3n y pol\u00edtica preventiva para evitar la violencia y los tipo de acoso no se presenten y se fomenta ambientes seguros y de respeto para toda la poblaci\u00f3n estudiantil y comunidad en general.<\/span><\/p>\n<p><span style=\"font-weight: 400;\">Por \u00faltimo, la <strong>Mtra. Garc\u00eda<\/strong> resalt\u00f3 la relevancia de denunciar, no solo cuando se es v\u00edctima de un caso, tambi\u00e9n cuando se es testigo o espectador de estas agresiones.<\/span><\/p>\n","protected":false},"excerpt":{"rendered":"<p>Docentes de las diversas escuelas de CETYS Universidad, as\u00ed como \u00e1reas de atenci\u00f3n a estudiantes de nivel preparatoria y profesional, recibieron una&#8230;<\/p>\n","protected":false},"author":24,"featured_media":170396,"comment_status":"open","ping_status":"closed","sticky":false,"template":"","format":"standard","meta":{"footnotes":""},"categories":[134],"tags":[],"class_list":["post-170393","post","type-post","status-publish","format-standard","has-post-thumbnail","hentry","category-campus-tijuana"],"yoast_head":"<!-- This site is optimized with the Yoast SEO plugin v27.4 - https:\/\/yoast.com\/product\/yoast-seo-wordpress\/ -->\n<title>Docentes de Campus Tijuana reciben capacitaci\u00f3n para reforzar pol\u00edtica de Cero Tolerancia - CETYS<\/title>\n<meta name=\"description\" content=\"Articulo sobre Docentes de Campus Tijuana reciben capacitaci\u00f3n para reforzar pol\u00edtica de Cero Tolerancia\" \/>\n<meta name=\"robots\" content=\"index, follow, max-snippet:-1, max-image-preview:large, max-video-preview:-1\" \/>\n<link rel=\"canonical\" href=\"https:\/\/www.cetys.mx\/noticias\/docentes-de-campus-tijuana-reciben-capacitacion-para-reforzar-politica-de-cero-tolerancia\/\" \/>\n<meta property=\"og:locale\" content=\"es_MX\" \/>\n<meta property=\"og:type\" content=\"article\" \/>\n<meta property=\"og:title\" content=\"Docentes de Campus Tijuana reciben capacitaci\u00f3n para reforzar pol\u00edtica de Cero Tolerancia - CETYS\" \/>\n<meta property=\"og:description\" content=\"Articulo sobre Docentes de Campus Tijuana reciben capacitaci\u00f3n para reforzar pol\u00edtica de Cero Tolerancia\" \/>\n<meta property=\"og:url\" content=\"https:\/\/www.cetys.mx\/noticias\/docentes-de-campus-tijuana-reciben-capacitacion-para-reforzar-politica-de-cero-tolerancia\/\" \/>\n<meta property=\"og:site_name\" content=\"CETYS\" \/>\n<meta property=\"article:publisher\" content=\"https:\/\/www.facebook.com\/cetysuniversidadmxl\/\" \/>\n<meta property=\"article:published_time\" content=\"2023-02-03T21:07:11+00:00\" \/>\n<meta property=\"og:image\" content=\"https:\/\/www.cetys.mx\/noticias\/wp-content\/uploads\/2023\/02\/docentes-taller-de-atencion-campus-seguro-03.png\" \/>\n\t<meta property=\"og:image:width\" content=\"958\" \/>\n\t<meta property=\"og:image:height\" content=\"637\" \/>\n\t<meta property=\"og:image:type\" content=\"image\/png\" \/>\n<meta name=\"author\" content=\"Campus Tijuana\" \/>\n<meta name=\"twitter:card\" content=\"summary_large_image\" \/>\n<meta name=\"twitter:creator\" content=\"@cetysuni\" \/>\n<meta name=\"twitter:site\" content=\"@cetysuni\" \/>\n<meta name=\"twitter:label1\" content=\"Escrito por\" \/>\n\t<meta name=\"twitter:data1\" content=\"Campus Tijuana\" \/>\n\t<meta name=\"twitter:label2\" content=\"Tiempo de lectura\" \/>\n\t<meta name=\"twitter:data2\" content=\"1 minuto\" \/>\n<script type=\"application\/ld+json\" class=\"yoast-schema-graph\">{\"@context\":\"https:\\\/\\\/schema.org\",\"@graph\":[{\"@type\":\"Article\",\"@id\":\"https:\\\/\\\/www.cetys.mx\\\/noticias\\\/docentes-de-campus-tijuana-reciben-capacitacion-para-reforzar-politica-de-cero-tolerancia\\\/#article\",\"isPartOf\":{\"@id\":\"https:\\\/\\\/www.cetys.mx\\\/noticias\\\/docentes-de-campus-tijuana-reciben-capacitacion-para-reforzar-politica-de-cero-tolerancia\\\/\"},\"author\":{\"name\":\"Campus Tijuana\",\"@id\":\"https:\\\/\\\/www.cetys.mx\\\/noticias\\\/#\\\/schema\\\/person\\\/e790051ce60e18ae47cfa87011c8653f\"},\"headline\":\"Docentes de Campus Tijuana reciben capacitaci\u00f3n para reforzar pol\u00edtica de Cero Tolerancia\",\"datePublished\":\"2023-02-03T21:07:11+00:00\",\"mainEntityOfPage\":{\"@id\":\"https:\\\/\\\/www.cetys.mx\\\/noticias\\\/docentes-de-campus-tijuana-reciben-capacitacion-para-reforzar-politica-de-cero-tolerancia\\\/\"},\"wordCount\":257,\"commentCount\":0,\"image\":{\"@id\":\"https:\\\/\\\/www.cetys.mx\\\/noticias\\\/docentes-de-campus-tijuana-reciben-capacitacion-para-reforzar-politica-de-cero-tolerancia\\\/#primaryimage\"},\"thumbnailUrl\":\"https:\\\/\\\/www.cetys.mx\\\/noticias\\\/wp-content\\\/uploads\\\/2023\\\/02\\\/docentes-taller-de-atencion-campus-seguro-03.png\",\"articleSection\":[\"Campus Tijuana\"],\"inLanguage\":\"es\",\"potentialAction\":[{\"@type\":\"CommentAction\",\"name\":\"Comment\",\"target\":[\"https:\\\/\\\/www.cetys.mx\\\/noticias\\\/docentes-de-campus-tijuana-reciben-capacitacion-para-reforzar-politica-de-cero-tolerancia\\\/#respond\"]}]},{\"@type\":\"WebPage\",\"@id\":\"https:\\\/\\\/www.cetys.mx\\\/noticias\\\/docentes-de-campus-tijuana-reciben-capacitacion-para-reforzar-politica-de-cero-tolerancia\\\/\",\"url\":\"https:\\\/\\\/www.cetys.mx\\\/noticias\\\/docentes-de-campus-tijuana-reciben-capacitacion-para-reforzar-politica-de-cero-tolerancia\\\/\",\"name\":\"Docentes de Campus Tijuana reciben capacitaci\u00f3n para reforzar pol\u00edtica de Cero Tolerancia - CETYS\",\"isPartOf\":{\"@id\":\"https:\\\/\\\/www.cetys.mx\\\/noticias\\\/#website\"},\"primaryImageOfPage\":{\"@id\":\"https:\\\/\\\/www.cetys.mx\\\/noticias\\\/docentes-de-campus-tijuana-reciben-capacitacion-para-reforzar-politica-de-cero-tolerancia\\\/#primaryimage\"},\"image\":{\"@id\":\"https:\\\/\\\/www.cetys.mx\\\/noticias\\\/docentes-de-campus-tijuana-reciben-capacitacion-para-reforzar-politica-de-cero-tolerancia\\\/#primaryimage\"},\"thumbnailUrl\":\"https:\\\/\\\/www.cetys.mx\\\/noticias\\\/wp-content\\\/uploads\\\/2023\\\/02\\\/docentes-taller-de-atencion-campus-seguro-03.png\",\"datePublished\":\"2023-02-03T21:07:11+00:00\",\"author\":{\"@id\":\"https:\\\/\\\/www.cetys.mx\\\/noticias\\\/#\\\/schema\\\/person\\\/e790051ce60e18ae47cfa87011c8653f\"},\"description\":\"Articulo sobre Docentes de Campus Tijuana reciben capacitaci\u00f3n para reforzar pol\u00edtica de Cero Tolerancia\",\"breadcrumb\":{\"@id\":\"https:\\\/\\\/www.cetys.mx\\\/noticias\\\/docentes-de-campus-tijuana-reciben-capacitacion-para-reforzar-politica-de-cero-tolerancia\\\/#breadcrumb\"},\"inLanguage\":\"es\",\"potentialAction\":[{\"@type\":\"ReadAction\",\"target\":[\"https:\\\/\\\/www.cetys.mx\\\/noticias\\\/docentes-de-campus-tijuana-reciben-capacitacion-para-reforzar-politica-de-cero-tolerancia\\\/\"]}]},{\"@type\":\"ImageObject\",\"inLanguage\":\"es\",\"@id\":\"https:\\\/\\\/www.cetys.mx\\\/noticias\\\/docentes-de-campus-tijuana-reciben-capacitacion-para-reforzar-politica-de-cero-tolerancia\\\/#primaryimage\",\"url\":\"https:\\\/\\\/www.cetys.mx\\\/noticias\\\/wp-content\\\/uploads\\\/2023\\\/02\\\/docentes-taller-de-atencion-campus-seguro-03.png\",\"contentUrl\":\"https:\\\/\\\/www.cetys.mx\\\/noticias\\\/wp-content\\\/uploads\\\/2023\\\/02\\\/docentes-taller-de-atencion-campus-seguro-03.png\",\"width\":958,\"height\":637},{\"@type\":\"BreadcrumbList\",\"@id\":\"https:\\\/\\\/www.cetys.mx\\\/noticias\\\/docentes-de-campus-tijuana-reciben-capacitacion-para-reforzar-politica-de-cero-tolerancia\\\/#breadcrumb\",\"itemListElement\":[{\"@type\":\"ListItem\",\"position\":1,\"name\":\"Inicio\",\"item\":\"https:\\\/\\\/www.cetys.mx\\\/noticias\\\/\"},{\"@type\":\"ListItem\",\"position\":2,\"name\":\"Docentes de Campus Tijuana reciben capacitaci\u00f3n para reforzar pol\u00edtica de Cero Tolerancia\"}]},{\"@type\":\"WebSite\",\"@id\":\"https:\\\/\\\/www.cetys.mx\\\/noticias\\\/#website\",\"url\":\"https:\\\/\\\/www.cetys.mx\\\/noticias\\\/\",\"name\":\"CETYS\",\"description\":\"\",\"potentialAction\":[{\"@type\":\"SearchAction\",\"target\":{\"@type\":\"EntryPoint\",\"urlTemplate\":\"https:\\\/\\\/www.cetys.mx\\\/noticias\\\/?s={search_term_string}\"},\"query-input\":{\"@type\":\"PropertyValueSpecification\",\"valueRequired\":true,\"valueName\":\"search_term_string\"}}],\"inLanguage\":\"es\"},{\"@type\":\"Person\",\"@id\":\"https:\\\/\\\/www.cetys.mx\\\/noticias\\\/#\\\/schema\\\/person\\\/e790051ce60e18ae47cfa87011c8653f\",\"name\":\"Campus Tijuana\",\"url\":\"https:\\\/\\\/www.cetys.mx\\\/noticias\\\/author\\\/campustijuana\\\/\"}]}<\/script>\n<!-- \/ Yoast SEO plugin. -->","yoast_head_json":{"title":"Docentes de Campus Tijuana reciben capacitaci\u00f3n para reforzar pol\u00edtica de Cero Tolerancia - CETYS","description":"Articulo sobre Docentes de Campus Tijuana reciben capacitaci\u00f3n para reforzar pol\u00edtica de Cero Tolerancia","robots":{"index":"index","follow":"follow","max-snippet":"max-snippet:-1","max-image-preview":"max-image-preview:large","max-video-preview":"max-video-preview:-1"},"canonical":"https:\/\/www.cetys.mx\/noticias\/docentes-de-campus-tijuana-reciben-capacitacion-para-reforzar-politica-de-cero-tolerancia\/","og_locale":"es_MX","og_type":"article","og_title":"Docentes de Campus Tijuana reciben capacitaci\u00f3n para reforzar pol\u00edtica de Cero Tolerancia - CETYS","og_description":"Articulo sobre Docentes de Campus Tijuana reciben capacitaci\u00f3n para reforzar pol\u00edtica de Cero Tolerancia","og_url":"https:\/\/www.cetys.mx\/noticias\/docentes-de-campus-tijuana-reciben-capacitacion-para-reforzar-politica-de-cero-tolerancia\/","og_site_name":"CETYS","article_publisher":"https:\/\/www.facebook.com\/cetysuniversidadmxl\/","article_published_time":"2023-02-03T21:07:11+00:00","og_image":[{"width":958,"height":637,"url":"https:\/\/www.cetys.mx\/noticias\/wp-content\/uploads\/2023\/02\/docentes-taller-de-atencion-campus-seguro-03.png","type":"image\/png"}],"author":"Campus Tijuana","twitter_card":"summary_large_image","twitter_creator":"@cetysuni","twitter_site":"@cetysuni","twitter_misc":{"Escrito por":"Campus Tijuana","Tiempo de lectura":"1 minuto"},"schema":{"@context":"https:\/\/schema.org","@graph":[{"@type":"Article","@id":"https:\/\/www.cetys.mx\/noticias\/docentes-de-campus-tijuana-reciben-capacitacion-para-reforzar-politica-de-cero-tolerancia\/#article","isPartOf":{"@id":"https:\/\/www.cetys.mx\/noticias\/docentes-de-campus-tijuana-reciben-capacitacion-para-reforzar-politica-de-cero-tolerancia\/"},"author":{"name":"Campus Tijuana","@id":"https:\/\/www.cetys.mx\/noticias\/#\/schema\/person\/e790051ce60e18ae47cfa87011c8653f"},"headline":"Docentes de Campus Tijuana reciben capacitaci\u00f3n para reforzar pol\u00edtica de Cero Tolerancia","datePublished":"2023-02-03T21:07:11+00:00","mainEntityOfPage":{"@id":"https:\/\/www.cetys.mx\/noticias\/docentes-de-campus-tijuana-reciben-capacitacion-para-reforzar-politica-de-cero-tolerancia\/"},"wordCount":257,"commentCount":0,"image":{"@id":"https:\/\/www.cetys.mx\/noticias\/docentes-de-campus-tijuana-reciben-capacitacion-para-reforzar-politica-de-cero-tolerancia\/#primaryimage"},"thumbnailUrl":"https:\/\/www.cetys.mx\/noticias\/wp-content\/uploads\/2023\/02\/docentes-taller-de-atencion-campus-seguro-03.png","articleSection":["Campus Tijuana"],"inLanguage":"es","potentialAction":[{"@type":"CommentAction","name":"Comment","target":["https:\/\/www.cetys.mx\/noticias\/docentes-de-campus-tijuana-reciben-capacitacion-para-reforzar-politica-de-cero-tolerancia\/#respond"]}]},{"@type":"WebPage","@id":"https:\/\/www.cetys.mx\/noticias\/docentes-de-campus-tijuana-reciben-capacitacion-para-reforzar-politica-de-cero-tolerancia\/","url":"https:\/\/www.cetys.mx\/noticias\/docentes-de-campus-tijuana-reciben-capacitacion-para-reforzar-politica-de-cero-tolerancia\/","name":"Docentes de Campus Tijuana reciben capacitaci\u00f3n para reforzar pol\u00edtica de Cero Tolerancia - CETYS","isPartOf":{"@id":"https:\/\/www.cetys.mx\/noticias\/#website"},"primaryImageOfPage":{"@id":"https:\/\/www.cetys.mx\/noticias\/docentes-de-campus-tijuana-reciben-capacitacion-para-reforzar-politica-de-cero-tolerancia\/#primaryimage"},"image":{"@id":"https:\/\/www.cetys.mx\/noticias\/docentes-de-campus-tijuana-reciben-capacitacion-para-reforzar-politica-de-cero-tolerancia\/#primaryimage"},"thumbnailUrl":"https:\/\/www.cetys.mx\/noticias\/wp-content\/uploads\/2023\/02\/docentes-taller-de-atencion-campus-seguro-03.png","datePublished":"2023-02-03T21:07:11+00:00","author":{"@id":"https:\/\/www.cetys.mx\/noticias\/#\/schema\/person\/e790051ce60e18ae47cfa87011c8653f"},"description":"Articulo sobre Docentes de Campus Tijuana reciben capacitaci\u00f3n para reforzar pol\u00edtica de Cero Tolerancia","breadcrumb":{"@id":"https:\/\/www.cetys.mx\/noticias\/docentes-de-campus-tijuana-reciben-capacitacion-para-reforzar-politica-de-cero-tolerancia\/#breadcrumb"},"inLanguage":"es","potentialAction":[{"@type":"ReadAction","target":["https:\/\/www.cetys.mx\/noticias\/docentes-de-campus-tijuana-reciben-capacitacion-para-reforzar-politica-de-cero-tolerancia\/"]}]},{"@type":"ImageObject","inLanguage":"es","@id":"https:\/\/www.cetys.mx\/noticias\/docentes-de-campus-tijuana-reciben-capacitacion-para-reforzar-politica-de-cero-tolerancia\/#primaryimage","url":"https:\/\/www.cetys.mx\/noticias\/wp-content\/uploads\/2023\/02\/docentes-taller-de-atencion-campus-seguro-03.png","contentUrl":"https:\/\/www.cetys.mx\/noticias\/wp-content\/uploads\/2023\/02\/docentes-taller-de-atencion-campus-seguro-03.png","width":958,"height":637},{"@type":"BreadcrumbList","@id":"https:\/\/www.cetys.mx\/noticias\/docentes-de-campus-tijuana-reciben-capacitacion-para-reforzar-politica-de-cero-tolerancia\/#breadcrumb","itemListElement":[{"@type":"ListItem","position":1,"name":"Inicio","item":"https:\/\/www.cetys.mx\/noticias\/"},{"@type":"ListItem","position":2,"name":"Docentes de Campus Tijuana reciben capacitaci\u00f3n para reforzar pol\u00edtica de Cero Tolerancia"}]},{"@type":"WebSite","@id":"https:\/\/www.cetys.mx\/noticias\/#website","url":"https:\/\/www.cetys.mx\/noticias\/","name":"CETYS","description":"","potentialAction":[{"@type":"SearchAction","target":{"@type":"EntryPoint","urlTemplate":"https:\/\/www.cetys.mx\/noticias\/?s={search_term_string}"},"query-input":{"@type":"PropertyValueSpecification","valueRequired":true,"valueName":"search_term_string"}}],"inLanguage":"es"},{"@type":"Person","@id":"https:\/\/www.cetys.mx\/noticias\/#\/schema\/person\/e790051ce60e18ae47cfa87011c8653f","name":"Campus Tijuana","url":"https:\/\/www.cetys.mx\/noticias\/author\/campustijuana\/"}]}},"_links":{"self":[{"href":"https:\/\/www.cetys.mx\/noticias\/wp-json\/wp\/v2\/posts\/170393","targetHints":{"allow":["GET"]}}],"collection":[{"href":"https:\/\/www.cetys.mx\/noticias\/wp-json\/wp\/v2\/posts"}],"about":[{"href":"https:\/\/www.cetys.mx\/noticias\/wp-json\/wp\/v2\/types\/post"}],"author":[{"embeddable":true,"href":"https:\/\/www.cetys.mx\/noticias\/wp-json\/wp\/v2\/users\/24"}],"replies":[{"embeddable":true,"href":"https:\/\/www.cetys.mx\/noticias\/wp-json\/wp\/v2\/comments?post=170393"}],"version-history":[{"count":1,"href":"https:\/\/www.cetys.mx\/noticias\/wp-json\/wp\/v2\/posts\/170393\/revisions"}],"predecessor-version":[{"id":170398,"href":"https:\/\/www.cetys.mx\/noticias\/wp-json\/wp\/v2\/posts\/170393\/revisions\/170398"}],"wp:featuredmedia":[{"embeddable":true,"href":"https:\/\/www.cetys.mx\/noticias\/wp-json\/wp\/v2\/media\/170396"}],"wp:attachment":[{"href":"https:\/\/www.cetys.mx\/noticias\/wp-json\/wp\/v2\/media?parent=170393"}],"wp:term":[{"taxonomy":"category","embeddable":true,"href":"https:\/\/www.cetys.mx\/noticias\/wp-json\/wp\/v2\/categories?post=170393"},{"taxonomy":"post_tag","embeddable":true,"href":"https:\/\/www.cetys.mx\/noticias\/wp-json\/wp\/v2\/tags?post=170393"}],"curies":[{"name":"wp","href":"https:\/\/api.w.org\/{rel}","templated":true}]}}