{"id":170389,"date":"2023-02-03T12:34:40","date_gmt":"2023-02-03T20:34:40","guid":{"rendered":"https:\/\/www.cetys.mx\/noticias\/?p=170389"},"modified":"2023-02-03T12:34:40","modified_gmt":"2023-02-03T20:34:40","slug":"la-cadena-de-valor-del-huevo-afectada-mexico-podria-resentir-mas-aumento-si-no-se-recupera-produccion-de-huevo-en-eu","status":"publish","type":"post","link":"https:\/\/www.cetys.mx\/noticias\/la-cadena-de-valor-del-huevo-afectada-mexico-podria-resentir-mas-aumento-si-no-se-recupera-produccion-de-huevo-en-eu\/","title":{"rendered":"La cadena de valor del huevo afectada, M\u00e9xico podr\u00eda resentir m\u00e1s aumento si no se recupera producci\u00f3n de huevo en EU"},"content":{"rendered":"<p><span style=\"font-weight: 400;\">La cadena de valor del huevo se ha visto seriamente afectada por la cepa de gripe aviar en aves que afect\u00f3 a Norteam\u00e9rica, con la carencia de este producto b\u00e1sico los residentes de Estados Unidos y Canad\u00e1 han encontrado precios muy altos, lo que ha provocado que exista cruce ilegal de este insumo desde la frontera entre M\u00e9xico y el vecino pa\u00eds, lo cual tiene restricciones si se hace sin las medidas pertinentes.<\/span><\/p>\n<p><span style=\"font-weight: 400;\">El <strong>Dr. Ignacio Casas Fraire<\/strong>, <em>docente e investigador de la Lic. en Log\u00edstica Internacional y la Lic. en Negocios Internacionales<\/em> de <strong>CETYS Universidad campus Tijuana<\/strong>, refiri\u00f3 que la A<\/span><i><span style=\"font-weight: 400;\">merican Egg Board<\/span><\/i><span style=\"font-weight: 400;\"> ha atribuido el aumento de los precios del huevo al brote sin precedentes de AH5N1, que tiene una tasa de mortalidad cercana al 100% entre las aves, la crisis actual supera a la de 2015, por ello se atribuyen efectos mayores, y que llega al consumidor con el incremento del 109% en precios.<\/span><\/p>\n<blockquote><p><span style=\"font-weight: 400;\">\u201cSi bien ya hay brotes en regiones de M\u00e9xico, no se ha visto un aumento en los precios tan alto como se est\u00e1 viviendo en el vecino pa\u00eds. Sin embargo, si no se recupera Estados Unidos dentro de 3 \u00f3 6 meses, la cadena de valor del huevo se ver\u00eda seriamente afectada\u201d, advirti\u00f3.<\/span><\/p><\/blockquote>\n<p><span style=\"font-weight: 400;\">El mayor exportador de huevo en el mundo, explic\u00f3, es Pa\u00edses Bajos, seguido de los Estados Unidos, mientras que M\u00e9xico no exporta huevo para consumo humano (s\u00f3lo industrial), a pesar de ser el cuarto mayor productor de huevo a nivel mundial, para consumo se destina el 99.9% al interior del pa\u00eds.<\/span><\/p>\n<blockquote><p><span style=\"font-weight: 400;\">\u201cLo que s\u00ed, M\u00e9xico es un importador de huevo, y es el principal cliente de los EUA; en 2020 M\u00e9xico le compr\u00f3 177 millones de d\u00f3lares. De seguir el desabasto en EUA, el precio en M\u00e9xico podr\u00eda tener tambi\u00e9n un incremento, todo depende del restablecimiento de los productores en EUA lo que puede tardar de 3 a 6 meses en lo que se restablecen las granjas que tuvieron que sacrificar sus aves\u201d, mencion\u00f3.<\/span><\/p><\/blockquote>\n<p><span style=\"font-weight: 400;\">La afectaci\u00f3n en la cadena de valor del huevo en M\u00e9xico por la gripe aviar AH5N1 y ha afectado a 5.6 millones de aves, aunque hasta el momento, esto no representa un impacto significativo en la capacidad de la industria para mantener el abasto de huevo en el mercado nacional seg\u00fan la Uni\u00f3n Nacional de Avicultores (UNA).<\/span><\/p>\n<p><span style=\"font-weight: 400;\">Sin embargo, el <strong>Dr. Ignacio Casas Fraire,<\/strong> alert\u00f3 que, con el sacrificio de aves en EUA puede tener una repercusi\u00f3n negativa en las exportaciones de carne y despojos comestibles de aves. M\u00e9xico es un gran importador de EUA con valor superior a los mil millones de USD.<\/span><\/p>\n<div id=\"attachment_170391\" style=\"width: 478px\" class=\"wp-caption alignleft\"><img loading=\"lazy\" decoding=\"async\" aria-describedby=\"caption-attachment-170391\" class=\"wp-image-170391\" src=\"https:\/\/www.cetys.mx\/noticias\/wp-content\/uploads\/2023\/02\/dr-ignacio-casas-fraire-logistica.png\" alt=\"\" width=\"468\" height=\"311\" srcset=\"https:\/\/www.cetys.mx\/noticias\/wp-content\/uploads\/2023\/02\/dr-ignacio-casas-fraire-logistica.png 958w, https:\/\/www.cetys.mx\/noticias\/wp-content\/uploads\/2023\/02\/dr-ignacio-casas-fraire-logistica-768x511.png 768w\" sizes=\"auto, (max-width: 468px) 100vw, 468px\" \/><p id=\"caption-attachment-170391\" class=\"wp-caption-text\">El Dr. Ignacio Casas Fraire es docente e investigador de la Licenciatura en Log\u00edstica Internacional y de Negocios Internacionales en CETYS Universidad, Campus Tijuana.<\/p><\/div>\n<p><b>EL CRUCE ILEGAL DE HUEVO EN LA FRONTERA DE M\u00c9XICO<\/b><\/p>\n<p><span style=\"font-weight: 400;\">Las reglas internas de Estados Unidos para el ingreso de huevo es para proteger la salud de personas por eso, se incauta a las personas que han intentado cruzar el alimento b\u00e1sico ilegalmente como hemos visto principalmente en Tijuana. De acuerdo con la Oficina de Aduanas y Protecci\u00f3n Fronteriza, en 11 semanas se ha intentado cruzar m\u00e1s de 2000 casos.<\/span><\/p>\n<blockquote><p><span style=\"font-weight: 400;\">\u201cPor esa raz\u00f3n la Oficina de Aduanas y Protecci\u00f3n Fronteriza emiti\u00f3 un comunicado donde le recuerda al p\u00fablico que viaja a los EUA que tenga en cuenta que est\u00e1 prohibido ingresar ciertos art\u00edculos agr\u00edcolas, como huevos crudos y aves de corral de M\u00e9xico, y que no declarar estos art\u00edculos puede dar lugar a sanciones monetarias que pueden llegar hasta los 10 mil d\u00f3lares\u201d, advirti\u00f3.<\/span><\/p><\/blockquote>\n","protected":false},"excerpt":{"rendered":"<p>La cadena de valor del huevo se ha visto seriamente afectada por la cepa de gripe aviar en aves que afect\u00f3 a&#8230;<\/p>\n","protected":false},"author":24,"featured_media":170390,"comment_status":"open","ping_status":"closed","sticky":false,"template":"","format":"standard","meta":{"footnotes":""},"categories":[134,114,125],"tags":[4319,297,1826,3168,5087],"class_list":["post-170389","post","type-post","status-publish","format-standard","has-post-thumbnail","hentry","category-campus-tijuana","category-opinion","category-portada","tag-expertocetys","tag-campus-tijuana","tag-escuela-de-administracion-y-negocios","tag-licenciatura-en-logistica-internacional","tag-licenciatura-en-negocios-internacionales"],"yoast_head":"<!-- This site is optimized with the Yoast SEO plugin v27.4 - https:\/\/yoast.com\/product\/yoast-seo-wordpress\/ -->\n<title>M\u00e9xico podr\u00eda resentir m\u00e1s aumento en huevo si no se recupera producci\u00f3n en EU<\/title>\n<meta name=\"description\" content=\"Experto CETYS recuerda que la sanci\u00f3n por cruzar huevo de M\u00e9xico a Estados Unidos, sin declarar, podr\u00eda ser de hasta 10 mil d\u00f3lares.\" \/>\n<meta name=\"robots\" content=\"index, follow, max-snippet:-1, max-image-preview:large, max-video-preview:-1\" \/>\n<link rel=\"canonical\" href=\"https:\/\/www.cetys.mx\/noticias\/la-cadena-de-valor-del-huevo-afectada-mexico-podria-resentir-mas-aumento-si-no-se-recupera-produccion-de-huevo-en-eu\/\" \/>\n<meta property=\"og:locale\" content=\"es_MX\" \/>\n<meta property=\"og:type\" content=\"article\" \/>\n<meta property=\"og:title\" content=\"M\u00e9xico podr\u00eda resentir m\u00e1s aumento en huevo si no se recupera producci\u00f3n en EU\" \/>\n<meta property=\"og:description\" content=\"Experto CETYS recuerda que la sanci\u00f3n por cruzar huevo de M\u00e9xico a Estados Unidos, sin declarar, podr\u00eda ser de hasta 10 mil d\u00f3lares.\" \/>\n<meta property=\"og:url\" content=\"https:\/\/www.cetys.mx\/noticias\/la-cadena-de-valor-del-huevo-afectada-mexico-podria-resentir-mas-aumento-si-no-se-recupera-produccion-de-huevo-en-eu\/\" \/>\n<meta property=\"og:site_name\" content=\"CETYS\" \/>\n<meta property=\"article:publisher\" content=\"https:\/\/www.facebook.com\/cetysuniversidadmxl\/\" \/>\n<meta property=\"article:published_time\" content=\"2023-02-03T20:34:40+00:00\" \/>\n<meta property=\"og:image\" content=\"https:\/\/www.cetys.mx\/noticias\/wp-content\/uploads\/2023\/02\/huevo-caro-e1675456056190.png\" \/>\n\t<meta property=\"og:image:width\" content=\"958\" \/>\n\t<meta property=\"og:image:height\" content=\"637\" \/>\n\t<meta property=\"og:image:type\" content=\"image\/png\" \/>\n<meta name=\"author\" content=\"Campus Tijuana\" \/>\n<meta name=\"twitter:card\" content=\"summary_large_image\" \/>\n<meta name=\"twitter:creator\" content=\"@cetysuni\" \/>\n<meta name=\"twitter:site\" content=\"@cetysuni\" \/>\n<meta name=\"twitter:label1\" content=\"Escrito por\" \/>\n\t<meta name=\"twitter:data1\" content=\"Campus Tijuana\" \/>\n\t<meta name=\"twitter:label2\" content=\"Tiempo de lectura\" \/>\n\t<meta name=\"twitter:data2\" content=\"3 minutos\" \/>\n<script type=\"application\/ld+json\" class=\"yoast-schema-graph\">{\"@context\":\"https:\\\/\\\/schema.org\",\"@graph\":[{\"@type\":\"Article\",\"@id\":\"https:\\\/\\\/www.cetys.mx\\\/noticias\\\/la-cadena-de-valor-del-huevo-afectada-mexico-podria-resentir-mas-aumento-si-no-se-recupera-produccion-de-huevo-en-eu\\\/#article\",\"isPartOf\":{\"@id\":\"https:\\\/\\\/www.cetys.mx\\\/noticias\\\/la-cadena-de-valor-del-huevo-afectada-mexico-podria-resentir-mas-aumento-si-no-se-recupera-produccion-de-huevo-en-eu\\\/\"},\"author\":{\"name\":\"Campus Tijuana\",\"@id\":\"https:\\\/\\\/www.cetys.mx\\\/noticias\\\/#\\\/schema\\\/person\\\/e790051ce60e18ae47cfa87011c8653f\"},\"headline\":\"La cadena de valor del huevo afectada, M\u00e9xico podr\u00eda resentir m\u00e1s aumento si no se recupera producci\u00f3n de huevo en EU\",\"datePublished\":\"2023-02-03T20:34:40+00:00\",\"mainEntityOfPage\":{\"@id\":\"https:\\\/\\\/www.cetys.mx\\\/noticias\\\/la-cadena-de-valor-del-huevo-afectada-mexico-podria-resentir-mas-aumento-si-no-se-recupera-produccion-de-huevo-en-eu\\\/\"},\"wordCount\":653,\"commentCount\":0,\"image\":{\"@id\":\"https:\\\/\\\/www.cetys.mx\\\/noticias\\\/la-cadena-de-valor-del-huevo-afectada-mexico-podria-resentir-mas-aumento-si-no-se-recupera-produccion-de-huevo-en-eu\\\/#primaryimage\"},\"thumbnailUrl\":\"https:\\\/\\\/www.cetys.mx\\\/noticias\\\/wp-content\\\/uploads\\\/2023\\\/02\\\/huevo-caro-e1675456056190.png\",\"keywords\":[\"#ExpertoCETYS\",\"Campus Tijuana\",\"Escuela de Administraci\u00f3n y Negocios\",\"Licenciatura en Log\u00edstica Internacional\",\"Licenciatura en Negocios Internacionales\"],\"articleSection\":[\"Campus Tijuana\",\"Opini\u00f3n\",\"Portada\"],\"inLanguage\":\"es\",\"potentialAction\":[{\"@type\":\"CommentAction\",\"name\":\"Comment\",\"target\":[\"https:\\\/\\\/www.cetys.mx\\\/noticias\\\/la-cadena-de-valor-del-huevo-afectada-mexico-podria-resentir-mas-aumento-si-no-se-recupera-produccion-de-huevo-en-eu\\\/#respond\"]}]},{\"@type\":\"WebPage\",\"@id\":\"https:\\\/\\\/www.cetys.mx\\\/noticias\\\/la-cadena-de-valor-del-huevo-afectada-mexico-podria-resentir-mas-aumento-si-no-se-recupera-produccion-de-huevo-en-eu\\\/\",\"url\":\"https:\\\/\\\/www.cetys.mx\\\/noticias\\\/la-cadena-de-valor-del-huevo-afectada-mexico-podria-resentir-mas-aumento-si-no-se-recupera-produccion-de-huevo-en-eu\\\/\",\"name\":\"M\u00e9xico podr\u00eda resentir m\u00e1s aumento en huevo si no se recupera producci\u00f3n en EU\",\"isPartOf\":{\"@id\":\"https:\\\/\\\/www.cetys.mx\\\/noticias\\\/#website\"},\"primaryImageOfPage\":{\"@id\":\"https:\\\/\\\/www.cetys.mx\\\/noticias\\\/la-cadena-de-valor-del-huevo-afectada-mexico-podria-resentir-mas-aumento-si-no-se-recupera-produccion-de-huevo-en-eu\\\/#primaryimage\"},\"image\":{\"@id\":\"https:\\\/\\\/www.cetys.mx\\\/noticias\\\/la-cadena-de-valor-del-huevo-afectada-mexico-podria-resentir-mas-aumento-si-no-se-recupera-produccion-de-huevo-en-eu\\\/#primaryimage\"},\"thumbnailUrl\":\"https:\\\/\\\/www.cetys.mx\\\/noticias\\\/wp-content\\\/uploads\\\/2023\\\/02\\\/huevo-caro-e1675456056190.png\",\"datePublished\":\"2023-02-03T20:34:40+00:00\",\"author\":{\"@id\":\"https:\\\/\\\/www.cetys.mx\\\/noticias\\\/#\\\/schema\\\/person\\\/e790051ce60e18ae47cfa87011c8653f\"},\"description\":\"Experto CETYS recuerda que la sanci\u00f3n por cruzar huevo de M\u00e9xico a Estados Unidos, sin declarar, podr\u00eda ser de hasta 10 mil d\u00f3lares.\",\"breadcrumb\":{\"@id\":\"https:\\\/\\\/www.cetys.mx\\\/noticias\\\/la-cadena-de-valor-del-huevo-afectada-mexico-podria-resentir-mas-aumento-si-no-se-recupera-produccion-de-huevo-en-eu\\\/#breadcrumb\"},\"inLanguage\":\"es\",\"potentialAction\":[{\"@type\":\"ReadAction\",\"target\":[\"https:\\\/\\\/www.cetys.mx\\\/noticias\\\/la-cadena-de-valor-del-huevo-afectada-mexico-podria-resentir-mas-aumento-si-no-se-recupera-produccion-de-huevo-en-eu\\\/\"]}]},{\"@type\":\"ImageObject\",\"inLanguage\":\"es\",\"@id\":\"https:\\\/\\\/www.cetys.mx\\\/noticias\\\/la-cadena-de-valor-del-huevo-afectada-mexico-podria-resentir-mas-aumento-si-no-se-recupera-produccion-de-huevo-en-eu\\\/#primaryimage\",\"url\":\"https:\\\/\\\/www.cetys.mx\\\/noticias\\\/wp-content\\\/uploads\\\/2023\\\/02\\\/huevo-caro-e1675456056190.png\",\"contentUrl\":\"https:\\\/\\\/www.cetys.mx\\\/noticias\\\/wp-content\\\/uploads\\\/2023\\\/02\\\/huevo-caro-e1675456056190.png\",\"width\":958,\"height\":637},{\"@type\":\"BreadcrumbList\",\"@id\":\"https:\\\/\\\/www.cetys.mx\\\/noticias\\\/la-cadena-de-valor-del-huevo-afectada-mexico-podria-resentir-mas-aumento-si-no-se-recupera-produccion-de-huevo-en-eu\\\/#breadcrumb\",\"itemListElement\":[{\"@type\":\"ListItem\",\"position\":1,\"name\":\"Inicio\",\"item\":\"https:\\\/\\\/www.cetys.mx\\\/noticias\\\/\"},{\"@type\":\"ListItem\",\"position\":2,\"name\":\"La cadena de valor del huevo afectada, M\u00e9xico podr\u00eda resentir m\u00e1s aumento si no se recupera producci\u00f3n de huevo en EU\"}]},{\"@type\":\"WebSite\",\"@id\":\"https:\\\/\\\/www.cetys.mx\\\/noticias\\\/#website\",\"url\":\"https:\\\/\\\/www.cetys.mx\\\/noticias\\\/\",\"name\":\"CETYS\",\"description\":\"\",\"potentialAction\":[{\"@type\":\"SearchAction\",\"target\":{\"@type\":\"EntryPoint\",\"urlTemplate\":\"https:\\\/\\\/www.cetys.mx\\\/noticias\\\/?s={search_term_string}\"},\"query-input\":{\"@type\":\"PropertyValueSpecification\",\"valueRequired\":true,\"valueName\":\"search_term_string\"}}],\"inLanguage\":\"es\"},{\"@type\":\"Person\",\"@id\":\"https:\\\/\\\/www.cetys.mx\\\/noticias\\\/#\\\/schema\\\/person\\\/e790051ce60e18ae47cfa87011c8653f\",\"name\":\"Campus Tijuana\",\"url\":\"https:\\\/\\\/www.cetys.mx\\\/noticias\\\/author\\\/campustijuana\\\/\"}]}<\/script>\n<!-- \/ Yoast SEO plugin. -->","yoast_head_json":{"title":"M\u00e9xico podr\u00eda resentir m\u00e1s aumento en huevo si no se recupera producci\u00f3n en EU","description":"Experto CETYS recuerda que la sanci\u00f3n por cruzar huevo de M\u00e9xico a Estados Unidos, sin declarar, podr\u00eda ser de hasta 10 mil d\u00f3lares.","robots":{"index":"index","follow":"follow","max-snippet":"max-snippet:-1","max-image-preview":"max-image-preview:large","max-video-preview":"max-video-preview:-1"},"canonical":"https:\/\/www.cetys.mx\/noticias\/la-cadena-de-valor-del-huevo-afectada-mexico-podria-resentir-mas-aumento-si-no-se-recupera-produccion-de-huevo-en-eu\/","og_locale":"es_MX","og_type":"article","og_title":"M\u00e9xico podr\u00eda resentir m\u00e1s aumento en huevo si no se recupera producci\u00f3n en EU","og_description":"Experto CETYS recuerda que la sanci\u00f3n por cruzar huevo de M\u00e9xico a Estados Unidos, sin declarar, podr\u00eda ser de hasta 10 mil d\u00f3lares.","og_url":"https:\/\/www.cetys.mx\/noticias\/la-cadena-de-valor-del-huevo-afectada-mexico-podria-resentir-mas-aumento-si-no-se-recupera-produccion-de-huevo-en-eu\/","og_site_name":"CETYS","article_publisher":"https:\/\/www.facebook.com\/cetysuniversidadmxl\/","article_published_time":"2023-02-03T20:34:40+00:00","og_image":[{"width":958,"height":637,"url":"https:\/\/www.cetys.mx\/noticias\/wp-content\/uploads\/2023\/02\/huevo-caro-e1675456056190.png","type":"image\/png"}],"author":"Campus Tijuana","twitter_card":"summary_large_image","twitter_creator":"@cetysuni","twitter_site":"@cetysuni","twitter_misc":{"Escrito por":"Campus Tijuana","Tiempo de lectura":"3 minutos"},"schema":{"@context":"https:\/\/schema.org","@graph":[{"@type":"Article","@id":"https:\/\/www.cetys.mx\/noticias\/la-cadena-de-valor-del-huevo-afectada-mexico-podria-resentir-mas-aumento-si-no-se-recupera-produccion-de-huevo-en-eu\/#article","isPartOf":{"@id":"https:\/\/www.cetys.mx\/noticias\/la-cadena-de-valor-del-huevo-afectada-mexico-podria-resentir-mas-aumento-si-no-se-recupera-produccion-de-huevo-en-eu\/"},"author":{"name":"Campus Tijuana","@id":"https:\/\/www.cetys.mx\/noticias\/#\/schema\/person\/e790051ce60e18ae47cfa87011c8653f"},"headline":"La cadena de valor del huevo afectada, M\u00e9xico podr\u00eda resentir m\u00e1s aumento si no se recupera producci\u00f3n de huevo en EU","datePublished":"2023-02-03T20:34:40+00:00","mainEntityOfPage":{"@id":"https:\/\/www.cetys.mx\/noticias\/la-cadena-de-valor-del-huevo-afectada-mexico-podria-resentir-mas-aumento-si-no-se-recupera-produccion-de-huevo-en-eu\/"},"wordCount":653,"commentCount":0,"image":{"@id":"https:\/\/www.cetys.mx\/noticias\/la-cadena-de-valor-del-huevo-afectada-mexico-podria-resentir-mas-aumento-si-no-se-recupera-produccion-de-huevo-en-eu\/#primaryimage"},"thumbnailUrl":"https:\/\/www.cetys.mx\/noticias\/wp-content\/uploads\/2023\/02\/huevo-caro-e1675456056190.png","keywords":["#ExpertoCETYS","Campus Tijuana","Escuela de Administraci\u00f3n y Negocios","Licenciatura en Log\u00edstica Internacional","Licenciatura en Negocios Internacionales"],"articleSection":["Campus Tijuana","Opini\u00f3n","Portada"],"inLanguage":"es","potentialAction":[{"@type":"CommentAction","name":"Comment","target":["https:\/\/www.cetys.mx\/noticias\/la-cadena-de-valor-del-huevo-afectada-mexico-podria-resentir-mas-aumento-si-no-se-recupera-produccion-de-huevo-en-eu\/#respond"]}]},{"@type":"WebPage","@id":"https:\/\/www.cetys.mx\/noticias\/la-cadena-de-valor-del-huevo-afectada-mexico-podria-resentir-mas-aumento-si-no-se-recupera-produccion-de-huevo-en-eu\/","url":"https:\/\/www.cetys.mx\/noticias\/la-cadena-de-valor-del-huevo-afectada-mexico-podria-resentir-mas-aumento-si-no-se-recupera-produccion-de-huevo-en-eu\/","name":"M\u00e9xico podr\u00eda resentir m\u00e1s aumento en huevo si no se recupera producci\u00f3n en EU","isPartOf":{"@id":"https:\/\/www.cetys.mx\/noticias\/#website"},"primaryImageOfPage":{"@id":"https:\/\/www.cetys.mx\/noticias\/la-cadena-de-valor-del-huevo-afectada-mexico-podria-resentir-mas-aumento-si-no-se-recupera-produccion-de-huevo-en-eu\/#primaryimage"},"image":{"@id":"https:\/\/www.cetys.mx\/noticias\/la-cadena-de-valor-del-huevo-afectada-mexico-podria-resentir-mas-aumento-si-no-se-recupera-produccion-de-huevo-en-eu\/#primaryimage"},"thumbnailUrl":"https:\/\/www.cetys.mx\/noticias\/wp-content\/uploads\/2023\/02\/huevo-caro-e1675456056190.png","datePublished":"2023-02-03T20:34:40+00:00","author":{"@id":"https:\/\/www.cetys.mx\/noticias\/#\/schema\/person\/e790051ce60e18ae47cfa87011c8653f"},"description":"Experto CETYS recuerda que la sanci\u00f3n por cruzar huevo de M\u00e9xico a Estados Unidos, sin declarar, podr\u00eda ser de hasta 10 mil d\u00f3lares.","breadcrumb":{"@id":"https:\/\/www.cetys.mx\/noticias\/la-cadena-de-valor-del-huevo-afectada-mexico-podria-resentir-mas-aumento-si-no-se-recupera-produccion-de-huevo-en-eu\/#breadcrumb"},"inLanguage":"es","potentialAction":[{"@type":"ReadAction","target":["https:\/\/www.cetys.mx\/noticias\/la-cadena-de-valor-del-huevo-afectada-mexico-podria-resentir-mas-aumento-si-no-se-recupera-produccion-de-huevo-en-eu\/"]}]},{"@type":"ImageObject","inLanguage":"es","@id":"https:\/\/www.cetys.mx\/noticias\/la-cadena-de-valor-del-huevo-afectada-mexico-podria-resentir-mas-aumento-si-no-se-recupera-produccion-de-huevo-en-eu\/#primaryimage","url":"https:\/\/www.cetys.mx\/noticias\/wp-content\/uploads\/2023\/02\/huevo-caro-e1675456056190.png","contentUrl":"https:\/\/www.cetys.mx\/noticias\/wp-content\/uploads\/2023\/02\/huevo-caro-e1675456056190.png","width":958,"height":637},{"@type":"BreadcrumbList","@id":"https:\/\/www.cetys.mx\/noticias\/la-cadena-de-valor-del-huevo-afectada-mexico-podria-resentir-mas-aumento-si-no-se-recupera-produccion-de-huevo-en-eu\/#breadcrumb","itemListElement":[{"@type":"ListItem","position":1,"name":"Inicio","item":"https:\/\/www.cetys.mx\/noticias\/"},{"@type":"ListItem","position":2,"name":"La cadena de valor del huevo afectada, M\u00e9xico podr\u00eda resentir m\u00e1s aumento si no se recupera producci\u00f3n de huevo en EU"}]},{"@type":"WebSite","@id":"https:\/\/www.cetys.mx\/noticias\/#website","url":"https:\/\/www.cetys.mx\/noticias\/","name":"CETYS","description":"","potentialAction":[{"@type":"SearchAction","target":{"@type":"EntryPoint","urlTemplate":"https:\/\/www.cetys.mx\/noticias\/?s={search_term_string}"},"query-input":{"@type":"PropertyValueSpecification","valueRequired":true,"valueName":"search_term_string"}}],"inLanguage":"es"},{"@type":"Person","@id":"https:\/\/www.cetys.mx\/noticias\/#\/schema\/person\/e790051ce60e18ae47cfa87011c8653f","name":"Campus Tijuana","url":"https:\/\/www.cetys.mx\/noticias\/author\/campustijuana\/"}]}},"_links":{"self":[{"href":"https:\/\/www.cetys.mx\/noticias\/wp-json\/wp\/v2\/posts\/170389","targetHints":{"allow":["GET"]}}],"collection":[{"href":"https:\/\/www.cetys.mx\/noticias\/wp-json\/wp\/v2\/posts"}],"about":[{"href":"https:\/\/www.cetys.mx\/noticias\/wp-json\/wp\/v2\/types\/post"}],"author":[{"embeddable":true,"href":"https:\/\/www.cetys.mx\/noticias\/wp-json\/wp\/v2\/users\/24"}],"replies":[{"embeddable":true,"href":"https:\/\/www.cetys.mx\/noticias\/wp-json\/wp\/v2\/comments?post=170389"}],"version-history":[{"count":1,"href":"https:\/\/www.cetys.mx\/noticias\/wp-json\/wp\/v2\/posts\/170389\/revisions"}],"predecessor-version":[{"id":170392,"href":"https:\/\/www.cetys.mx\/noticias\/wp-json\/wp\/v2\/posts\/170389\/revisions\/170392"}],"wp:featuredmedia":[{"embeddable":true,"href":"https:\/\/www.cetys.mx\/noticias\/wp-json\/wp\/v2\/media\/170390"}],"wp:attachment":[{"href":"https:\/\/www.cetys.mx\/noticias\/wp-json\/wp\/v2\/media?parent=170389"}],"wp:term":[{"taxonomy":"category","embeddable":true,"href":"https:\/\/www.cetys.mx\/noticias\/wp-json\/wp\/v2\/categories?post=170389"},{"taxonomy":"post_tag","embeddable":true,"href":"https:\/\/www.cetys.mx\/noticias\/wp-json\/wp\/v2\/tags?post=170389"}],"curies":[{"name":"wp","href":"https:\/\/api.w.org\/{rel}","templated":true}]}}