{"id":170149,"date":"2023-01-23T16:01:13","date_gmt":"2023-01-24T00:01:13","guid":{"rendered":"https:\/\/www.cetys.mx\/noticias\/?p=170149"},"modified":"2023-01-25T16:10:21","modified_gmt":"2023-01-26T00:10:21","slug":"reflexionan-docentes-sobre-nuevos-escenarios-de-aprendizaje","status":"publish","type":"post","link":"https:\/\/www.cetys.mx\/noticias\/reflexionan-docentes-sobre-nuevos-escenarios-de-aprendizaje\/","title":{"rendered":"Reflexionan docentes sobre nuevos escenarios de aprendizaje\u00a0"},"content":{"rendered":"<p><span style=\"font-weight: 400;\">Con el objetivo de aprender sobre los retos a los que se enfrentan los docentes ante el aprendizaje de las nuevas generaciones, CETYS Universidad organiz\u00f3 el panel <strong>\u201cTransformaci\u00f3n de los escenarios de aprendizaje: nuevas audiencias\u201d<\/strong> realizado en el marco de la Semana de formaci\u00f3n docente &#8220;Hacia la transformaci\u00f3n\u00a0 de la experiencia educativa&#8221;.<\/span><\/p>\n<p><span style=\"font-weight: 400;\">El panel cont\u00f3 con la\u00a0 participaci\u00f3n de la <strong>Dra. Patricia Rosas Ch\u00e1vez<\/strong>, <\/span><span style=\"font-weight: 400;\">Directora del Instituto Transdisciplinar en Literacidad de la Universidad de Guadalajara; <\/span><strong>Mtra. Nadia Mireles Torres, <\/strong><span style=\"font-weight: 400;\">\u00a0Directora de la Plataforma Abierta de Innovaci\u00f3n (PLAi); e <\/span><span style=\"font-weight: 400;\"><strong>Ing. Humberto Ravest<\/strong>, account manager para Clarivate Chile, quienes abordaron c\u00f3mo son los nuevos estudiantes, cu\u00e1les habilidades deben tener en el siglo XXI y los nuevos escenarios en donde se entrelazan contextos y habilidades, y en el que\u00a0 las plataformas digitales se convierten en una manera de comunicaci\u00f3n oportuna y de gran alcance.\u00a0<\/span><\/p>\n<p><span style=\"font-weight: 400;\">La moderaci\u00f3n del panel estuvo a cargo de la <strong>Dra. Gabriela Navarro Esp\u00edritu<\/strong>, Coordinadora del e-campus de CETYS Universidad\u00a0 y el <strong>Dr. Jes\u00fas Lau Noriega, C\u00e1tedra Distinguida PIMSA-CETYS.\u00a0<\/strong><\/span><\/p>\n<blockquote><p><span style=\"font-weight: 400;\">\u201cVivimos en un contexto en donde todo es desechable, inmediato y provisional a cualquier costo y con las redes sociales aumentan las expectativas y las frustraciones, adem\u00e1s de que son las que se\u00f1alan lo que importa e imperan narrativas como la falta de educaci\u00f3n, todo este contexto le afecta al estudiante actual que no es capaz de sostener la atenci\u00f3n por tiempo prolongado\u201d, se\u00f1al\u00f3 la Dra. Patricia Rosas.<\/span><\/p><\/blockquote>\n<div class=\"gallery-slider-wrapper gallery-1\">\n                        <div class=\"gallery-slider\" itemscope itemtype=\"http:\/\/schema.org\/ImageGallery\"><figure class=\"slide\" itemprop=\"associatedMedia\" itemscope itemtype=\"http:\/\/schema.org\/ImageObject\">\n                    <a itemprop=\"contentUrl\" href=\"https:\/\/www.cetys.mx\/noticias\/wp-content\/uploads\/2023\/01\/1.png\">\n                        <img decoding=\"async\" itemprop=\"thumbnail\" class=\"lazyOwl\" src=\"https:\/\/www.cetys.mx\/noticias\/wp-content\/plugins\/jmagz-plugin\/assets\/placeholder\/900x450.png\" data-src=\"https:\/\/www.cetys.mx\/noticias\/wp-content\/uploads\/2023\/01\/1.png\" alt=\"\">\n                    <\/a>\n                    <figcaption itemprop=\"caption description\" class=\"slide-caption\">\n                        \n                    <\/figcaption>\n                <\/figure><figure class=\"slide\" itemprop=\"associatedMedia\" itemscope itemtype=\"http:\/\/schema.org\/ImageObject\">\n                    <a itemprop=\"contentUrl\" href=\"https:\/\/www.cetys.mx\/noticias\/wp-content\/uploads\/2023\/01\/2.png\">\n                        <img decoding=\"async\" itemprop=\"thumbnail\" class=\"lazyOwl\" src=\"https:\/\/www.cetys.mx\/noticias\/wp-content\/plugins\/jmagz-plugin\/assets\/placeholder\/900x450.png\" data-src=\"https:\/\/www.cetys.mx\/noticias\/wp-content\/uploads\/2023\/01\/2.png\" alt=\"\">\n                    <\/a>\n                    <figcaption itemprop=\"caption description\" class=\"slide-caption\">\n                        \n                    <\/figcaption>\n                <\/figure><figure class=\"slide\" itemprop=\"associatedMedia\" itemscope itemtype=\"http:\/\/schema.org\/ImageObject\">\n                    <a itemprop=\"contentUrl\" href=\"https:\/\/www.cetys.mx\/noticias\/wp-content\/uploads\/2023\/01\/3.png\">\n                        <img decoding=\"async\" itemprop=\"thumbnail\" class=\"lazyOwl\" src=\"https:\/\/www.cetys.mx\/noticias\/wp-content\/plugins\/jmagz-plugin\/assets\/placeholder\/900x450.png\" data-src=\"https:\/\/www.cetys.mx\/noticias\/wp-content\/uploads\/2023\/01\/3.png\" alt=\"\">\n                    <\/a>\n                    <figcaption itemprop=\"caption description\" class=\"slide-caption\">\n                        \n                    <\/figcaption>\n                <\/figure><figure class=\"slide\" itemprop=\"associatedMedia\" itemscope itemtype=\"http:\/\/schema.org\/ImageObject\">\n                    <a itemprop=\"contentUrl\" href=\"https:\/\/www.cetys.mx\/noticias\/wp-content\/uploads\/2023\/01\/4.png\">\n                        <img decoding=\"async\" itemprop=\"thumbnail\" class=\"lazyOwl\" src=\"https:\/\/www.cetys.mx\/noticias\/wp-content\/plugins\/jmagz-plugin\/assets\/placeholder\/900x450.png\" data-src=\"https:\/\/www.cetys.mx\/noticias\/wp-content\/uploads\/2023\/01\/4.png\" alt=\"\">\n                    <\/a>\n                    <figcaption itemprop=\"caption description\" class=\"slide-caption\">\n                        \n                    <\/figcaption>\n                <\/figure><figure class=\"slide\" itemprop=\"associatedMedia\" itemscope itemtype=\"http:\/\/schema.org\/ImageObject\">\n                    <a itemprop=\"contentUrl\" href=\"https:\/\/www.cetys.mx\/noticias\/wp-content\/uploads\/2023\/01\/5.png\">\n                        <img decoding=\"async\" itemprop=\"thumbnail\" class=\"lazyOwl\" src=\"https:\/\/www.cetys.mx\/noticias\/wp-content\/plugins\/jmagz-plugin\/assets\/placeholder\/900x450.png\" data-src=\"https:\/\/www.cetys.mx\/noticias\/wp-content\/uploads\/2023\/01\/5.png\" alt=\"\">\n                    <\/a>\n                    <figcaption itemprop=\"caption description\" class=\"slide-caption\">\n                        \n                    <\/figcaption>\n                <\/figure><\/div>\n                <div class=\"gallery-slider-thumbnail-wrapper\">\n                    <div class=\"gallery-slider-thumbnail\"><div class=\"slide-thumbnail\"><img decoding=\"async\" class=\"lazyOwl\" src=\"https:\/\/www.cetys.mx\/noticias\/wp-content\/plugins\/jmagz-plugin\/assets\/placeholder\/150x75.png\" data-src=\"https:\/\/www.cetys.mx\/noticias\/wp-content\/uploads\/2023\/01\/1.png\" alt=\"\"><\/div><div class=\"slide-thumbnail\"><img decoding=\"async\" class=\"lazyOwl\" src=\"https:\/\/www.cetys.mx\/noticias\/wp-content\/plugins\/jmagz-plugin\/assets\/placeholder\/150x75.png\" data-src=\"https:\/\/www.cetys.mx\/noticias\/wp-content\/uploads\/2023\/01\/2.png\" alt=\"\"><\/div><div class=\"slide-thumbnail\"><img decoding=\"async\" class=\"lazyOwl\" src=\"https:\/\/www.cetys.mx\/noticias\/wp-content\/plugins\/jmagz-plugin\/assets\/placeholder\/150x75.png\" data-src=\"https:\/\/www.cetys.mx\/noticias\/wp-content\/uploads\/2023\/01\/3.png\" alt=\"\"><\/div><div class=\"slide-thumbnail\"><img decoding=\"async\" class=\"lazyOwl\" src=\"https:\/\/www.cetys.mx\/noticias\/wp-content\/plugins\/jmagz-plugin\/assets\/placeholder\/150x75.png\" data-src=\"https:\/\/www.cetys.mx\/noticias\/wp-content\/uploads\/2023\/01\/4.png\" alt=\"\"><\/div><div class=\"slide-thumbnail\"><img decoding=\"async\" class=\"lazyOwl\" src=\"https:\/\/www.cetys.mx\/noticias\/wp-content\/plugins\/jmagz-plugin\/assets\/placeholder\/150x75.png\" data-src=\"https:\/\/www.cetys.mx\/noticias\/wp-content\/uploads\/2023\/01\/5.png\" alt=\"\"><\/div><\/div><\/div><\/div>\n<p><span style=\"font-weight: 400;\">Por su parte, la Mtra. Nadia Mireles, se\u00f1al\u00f3 que el aprendizaje es adaptativo y en la actualidad tenemos un acceso al conocimiento como nunca antes, pero es necesario hacer una evaluaci\u00f3n de calidad y verificar los datos que se comparten en las plataformas.\u00a0 En cuanto a las redes sociales, algunas han demostrado que se han generado contenidos r\u00e1pidos y creativos, creados por universidades y profesores para llegar a las nuevas audiencias, pues se sabe que el tiempo de captaci\u00f3n de atenci\u00f3n cada vez es menor.\u00a0<\/span><\/p>\n<p><span style=\"font-weight: 400;\">Por su parte, el Ing. Humberto Ravest, habl\u00f3 de que los estudiantes actualmente\u00a0 deben experimentar el uso de nuevas plataformas, tanto para investigar como para presentar la informaci\u00f3n, asimismo se\u00f1al\u00f3 que hay un conflicto de lenguaje e interacci\u00f3n porque los docentes son de una generaci\u00f3n y los estudiantes de otra, ocasionando un desfase.\u00a0<\/span><\/p>\n<p><span style=\"font-weight: 400;\">Ante este contexto, los panelistas <\/span><span style=\"font-weight: 400;\">recomendaron a los docentes mostrarse abiertos y flexibles para aprender de las nuevas generaciones y en el uso de las tecnolog\u00edas, ya que es imposible<\/span><span style=\"font-weight: 400;\"> imposible rechazar el uso de las tecnolog\u00edas en las nuevas formas de aprendizaje.\u00a0<\/span><\/p>\n<p><span style=\"font-weight: 400;\">Adem\u00e1s hay que propiciar la motivaci\u00f3n acad\u00e9mica, es decir, buscar cu\u00e1l es el aut\u00e9ntico inter\u00e9s que los estudiantes tienen en las tem\u00e1ticas de estudio, conocerlos y saber por qu\u00e9 est\u00e1n estudiando esa carrera y con dicha informaci\u00f3n adaptar su contexto a\u00a0 nuestra ense\u00f1anza, creando escenarios cercanos a nuestros estudiantes, esto implica saber vincular el contenido de cada asignatura con el curr\u00edculum general de la carrera y propiciar el trabajo colaborativo con otros docentes para hacer un impacto m\u00e1s amplio.\u00a0<\/span><\/p>\n<p><span style=\"font-weight: 400;\">Finalmente, se debe escuchar a los estudiantes, hoy en d\u00eda ellos saben m\u00e1s de las aplicaciones digitales y es labor del docente hacer que el alumno lleve esa tecnolog\u00eda al conocimiento, pero tambi\u00e9n impartir el conocimiento en las nuevas tecnolog\u00edas.\u00a0<\/span><\/p>\n<hr \/>\n<p><b>Sobre los panelistas:\u00a0<\/b><\/p>\n<p><span style=\"font-weight: 400;\">*Dra. Patricia Rosas Ch\u00e1vez (Guadalajara, M\u00e9xico), <\/span><span style=\"font-weight: 400;\">obtuvo el grado de doctora en \u201cCiudad, Territorio y Sustentabilidad en el Centro Universitario de Arte, Arquitectura y Dise\u00f1o (CUAAD) de la Universidad de Guadalajara y la maestr\u00eda en Pol\u00edticas P\u00fablicas por el Instituto Tecnol\u00f3gico Aut\u00f3nomo de M\u00e9xico (ITAM). Es miembro del Sistema Nacional de Investigadores.\u00a0<\/span><\/p>\n<p><span style=\"font-weight: 400;\">*Mtra. Nadia Mireles Torres (Zapopan, M\u00e9xico), <\/span><span style=\"font-weight: 400;\">cuenta con licenciatura en Negocios Internacionales por la Universidad de Guadalajara, y con doble grado de Maestr\u00eda en E-learning por la Universidad de Guadalajara y la Universidad Abierta de Catalu\u00f1a. Actualmente funge como Directora de la Plataforma Abierta de Innovaci\u00f3n de la Secretar\u00eda de Innovaci\u00f3n, Ciencia y Tecnolog\u00eda de Jalisco.\u00a0<\/span><\/p>\n<p><span style=\"font-weight: 400;\">*Ing. Humberto Ravest es account manager para Clarivate Chile, Ingeniero civil electr\u00f3nico de la universidad T\u00e9cnica Federico Santa Mar\u00eda en Valpara\u00edso, quien\u00a0 brinda <\/span><span style=\"font-weight: 400;\">Consultor\u00eda a instituciones de educaci\u00f3n superior y empresas en temas como Gesti\u00f3n del conocimiento y visibilizaci\u00f3n de la investigaci\u00f3n, Gesti\u00f3n de bibliotecas y centros de informaci\u00f3n., entre otros.\u00a0<\/span><\/p>\n<p>&nbsp;<\/p>\n","protected":false},"excerpt":{"rendered":"<p>Con el objetivo de aprender sobre los retos a los que se enfrentan los docentes ante el aprendizaje de las nuevas generaciones,&#8230;<\/p>\n","protected":false},"author":26,"featured_media":170151,"comment_status":"open","ping_status":"closed","sticky":false,"template":"","format":"standard","meta":{"footnotes":""},"categories":[110,209,125,313],"tags":[6238,398,6239],"class_list":["post-170149","post","type-post","status-publish","format-standard","has-post-thumbnail","hentry","category-academia","category-institucional","category-portada","category-vocetys-2","tag-cursos-capacitacion","tag-docentes","tag-vocetys-2023-01-25"],"yoast_head":"<!-- This site is optimized with the Yoast SEO plugin v27.4 - https:\/\/yoast.com\/product\/yoast-seo-wordpress\/ -->\n<title>Reflexionan docentes sobre nuevos escenarios de aprendizaje\u00a0 - CETYS<\/title>\n<meta name=\"description\" content=\"Articulo sobre Reflexionan docentes sobre nuevos escenarios de aprendizaje\u00a0\" \/>\n<meta name=\"robots\" content=\"index, follow, max-snippet:-1, max-image-preview:large, max-video-preview:-1\" \/>\n<link rel=\"canonical\" href=\"https:\/\/www.cetys.mx\/noticias\/reflexionan-docentes-sobre-nuevos-escenarios-de-aprendizaje\/\" \/>\n<meta property=\"og:locale\" content=\"es_MX\" \/>\n<meta property=\"og:type\" content=\"article\" \/>\n<meta property=\"og:title\" content=\"Reflexionan docentes sobre nuevos escenarios de aprendizaje\u00a0 - CETYS\" \/>\n<meta property=\"og:description\" content=\"Articulo sobre Reflexionan docentes sobre nuevos escenarios de aprendizaje\u00a0\" \/>\n<meta property=\"og:url\" content=\"https:\/\/www.cetys.mx\/noticias\/reflexionan-docentes-sobre-nuevos-escenarios-de-aprendizaje\/\" \/>\n<meta property=\"og:site_name\" content=\"CETYS\" \/>\n<meta property=\"article:publisher\" content=\"https:\/\/www.facebook.com\/cetysuniversidadmxl\/\" \/>\n<meta property=\"article:published_time\" content=\"2023-01-24T00:01:13+00:00\" \/>\n<meta property=\"article:modified_time\" content=\"2023-01-26T00:10:21+00:00\" \/>\n<meta property=\"og:image\" content=\"https:\/\/www.cetys.mx\/noticias\/wp-content\/uploads\/2023\/01\/Opera-Captura-de-pantalla_2023-01-23_154307_mail.google.com-1.png\" \/>\n\t<meta property=\"og:image:width\" content=\"1273\" \/>\n\t<meta property=\"og:image:height\" content=\"716\" \/>\n\t<meta property=\"og:image:type\" content=\"image\/png\" \/>\n<meta name=\"author\" content=\"CETYS Institucional\" \/>\n<meta name=\"twitter:card\" content=\"summary_large_image\" \/>\n<meta name=\"twitter:creator\" content=\"@cetysuni\" \/>\n<meta name=\"twitter:site\" content=\"@cetysuni\" \/>\n<meta name=\"twitter:label1\" content=\"Escrito por\" \/>\n\t<meta name=\"twitter:data1\" content=\"CETYS Institucional\" \/>\n\t<meta name=\"twitter:label2\" content=\"Tiempo de lectura\" \/>\n\t<meta name=\"twitter:data2\" content=\"4 minutos\" \/>\n<script type=\"application\/ld+json\" class=\"yoast-schema-graph\">{\"@context\":\"https:\\\/\\\/schema.org\",\"@graph\":[{\"@type\":\"Article\",\"@id\":\"https:\\\/\\\/www.cetys.mx\\\/noticias\\\/reflexionan-docentes-sobre-nuevos-escenarios-de-aprendizaje\\\/#article\",\"isPartOf\":{\"@id\":\"https:\\\/\\\/www.cetys.mx\\\/noticias\\\/reflexionan-docentes-sobre-nuevos-escenarios-de-aprendizaje\\\/\"},\"author\":{\"name\":\"CETYS Institucional\",\"@id\":\"https:\\\/\\\/www.cetys.mx\\\/noticias\\\/#\\\/schema\\\/person\\\/e9d2b35265b64aa454df57a2828eb2ac\"},\"headline\":\"Reflexionan docentes sobre nuevos escenarios de aprendizaje\u00a0\",\"datePublished\":\"2023-01-24T00:01:13+00:00\",\"dateModified\":\"2023-01-26T00:10:21+00:00\",\"mainEntityOfPage\":{\"@id\":\"https:\\\/\\\/www.cetys.mx\\\/noticias\\\/reflexionan-docentes-sobre-nuevos-escenarios-de-aprendizaje\\\/\"},\"wordCount\":786,\"commentCount\":0,\"image\":{\"@id\":\"https:\\\/\\\/www.cetys.mx\\\/noticias\\\/reflexionan-docentes-sobre-nuevos-escenarios-de-aprendizaje\\\/#primaryimage\"},\"thumbnailUrl\":\"https:\\\/\\\/www.cetys.mx\\\/noticias\\\/wp-content\\\/uploads\\\/2023\\\/01\\\/Opera-Captura-de-pantalla_2023-01-23_154307_mail.google.com-1.png\",\"keywords\":[\"Cursos capacitaci\u00f3n\",\"Docentes\",\"vocetys-2023-01-25\"],\"articleSection\":[\"Academia\",\"Institucional\",\"Portada\",\"VoCETYS\"],\"inLanguage\":\"es\",\"potentialAction\":[{\"@type\":\"CommentAction\",\"name\":\"Comment\",\"target\":[\"https:\\\/\\\/www.cetys.mx\\\/noticias\\\/reflexionan-docentes-sobre-nuevos-escenarios-de-aprendizaje\\\/#respond\"]}]},{\"@type\":\"WebPage\",\"@id\":\"https:\\\/\\\/www.cetys.mx\\\/noticias\\\/reflexionan-docentes-sobre-nuevos-escenarios-de-aprendizaje\\\/\",\"url\":\"https:\\\/\\\/www.cetys.mx\\\/noticias\\\/reflexionan-docentes-sobre-nuevos-escenarios-de-aprendizaje\\\/\",\"name\":\"Reflexionan docentes sobre nuevos escenarios de aprendizaje\u00a0 - CETYS\",\"isPartOf\":{\"@id\":\"https:\\\/\\\/www.cetys.mx\\\/noticias\\\/#website\"},\"primaryImageOfPage\":{\"@id\":\"https:\\\/\\\/www.cetys.mx\\\/noticias\\\/reflexionan-docentes-sobre-nuevos-escenarios-de-aprendizaje\\\/#primaryimage\"},\"image\":{\"@id\":\"https:\\\/\\\/www.cetys.mx\\\/noticias\\\/reflexionan-docentes-sobre-nuevos-escenarios-de-aprendizaje\\\/#primaryimage\"},\"thumbnailUrl\":\"https:\\\/\\\/www.cetys.mx\\\/noticias\\\/wp-content\\\/uploads\\\/2023\\\/01\\\/Opera-Captura-de-pantalla_2023-01-23_154307_mail.google.com-1.png\",\"datePublished\":\"2023-01-24T00:01:13+00:00\",\"dateModified\":\"2023-01-26T00:10:21+00:00\",\"author\":{\"@id\":\"https:\\\/\\\/www.cetys.mx\\\/noticias\\\/#\\\/schema\\\/person\\\/e9d2b35265b64aa454df57a2828eb2ac\"},\"description\":\"Articulo sobre Reflexionan docentes sobre nuevos escenarios de aprendizaje\u00a0\",\"breadcrumb\":{\"@id\":\"https:\\\/\\\/www.cetys.mx\\\/noticias\\\/reflexionan-docentes-sobre-nuevos-escenarios-de-aprendizaje\\\/#breadcrumb\"},\"inLanguage\":\"es\",\"potentialAction\":[{\"@type\":\"ReadAction\",\"target\":[\"https:\\\/\\\/www.cetys.mx\\\/noticias\\\/reflexionan-docentes-sobre-nuevos-escenarios-de-aprendizaje\\\/\"]}]},{\"@type\":\"ImageObject\",\"inLanguage\":\"es\",\"@id\":\"https:\\\/\\\/www.cetys.mx\\\/noticias\\\/reflexionan-docentes-sobre-nuevos-escenarios-de-aprendizaje\\\/#primaryimage\",\"url\":\"https:\\\/\\\/www.cetys.mx\\\/noticias\\\/wp-content\\\/uploads\\\/2023\\\/01\\\/Opera-Captura-de-pantalla_2023-01-23_154307_mail.google.com-1.png\",\"contentUrl\":\"https:\\\/\\\/www.cetys.mx\\\/noticias\\\/wp-content\\\/uploads\\\/2023\\\/01\\\/Opera-Captura-de-pantalla_2023-01-23_154307_mail.google.com-1.png\",\"width\":1273,\"height\":716},{\"@type\":\"BreadcrumbList\",\"@id\":\"https:\\\/\\\/www.cetys.mx\\\/noticias\\\/reflexionan-docentes-sobre-nuevos-escenarios-de-aprendizaje\\\/#breadcrumb\",\"itemListElement\":[{\"@type\":\"ListItem\",\"position\":1,\"name\":\"Inicio\",\"item\":\"https:\\\/\\\/www.cetys.mx\\\/noticias\\\/\"},{\"@type\":\"ListItem\",\"position\":2,\"name\":\"Reflexionan docentes sobre nuevos escenarios de aprendizaje\u00a0\"}]},{\"@type\":\"WebSite\",\"@id\":\"https:\\\/\\\/www.cetys.mx\\\/noticias\\\/#website\",\"url\":\"https:\\\/\\\/www.cetys.mx\\\/noticias\\\/\",\"name\":\"CETYS\",\"description\":\"\",\"potentialAction\":[{\"@type\":\"SearchAction\",\"target\":{\"@type\":\"EntryPoint\",\"urlTemplate\":\"https:\\\/\\\/www.cetys.mx\\\/noticias\\\/?s={search_term_string}\"},\"query-input\":{\"@type\":\"PropertyValueSpecification\",\"valueRequired\":true,\"valueName\":\"search_term_string\"}}],\"inLanguage\":\"es\"},{\"@type\":\"Person\",\"@id\":\"https:\\\/\\\/www.cetys.mx\\\/noticias\\\/#\\\/schema\\\/person\\\/e9d2b35265b64aa454df57a2828eb2ac\",\"name\":\"CETYS Institucional\",\"url\":\"https:\\\/\\\/www.cetys.mx\\\/noticias\\\/author\\\/cetysinstitucional\\\/\"}]}<\/script>\n<!-- \/ Yoast SEO plugin. -->","yoast_head_json":{"title":"Reflexionan docentes sobre nuevos escenarios de aprendizaje\u00a0 - CETYS","description":"Articulo sobre Reflexionan docentes sobre nuevos escenarios de aprendizaje\u00a0","robots":{"index":"index","follow":"follow","max-snippet":"max-snippet:-1","max-image-preview":"max-image-preview:large","max-video-preview":"max-video-preview:-1"},"canonical":"https:\/\/www.cetys.mx\/noticias\/reflexionan-docentes-sobre-nuevos-escenarios-de-aprendizaje\/","og_locale":"es_MX","og_type":"article","og_title":"Reflexionan docentes sobre nuevos escenarios de aprendizaje\u00a0 - CETYS","og_description":"Articulo sobre Reflexionan docentes sobre nuevos escenarios de aprendizaje\u00a0","og_url":"https:\/\/www.cetys.mx\/noticias\/reflexionan-docentes-sobre-nuevos-escenarios-de-aprendizaje\/","og_site_name":"CETYS","article_publisher":"https:\/\/www.facebook.com\/cetysuniversidadmxl\/","article_published_time":"2023-01-24T00:01:13+00:00","article_modified_time":"2023-01-26T00:10:21+00:00","og_image":[{"width":1273,"height":716,"url":"https:\/\/www.cetys.mx\/noticias\/wp-content\/uploads\/2023\/01\/Opera-Captura-de-pantalla_2023-01-23_154307_mail.google.com-1.png","type":"image\/png"}],"author":"CETYS Institucional","twitter_card":"summary_large_image","twitter_creator":"@cetysuni","twitter_site":"@cetysuni","twitter_misc":{"Escrito por":"CETYS Institucional","Tiempo de lectura":"4 minutos"},"schema":{"@context":"https:\/\/schema.org","@graph":[{"@type":"Article","@id":"https:\/\/www.cetys.mx\/noticias\/reflexionan-docentes-sobre-nuevos-escenarios-de-aprendizaje\/#article","isPartOf":{"@id":"https:\/\/www.cetys.mx\/noticias\/reflexionan-docentes-sobre-nuevos-escenarios-de-aprendizaje\/"},"author":{"name":"CETYS Institucional","@id":"https:\/\/www.cetys.mx\/noticias\/#\/schema\/person\/e9d2b35265b64aa454df57a2828eb2ac"},"headline":"Reflexionan docentes sobre nuevos escenarios de aprendizaje\u00a0","datePublished":"2023-01-24T00:01:13+00:00","dateModified":"2023-01-26T00:10:21+00:00","mainEntityOfPage":{"@id":"https:\/\/www.cetys.mx\/noticias\/reflexionan-docentes-sobre-nuevos-escenarios-de-aprendizaje\/"},"wordCount":786,"commentCount":0,"image":{"@id":"https:\/\/www.cetys.mx\/noticias\/reflexionan-docentes-sobre-nuevos-escenarios-de-aprendizaje\/#primaryimage"},"thumbnailUrl":"https:\/\/www.cetys.mx\/noticias\/wp-content\/uploads\/2023\/01\/Opera-Captura-de-pantalla_2023-01-23_154307_mail.google.com-1.png","keywords":["Cursos capacitaci\u00f3n","Docentes","vocetys-2023-01-25"],"articleSection":["Academia","Institucional","Portada","VoCETYS"],"inLanguage":"es","potentialAction":[{"@type":"CommentAction","name":"Comment","target":["https:\/\/www.cetys.mx\/noticias\/reflexionan-docentes-sobre-nuevos-escenarios-de-aprendizaje\/#respond"]}]},{"@type":"WebPage","@id":"https:\/\/www.cetys.mx\/noticias\/reflexionan-docentes-sobre-nuevos-escenarios-de-aprendizaje\/","url":"https:\/\/www.cetys.mx\/noticias\/reflexionan-docentes-sobre-nuevos-escenarios-de-aprendizaje\/","name":"Reflexionan docentes sobre nuevos escenarios de aprendizaje\u00a0 - CETYS","isPartOf":{"@id":"https:\/\/www.cetys.mx\/noticias\/#website"},"primaryImageOfPage":{"@id":"https:\/\/www.cetys.mx\/noticias\/reflexionan-docentes-sobre-nuevos-escenarios-de-aprendizaje\/#primaryimage"},"image":{"@id":"https:\/\/www.cetys.mx\/noticias\/reflexionan-docentes-sobre-nuevos-escenarios-de-aprendizaje\/#primaryimage"},"thumbnailUrl":"https:\/\/www.cetys.mx\/noticias\/wp-content\/uploads\/2023\/01\/Opera-Captura-de-pantalla_2023-01-23_154307_mail.google.com-1.png","datePublished":"2023-01-24T00:01:13+00:00","dateModified":"2023-01-26T00:10:21+00:00","author":{"@id":"https:\/\/www.cetys.mx\/noticias\/#\/schema\/person\/e9d2b35265b64aa454df57a2828eb2ac"},"description":"Articulo sobre Reflexionan docentes sobre nuevos escenarios de aprendizaje\u00a0","breadcrumb":{"@id":"https:\/\/www.cetys.mx\/noticias\/reflexionan-docentes-sobre-nuevos-escenarios-de-aprendizaje\/#breadcrumb"},"inLanguage":"es","potentialAction":[{"@type":"ReadAction","target":["https:\/\/www.cetys.mx\/noticias\/reflexionan-docentes-sobre-nuevos-escenarios-de-aprendizaje\/"]}]},{"@type":"ImageObject","inLanguage":"es","@id":"https:\/\/www.cetys.mx\/noticias\/reflexionan-docentes-sobre-nuevos-escenarios-de-aprendizaje\/#primaryimage","url":"https:\/\/www.cetys.mx\/noticias\/wp-content\/uploads\/2023\/01\/Opera-Captura-de-pantalla_2023-01-23_154307_mail.google.com-1.png","contentUrl":"https:\/\/www.cetys.mx\/noticias\/wp-content\/uploads\/2023\/01\/Opera-Captura-de-pantalla_2023-01-23_154307_mail.google.com-1.png","width":1273,"height":716},{"@type":"BreadcrumbList","@id":"https:\/\/www.cetys.mx\/noticias\/reflexionan-docentes-sobre-nuevos-escenarios-de-aprendizaje\/#breadcrumb","itemListElement":[{"@type":"ListItem","position":1,"name":"Inicio","item":"https:\/\/www.cetys.mx\/noticias\/"},{"@type":"ListItem","position":2,"name":"Reflexionan docentes sobre nuevos escenarios de aprendizaje\u00a0"}]},{"@type":"WebSite","@id":"https:\/\/www.cetys.mx\/noticias\/#website","url":"https:\/\/www.cetys.mx\/noticias\/","name":"CETYS","description":"","potentialAction":[{"@type":"SearchAction","target":{"@type":"EntryPoint","urlTemplate":"https:\/\/www.cetys.mx\/noticias\/?s={search_term_string}"},"query-input":{"@type":"PropertyValueSpecification","valueRequired":true,"valueName":"search_term_string"}}],"inLanguage":"es"},{"@type":"Person","@id":"https:\/\/www.cetys.mx\/noticias\/#\/schema\/person\/e9d2b35265b64aa454df57a2828eb2ac","name":"CETYS Institucional","url":"https:\/\/www.cetys.mx\/noticias\/author\/cetysinstitucional\/"}]}},"_links":{"self":[{"href":"https:\/\/www.cetys.mx\/noticias\/wp-json\/wp\/v2\/posts\/170149","targetHints":{"allow":["GET"]}}],"collection":[{"href":"https:\/\/www.cetys.mx\/noticias\/wp-json\/wp\/v2\/posts"}],"about":[{"href":"https:\/\/www.cetys.mx\/noticias\/wp-json\/wp\/v2\/types\/post"}],"author":[{"embeddable":true,"href":"https:\/\/www.cetys.mx\/noticias\/wp-json\/wp\/v2\/users\/26"}],"replies":[{"embeddable":true,"href":"https:\/\/www.cetys.mx\/noticias\/wp-json\/wp\/v2\/comments?post=170149"}],"version-history":[{"count":2,"href":"https:\/\/www.cetys.mx\/noticias\/wp-json\/wp\/v2\/posts\/170149\/revisions"}],"predecessor-version":[{"id":170157,"href":"https:\/\/www.cetys.mx\/noticias\/wp-json\/wp\/v2\/posts\/170149\/revisions\/170157"}],"wp:featuredmedia":[{"embeddable":true,"href":"https:\/\/www.cetys.mx\/noticias\/wp-json\/wp\/v2\/media\/170151"}],"wp:attachment":[{"href":"https:\/\/www.cetys.mx\/noticias\/wp-json\/wp\/v2\/media?parent=170149"}],"wp:term":[{"taxonomy":"category","embeddable":true,"href":"https:\/\/www.cetys.mx\/noticias\/wp-json\/wp\/v2\/categories?post=170149"},{"taxonomy":"post_tag","embeddable":true,"href":"https:\/\/www.cetys.mx\/noticias\/wp-json\/wp\/v2\/tags?post=170149"}],"curies":[{"name":"wp","href":"https:\/\/api.w.org\/{rel}","templated":true}]}}