{"id":170089,"date":"2023-01-19T17:13:55","date_gmt":"2023-01-20T01:13:55","guid":{"rendered":"https:\/\/www.cetys.mx\/noticias\/?p=170089"},"modified":"2023-02-27T17:12:30","modified_gmt":"2023-02-28T01:12:30","slug":"academicos-de-cetys-imparten-talleres-a-personal-docente-y-administrativo-de-cet-mar","status":"publish","type":"post","link":"https:\/\/www.cetys.mx\/noticias\/academicos-de-cetys-imparten-talleres-a-personal-docente-y-administrativo-de-cet-mar\/","title":{"rendered":"Acad\u00e9micos de CETYS imparten talleres a personal docente y administrativo de Cet Mar"},"content":{"rendered":"<p>La Dra. Janeth Murillo Avi\u00f1a, directora de la Escuela de Administraci\u00f3n y Negocios, as\u00ed como la Dra. Patricia P\u00e1ez y la Psic\u00f3loga Grecia Ibarra del Centro de Desarrollo Estudiantil del CETYS Universidad Campus Internacional Ensenada, impartieron talleres a personal docente y administrativo del Centro de Estudios Tecnol\u00f3gicos del Mar No. 11 \u201cIng. Juan Adolfo Camacho Acosta\u201d, como parte de su programa de capacitaci\u00f3n.<\/p>\n<p>La Dra. Janeth Murillo imparti\u00f3 el taller \u201cMarketing digital en la educaci\u00f3n\u201d, en el que se abordaron aspectos importantes sobre el uso de herramientas digitales para fines educativos a trav\u00e9s de un sustento estrat\u00e9gico que permita el logro de objetivos de comunicaci\u00f3n con las nuevas generaciones de estudiantes, quienes son considerados nativos digitales, completamente conectados a dispositivos m\u00f3viles y fuertemente influenciados por la tecnolog\u00eda.<\/p>\n<p><img loading=\"lazy\" decoding=\"async\" class=\"wp-image-170091 aligncenter\" src=\"https:\/\/www.cetys.mx\/noticias\/wp-content\/uploads\/2023\/01\/Foto-4.jpg\" alt=\"\" width=\"548\" height=\"364\" srcset=\"https:\/\/www.cetys.mx\/noticias\/wp-content\/uploads\/2023\/01\/Foto-4.jpg 958w, https:\/\/www.cetys.mx\/noticias\/wp-content\/uploads\/2023\/01\/Foto-4-768x511.jpg 768w\" sizes=\"auto, (max-width: 548px) 100vw, 548px\" \/><\/p>\n<blockquote><p>\u201cEl cambio generacional ha tra\u00eddo consigo distintas preferencias y expectativas de comunicaci\u00f3n en cuanto a los medios y sistemas comunicativos. Lo anterior implica un reto para los docentes, quienes deben esforzarse en integrar el uso de la tecnolog\u00eda para brindar soporte al proceso de aprendizaje, ya que a trav\u00e9s de los medios digitales se puede estimular el pensamiento y atenci\u00f3n de los estudiantes, de tal manera que se logren los objetivos de aprendizaje\u201d, explic\u00f3 la Dra. Janeth Murillo.<\/p><\/blockquote>\n<p>Por otro lado, el taller de Primeros Auxilios Psicol\u00f3gicos, a cargo de personal del Centro de Desarrollo Estudiantil, se brind\u00f3 a personal administrativo con el objetivo de brindarles herramientas para la contenci\u00f3n y canalizaci\u00f3n de alumnos en situaciones de crisis.<\/p>\n<blockquote><p>\u201cAs\u00ed como es importante saber de primeros auxilios m\u00e9dicos, tambi\u00e9n es importante saber abordar una emergencia de tipo emocional, porque nadie est\u00e1 exento de vivir una crisis y es importante estar preparado para saber c\u00f3mo abordarla\u201d, destac\u00f3 la Dra. Patricia P\u00e1ez, coordinadora del Centro de Desarrollo Estudiantil de CETYS Ensenada.<\/p>\n<p><img loading=\"lazy\" decoding=\"async\" class=\"wp-image-170092 aligncenter\" src=\"https:\/\/www.cetys.mx\/noticias\/wp-content\/uploads\/2023\/01\/Foto-3.jpg\" alt=\"\" width=\"618\" height=\"411\" srcset=\"https:\/\/www.cetys.mx\/noticias\/wp-content\/uploads\/2023\/01\/Foto-3.jpg 958w, https:\/\/www.cetys.mx\/noticias\/wp-content\/uploads\/2023\/01\/Foto-3-768x511.jpg 768w\" sizes=\"auto, (max-width: 618px) 100vw, 618px\" \/><\/p><\/blockquote>\n<p>Es importante destacar que la impartici\u00f3n de los talleres por parte de personal docente de CETYS Ensenada se debe a la estrecha relaci\u00f3n que hay con Cet Mar, as\u00ed como de las intenciones y proyectos que ambas instituciones tienen en pro de la excelencia educativa, del desarrollo de la comunidad y el compromiso social.<\/p>\n<p>&nbsp;<\/p>\n","protected":false},"excerpt":{"rendered":"<p>La Dra. Janeth Murillo Avi\u00f1a, directora de la Escuela de Administraci\u00f3n y Negocios, as\u00ed como la Dra. Patricia P\u00e1ez y la Psic\u00f3loga&#8230;<\/p>\n","protected":false},"author":23,"featured_media":170090,"comment_status":"open","ping_status":"closed","sticky":false,"template":"","format":"standard","meta":{"footnotes":""},"categories":[132,109,313],"tags":[6284],"class_list":["post-170089","post","type-post","status-publish","format-standard","has-post-thumbnail","hentry","category-campus-ensenada","category-vinculacion","category-vocetys-2","tag-vocetys-2023-02-27"],"yoast_head":"<!-- This site is optimized with the Yoast SEO plugin v27.4 - https:\/\/yoast.com\/product\/yoast-seo-wordpress\/ -->\n<title>Acad\u00e9micos de CETYS imparten talleres a personal docente y administrativo de Cet Mar - CETYS<\/title>\n<meta name=\"description\" content=\"Articulo sobre Acad\u00e9micos de CETYS imparten talleres a personal docente y administrativo de Cet Mar\" \/>\n<meta name=\"robots\" content=\"index, follow, max-snippet:-1, max-image-preview:large, max-video-preview:-1\" \/>\n<link rel=\"canonical\" href=\"https:\/\/www.cetys.mx\/noticias\/academicos-de-cetys-imparten-talleres-a-personal-docente-y-administrativo-de-cet-mar\/\" \/>\n<meta property=\"og:locale\" content=\"es_MX\" \/>\n<meta property=\"og:type\" content=\"article\" \/>\n<meta property=\"og:title\" content=\"Acad\u00e9micos de CETYS imparten talleres a personal docente y administrativo de Cet Mar - CETYS\" \/>\n<meta property=\"og:description\" content=\"Articulo sobre Acad\u00e9micos de CETYS imparten talleres a personal docente y administrativo de Cet Mar\" \/>\n<meta property=\"og:url\" content=\"https:\/\/www.cetys.mx\/noticias\/academicos-de-cetys-imparten-talleres-a-personal-docente-y-administrativo-de-cet-mar\/\" \/>\n<meta property=\"og:site_name\" content=\"CETYS\" \/>\n<meta property=\"article:publisher\" content=\"https:\/\/www.facebook.com\/cetysuniversidadmxl\/\" \/>\n<meta property=\"article:published_time\" content=\"2023-01-20T01:13:55+00:00\" \/>\n<meta property=\"article:modified_time\" content=\"2023-02-28T01:12:30+00:00\" \/>\n<meta property=\"og:image\" content=\"https:\/\/www.cetys.mx\/noticias\/wp-content\/uploads\/2023\/01\/Foto-1-1.jpg\" \/>\n\t<meta property=\"og:image:width\" content=\"958\" \/>\n\t<meta property=\"og:image:height\" content=\"637\" \/>\n\t<meta property=\"og:image:type\" content=\"image\/jpeg\" \/>\n<meta name=\"author\" content=\"Campus Ensenada\" \/>\n<meta name=\"twitter:card\" content=\"summary_large_image\" \/>\n<meta name=\"twitter:creator\" content=\"@cetysuni\" \/>\n<meta name=\"twitter:site\" content=\"@cetysuni\" \/>\n<meta name=\"twitter:label1\" content=\"Escrito por\" \/>\n\t<meta name=\"twitter:data1\" content=\"Campus Ensenada\" \/>\n\t<meta name=\"twitter:label2\" content=\"Tiempo de lectura\" \/>\n\t<meta name=\"twitter:data2\" content=\"2 minutos\" \/>\n<script type=\"application\/ld+json\" class=\"yoast-schema-graph\">{\"@context\":\"https:\\\/\\\/schema.org\",\"@graph\":[{\"@type\":\"Article\",\"@id\":\"https:\\\/\\\/www.cetys.mx\\\/noticias\\\/academicos-de-cetys-imparten-talleres-a-personal-docente-y-administrativo-de-cet-mar\\\/#article\",\"isPartOf\":{\"@id\":\"https:\\\/\\\/www.cetys.mx\\\/noticias\\\/academicos-de-cetys-imparten-talleres-a-personal-docente-y-administrativo-de-cet-mar\\\/\"},\"author\":{\"name\":\"Campus Ensenada\",\"@id\":\"https:\\\/\\\/www.cetys.mx\\\/noticias\\\/#\\\/schema\\\/person\\\/1a1a88c0b6586e66a2e9e88e07afc712\"},\"headline\":\"Acad\u00e9micos de CETYS imparten talleres a personal docente y administrativo de Cet Mar\",\"datePublished\":\"2023-01-20T01:13:55+00:00\",\"dateModified\":\"2023-02-28T01:12:30+00:00\",\"mainEntityOfPage\":{\"@id\":\"https:\\\/\\\/www.cetys.mx\\\/noticias\\\/academicos-de-cetys-imparten-talleres-a-personal-docente-y-administrativo-de-cet-mar\\\/\"},\"wordCount\":389,\"commentCount\":0,\"image\":{\"@id\":\"https:\\\/\\\/www.cetys.mx\\\/noticias\\\/academicos-de-cetys-imparten-talleres-a-personal-docente-y-administrativo-de-cet-mar\\\/#primaryimage\"},\"thumbnailUrl\":\"https:\\\/\\\/www.cetys.mx\\\/noticias\\\/wp-content\\\/uploads\\\/2023\\\/01\\\/Foto-1-1.jpg\",\"keywords\":[\"vocetys-2023-02-27\"],\"articleSection\":[\"Campus Ensenada\",\"Vinculaci\u00f3n\",\"VoCETYS\"],\"inLanguage\":\"es\",\"potentialAction\":[{\"@type\":\"CommentAction\",\"name\":\"Comment\",\"target\":[\"https:\\\/\\\/www.cetys.mx\\\/noticias\\\/academicos-de-cetys-imparten-talleres-a-personal-docente-y-administrativo-de-cet-mar\\\/#respond\"]}]},{\"@type\":\"WebPage\",\"@id\":\"https:\\\/\\\/www.cetys.mx\\\/noticias\\\/academicos-de-cetys-imparten-talleres-a-personal-docente-y-administrativo-de-cet-mar\\\/\",\"url\":\"https:\\\/\\\/www.cetys.mx\\\/noticias\\\/academicos-de-cetys-imparten-talleres-a-personal-docente-y-administrativo-de-cet-mar\\\/\",\"name\":\"Acad\u00e9micos de CETYS imparten talleres a personal docente y administrativo de Cet Mar - CETYS\",\"isPartOf\":{\"@id\":\"https:\\\/\\\/www.cetys.mx\\\/noticias\\\/#website\"},\"primaryImageOfPage\":{\"@id\":\"https:\\\/\\\/www.cetys.mx\\\/noticias\\\/academicos-de-cetys-imparten-talleres-a-personal-docente-y-administrativo-de-cet-mar\\\/#primaryimage\"},\"image\":{\"@id\":\"https:\\\/\\\/www.cetys.mx\\\/noticias\\\/academicos-de-cetys-imparten-talleres-a-personal-docente-y-administrativo-de-cet-mar\\\/#primaryimage\"},\"thumbnailUrl\":\"https:\\\/\\\/www.cetys.mx\\\/noticias\\\/wp-content\\\/uploads\\\/2023\\\/01\\\/Foto-1-1.jpg\",\"datePublished\":\"2023-01-20T01:13:55+00:00\",\"dateModified\":\"2023-02-28T01:12:30+00:00\",\"author\":{\"@id\":\"https:\\\/\\\/www.cetys.mx\\\/noticias\\\/#\\\/schema\\\/person\\\/1a1a88c0b6586e66a2e9e88e07afc712\"},\"description\":\"Articulo sobre Acad\u00e9micos de CETYS imparten talleres a personal docente y administrativo de Cet Mar\",\"breadcrumb\":{\"@id\":\"https:\\\/\\\/www.cetys.mx\\\/noticias\\\/academicos-de-cetys-imparten-talleres-a-personal-docente-y-administrativo-de-cet-mar\\\/#breadcrumb\"},\"inLanguage\":\"es\",\"potentialAction\":[{\"@type\":\"ReadAction\",\"target\":[\"https:\\\/\\\/www.cetys.mx\\\/noticias\\\/academicos-de-cetys-imparten-talleres-a-personal-docente-y-administrativo-de-cet-mar\\\/\"]}]},{\"@type\":\"ImageObject\",\"inLanguage\":\"es\",\"@id\":\"https:\\\/\\\/www.cetys.mx\\\/noticias\\\/academicos-de-cetys-imparten-talleres-a-personal-docente-y-administrativo-de-cet-mar\\\/#primaryimage\",\"url\":\"https:\\\/\\\/www.cetys.mx\\\/noticias\\\/wp-content\\\/uploads\\\/2023\\\/01\\\/Foto-1-1.jpg\",\"contentUrl\":\"https:\\\/\\\/www.cetys.mx\\\/noticias\\\/wp-content\\\/uploads\\\/2023\\\/01\\\/Foto-1-1.jpg\",\"width\":958,\"height\":637},{\"@type\":\"BreadcrumbList\",\"@id\":\"https:\\\/\\\/www.cetys.mx\\\/noticias\\\/academicos-de-cetys-imparten-talleres-a-personal-docente-y-administrativo-de-cet-mar\\\/#breadcrumb\",\"itemListElement\":[{\"@type\":\"ListItem\",\"position\":1,\"name\":\"Inicio\",\"item\":\"https:\\\/\\\/www.cetys.mx\\\/noticias\\\/\"},{\"@type\":\"ListItem\",\"position\":2,\"name\":\"Acad\u00e9micos de CETYS imparten talleres a personal docente y administrativo de Cet Mar\"}]},{\"@type\":\"WebSite\",\"@id\":\"https:\\\/\\\/www.cetys.mx\\\/noticias\\\/#website\",\"url\":\"https:\\\/\\\/www.cetys.mx\\\/noticias\\\/\",\"name\":\"CETYS\",\"description\":\"\",\"potentialAction\":[{\"@type\":\"SearchAction\",\"target\":{\"@type\":\"EntryPoint\",\"urlTemplate\":\"https:\\\/\\\/www.cetys.mx\\\/noticias\\\/?s={search_term_string}\"},\"query-input\":{\"@type\":\"PropertyValueSpecification\",\"valueRequired\":true,\"valueName\":\"search_term_string\"}}],\"inLanguage\":\"es\"},{\"@type\":\"Person\",\"@id\":\"https:\\\/\\\/www.cetys.mx\\\/noticias\\\/#\\\/schema\\\/person\\\/1a1a88c0b6586e66a2e9e88e07afc712\",\"name\":\"Campus Ensenada\",\"url\":\"https:\\\/\\\/www.cetys.mx\\\/noticias\\\/author\\\/campusensenada\\\/\"}]}<\/script>\n<!-- \/ Yoast SEO plugin. -->","yoast_head_json":{"title":"Acad\u00e9micos de CETYS imparten talleres a personal docente y administrativo de Cet Mar - CETYS","description":"Articulo sobre Acad\u00e9micos de CETYS imparten talleres a personal docente y administrativo de Cet Mar","robots":{"index":"index","follow":"follow","max-snippet":"max-snippet:-1","max-image-preview":"max-image-preview:large","max-video-preview":"max-video-preview:-1"},"canonical":"https:\/\/www.cetys.mx\/noticias\/academicos-de-cetys-imparten-talleres-a-personal-docente-y-administrativo-de-cet-mar\/","og_locale":"es_MX","og_type":"article","og_title":"Acad\u00e9micos de CETYS imparten talleres a personal docente y administrativo de Cet Mar - CETYS","og_description":"Articulo sobre Acad\u00e9micos de CETYS imparten talleres a personal docente y administrativo de Cet Mar","og_url":"https:\/\/www.cetys.mx\/noticias\/academicos-de-cetys-imparten-talleres-a-personal-docente-y-administrativo-de-cet-mar\/","og_site_name":"CETYS","article_publisher":"https:\/\/www.facebook.com\/cetysuniversidadmxl\/","article_published_time":"2023-01-20T01:13:55+00:00","article_modified_time":"2023-02-28T01:12:30+00:00","og_image":[{"width":958,"height":637,"url":"https:\/\/www.cetys.mx\/noticias\/wp-content\/uploads\/2023\/01\/Foto-1-1.jpg","type":"image\/jpeg"}],"author":"Campus Ensenada","twitter_card":"summary_large_image","twitter_creator":"@cetysuni","twitter_site":"@cetysuni","twitter_misc":{"Escrito por":"Campus Ensenada","Tiempo de lectura":"2 minutos"},"schema":{"@context":"https:\/\/schema.org","@graph":[{"@type":"Article","@id":"https:\/\/www.cetys.mx\/noticias\/academicos-de-cetys-imparten-talleres-a-personal-docente-y-administrativo-de-cet-mar\/#article","isPartOf":{"@id":"https:\/\/www.cetys.mx\/noticias\/academicos-de-cetys-imparten-talleres-a-personal-docente-y-administrativo-de-cet-mar\/"},"author":{"name":"Campus Ensenada","@id":"https:\/\/www.cetys.mx\/noticias\/#\/schema\/person\/1a1a88c0b6586e66a2e9e88e07afc712"},"headline":"Acad\u00e9micos de CETYS imparten talleres a personal docente y administrativo de Cet Mar","datePublished":"2023-01-20T01:13:55+00:00","dateModified":"2023-02-28T01:12:30+00:00","mainEntityOfPage":{"@id":"https:\/\/www.cetys.mx\/noticias\/academicos-de-cetys-imparten-talleres-a-personal-docente-y-administrativo-de-cet-mar\/"},"wordCount":389,"commentCount":0,"image":{"@id":"https:\/\/www.cetys.mx\/noticias\/academicos-de-cetys-imparten-talleres-a-personal-docente-y-administrativo-de-cet-mar\/#primaryimage"},"thumbnailUrl":"https:\/\/www.cetys.mx\/noticias\/wp-content\/uploads\/2023\/01\/Foto-1-1.jpg","keywords":["vocetys-2023-02-27"],"articleSection":["Campus Ensenada","Vinculaci\u00f3n","VoCETYS"],"inLanguage":"es","potentialAction":[{"@type":"CommentAction","name":"Comment","target":["https:\/\/www.cetys.mx\/noticias\/academicos-de-cetys-imparten-talleres-a-personal-docente-y-administrativo-de-cet-mar\/#respond"]}]},{"@type":"WebPage","@id":"https:\/\/www.cetys.mx\/noticias\/academicos-de-cetys-imparten-talleres-a-personal-docente-y-administrativo-de-cet-mar\/","url":"https:\/\/www.cetys.mx\/noticias\/academicos-de-cetys-imparten-talleres-a-personal-docente-y-administrativo-de-cet-mar\/","name":"Acad\u00e9micos de CETYS imparten talleres a personal docente y administrativo de Cet Mar - CETYS","isPartOf":{"@id":"https:\/\/www.cetys.mx\/noticias\/#website"},"primaryImageOfPage":{"@id":"https:\/\/www.cetys.mx\/noticias\/academicos-de-cetys-imparten-talleres-a-personal-docente-y-administrativo-de-cet-mar\/#primaryimage"},"image":{"@id":"https:\/\/www.cetys.mx\/noticias\/academicos-de-cetys-imparten-talleres-a-personal-docente-y-administrativo-de-cet-mar\/#primaryimage"},"thumbnailUrl":"https:\/\/www.cetys.mx\/noticias\/wp-content\/uploads\/2023\/01\/Foto-1-1.jpg","datePublished":"2023-01-20T01:13:55+00:00","dateModified":"2023-02-28T01:12:30+00:00","author":{"@id":"https:\/\/www.cetys.mx\/noticias\/#\/schema\/person\/1a1a88c0b6586e66a2e9e88e07afc712"},"description":"Articulo sobre Acad\u00e9micos de CETYS imparten talleres a personal docente y administrativo de Cet Mar","breadcrumb":{"@id":"https:\/\/www.cetys.mx\/noticias\/academicos-de-cetys-imparten-talleres-a-personal-docente-y-administrativo-de-cet-mar\/#breadcrumb"},"inLanguage":"es","potentialAction":[{"@type":"ReadAction","target":["https:\/\/www.cetys.mx\/noticias\/academicos-de-cetys-imparten-talleres-a-personal-docente-y-administrativo-de-cet-mar\/"]}]},{"@type":"ImageObject","inLanguage":"es","@id":"https:\/\/www.cetys.mx\/noticias\/academicos-de-cetys-imparten-talleres-a-personal-docente-y-administrativo-de-cet-mar\/#primaryimage","url":"https:\/\/www.cetys.mx\/noticias\/wp-content\/uploads\/2023\/01\/Foto-1-1.jpg","contentUrl":"https:\/\/www.cetys.mx\/noticias\/wp-content\/uploads\/2023\/01\/Foto-1-1.jpg","width":958,"height":637},{"@type":"BreadcrumbList","@id":"https:\/\/www.cetys.mx\/noticias\/academicos-de-cetys-imparten-talleres-a-personal-docente-y-administrativo-de-cet-mar\/#breadcrumb","itemListElement":[{"@type":"ListItem","position":1,"name":"Inicio","item":"https:\/\/www.cetys.mx\/noticias\/"},{"@type":"ListItem","position":2,"name":"Acad\u00e9micos de CETYS imparten talleres a personal docente y administrativo de Cet Mar"}]},{"@type":"WebSite","@id":"https:\/\/www.cetys.mx\/noticias\/#website","url":"https:\/\/www.cetys.mx\/noticias\/","name":"CETYS","description":"","potentialAction":[{"@type":"SearchAction","target":{"@type":"EntryPoint","urlTemplate":"https:\/\/www.cetys.mx\/noticias\/?s={search_term_string}"},"query-input":{"@type":"PropertyValueSpecification","valueRequired":true,"valueName":"search_term_string"}}],"inLanguage":"es"},{"@type":"Person","@id":"https:\/\/www.cetys.mx\/noticias\/#\/schema\/person\/1a1a88c0b6586e66a2e9e88e07afc712","name":"Campus Ensenada","url":"https:\/\/www.cetys.mx\/noticias\/author\/campusensenada\/"}]}},"_links":{"self":[{"href":"https:\/\/www.cetys.mx\/noticias\/wp-json\/wp\/v2\/posts\/170089","targetHints":{"allow":["GET"]}}],"collection":[{"href":"https:\/\/www.cetys.mx\/noticias\/wp-json\/wp\/v2\/posts"}],"about":[{"href":"https:\/\/www.cetys.mx\/noticias\/wp-json\/wp\/v2\/types\/post"}],"author":[{"embeddable":true,"href":"https:\/\/www.cetys.mx\/noticias\/wp-json\/wp\/v2\/users\/23"}],"replies":[{"embeddable":true,"href":"https:\/\/www.cetys.mx\/noticias\/wp-json\/wp\/v2\/comments?post=170089"}],"version-history":[{"count":1,"href":"https:\/\/www.cetys.mx\/noticias\/wp-json\/wp\/v2\/posts\/170089\/revisions"}],"predecessor-version":[{"id":170093,"href":"https:\/\/www.cetys.mx\/noticias\/wp-json\/wp\/v2\/posts\/170089\/revisions\/170093"}],"wp:featuredmedia":[{"embeddable":true,"href":"https:\/\/www.cetys.mx\/noticias\/wp-json\/wp\/v2\/media\/170090"}],"wp:attachment":[{"href":"https:\/\/www.cetys.mx\/noticias\/wp-json\/wp\/v2\/media?parent=170089"}],"wp:term":[{"taxonomy":"category","embeddable":true,"href":"https:\/\/www.cetys.mx\/noticias\/wp-json\/wp\/v2\/categories?post=170089"},{"taxonomy":"post_tag","embeddable":true,"href":"https:\/\/www.cetys.mx\/noticias\/wp-json\/wp\/v2\/tags?post=170089"}],"curies":[{"name":"wp","href":"https:\/\/api.w.org\/{rel}","templated":true}]}}