{"id":169967,"date":"2023-01-13T16:47:33","date_gmt":"2023-01-14T00:47:33","guid":{"rendered":"https:\/\/www.cetys.mx\/noticias\/?p=169967"},"modified":"2023-01-18T16:15:34","modified_gmt":"2023-01-19T00:15:34","slug":"169967-2","status":"publish","type":"post","link":"https:\/\/www.cetys.mx\/noticias\/169967-2\/","title":{"rendered":"CETYS realiza Noveno Coloquio de Investigaci\u00f3n y contin\u00faa escalando hacia el liderazgo cient\u00edfico"},"content":{"rendered":"<p align=\"justify\">Con el compromiso de seguir generando conocimiento cient\u00edfico que promueva la competitividad global, <strong>CETYS Universidad<\/strong> realiz\u00f3 la novena edici\u00f3n del\u00a0<em><span class=\"il\">Coloquio<\/span>\u00a0Institucional de Investigaci\u00f3n<\/em>, en el cual los acad\u00e9micos de los <strong>Campus Mexicali, Tijuana y Ensenada<\/strong> presentan sus trabajos de investigaci\u00f3n generados y participan en talleres de actualizaci\u00f3n en materia de investigaci\u00f3n cient\u00edfica, en total participaron 96 acad\u00e9micos.<\/p>\n<p align=\"justify\">El\u00a0<span class=\"il\">Coloquio<\/span>\u00a0es un espacio donde presentan, discuten y analizan sobre los resultados de investigaciones cient\u00edficas que desarrolla el profesorado desde los distintos colegios de Ingenier\u00eda, de Ciencias Sociales y Humanidades, de Administraci\u00f3n y Negocios as\u00ed como el Colegio de Graduados.<\/p>\n<p align=\"justify\">De acuerdo con el <strong>Dr. Fernando Le\u00f3n Garc\u00eda<\/strong>,<em> Rector del Sistema CETYS Universidad<\/em>, este\u00a0<span class=\"il\">Coloquio<\/span>\u00a0de Investigaci\u00f3n es muestra de los avances, fruto del esfuerzo de los acad\u00e9micos, as\u00ed como del impulso y compromiso de la Instituci\u00f3n de fomentar este tipo de actividades, reconocerlas e incentivar esta labor, esto de la mano de la Vicerrector\u00eda Acad\u00e9mica.<\/p>\n<blockquote>\n<p align=\"justify\">\u201cCETYS contin\u00faa escalando hacia un liderazgo cient\u00edfico, ya que nos destaca la excelencia acad\u00e9mica y continuamos creciendo para realizar m\u00e1s investigaciones. Debemos reconocer el gran esfuerzo y aumentar las publicaciones en revistas arbitradas\u201d, expres\u00f3 el rector durante el acto inaugural que este a\u00f1o se realiz\u00f3 en el Auditorio Corporaci\u00f3n del Fuerte en Campus Tijuana.<\/p>\n<\/blockquote>\n<div class=\"gallery-slider-wrapper gallery-1\">\n                        <div class=\"gallery-slider\" itemscope itemtype=\"http:\/\/schema.org\/ImageGallery\"><figure class=\"slide\" itemprop=\"associatedMedia\" itemscope itemtype=\"http:\/\/schema.org\/ImageObject\">\n                    <a itemprop=\"contentUrl\" href=\"https:\/\/www.cetys.mx\/noticias\/wp-content\/uploads\/2023\/01\/coloquio-de-investigacion-cetys-2023-1.png\">\n                        <img decoding=\"async\" itemprop=\"thumbnail\" class=\"lazyOwl\" src=\"https:\/\/www.cetys.mx\/noticias\/wp-content\/plugins\/jmagz-plugin\/assets\/placeholder\/900x450.png\" data-src=\"https:\/\/www.cetys.mx\/noticias\/wp-content\/uploads\/2023\/01\/coloquio-de-investigacion-cetys-2023-1.png\" alt=\"coloquio-de-investigacion-cetys-2023-1\">\n                    <\/a>\n                    <figcaption itemprop=\"caption description\" class=\"slide-caption\">\n                        \n                    <\/figcaption>\n                <\/figure><figure class=\"slide\" itemprop=\"associatedMedia\" itemscope itemtype=\"http:\/\/schema.org\/ImageObject\">\n                    <a itemprop=\"contentUrl\" href=\"https:\/\/www.cetys.mx\/noticias\/wp-content\/uploads\/2023\/01\/rector-en-inauguraci\u00f3n-Coloquio-Investigaci\u00f3n.png\">\n                        <img decoding=\"async\" itemprop=\"thumbnail\" class=\"lazyOwl\" src=\"https:\/\/www.cetys.mx\/noticias\/wp-content\/plugins\/jmagz-plugin\/assets\/placeholder\/900x450.png\" data-src=\"https:\/\/www.cetys.mx\/noticias\/wp-content\/uploads\/2023\/01\/rector-en-inauguraci\u00f3n-Coloquio-Investigaci\u00f3n.png\" alt=\"rector-en-inauguraci\u00f3n-Coloquio-Investigaci\u00f3n\">\n                    <\/a>\n                    <figcaption itemprop=\"caption description\" class=\"slide-caption\">\n                        \n                    <\/figcaption>\n                <\/figure><figure class=\"slide\" itemprop=\"associatedMedia\" itemscope itemtype=\"http:\/\/schema.org\/ImageObject\">\n                    <a itemprop=\"contentUrl\" href=\"https:\/\/www.cetys.mx\/noticias\/wp-content\/uploads\/2023\/01\/coloquio-de-investigacion-cetys-2023.png\">\n                        <img decoding=\"async\" itemprop=\"thumbnail\" class=\"lazyOwl\" src=\"https:\/\/www.cetys.mx\/noticias\/wp-content\/plugins\/jmagz-plugin\/assets\/placeholder\/900x450.png\" data-src=\"https:\/\/www.cetys.mx\/noticias\/wp-content\/uploads\/2023\/01\/coloquio-de-investigacion-cetys-2023.png\" alt=\"coloquio-de-investigacion-cetys-2023\">\n                    <\/a>\n                    <figcaption itemprop=\"caption description\" class=\"slide-caption\">\n                        \n                    <\/figcaption>\n                <\/figure><figure class=\"slide\" itemprop=\"associatedMedia\" itemscope itemtype=\"http:\/\/schema.org\/ImageObject\">\n                    <a itemprop=\"contentUrl\" href=\"https:\/\/www.cetys.mx\/noticias\/wp-content\/uploads\/2023\/01\/dra-cecilia-osuna-en-inauguracion-coloquio-2023.png\">\n                        <img decoding=\"async\" itemprop=\"thumbnail\" class=\"lazyOwl\" src=\"https:\/\/www.cetys.mx\/noticias\/wp-content\/plugins\/jmagz-plugin\/assets\/placeholder\/900x450.png\" data-src=\"https:\/\/www.cetys.mx\/noticias\/wp-content\/uploads\/2023\/01\/dra-cecilia-osuna-en-inauguracion-coloquio-2023.png\" alt=\"dra-cecilia-osuna-en-inauguracion-coloquio-2023\">\n                    <\/a>\n                    <figcaption itemprop=\"caption description\" class=\"slide-caption\">\n                        \n                    <\/figcaption>\n                <\/figure><figure class=\"slide\" itemprop=\"associatedMedia\" itemscope itemtype=\"http:\/\/schema.org\/ImageObject\">\n                    <a itemprop=\"contentUrl\" href=\"https:\/\/www.cetys.mx\/noticias\/wp-content\/uploads\/2023\/01\/mesas-de-trabajo-coloquio-de-investigacion-2023-1.png\">\n                        <img decoding=\"async\" itemprop=\"thumbnail\" class=\"lazyOwl\" src=\"https:\/\/www.cetys.mx\/noticias\/wp-content\/plugins\/jmagz-plugin\/assets\/placeholder\/900x450.png\" data-src=\"https:\/\/www.cetys.mx\/noticias\/wp-content\/uploads\/2023\/01\/mesas-de-trabajo-coloquio-de-investigacion-2023-1.png\" alt=\"mesas-de-trabajo-coloquio-de-investigacion-2023\">\n                    <\/a>\n                    <figcaption itemprop=\"caption description\" class=\"slide-caption\">\n                        \n                    <\/figcaption>\n                <\/figure><\/div>\n                <div class=\"gallery-slider-thumbnail-wrapper\">\n                    <div class=\"gallery-slider-thumbnail\"><div class=\"slide-thumbnail\"><img decoding=\"async\" class=\"lazyOwl\" src=\"https:\/\/www.cetys.mx\/noticias\/wp-content\/plugins\/jmagz-plugin\/assets\/placeholder\/150x75.png\" data-src=\"https:\/\/www.cetys.mx\/noticias\/wp-content\/uploads\/2023\/01\/coloquio-de-investigacion-cetys-2023-1.png\" alt=\"coloquio-de-investigacion-cetys-2023-1\"><\/div><div class=\"slide-thumbnail\"><img decoding=\"async\" class=\"lazyOwl\" src=\"https:\/\/www.cetys.mx\/noticias\/wp-content\/plugins\/jmagz-plugin\/assets\/placeholder\/150x75.png\" data-src=\"https:\/\/www.cetys.mx\/noticias\/wp-content\/uploads\/2023\/01\/rector-en-inauguraci\u00f3n-Coloquio-Investigaci\u00f3n.png\" alt=\"rector-en-inauguraci\u00f3n-Coloquio-Investigaci\u00f3n\"><\/div><div class=\"slide-thumbnail\"><img decoding=\"async\" class=\"lazyOwl\" src=\"https:\/\/www.cetys.mx\/noticias\/wp-content\/plugins\/jmagz-plugin\/assets\/placeholder\/150x75.png\" data-src=\"https:\/\/www.cetys.mx\/noticias\/wp-content\/uploads\/2023\/01\/coloquio-de-investigacion-cetys-2023.png\" alt=\"coloquio-de-investigacion-cetys-2023\"><\/div><div class=\"slide-thumbnail\"><img decoding=\"async\" class=\"lazyOwl\" src=\"https:\/\/www.cetys.mx\/noticias\/wp-content\/plugins\/jmagz-plugin\/assets\/placeholder\/150x75.png\" data-src=\"https:\/\/www.cetys.mx\/noticias\/wp-content\/uploads\/2023\/01\/dra-cecilia-osuna-en-inauguracion-coloquio-2023.png\" alt=\"dra-cecilia-osuna-en-inauguracion-coloquio-2023\"><\/div><div class=\"slide-thumbnail\"><img decoding=\"async\" class=\"lazyOwl\" src=\"https:\/\/www.cetys.mx\/noticias\/wp-content\/plugins\/jmagz-plugin\/assets\/placeholder\/150x75.png\" data-src=\"https:\/\/www.cetys.mx\/noticias\/wp-content\/uploads\/2023\/01\/mesas-de-trabajo-coloquio-de-investigacion-2023-1.png\" alt=\"mesas-de-trabajo-coloquio-de-investigacion-2023\"><\/div><\/div><\/div><\/div>\n<p align=\"justify\">Por su parte, la<strong> Dra. Cecilia Osuna Lever<\/strong>, <em>Coordinadora Institucional de Investigaci\u00f3n del Sistema CETYS Universidad<\/em> y organizadora del\u00a0<span class=\"il\">Coloquio<\/span>, destac\u00f3 la importancia de difundir el conocimiento cient\u00edfico generado por los acad\u00e9micos, derivado de su participaci\u00f3n en las diversas convocatorias para fondos que apoyan el desarrollo de proyectos de investigaci\u00f3n.<\/p>\n<blockquote>\n<p align=\"justify\">\u201cSeguiremos consolidando nuestros esfuerzos investigativos para posicionar a nuestros acad\u00e9micos como expertos en las diversas l\u00edneas de generaci\u00f3n y aplicaci\u00f3n del conocimiento en las que trabajan sus proyectos y aumentar nuestro potencial cient\u00edfico\u201d, coment\u00f3.<\/p>\n<\/blockquote>\n<p align=\"justify\">El\u00a0<span class=\"il\">Coloquio<\/span>\u00a0tuvo como conferencia inaugural <em>\u201cRetos en la ruta de investigaci\u00f3n para el posicionamiento institucional&#8221;<\/em>, de la <strong>Dra. Yaniris Rodr\u00edguez-S\u00e1nchez,<\/strong> <em>Directora Acad\u00e9mica de Habilis I&amp;CC,<\/em> plataforma para la gesti\u00f3n de la investigaci\u00f3n, la ciencia y la innovaci\u00f3n; tambi\u00e9n se realizaron talleres simult\u00e1neos y; por \u00faltimo, al final de la sesi\u00f3n se presentaron 25 investigaciones en mesas de trabajo donde otros acad\u00e9micos retroalimentaron con el prop\u00f3sito de enriquecer y motivar a m\u00e1s investigaciones.<\/p>\n","protected":false},"excerpt":{"rendered":"<p>Con el compromiso de seguir generando conocimiento cient\u00edfico que promueva la competitividad global, CETYS Universidad realiz\u00f3 la novena edici\u00f3n del\u00a0Coloquio\u00a0Institucional de Investigaci\u00f3n,&#8230;<\/p>\n","protected":false},"author":24,"featured_media":169966,"comment_status":"open","ping_status":"closed","sticky":false,"template":"","format":"standard","meta":{"footnotes":""},"categories":[110,209,125,313],"tags":[122,297,6220,178,6230],"class_list":["post-169967","post","type-post","status-publish","format-standard","has-post-thumbnail","hentry","category-academia","category-institucional","category-portada","category-vocetys-2","tag-academia","tag-campus-tijuana","tag-coloquio-institucional-de-investigacion","tag-investigacion","tag-vocetys-2023-01-18"],"yoast_head":"<!-- This site is optimized with the Yoast SEO plugin v27.4 - https:\/\/yoast.com\/product\/yoast-seo-wordpress\/ -->\n<title>CETYS realiza Noveno Coloquio de Investigaci\u00f3n y contin\u00faa escalando hacia el liderazgo cient\u00edfico - CETYS<\/title>\n<meta name=\"description\" content=\"Articulo sobre CETYS realiza Noveno Coloquio de Investigaci\u00f3n y contin\u00faa escalando hacia el liderazgo cient\u00edfico\" \/>\n<meta name=\"robots\" content=\"index, follow, max-snippet:-1, max-image-preview:large, max-video-preview:-1\" \/>\n<link rel=\"canonical\" href=\"https:\/\/www.cetys.mx\/noticias\/169967-2\/\" \/>\n<meta property=\"og:locale\" content=\"es_MX\" \/>\n<meta property=\"og:type\" content=\"article\" \/>\n<meta property=\"og:title\" content=\"CETYS realiza Noveno Coloquio de Investigaci\u00f3n y contin\u00faa escalando hacia el liderazgo cient\u00edfico - CETYS\" \/>\n<meta property=\"og:description\" content=\"Articulo sobre CETYS realiza Noveno Coloquio de Investigaci\u00f3n y contin\u00faa escalando hacia el liderazgo cient\u00edfico\" \/>\n<meta property=\"og:url\" content=\"https:\/\/www.cetys.mx\/noticias\/169967-2\/\" \/>\n<meta property=\"og:site_name\" content=\"CETYS\" \/>\n<meta property=\"article:publisher\" content=\"https:\/\/www.facebook.com\/cetysuniversidadmxl\/\" \/>\n<meta property=\"article:published_time\" content=\"2023-01-14T00:47:33+00:00\" \/>\n<meta property=\"article:modified_time\" content=\"2023-01-19T00:15:34+00:00\" \/>\n<meta property=\"og:image\" content=\"https:\/\/www.cetys.mx\/noticias\/wp-content\/uploads\/2023\/01\/coloquio-de-investigacion-cetys-2023-1.png\" \/>\n\t<meta property=\"og:image:width\" content=\"958\" \/>\n\t<meta property=\"og:image:height\" content=\"637\" \/>\n\t<meta property=\"og:image:type\" content=\"image\/png\" \/>\n<meta name=\"author\" content=\"Campus Tijuana\" \/>\n<meta name=\"twitter:card\" content=\"summary_large_image\" \/>\n<meta name=\"twitter:creator\" content=\"@cetysuni\" \/>\n<meta name=\"twitter:site\" content=\"@cetysuni\" \/>\n<meta name=\"twitter:label1\" content=\"Escrito por\" \/>\n\t<meta name=\"twitter:data1\" content=\"Campus Tijuana\" \/>\n\t<meta name=\"twitter:label2\" content=\"Tiempo de lectura\" \/>\n\t<meta name=\"twitter:data2\" content=\"2 minutos\" \/>\n<script type=\"application\/ld+json\" class=\"yoast-schema-graph\">{\"@context\":\"https:\\\/\\\/schema.org\",\"@graph\":[{\"@type\":\"Article\",\"@id\":\"https:\\\/\\\/www.cetys.mx\\\/noticias\\\/169967-2\\\/#article\",\"isPartOf\":{\"@id\":\"https:\\\/\\\/www.cetys.mx\\\/noticias\\\/169967-2\\\/\"},\"author\":{\"name\":\"Campus Tijuana\",\"@id\":\"https:\\\/\\\/www.cetys.mx\\\/noticias\\\/#\\\/schema\\\/person\\\/e790051ce60e18ae47cfa87011c8653f\"},\"headline\":\"CETYS realiza Noveno Coloquio de Investigaci\u00f3n y contin\u00faa escalando hacia el liderazgo cient\u00edfico\",\"datePublished\":\"2023-01-14T00:47:33+00:00\",\"dateModified\":\"2023-01-19T00:15:34+00:00\",\"mainEntityOfPage\":{\"@id\":\"https:\\\/\\\/www.cetys.mx\\\/noticias\\\/169967-2\\\/\"},\"wordCount\":437,\"commentCount\":0,\"image\":{\"@id\":\"https:\\\/\\\/www.cetys.mx\\\/noticias\\\/169967-2\\\/#primaryimage\"},\"thumbnailUrl\":\"https:\\\/\\\/www.cetys.mx\\\/noticias\\\/wp-content\\\/uploads\\\/2023\\\/01\\\/coloquio-de-investigacion-cetys-2023-1.png\",\"keywords\":[\"Academia\",\"Campus Tijuana\",\"Coloquio Institucional de Investigaci\u00f3n\",\"investigaci\u00f3n\",\"vocetys-2023-01-18\"],\"articleSection\":[\"Academia\",\"Institucional\",\"Portada\",\"VoCETYS\"],\"inLanguage\":\"es\",\"potentialAction\":[{\"@type\":\"CommentAction\",\"name\":\"Comment\",\"target\":[\"https:\\\/\\\/www.cetys.mx\\\/noticias\\\/169967-2\\\/#respond\"]}]},{\"@type\":\"WebPage\",\"@id\":\"https:\\\/\\\/www.cetys.mx\\\/noticias\\\/169967-2\\\/\",\"url\":\"https:\\\/\\\/www.cetys.mx\\\/noticias\\\/169967-2\\\/\",\"name\":\"CETYS realiza Noveno Coloquio de Investigaci\u00f3n y contin\u00faa escalando hacia el liderazgo cient\u00edfico - CETYS\",\"isPartOf\":{\"@id\":\"https:\\\/\\\/www.cetys.mx\\\/noticias\\\/#website\"},\"primaryImageOfPage\":{\"@id\":\"https:\\\/\\\/www.cetys.mx\\\/noticias\\\/169967-2\\\/#primaryimage\"},\"image\":{\"@id\":\"https:\\\/\\\/www.cetys.mx\\\/noticias\\\/169967-2\\\/#primaryimage\"},\"thumbnailUrl\":\"https:\\\/\\\/www.cetys.mx\\\/noticias\\\/wp-content\\\/uploads\\\/2023\\\/01\\\/coloquio-de-investigacion-cetys-2023-1.png\",\"datePublished\":\"2023-01-14T00:47:33+00:00\",\"dateModified\":\"2023-01-19T00:15:34+00:00\",\"author\":{\"@id\":\"https:\\\/\\\/www.cetys.mx\\\/noticias\\\/#\\\/schema\\\/person\\\/e790051ce60e18ae47cfa87011c8653f\"},\"description\":\"Articulo sobre CETYS realiza Noveno Coloquio de Investigaci\u00f3n y contin\u00faa escalando hacia el liderazgo cient\u00edfico\",\"breadcrumb\":{\"@id\":\"https:\\\/\\\/www.cetys.mx\\\/noticias\\\/169967-2\\\/#breadcrumb\"},\"inLanguage\":\"es\",\"potentialAction\":[{\"@type\":\"ReadAction\",\"target\":[\"https:\\\/\\\/www.cetys.mx\\\/noticias\\\/169967-2\\\/\"]}]},{\"@type\":\"ImageObject\",\"inLanguage\":\"es\",\"@id\":\"https:\\\/\\\/www.cetys.mx\\\/noticias\\\/169967-2\\\/#primaryimage\",\"url\":\"https:\\\/\\\/www.cetys.mx\\\/noticias\\\/wp-content\\\/uploads\\\/2023\\\/01\\\/coloquio-de-investigacion-cetys-2023-1.png\",\"contentUrl\":\"https:\\\/\\\/www.cetys.mx\\\/noticias\\\/wp-content\\\/uploads\\\/2023\\\/01\\\/coloquio-de-investigacion-cetys-2023-1.png\",\"width\":958,\"height\":637},{\"@type\":\"BreadcrumbList\",\"@id\":\"https:\\\/\\\/www.cetys.mx\\\/noticias\\\/169967-2\\\/#breadcrumb\",\"itemListElement\":[{\"@type\":\"ListItem\",\"position\":1,\"name\":\"Inicio\",\"item\":\"https:\\\/\\\/www.cetys.mx\\\/noticias\\\/\"},{\"@type\":\"ListItem\",\"position\":2,\"name\":\"CETYS realiza Noveno Coloquio de Investigaci\u00f3n y contin\u00faa escalando hacia el liderazgo cient\u00edfico\"}]},{\"@type\":\"WebSite\",\"@id\":\"https:\\\/\\\/www.cetys.mx\\\/noticias\\\/#website\",\"url\":\"https:\\\/\\\/www.cetys.mx\\\/noticias\\\/\",\"name\":\"CETYS\",\"description\":\"\",\"potentialAction\":[{\"@type\":\"SearchAction\",\"target\":{\"@type\":\"EntryPoint\",\"urlTemplate\":\"https:\\\/\\\/www.cetys.mx\\\/noticias\\\/?s={search_term_string}\"},\"query-input\":{\"@type\":\"PropertyValueSpecification\",\"valueRequired\":true,\"valueName\":\"search_term_string\"}}],\"inLanguage\":\"es\"},{\"@type\":\"Person\",\"@id\":\"https:\\\/\\\/www.cetys.mx\\\/noticias\\\/#\\\/schema\\\/person\\\/e790051ce60e18ae47cfa87011c8653f\",\"name\":\"Campus Tijuana\",\"url\":\"https:\\\/\\\/www.cetys.mx\\\/noticias\\\/author\\\/campustijuana\\\/\"}]}<\/script>\n<!-- \/ Yoast SEO plugin. -->","yoast_head_json":{"title":"CETYS realiza Noveno Coloquio de Investigaci\u00f3n y contin\u00faa escalando hacia el liderazgo cient\u00edfico - CETYS","description":"Articulo sobre CETYS realiza Noveno Coloquio de Investigaci\u00f3n y contin\u00faa escalando hacia el liderazgo cient\u00edfico","robots":{"index":"index","follow":"follow","max-snippet":"max-snippet:-1","max-image-preview":"max-image-preview:large","max-video-preview":"max-video-preview:-1"},"canonical":"https:\/\/www.cetys.mx\/noticias\/169967-2\/","og_locale":"es_MX","og_type":"article","og_title":"CETYS realiza Noveno Coloquio de Investigaci\u00f3n y contin\u00faa escalando hacia el liderazgo cient\u00edfico - CETYS","og_description":"Articulo sobre CETYS realiza Noveno Coloquio de Investigaci\u00f3n y contin\u00faa escalando hacia el liderazgo cient\u00edfico","og_url":"https:\/\/www.cetys.mx\/noticias\/169967-2\/","og_site_name":"CETYS","article_publisher":"https:\/\/www.facebook.com\/cetysuniversidadmxl\/","article_published_time":"2023-01-14T00:47:33+00:00","article_modified_time":"2023-01-19T00:15:34+00:00","og_image":[{"width":958,"height":637,"url":"https:\/\/www.cetys.mx\/noticias\/wp-content\/uploads\/2023\/01\/coloquio-de-investigacion-cetys-2023-1.png","type":"image\/png"}],"author":"Campus Tijuana","twitter_card":"summary_large_image","twitter_creator":"@cetysuni","twitter_site":"@cetysuni","twitter_misc":{"Escrito por":"Campus Tijuana","Tiempo de lectura":"2 minutos"},"schema":{"@context":"https:\/\/schema.org","@graph":[{"@type":"Article","@id":"https:\/\/www.cetys.mx\/noticias\/169967-2\/#article","isPartOf":{"@id":"https:\/\/www.cetys.mx\/noticias\/169967-2\/"},"author":{"name":"Campus Tijuana","@id":"https:\/\/www.cetys.mx\/noticias\/#\/schema\/person\/e790051ce60e18ae47cfa87011c8653f"},"headline":"CETYS realiza Noveno Coloquio de Investigaci\u00f3n y contin\u00faa escalando hacia el liderazgo cient\u00edfico","datePublished":"2023-01-14T00:47:33+00:00","dateModified":"2023-01-19T00:15:34+00:00","mainEntityOfPage":{"@id":"https:\/\/www.cetys.mx\/noticias\/169967-2\/"},"wordCount":437,"commentCount":0,"image":{"@id":"https:\/\/www.cetys.mx\/noticias\/169967-2\/#primaryimage"},"thumbnailUrl":"https:\/\/www.cetys.mx\/noticias\/wp-content\/uploads\/2023\/01\/coloquio-de-investigacion-cetys-2023-1.png","keywords":["Academia","Campus Tijuana","Coloquio Institucional de Investigaci\u00f3n","investigaci\u00f3n","vocetys-2023-01-18"],"articleSection":["Academia","Institucional","Portada","VoCETYS"],"inLanguage":"es","potentialAction":[{"@type":"CommentAction","name":"Comment","target":["https:\/\/www.cetys.mx\/noticias\/169967-2\/#respond"]}]},{"@type":"WebPage","@id":"https:\/\/www.cetys.mx\/noticias\/169967-2\/","url":"https:\/\/www.cetys.mx\/noticias\/169967-2\/","name":"CETYS realiza Noveno Coloquio de Investigaci\u00f3n y contin\u00faa escalando hacia el liderazgo cient\u00edfico - CETYS","isPartOf":{"@id":"https:\/\/www.cetys.mx\/noticias\/#website"},"primaryImageOfPage":{"@id":"https:\/\/www.cetys.mx\/noticias\/169967-2\/#primaryimage"},"image":{"@id":"https:\/\/www.cetys.mx\/noticias\/169967-2\/#primaryimage"},"thumbnailUrl":"https:\/\/www.cetys.mx\/noticias\/wp-content\/uploads\/2023\/01\/coloquio-de-investigacion-cetys-2023-1.png","datePublished":"2023-01-14T00:47:33+00:00","dateModified":"2023-01-19T00:15:34+00:00","author":{"@id":"https:\/\/www.cetys.mx\/noticias\/#\/schema\/person\/e790051ce60e18ae47cfa87011c8653f"},"description":"Articulo sobre CETYS realiza Noveno Coloquio de Investigaci\u00f3n y contin\u00faa escalando hacia el liderazgo cient\u00edfico","breadcrumb":{"@id":"https:\/\/www.cetys.mx\/noticias\/169967-2\/#breadcrumb"},"inLanguage":"es","potentialAction":[{"@type":"ReadAction","target":["https:\/\/www.cetys.mx\/noticias\/169967-2\/"]}]},{"@type":"ImageObject","inLanguage":"es","@id":"https:\/\/www.cetys.mx\/noticias\/169967-2\/#primaryimage","url":"https:\/\/www.cetys.mx\/noticias\/wp-content\/uploads\/2023\/01\/coloquio-de-investigacion-cetys-2023-1.png","contentUrl":"https:\/\/www.cetys.mx\/noticias\/wp-content\/uploads\/2023\/01\/coloquio-de-investigacion-cetys-2023-1.png","width":958,"height":637},{"@type":"BreadcrumbList","@id":"https:\/\/www.cetys.mx\/noticias\/169967-2\/#breadcrumb","itemListElement":[{"@type":"ListItem","position":1,"name":"Inicio","item":"https:\/\/www.cetys.mx\/noticias\/"},{"@type":"ListItem","position":2,"name":"CETYS realiza Noveno Coloquio de Investigaci\u00f3n y contin\u00faa escalando hacia el liderazgo cient\u00edfico"}]},{"@type":"WebSite","@id":"https:\/\/www.cetys.mx\/noticias\/#website","url":"https:\/\/www.cetys.mx\/noticias\/","name":"CETYS","description":"","potentialAction":[{"@type":"SearchAction","target":{"@type":"EntryPoint","urlTemplate":"https:\/\/www.cetys.mx\/noticias\/?s={search_term_string}"},"query-input":{"@type":"PropertyValueSpecification","valueRequired":true,"valueName":"search_term_string"}}],"inLanguage":"es"},{"@type":"Person","@id":"https:\/\/www.cetys.mx\/noticias\/#\/schema\/person\/e790051ce60e18ae47cfa87011c8653f","name":"Campus Tijuana","url":"https:\/\/www.cetys.mx\/noticias\/author\/campustijuana\/"}]}},"_links":{"self":[{"href":"https:\/\/www.cetys.mx\/noticias\/wp-json\/wp\/v2\/posts\/169967","targetHints":{"allow":["GET"]}}],"collection":[{"href":"https:\/\/www.cetys.mx\/noticias\/wp-json\/wp\/v2\/posts"}],"about":[{"href":"https:\/\/www.cetys.mx\/noticias\/wp-json\/wp\/v2\/types\/post"}],"author":[{"embeddable":true,"href":"https:\/\/www.cetys.mx\/noticias\/wp-json\/wp\/v2\/users\/24"}],"replies":[{"embeddable":true,"href":"https:\/\/www.cetys.mx\/noticias\/wp-json\/wp\/v2\/comments?post=169967"}],"version-history":[{"count":3,"href":"https:\/\/www.cetys.mx\/noticias\/wp-json\/wp\/v2\/posts\/169967\/revisions"}],"predecessor-version":[{"id":169975,"href":"https:\/\/www.cetys.mx\/noticias\/wp-json\/wp\/v2\/posts\/169967\/revisions\/169975"}],"wp:featuredmedia":[{"embeddable":true,"href":"https:\/\/www.cetys.mx\/noticias\/wp-json\/wp\/v2\/media\/169966"}],"wp:attachment":[{"href":"https:\/\/www.cetys.mx\/noticias\/wp-json\/wp\/v2\/media?parent=169967"}],"wp:term":[{"taxonomy":"category","embeddable":true,"href":"https:\/\/www.cetys.mx\/noticias\/wp-json\/wp\/v2\/categories?post=169967"},{"taxonomy":"post_tag","embeddable":true,"href":"https:\/\/www.cetys.mx\/noticias\/wp-json\/wp\/v2\/tags?post=169967"}],"curies":[{"name":"wp","href":"https:\/\/api.w.org\/{rel}","templated":true}]}}