{"id":169787,"date":"2023-01-04T10:36:01","date_gmt":"2023-01-04T18:36:01","guid":{"rendered":"https:\/\/www.cetys.mx\/noticias\/?p=169787"},"modified":"2023-01-04T10:36:01","modified_gmt":"2023-01-04T18:36:01","slug":"egresados-de-cetys-tijuana-son-premiados-por-desempeno-en-examen-egel","status":"publish","type":"post","link":"https:\/\/www.cetys.mx\/noticias\/egresados-de-cetys-tijuana-son-premiados-por-desempeno-en-examen-egel\/","title":{"rendered":"Egresados de CETYS Tijuana son premiados por desempe\u00f1o en examen EGEL"},"content":{"rendered":"<p align=\"justify\">A nivel nacional, solo el 1.62% de los estudiantes de nivel profesional que realizan el examen EGEL ha logrado un resultado sobresaliente, tal es el caso de nueve egresados de las Licenciaturas en\u00a0<a href=\"https:\/\/r20.rs6.net\/tn.jsp?f=001eVH08SpydQdztjLfZv_CASKQyAbOY0PD0imvBzY3cNIKWJphRVw_CHNp4N9lGunfn3GLN2XYExae6bGBz34yE6yQSjHFi2PWNhSQzm2kNIqAqDduSeXyHb8ALgaeJ0VW1EW__-2t-5E0jhLSwAVrP_OnNESDdMi-PTVqeqpy5sspRhR1Yf77tc0MHroKwoFpsJA5pH1MQyJblzE_3AVfxL0nzl943kT0&amp;c=pveuELvCE_8FjWJyfC3I-Re7c4x1JvkeMhx9b2FGAYrDgL9of4Ejyw==&amp;ch=G4gbGkOiaI_THyJ2MVPPCuqLeWhjVYkla3Dp8wklfuiNqK5ccunbGg==\" target=\"_blank\" rel=\"noopener\" data-saferedirecturl=\"https:\/\/www.google.com\/url?q=https:\/\/r20.rs6.net\/tn.jsp?f%3D001eVH08SpydQdztjLfZv_CASKQyAbOY0PD0imvBzY3cNIKWJphRVw_CHNp4N9lGunfn3GLN2XYExae6bGBz34yE6yQSjHFi2PWNhSQzm2kNIqAqDduSeXyHb8ALgaeJ0VW1EW__-2t-5E0jhLSwAVrP_OnNESDdMi-PTVqeqpy5sspRhR1Yf77tc0MHroKwoFpsJA5pH1MQyJblzE_3AVfxL0nzl943kT0%26c%3DpveuELvCE_8FjWJyfC3I-Re7c4x1JvkeMhx9b2FGAYrDgL9of4Ejyw%3D%3D%26ch%3DG4gbGkOiaI_THyJ2MVPPCuqLeWhjVYkla3Dp8wklfuiNqK5ccunbGg%3D%3D&amp;source=gmail&amp;ust=1672936296347000&amp;usg=AOvVaw3RFcNcp89Qw7SUaUGyVS_S\">Derecho<\/a>\u00a0y en\u00a0<a href=\"https:\/\/r20.rs6.net\/tn.jsp?f=001eVH08SpydQdztjLfZv_CASKQyAbOY0PD0imvBzY3cNIKWJphRVw_CB3j6qAYCJ6K9x278E3baxYIm4NgH0NH-L4kVdbOyiTX3K_-9-Ojfs74pbR67f-un3wX-28KKm43AD3A5zH3T-md_xKHJ3onKwZ28ljFeglzN7JohhxKfk1_O4ja6zJ4KnTmnZ8D6HTOjXBBL1i3ByxHQ_TU1PPOwgJe4d7B4Ozm7uVxCMxUSM8=&amp;c=pveuELvCE_8FjWJyfC3I-Re7c4x1JvkeMhx9b2FGAYrDgL9of4Ejyw==&amp;ch=G4gbGkOiaI_THyJ2MVPPCuqLeWhjVYkla3Dp8wklfuiNqK5ccunbGg==\" target=\"_blank\" rel=\"noopener\" data-saferedirecturl=\"https:\/\/www.google.com\/url?q=https:\/\/r20.rs6.net\/tn.jsp?f%3D001eVH08SpydQdztjLfZv_CASKQyAbOY0PD0imvBzY3cNIKWJphRVw_CB3j6qAYCJ6K9x278E3baxYIm4NgH0NH-L4kVdbOyiTX3K_-9-Ojfs74pbR67f-un3wX-28KKm43AD3A5zH3T-md_xKHJ3onKwZ28ljFeglzN7JohhxKfk1_O4ja6zJ4KnTmnZ8D6HTOjXBBL1i3ByxHQ_TU1PPOwgJe4d7B4Ozm7uVxCMxUSM8%3D%26c%3DpveuELvCE_8FjWJyfC3I-Re7c4x1JvkeMhx9b2FGAYrDgL9of4Ejyw%3D%3D%26ch%3DG4gbGkOiaI_THyJ2MVPPCuqLeWhjVYkla3Dp8wklfuiNqK5ccunbGg%3D%3D&amp;source=gmail&amp;ust=1672936296347000&amp;usg=AOvVaw3dxtqpuT5QWf8Tx_0_suLw\">Negocios Internacionales<\/a>\u00a0de <strong>CETYS Universidad Campus Tijuana<\/strong>, quienes fueron reconocidos con el Premio Nacional CENEVAL al Desempe\u00f1o de Excelencia en dicho Examen General para el Egreso de la Licenciatura (EGEL).<\/p>\n<p align=\"justify\">Los laureados: <strong>Jonathan Betancourt Casillas, Ana Paola Frutos Grijalva, Adri\u00e1n Garc\u00eda Carey,, Valeria Alejandra G\u00f3mez Terrazas, Kenia Valeria Hern\u00e1ndez Ay\u00f3n, Sebasti\u00e1n Loubet Tejeda, Luis Fernando Torres Campos, Yuma Itzel Torres Maldonado<\/strong>, de la Lic. en Derecho; as\u00ed como <strong>Denisse de Jes\u00fas Mora Sereno<\/strong>, de la Lic. en Negocios Internacionales. Destacaron en cada una de las \u00e1reas de evaluaci\u00f3n, por ello adem\u00e1s del reconocimiento por parte de CENEVAL y de CETYS Universidad, se les entreg\u00f3 un <em>\u201cfistol del Ceneval a la experiencia acad\u00e9mica\u201d<\/em>, una pieza de orfebrer\u00eda, de distinguida vistosidad.<\/p>\n<blockquote>\n<p align=\"justify\">\u201cCENEVAL es sin\u00f3nimo de conocimiento, resiliencia y esmero, raz\u00f3n por la cual es un enorme orgullo haber sido acreedora del premio, el que reconoce y avala mi nivel acad\u00e9mico y la capacidad de aprender en diferentes contextos\u201d, coment\u00f3 la egresada Denisse Mora Sereno.<\/p>\n<\/blockquote>\n<p align=\"justify\">Apenas este 2022 CENEVAL retom\u00f3 la celebraci\u00f3n presencialmente, con la posibilidad de que los familiares y amigos cercanos a los reconocidos, sean testigos del acto y entrega de la premiaci\u00f3n.<\/p>\n<p align=\"justify\">\n\n            <style type='text\/css'>\n                #gallery-1 {\n                    margin: auto;\n                }\n                #gallery-1 .gallery-item {\n                    float: left;\n                    margin-top: 10px;\n                    text-align: center;\n                    width: 33%;\n                }\n                #gallery-1 img {\n                    border: 2px solid #cfcfcf;\n                }\n                #gallery-1 .gallery-caption {\n                    margin-left: 0;\n                }\n                \/* see gallery_shortcode() in wp-includes\/media.php *\/\n            <\/style>\n\t\t<div id='gallery-1' class='gallery galleryid-169787 gallery-columns-3 gallery-size-thumbnail'><dl class='gallery-item'>\n                <dt class='gallery-icon landscape'>\n                    <a href='https:\/\/www.cetys.mx\/noticias\/denisse-mora-ceneval-2022\/'><img loading=\"lazy\" decoding=\"async\" width=\"128\" height=\"85\" src=\"https:\/\/www.cetys.mx\/noticias\/wp-content\/uploads\/2023\/01\/denisse-mora-ceneval-2022.png\" class=\"attachment-thumbnail size-thumbnail\" alt=\"\" srcset=\"https:\/\/www.cetys.mx\/noticias\/wp-content\/uploads\/2023\/01\/denisse-mora-ceneval-2022.png 958w, https:\/\/www.cetys.mx\/noticias\/wp-content\/uploads\/2023\/01\/denisse-mora-ceneval-2022-768x511.png 768w\" sizes=\"auto, (max-width: 128px) 100vw, 128px\" \/><\/a>\n                <\/dt><\/dl><dl class='gallery-item'>\n                <dt class='gallery-icon landscape'>\n                    <a href='https:\/\/www.cetys.mx\/noticias\/fernando-torres-ceneval-2022\/'><img loading=\"lazy\" decoding=\"async\" width=\"128\" height=\"85\" src=\"https:\/\/www.cetys.mx\/noticias\/wp-content\/uploads\/2023\/01\/fernando-torres-ceneval-2022.png\" class=\"attachment-thumbnail size-thumbnail\" alt=\"\" srcset=\"https:\/\/www.cetys.mx\/noticias\/wp-content\/uploads\/2023\/01\/fernando-torres-ceneval-2022.png 958w, https:\/\/www.cetys.mx\/noticias\/wp-content\/uploads\/2023\/01\/fernando-torres-ceneval-2022-768x511.png 768w\" sizes=\"auto, (max-width: 128px) 100vw, 128px\" \/><\/a>\n                <\/dt><\/dl><dl class='gallery-item'>\n                <dt class='gallery-icon landscape'>\n                    <a href='https:\/\/www.cetys.mx\/noticias\/jonathan-betancourt-ceneval-2022\/'><img loading=\"lazy\" decoding=\"async\" width=\"128\" height=\"85\" src=\"https:\/\/www.cetys.mx\/noticias\/wp-content\/uploads\/2023\/01\/jonathan-betancourt-ceneval-2022.png\" class=\"attachment-thumbnail size-thumbnail\" alt=\"\" srcset=\"https:\/\/www.cetys.mx\/noticias\/wp-content\/uploads\/2023\/01\/jonathan-betancourt-ceneval-2022.png 958w, https:\/\/www.cetys.mx\/noticias\/wp-content\/uploads\/2023\/01\/jonathan-betancourt-ceneval-2022-768x511.png 768w\" sizes=\"auto, (max-width: 128px) 100vw, 128px\" \/><\/a>\n                <\/dt><\/dl><br style=\"clear: both\" \/>\n            <\/div>\n\n<p align=\"justify\">En esta ocasi\u00f3n la premiaci\u00f3n estuvo a cargo del <strong>Mtro. Heberto Peterson Rodr\u00edguez,<\/strong> <em>Director Acad\u00e9mico de CETYS Universidad en Campus Tijuana<\/em>, tambi\u00e9n asistieron la <strong>Mtra. Maria Jos\u00e9 Murad\u00e1s Franco<\/strong>, <em>Coordinadora de la Lic. en Negocios Internacionales<\/em>, el <strong>Mtro. Luis Sandoval Figueroa<\/strong>, <em>Director de la Escuela de Derecho en Campus Tijuana<\/em>, as\u00ed como la <strong>Mtra. Mariana G\u00fcemez Carrillo<\/strong>, <em>Directora del Departamento de Alumni en Campus Tijuana<\/em>.<\/p>\n<blockquote>\n<p align=\"justify\">\u201cEste es un m\u00e9rito que celebro y comparto con mis padres, mis maestros y la instituci\u00f3n educativa por brindarme las herramientas necesarias para aprender tanto dentro como fuera del aula. Galard\u00f3n que es de todos. Hay que confiar en tu intelecto, en los tutores y en tu escuela, recuerda siempre trabajar para ser el o la mejor\u201d, agreg\u00f3 la alumna.<\/p>\n<\/blockquote>\n<p align=\"justify\">Desde el 2012 y hasta el mes de mayo de este a\u00f1o, solo 28 mil 910 egresados en todo el pa\u00eds han obtenido este premio, lo que equivale al 1.62% de 1,782,848 sustentantes que han presentado el EGEL.<\/p>\n","protected":false},"excerpt":{"rendered":"<p>A nivel nacional, solo el 1.62% de los estudiantes de nivel profesional que realizan el examen EGEL ha logrado un resultado sobresaliente,&#8230;<\/p>\n","protected":false},"author":24,"featured_media":169781,"comment_status":"open","ping_status":"closed","sticky":false,"template":"","format":"standard","meta":{"footnotes":""},"categories":[107,134,125],"tags":[297,330,168,2453],"class_list":["post-169787","post","type-post","status-publish","format-standard","has-post-thumbnail","hentry","category-alumni","category-campus-tijuana","category-portada","tag-campus-tijuana","tag-ceneval","tag-cetys-universidad","tag-egel"],"yoast_head":"<!-- This site is optimized with the Yoast SEO plugin v27.4 - https:\/\/yoast.com\/product\/yoast-seo-wordpress\/ -->\n<title>Egresados de CETYS Tijuana son premiados por desempe\u00f1o en examen EGEL - CETYS<\/title>\n<meta name=\"description\" content=\"Articulo sobre Egresados de CETYS Tijuana son premiados por desempe\u00f1o en examen EGEL\" \/>\n<meta name=\"robots\" content=\"index, follow, max-snippet:-1, max-image-preview:large, max-video-preview:-1\" \/>\n<link rel=\"canonical\" href=\"https:\/\/www.cetys.mx\/noticias\/egresados-de-cetys-tijuana-son-premiados-por-desempeno-en-examen-egel\/\" \/>\n<meta property=\"og:locale\" content=\"es_MX\" \/>\n<meta property=\"og:type\" content=\"article\" \/>\n<meta property=\"og:title\" content=\"Egresados de CETYS Tijuana son premiados por desempe\u00f1o en examen EGEL - CETYS\" \/>\n<meta property=\"og:description\" content=\"Articulo sobre Egresados de CETYS Tijuana son premiados por desempe\u00f1o en examen EGEL\" \/>\n<meta property=\"og:url\" content=\"https:\/\/www.cetys.mx\/noticias\/egresados-de-cetys-tijuana-son-premiados-por-desempeno-en-examen-egel\/\" \/>\n<meta property=\"og:site_name\" content=\"CETYS\" \/>\n<meta property=\"article:publisher\" content=\"https:\/\/www.facebook.com\/cetysuniversidadmxl\/\" \/>\n<meta property=\"article:published_time\" content=\"2023-01-04T18:36:01+00:00\" \/>\n<meta property=\"og:image\" content=\"https:\/\/www.cetys.mx\/noticias\/wp-content\/uploads\/2023\/01\/ceneval-2022-.png\" \/>\n\t<meta property=\"og:image:width\" content=\"958\" \/>\n\t<meta property=\"og:image:height\" content=\"637\" \/>\n\t<meta property=\"og:image:type\" content=\"image\/png\" \/>\n<meta name=\"author\" content=\"Campus Tijuana\" \/>\n<meta name=\"twitter:card\" content=\"summary_large_image\" \/>\n<meta name=\"twitter:creator\" content=\"@cetysuni\" \/>\n<meta name=\"twitter:site\" content=\"@cetysuni\" \/>\n<meta name=\"twitter:label1\" content=\"Escrito por\" \/>\n\t<meta name=\"twitter:data1\" content=\"Campus Tijuana\" \/>\n\t<meta name=\"twitter:label2\" content=\"Tiempo de lectura\" \/>\n\t<meta name=\"twitter:data2\" content=\"2 minutos\" \/>\n<script type=\"application\/ld+json\" class=\"yoast-schema-graph\">{\"@context\":\"https:\\\/\\\/schema.org\",\"@graph\":[{\"@type\":\"Article\",\"@id\":\"https:\\\/\\\/www.cetys.mx\\\/noticias\\\/egresados-de-cetys-tijuana-son-premiados-por-desempeno-en-examen-egel\\\/#article\",\"isPartOf\":{\"@id\":\"https:\\\/\\\/www.cetys.mx\\\/noticias\\\/egresados-de-cetys-tijuana-son-premiados-por-desempeno-en-examen-egel\\\/\"},\"author\":{\"name\":\"Campus Tijuana\",\"@id\":\"https:\\\/\\\/www.cetys.mx\\\/noticias\\\/#\\\/schema\\\/person\\\/e790051ce60e18ae47cfa87011c8653f\"},\"headline\":\"Egresados de CETYS Tijuana son premiados por desempe\u00f1o en examen EGEL\",\"datePublished\":\"2023-01-04T18:36:01+00:00\",\"mainEntityOfPage\":{\"@id\":\"https:\\\/\\\/www.cetys.mx\\\/noticias\\\/egresados-de-cetys-tijuana-son-premiados-por-desempeno-en-examen-egel\\\/\"},\"wordCount\":427,\"commentCount\":0,\"image\":{\"@id\":\"https:\\\/\\\/www.cetys.mx\\\/noticias\\\/egresados-de-cetys-tijuana-son-premiados-por-desempeno-en-examen-egel\\\/#primaryimage\"},\"thumbnailUrl\":\"https:\\\/\\\/www.cetys.mx\\\/noticias\\\/wp-content\\\/uploads\\\/2023\\\/01\\\/ceneval-2022-.png\",\"keywords\":[\"Campus Tijuana\",\"ceneval\",\"CETYS Universidad\",\"EGEL\"],\"articleSection\":[\"Alumni\",\"Campus Tijuana\",\"Portada\"],\"inLanguage\":\"es\",\"potentialAction\":[{\"@type\":\"CommentAction\",\"name\":\"Comment\",\"target\":[\"https:\\\/\\\/www.cetys.mx\\\/noticias\\\/egresados-de-cetys-tijuana-son-premiados-por-desempeno-en-examen-egel\\\/#respond\"]}]},{\"@type\":\"WebPage\",\"@id\":\"https:\\\/\\\/www.cetys.mx\\\/noticias\\\/egresados-de-cetys-tijuana-son-premiados-por-desempeno-en-examen-egel\\\/\",\"url\":\"https:\\\/\\\/www.cetys.mx\\\/noticias\\\/egresados-de-cetys-tijuana-son-premiados-por-desempeno-en-examen-egel\\\/\",\"name\":\"Egresados de CETYS Tijuana son premiados por desempe\u00f1o en examen EGEL - CETYS\",\"isPartOf\":{\"@id\":\"https:\\\/\\\/www.cetys.mx\\\/noticias\\\/#website\"},\"primaryImageOfPage\":{\"@id\":\"https:\\\/\\\/www.cetys.mx\\\/noticias\\\/egresados-de-cetys-tijuana-son-premiados-por-desempeno-en-examen-egel\\\/#primaryimage\"},\"image\":{\"@id\":\"https:\\\/\\\/www.cetys.mx\\\/noticias\\\/egresados-de-cetys-tijuana-son-premiados-por-desempeno-en-examen-egel\\\/#primaryimage\"},\"thumbnailUrl\":\"https:\\\/\\\/www.cetys.mx\\\/noticias\\\/wp-content\\\/uploads\\\/2023\\\/01\\\/ceneval-2022-.png\",\"datePublished\":\"2023-01-04T18:36:01+00:00\",\"author\":{\"@id\":\"https:\\\/\\\/www.cetys.mx\\\/noticias\\\/#\\\/schema\\\/person\\\/e790051ce60e18ae47cfa87011c8653f\"},\"description\":\"Articulo sobre Egresados de CETYS Tijuana son premiados por desempe\u00f1o en examen EGEL\",\"breadcrumb\":{\"@id\":\"https:\\\/\\\/www.cetys.mx\\\/noticias\\\/egresados-de-cetys-tijuana-son-premiados-por-desempeno-en-examen-egel\\\/#breadcrumb\"},\"inLanguage\":\"es\",\"potentialAction\":[{\"@type\":\"ReadAction\",\"target\":[\"https:\\\/\\\/www.cetys.mx\\\/noticias\\\/egresados-de-cetys-tijuana-son-premiados-por-desempeno-en-examen-egel\\\/\"]}]},{\"@type\":\"ImageObject\",\"inLanguage\":\"es\",\"@id\":\"https:\\\/\\\/www.cetys.mx\\\/noticias\\\/egresados-de-cetys-tijuana-son-premiados-por-desempeno-en-examen-egel\\\/#primaryimage\",\"url\":\"https:\\\/\\\/www.cetys.mx\\\/noticias\\\/wp-content\\\/uploads\\\/2023\\\/01\\\/ceneval-2022-.png\",\"contentUrl\":\"https:\\\/\\\/www.cetys.mx\\\/noticias\\\/wp-content\\\/uploads\\\/2023\\\/01\\\/ceneval-2022-.png\",\"width\":958,\"height\":637},{\"@type\":\"BreadcrumbList\",\"@id\":\"https:\\\/\\\/www.cetys.mx\\\/noticias\\\/egresados-de-cetys-tijuana-son-premiados-por-desempeno-en-examen-egel\\\/#breadcrumb\",\"itemListElement\":[{\"@type\":\"ListItem\",\"position\":1,\"name\":\"Inicio\",\"item\":\"https:\\\/\\\/www.cetys.mx\\\/noticias\\\/\"},{\"@type\":\"ListItem\",\"position\":2,\"name\":\"Egresados de CETYS Tijuana son premiados por desempe\u00f1o en examen EGEL\"}]},{\"@type\":\"WebSite\",\"@id\":\"https:\\\/\\\/www.cetys.mx\\\/noticias\\\/#website\",\"url\":\"https:\\\/\\\/www.cetys.mx\\\/noticias\\\/\",\"name\":\"CETYS\",\"description\":\"\",\"potentialAction\":[{\"@type\":\"SearchAction\",\"target\":{\"@type\":\"EntryPoint\",\"urlTemplate\":\"https:\\\/\\\/www.cetys.mx\\\/noticias\\\/?s={search_term_string}\"},\"query-input\":{\"@type\":\"PropertyValueSpecification\",\"valueRequired\":true,\"valueName\":\"search_term_string\"}}],\"inLanguage\":\"es\"},{\"@type\":\"Person\",\"@id\":\"https:\\\/\\\/www.cetys.mx\\\/noticias\\\/#\\\/schema\\\/person\\\/e790051ce60e18ae47cfa87011c8653f\",\"name\":\"Campus Tijuana\",\"url\":\"https:\\\/\\\/www.cetys.mx\\\/noticias\\\/author\\\/campustijuana\\\/\"}]}<\/script>\n<!-- \/ Yoast SEO plugin. -->","yoast_head_json":{"title":"Egresados de CETYS Tijuana son premiados por desempe\u00f1o en examen EGEL - CETYS","description":"Articulo sobre Egresados de CETYS Tijuana son premiados por desempe\u00f1o en examen EGEL","robots":{"index":"index","follow":"follow","max-snippet":"max-snippet:-1","max-image-preview":"max-image-preview:large","max-video-preview":"max-video-preview:-1"},"canonical":"https:\/\/www.cetys.mx\/noticias\/egresados-de-cetys-tijuana-son-premiados-por-desempeno-en-examen-egel\/","og_locale":"es_MX","og_type":"article","og_title":"Egresados de CETYS Tijuana son premiados por desempe\u00f1o en examen EGEL - CETYS","og_description":"Articulo sobre Egresados de CETYS Tijuana son premiados por desempe\u00f1o en examen EGEL","og_url":"https:\/\/www.cetys.mx\/noticias\/egresados-de-cetys-tijuana-son-premiados-por-desempeno-en-examen-egel\/","og_site_name":"CETYS","article_publisher":"https:\/\/www.facebook.com\/cetysuniversidadmxl\/","article_published_time":"2023-01-04T18:36:01+00:00","og_image":[{"width":958,"height":637,"url":"https:\/\/www.cetys.mx\/noticias\/wp-content\/uploads\/2023\/01\/ceneval-2022-.png","type":"image\/png"}],"author":"Campus Tijuana","twitter_card":"summary_large_image","twitter_creator":"@cetysuni","twitter_site":"@cetysuni","twitter_misc":{"Escrito por":"Campus Tijuana","Tiempo de lectura":"2 minutos"},"schema":{"@context":"https:\/\/schema.org","@graph":[{"@type":"Article","@id":"https:\/\/www.cetys.mx\/noticias\/egresados-de-cetys-tijuana-son-premiados-por-desempeno-en-examen-egel\/#article","isPartOf":{"@id":"https:\/\/www.cetys.mx\/noticias\/egresados-de-cetys-tijuana-son-premiados-por-desempeno-en-examen-egel\/"},"author":{"name":"Campus Tijuana","@id":"https:\/\/www.cetys.mx\/noticias\/#\/schema\/person\/e790051ce60e18ae47cfa87011c8653f"},"headline":"Egresados de CETYS Tijuana son premiados por desempe\u00f1o en examen EGEL","datePublished":"2023-01-04T18:36:01+00:00","mainEntityOfPage":{"@id":"https:\/\/www.cetys.mx\/noticias\/egresados-de-cetys-tijuana-son-premiados-por-desempeno-en-examen-egel\/"},"wordCount":427,"commentCount":0,"image":{"@id":"https:\/\/www.cetys.mx\/noticias\/egresados-de-cetys-tijuana-son-premiados-por-desempeno-en-examen-egel\/#primaryimage"},"thumbnailUrl":"https:\/\/www.cetys.mx\/noticias\/wp-content\/uploads\/2023\/01\/ceneval-2022-.png","keywords":["Campus Tijuana","ceneval","CETYS Universidad","EGEL"],"articleSection":["Alumni","Campus Tijuana","Portada"],"inLanguage":"es","potentialAction":[{"@type":"CommentAction","name":"Comment","target":["https:\/\/www.cetys.mx\/noticias\/egresados-de-cetys-tijuana-son-premiados-por-desempeno-en-examen-egel\/#respond"]}]},{"@type":"WebPage","@id":"https:\/\/www.cetys.mx\/noticias\/egresados-de-cetys-tijuana-son-premiados-por-desempeno-en-examen-egel\/","url":"https:\/\/www.cetys.mx\/noticias\/egresados-de-cetys-tijuana-son-premiados-por-desempeno-en-examen-egel\/","name":"Egresados de CETYS Tijuana son premiados por desempe\u00f1o en examen EGEL - CETYS","isPartOf":{"@id":"https:\/\/www.cetys.mx\/noticias\/#website"},"primaryImageOfPage":{"@id":"https:\/\/www.cetys.mx\/noticias\/egresados-de-cetys-tijuana-son-premiados-por-desempeno-en-examen-egel\/#primaryimage"},"image":{"@id":"https:\/\/www.cetys.mx\/noticias\/egresados-de-cetys-tijuana-son-premiados-por-desempeno-en-examen-egel\/#primaryimage"},"thumbnailUrl":"https:\/\/www.cetys.mx\/noticias\/wp-content\/uploads\/2023\/01\/ceneval-2022-.png","datePublished":"2023-01-04T18:36:01+00:00","author":{"@id":"https:\/\/www.cetys.mx\/noticias\/#\/schema\/person\/e790051ce60e18ae47cfa87011c8653f"},"description":"Articulo sobre Egresados de CETYS Tijuana son premiados por desempe\u00f1o en examen EGEL","breadcrumb":{"@id":"https:\/\/www.cetys.mx\/noticias\/egresados-de-cetys-tijuana-son-premiados-por-desempeno-en-examen-egel\/#breadcrumb"},"inLanguage":"es","potentialAction":[{"@type":"ReadAction","target":["https:\/\/www.cetys.mx\/noticias\/egresados-de-cetys-tijuana-son-premiados-por-desempeno-en-examen-egel\/"]}]},{"@type":"ImageObject","inLanguage":"es","@id":"https:\/\/www.cetys.mx\/noticias\/egresados-de-cetys-tijuana-son-premiados-por-desempeno-en-examen-egel\/#primaryimage","url":"https:\/\/www.cetys.mx\/noticias\/wp-content\/uploads\/2023\/01\/ceneval-2022-.png","contentUrl":"https:\/\/www.cetys.mx\/noticias\/wp-content\/uploads\/2023\/01\/ceneval-2022-.png","width":958,"height":637},{"@type":"BreadcrumbList","@id":"https:\/\/www.cetys.mx\/noticias\/egresados-de-cetys-tijuana-son-premiados-por-desempeno-en-examen-egel\/#breadcrumb","itemListElement":[{"@type":"ListItem","position":1,"name":"Inicio","item":"https:\/\/www.cetys.mx\/noticias\/"},{"@type":"ListItem","position":2,"name":"Egresados de CETYS Tijuana son premiados por desempe\u00f1o en examen EGEL"}]},{"@type":"WebSite","@id":"https:\/\/www.cetys.mx\/noticias\/#website","url":"https:\/\/www.cetys.mx\/noticias\/","name":"CETYS","description":"","potentialAction":[{"@type":"SearchAction","target":{"@type":"EntryPoint","urlTemplate":"https:\/\/www.cetys.mx\/noticias\/?s={search_term_string}"},"query-input":{"@type":"PropertyValueSpecification","valueRequired":true,"valueName":"search_term_string"}}],"inLanguage":"es"},{"@type":"Person","@id":"https:\/\/www.cetys.mx\/noticias\/#\/schema\/person\/e790051ce60e18ae47cfa87011c8653f","name":"Campus Tijuana","url":"https:\/\/www.cetys.mx\/noticias\/author\/campustijuana\/"}]}},"_links":{"self":[{"href":"https:\/\/www.cetys.mx\/noticias\/wp-json\/wp\/v2\/posts\/169787","targetHints":{"allow":["GET"]}}],"collection":[{"href":"https:\/\/www.cetys.mx\/noticias\/wp-json\/wp\/v2\/posts"}],"about":[{"href":"https:\/\/www.cetys.mx\/noticias\/wp-json\/wp\/v2\/types\/post"}],"author":[{"embeddable":true,"href":"https:\/\/www.cetys.mx\/noticias\/wp-json\/wp\/v2\/users\/24"}],"replies":[{"embeddable":true,"href":"https:\/\/www.cetys.mx\/noticias\/wp-json\/wp\/v2\/comments?post=169787"}],"version-history":[{"count":3,"href":"https:\/\/www.cetys.mx\/noticias\/wp-json\/wp\/v2\/posts\/169787\/revisions"}],"predecessor-version":[{"id":169838,"href":"https:\/\/www.cetys.mx\/noticias\/wp-json\/wp\/v2\/posts\/169787\/revisions\/169838"}],"wp:featuredmedia":[{"embeddable":true,"href":"https:\/\/www.cetys.mx\/noticias\/wp-json\/wp\/v2\/media\/169781"}],"wp:attachment":[{"href":"https:\/\/www.cetys.mx\/noticias\/wp-json\/wp\/v2\/media?parent=169787"}],"wp:term":[{"taxonomy":"category","embeddable":true,"href":"https:\/\/www.cetys.mx\/noticias\/wp-json\/wp\/v2\/categories?post=169787"},{"taxonomy":"post_tag","embeddable":true,"href":"https:\/\/www.cetys.mx\/noticias\/wp-json\/wp\/v2\/tags?post=169787"}],"curies":[{"name":"wp","href":"https:\/\/api.w.org\/{rel}","templated":true}]}}