{"id":169664,"date":"2022-12-15T16:55:48","date_gmt":"2022-12-16T00:55:48","guid":{"rendered":"https:\/\/www.cetys.mx\/noticias\/?p=169664"},"modified":"2022-12-15T16:55:48","modified_gmt":"2022-12-16T00:55:48","slug":"cca-reunion-2022","status":"publish","type":"post","link":"https:\/\/www.cetys.mx\/noticias\/cca-reunion-2022\/","title":{"rendered":"Sostiene el Consejo Consultivo Acad\u00e9mico de CETYS \u00faltima reuni\u00f3n del 2022"},"content":{"rendered":"<p style=\"text-align: justify;\"><span style=\"font-weight: 400;\">Teniendo como invitados especiales a<\/span><span style=\"font-weight: 400;\">l Dr. Alberto G\u00e1rate Rivera, vicerrector acad\u00e9mico del Sistema CETYS Universidad y al Dr. Mauro Antonio Ch\u00e1vez L\u00f3pez, director de Desarrollo Acad\u00e9mico, el Consejo Consultivo Acad\u00e9mico (CCA) de esta instituci\u00f3n sostuvo su \u00faltima reuni\u00f3n del 2022, en la cual se trataron temas relativos a la tipolog\u00eda del profesorado y sus implicaciones.\u00a0<\/span><\/p>\n<p style=\"text-align: justify;\"><span style=\"font-weight: 400;\"><img loading=\"lazy\" decoding=\"async\" class=\" wp-image-169665 alignleft\" src=\"https:\/\/www.cetys.mx\/noticias\/wp-content\/uploads\/2022\/12\/DSC_0556.jpg\" alt=\"\" width=\"358\" height=\"238\" srcset=\"https:\/\/www.cetys.mx\/noticias\/wp-content\/uploads\/2022\/12\/DSC_0556.jpg 958w, https:\/\/www.cetys.mx\/noticias\/wp-content\/uploads\/2022\/12\/DSC_0556-768x511.jpg 768w\" sizes=\"auto, (max-width: 358px) 100vw, 358px\" \/>El CCA es un organismo dedicado a analizar y discutir los temas de mayor trascendencia para el buen funcionamiento del Sistema CETYS Universidad, as\u00ed como a realizar los planteamientos y recomendaciones pertinentes en torno a estos temas ante la Rector\u00eda.\u00a0<\/span><\/p>\n<p style=\"text-align: justify;\"><span style=\"font-weight: 400;\">Actualmente, est\u00e1 integrado por la Mtra. Mar\u00eda Teresa Gastelum Mendoza,\u00a0<\/span><span style=\"font-weight: 400;\">presidente de la Comisi\u00f3n de Desarrollo del Profesorado; Dr. \u00c9dgar Antonio Madrid, miembro de la Comisi\u00f3n de Vida Estudiantil; Dr. Germ\u00e1n Serna Valenzuela, presidente de la Comisi\u00f3n de Curr\u00edculo y Co-curr\u00edculo; Dr. Jes\u00fas Mora Ram\u00edrez, miembro de la Comisi\u00f3n de Curr\u00edculo y Co-curr\u00edculo; Dr. Francisco Alberto N\u00fa\u00f1ez Tapia, Secretario del CCA y miembro de la Comisi\u00f3n de Desarrollo del Profesorado; Mtra. Mar\u00eda Torres Lecuanda, presidente de la Comisi\u00f3n de Vida Estudiantil; Dra. Sol Elvira P\u00e9rez Torres Lara, presidente del CCA y miembro de la Comisi\u00f3n de Pol\u00edticas institucionales y Organizaci\u00f3n Acad\u00e9mica y el Dr. Jos\u00e9 Crist\u00f3bal Hern\u00e1ndez Tamayo, presidente de la Comisi\u00f3n de Pol\u00edticas institucionales y Organizaci\u00f3n Acad\u00e9mica.<\/span><\/p>\n<p><img loading=\"lazy\" decoding=\"async\" class=\" wp-image-169666 aligncenter\" src=\"https:\/\/www.cetys.mx\/noticias\/wp-content\/uploads\/2022\/12\/DSC_0563.jpg\" alt=\"\" width=\"487\" height=\"324\" srcset=\"https:\/\/www.cetys.mx\/noticias\/wp-content\/uploads\/2022\/12\/DSC_0563.jpg 958w, https:\/\/www.cetys.mx\/noticias\/wp-content\/uploads\/2022\/12\/DSC_0563-768x511.jpg 768w\" sizes=\"auto, (max-width: 487px) 100vw, 487px\" \/><\/p>\n<p style=\"text-align: justify;\">\n","protected":false},"excerpt":{"rendered":"<p>Teniendo como invitados especiales al Dr. Alberto G\u00e1rate Rivera, vicerrector acad\u00e9mico del Sistema CETYS Universidad y al Dr. Mauro Antonio Ch\u00e1vez L\u00f3pez,&#8230;<\/p>\n","protected":false},"author":20,"featured_media":169667,"comment_status":"open","ping_status":"closed","sticky":false,"template":"","format":"standard","meta":{"footnotes":""},"categories":[133],"tags":[],"class_list":["post-169664","post","type-post","status-publish","format-standard","has-post-thumbnail","hentry","category-campus-mexicali"],"yoast_head":"<!-- This site is optimized with the Yoast SEO plugin v27.4 - https:\/\/yoast.com\/product\/yoast-seo-wordpress\/ -->\n<title>Sostiene el Consejo Consultivo Acad\u00e9mico de CETYS \u00faltima reuni\u00f3n del 2022 - CETYS<\/title>\n<meta name=\"description\" content=\"Articulo sobre Sostiene el Consejo Consultivo Acad\u00e9mico de CETYS \u00faltima reuni\u00f3n del 2022\" \/>\n<meta name=\"robots\" content=\"index, follow, max-snippet:-1, max-image-preview:large, max-video-preview:-1\" \/>\n<link rel=\"canonical\" href=\"https:\/\/www.cetys.mx\/noticias\/cca-reunion-2022\/\" \/>\n<meta property=\"og:locale\" content=\"es_MX\" \/>\n<meta property=\"og:type\" content=\"article\" \/>\n<meta property=\"og:title\" content=\"Sostiene el Consejo Consultivo Acad\u00e9mico de CETYS \u00faltima reuni\u00f3n del 2022 - CETYS\" \/>\n<meta property=\"og:description\" content=\"Articulo sobre Sostiene el Consejo Consultivo Acad\u00e9mico de CETYS \u00faltima reuni\u00f3n del 2022\" \/>\n<meta property=\"og:url\" content=\"https:\/\/www.cetys.mx\/noticias\/cca-reunion-2022\/\" \/>\n<meta property=\"og:site_name\" content=\"CETYS\" \/>\n<meta property=\"article:publisher\" content=\"https:\/\/www.facebook.com\/cetysuniversidadmxl\/\" \/>\n<meta property=\"article:published_time\" content=\"2022-12-16T00:55:48+00:00\" \/>\n<meta property=\"og:image\" content=\"https:\/\/www.cetys.mx\/noticias\/wp-content\/uploads\/2022\/12\/DSC_0546.jpg\" \/>\n\t<meta property=\"og:image:width\" content=\"958\" \/>\n\t<meta property=\"og:image:height\" content=\"637\" \/>\n\t<meta property=\"og:image:type\" content=\"image\/jpeg\" \/>\n<meta name=\"author\" content=\"Campus Mexicali\" \/>\n<meta name=\"twitter:card\" content=\"summary_large_image\" \/>\n<meta name=\"twitter:creator\" content=\"@cetysuni\" \/>\n<meta name=\"twitter:site\" content=\"@cetysuni\" \/>\n<meta name=\"twitter:label1\" content=\"Escrito por\" \/>\n\t<meta name=\"twitter:data1\" content=\"Campus Mexicali\" \/>\n\t<meta name=\"twitter:label2\" content=\"Tiempo de lectura\" \/>\n\t<meta name=\"twitter:data2\" content=\"1 minuto\" \/>\n<script type=\"application\/ld+json\" class=\"yoast-schema-graph\">{\"@context\":\"https:\\\/\\\/schema.org\",\"@graph\":[{\"@type\":\"Article\",\"@id\":\"https:\\\/\\\/www.cetys.mx\\\/noticias\\\/cca-reunion-2022\\\/#article\",\"isPartOf\":{\"@id\":\"https:\\\/\\\/www.cetys.mx\\\/noticias\\\/cca-reunion-2022\\\/\"},\"author\":{\"name\":\"Campus Mexicali\",\"@id\":\"https:\\\/\\\/www.cetys.mx\\\/noticias\\\/#\\\/schema\\\/person\\\/79a95c4ac185f3705cf1b9c9340a5f70\"},\"headline\":\"Sostiene el Consejo Consultivo Acad\u00e9mico de CETYS \u00faltima reuni\u00f3n del 2022\",\"datePublished\":\"2022-12-16T00:55:48+00:00\",\"mainEntityOfPage\":{\"@id\":\"https:\\\/\\\/www.cetys.mx\\\/noticias\\\/cca-reunion-2022\\\/\"},\"wordCount\":262,\"commentCount\":0,\"image\":{\"@id\":\"https:\\\/\\\/www.cetys.mx\\\/noticias\\\/cca-reunion-2022\\\/#primaryimage\"},\"thumbnailUrl\":\"https:\\\/\\\/www.cetys.mx\\\/noticias\\\/wp-content\\\/uploads\\\/2022\\\/12\\\/DSC_0546.jpg\",\"articleSection\":[\"Campus Mexicali\"],\"inLanguage\":\"es\",\"potentialAction\":[{\"@type\":\"CommentAction\",\"name\":\"Comment\",\"target\":[\"https:\\\/\\\/www.cetys.mx\\\/noticias\\\/cca-reunion-2022\\\/#respond\"]}]},{\"@type\":\"WebPage\",\"@id\":\"https:\\\/\\\/www.cetys.mx\\\/noticias\\\/cca-reunion-2022\\\/\",\"url\":\"https:\\\/\\\/www.cetys.mx\\\/noticias\\\/cca-reunion-2022\\\/\",\"name\":\"Sostiene el Consejo Consultivo Acad\u00e9mico de CETYS \u00faltima reuni\u00f3n del 2022 - CETYS\",\"isPartOf\":{\"@id\":\"https:\\\/\\\/www.cetys.mx\\\/noticias\\\/#website\"},\"primaryImageOfPage\":{\"@id\":\"https:\\\/\\\/www.cetys.mx\\\/noticias\\\/cca-reunion-2022\\\/#primaryimage\"},\"image\":{\"@id\":\"https:\\\/\\\/www.cetys.mx\\\/noticias\\\/cca-reunion-2022\\\/#primaryimage\"},\"thumbnailUrl\":\"https:\\\/\\\/www.cetys.mx\\\/noticias\\\/wp-content\\\/uploads\\\/2022\\\/12\\\/DSC_0546.jpg\",\"datePublished\":\"2022-12-16T00:55:48+00:00\",\"author\":{\"@id\":\"https:\\\/\\\/www.cetys.mx\\\/noticias\\\/#\\\/schema\\\/person\\\/79a95c4ac185f3705cf1b9c9340a5f70\"},\"description\":\"Articulo sobre Sostiene el Consejo Consultivo Acad\u00e9mico de CETYS \u00faltima reuni\u00f3n del 2022\",\"breadcrumb\":{\"@id\":\"https:\\\/\\\/www.cetys.mx\\\/noticias\\\/cca-reunion-2022\\\/#breadcrumb\"},\"inLanguage\":\"es\",\"potentialAction\":[{\"@type\":\"ReadAction\",\"target\":[\"https:\\\/\\\/www.cetys.mx\\\/noticias\\\/cca-reunion-2022\\\/\"]}]},{\"@type\":\"ImageObject\",\"inLanguage\":\"es\",\"@id\":\"https:\\\/\\\/www.cetys.mx\\\/noticias\\\/cca-reunion-2022\\\/#primaryimage\",\"url\":\"https:\\\/\\\/www.cetys.mx\\\/noticias\\\/wp-content\\\/uploads\\\/2022\\\/12\\\/DSC_0546.jpg\",\"contentUrl\":\"https:\\\/\\\/www.cetys.mx\\\/noticias\\\/wp-content\\\/uploads\\\/2022\\\/12\\\/DSC_0546.jpg\",\"width\":958,\"height\":637},{\"@type\":\"BreadcrumbList\",\"@id\":\"https:\\\/\\\/www.cetys.mx\\\/noticias\\\/cca-reunion-2022\\\/#breadcrumb\",\"itemListElement\":[{\"@type\":\"ListItem\",\"position\":1,\"name\":\"Inicio\",\"item\":\"https:\\\/\\\/www.cetys.mx\\\/noticias\\\/\"},{\"@type\":\"ListItem\",\"position\":2,\"name\":\"Sostiene el Consejo Consultivo Acad\u00e9mico de CETYS \u00faltima reuni\u00f3n del 2022\"}]},{\"@type\":\"WebSite\",\"@id\":\"https:\\\/\\\/www.cetys.mx\\\/noticias\\\/#website\",\"url\":\"https:\\\/\\\/www.cetys.mx\\\/noticias\\\/\",\"name\":\"CETYS\",\"description\":\"\",\"potentialAction\":[{\"@type\":\"SearchAction\",\"target\":{\"@type\":\"EntryPoint\",\"urlTemplate\":\"https:\\\/\\\/www.cetys.mx\\\/noticias\\\/?s={search_term_string}\"},\"query-input\":{\"@type\":\"PropertyValueSpecification\",\"valueRequired\":true,\"valueName\":\"search_term_string\"}}],\"inLanguage\":\"es\"},{\"@type\":\"Person\",\"@id\":\"https:\\\/\\\/www.cetys.mx\\\/noticias\\\/#\\\/schema\\\/person\\\/79a95c4ac185f3705cf1b9c9340a5f70\",\"name\":\"Campus Mexicali\",\"url\":\"https:\\\/\\\/www.cetys.mx\\\/noticias\\\/author\\\/campusmexicali\\\/\"}]}<\/script>\n<!-- \/ Yoast SEO plugin. -->","yoast_head_json":{"title":"Sostiene el Consejo Consultivo Acad\u00e9mico de CETYS \u00faltima reuni\u00f3n del 2022 - CETYS","description":"Articulo sobre Sostiene el Consejo Consultivo Acad\u00e9mico de CETYS \u00faltima reuni\u00f3n del 2022","robots":{"index":"index","follow":"follow","max-snippet":"max-snippet:-1","max-image-preview":"max-image-preview:large","max-video-preview":"max-video-preview:-1"},"canonical":"https:\/\/www.cetys.mx\/noticias\/cca-reunion-2022\/","og_locale":"es_MX","og_type":"article","og_title":"Sostiene el Consejo Consultivo Acad\u00e9mico de CETYS \u00faltima reuni\u00f3n del 2022 - CETYS","og_description":"Articulo sobre Sostiene el Consejo Consultivo Acad\u00e9mico de CETYS \u00faltima reuni\u00f3n del 2022","og_url":"https:\/\/www.cetys.mx\/noticias\/cca-reunion-2022\/","og_site_name":"CETYS","article_publisher":"https:\/\/www.facebook.com\/cetysuniversidadmxl\/","article_published_time":"2022-12-16T00:55:48+00:00","og_image":[{"width":958,"height":637,"url":"https:\/\/www.cetys.mx\/noticias\/wp-content\/uploads\/2022\/12\/DSC_0546.jpg","type":"image\/jpeg"}],"author":"Campus Mexicali","twitter_card":"summary_large_image","twitter_creator":"@cetysuni","twitter_site":"@cetysuni","twitter_misc":{"Escrito por":"Campus Mexicali","Tiempo de lectura":"1 minuto"},"schema":{"@context":"https:\/\/schema.org","@graph":[{"@type":"Article","@id":"https:\/\/www.cetys.mx\/noticias\/cca-reunion-2022\/#article","isPartOf":{"@id":"https:\/\/www.cetys.mx\/noticias\/cca-reunion-2022\/"},"author":{"name":"Campus Mexicali","@id":"https:\/\/www.cetys.mx\/noticias\/#\/schema\/person\/79a95c4ac185f3705cf1b9c9340a5f70"},"headline":"Sostiene el Consejo Consultivo Acad\u00e9mico de CETYS \u00faltima reuni\u00f3n del 2022","datePublished":"2022-12-16T00:55:48+00:00","mainEntityOfPage":{"@id":"https:\/\/www.cetys.mx\/noticias\/cca-reunion-2022\/"},"wordCount":262,"commentCount":0,"image":{"@id":"https:\/\/www.cetys.mx\/noticias\/cca-reunion-2022\/#primaryimage"},"thumbnailUrl":"https:\/\/www.cetys.mx\/noticias\/wp-content\/uploads\/2022\/12\/DSC_0546.jpg","articleSection":["Campus Mexicali"],"inLanguage":"es","potentialAction":[{"@type":"CommentAction","name":"Comment","target":["https:\/\/www.cetys.mx\/noticias\/cca-reunion-2022\/#respond"]}]},{"@type":"WebPage","@id":"https:\/\/www.cetys.mx\/noticias\/cca-reunion-2022\/","url":"https:\/\/www.cetys.mx\/noticias\/cca-reunion-2022\/","name":"Sostiene el Consejo Consultivo Acad\u00e9mico de CETYS \u00faltima reuni\u00f3n del 2022 - CETYS","isPartOf":{"@id":"https:\/\/www.cetys.mx\/noticias\/#website"},"primaryImageOfPage":{"@id":"https:\/\/www.cetys.mx\/noticias\/cca-reunion-2022\/#primaryimage"},"image":{"@id":"https:\/\/www.cetys.mx\/noticias\/cca-reunion-2022\/#primaryimage"},"thumbnailUrl":"https:\/\/www.cetys.mx\/noticias\/wp-content\/uploads\/2022\/12\/DSC_0546.jpg","datePublished":"2022-12-16T00:55:48+00:00","author":{"@id":"https:\/\/www.cetys.mx\/noticias\/#\/schema\/person\/79a95c4ac185f3705cf1b9c9340a5f70"},"description":"Articulo sobre Sostiene el Consejo Consultivo Acad\u00e9mico de CETYS \u00faltima reuni\u00f3n del 2022","breadcrumb":{"@id":"https:\/\/www.cetys.mx\/noticias\/cca-reunion-2022\/#breadcrumb"},"inLanguage":"es","potentialAction":[{"@type":"ReadAction","target":["https:\/\/www.cetys.mx\/noticias\/cca-reunion-2022\/"]}]},{"@type":"ImageObject","inLanguage":"es","@id":"https:\/\/www.cetys.mx\/noticias\/cca-reunion-2022\/#primaryimage","url":"https:\/\/www.cetys.mx\/noticias\/wp-content\/uploads\/2022\/12\/DSC_0546.jpg","contentUrl":"https:\/\/www.cetys.mx\/noticias\/wp-content\/uploads\/2022\/12\/DSC_0546.jpg","width":958,"height":637},{"@type":"BreadcrumbList","@id":"https:\/\/www.cetys.mx\/noticias\/cca-reunion-2022\/#breadcrumb","itemListElement":[{"@type":"ListItem","position":1,"name":"Inicio","item":"https:\/\/www.cetys.mx\/noticias\/"},{"@type":"ListItem","position":2,"name":"Sostiene el Consejo Consultivo Acad\u00e9mico de CETYS \u00faltima reuni\u00f3n del 2022"}]},{"@type":"WebSite","@id":"https:\/\/www.cetys.mx\/noticias\/#website","url":"https:\/\/www.cetys.mx\/noticias\/","name":"CETYS","description":"","potentialAction":[{"@type":"SearchAction","target":{"@type":"EntryPoint","urlTemplate":"https:\/\/www.cetys.mx\/noticias\/?s={search_term_string}"},"query-input":{"@type":"PropertyValueSpecification","valueRequired":true,"valueName":"search_term_string"}}],"inLanguage":"es"},{"@type":"Person","@id":"https:\/\/www.cetys.mx\/noticias\/#\/schema\/person\/79a95c4ac185f3705cf1b9c9340a5f70","name":"Campus Mexicali","url":"https:\/\/www.cetys.mx\/noticias\/author\/campusmexicali\/"}]}},"_links":{"self":[{"href":"https:\/\/www.cetys.mx\/noticias\/wp-json\/wp\/v2\/posts\/169664","targetHints":{"allow":["GET"]}}],"collection":[{"href":"https:\/\/www.cetys.mx\/noticias\/wp-json\/wp\/v2\/posts"}],"about":[{"href":"https:\/\/www.cetys.mx\/noticias\/wp-json\/wp\/v2\/types\/post"}],"author":[{"embeddable":true,"href":"https:\/\/www.cetys.mx\/noticias\/wp-json\/wp\/v2\/users\/20"}],"replies":[{"embeddable":true,"href":"https:\/\/www.cetys.mx\/noticias\/wp-json\/wp\/v2\/comments?post=169664"}],"version-history":[{"count":1,"href":"https:\/\/www.cetys.mx\/noticias\/wp-json\/wp\/v2\/posts\/169664\/revisions"}],"predecessor-version":[{"id":169668,"href":"https:\/\/www.cetys.mx\/noticias\/wp-json\/wp\/v2\/posts\/169664\/revisions\/169668"}],"wp:featuredmedia":[{"embeddable":true,"href":"https:\/\/www.cetys.mx\/noticias\/wp-json\/wp\/v2\/media\/169667"}],"wp:attachment":[{"href":"https:\/\/www.cetys.mx\/noticias\/wp-json\/wp\/v2\/media?parent=169664"}],"wp:term":[{"taxonomy":"category","embeddable":true,"href":"https:\/\/www.cetys.mx\/noticias\/wp-json\/wp\/v2\/categories?post=169664"},{"taxonomy":"post_tag","embeddable":true,"href":"https:\/\/www.cetys.mx\/noticias\/wp-json\/wp\/v2\/tags?post=169664"}],"curies":[{"name":"wp","href":"https:\/\/api.w.org\/{rel}","templated":true}]}}