{"id":169580,"date":"2022-12-13T18:13:04","date_gmt":"2022-12-14T02:13:04","guid":{"rendered":"https:\/\/www.cetys.mx\/noticias\/?p=169580"},"modified":"2022-12-13T18:13:04","modified_gmt":"2022-12-14T02:13:04","slug":"cetys-imparte-conferencia-magistral-en-el-xvi-encuentro-iberoamericano-de-educacion-desde-chile","status":"publish","type":"post","link":"https:\/\/www.cetys.mx\/noticias\/cetys-imparte-conferencia-magistral-en-el-xvi-encuentro-iberoamericano-de-educacion-desde-chile\/","title":{"rendered":"CETYS imparte conferencia magistral en el XVI Encuentro Iberoamericano de Educaci\u00f3n desde Chile"},"content":{"rendered":"<p align=\"justify\">Santiago de Chile.-\u00a0 El <strong>Dr. Alberto G\u00e1rate Rivera<\/strong>, <em>Vicerrector Acad\u00e9mico del Sistema<\/em> <strong>CETYS Universidad,<\/strong> imparti\u00f3 la conferencia inaugural del XVI Encuentro Iberoamericano de Educaci\u00f3n (EIDE) que este a\u00f1o se realiz\u00f3 desde la Universidad Andr\u00e9s Bello (UNAB), en Santiago de Chile.<\/p>\n<p align=\"justify\">El EIDE est\u00e1 conformado por universidades de educaci\u00f3n superior de Iberoam\u00e9rica, tales como la\u00a0Universidad de Alcal\u00e1, Espa\u00f1a, Universidad Estatal Paulista de Brasil, la Federaci\u00f3n de Instituciones Mexicanas Particulares de Educaci\u00f3n Superior (FIMPES), Universidad Aut\u00f3noma de Bucaramanga en Colombia y la Universidad Popular Aut\u00f3noma del Estado de Puebla en M\u00e9xico.<\/p>\n<p align=\"justify\">Los especialistas de la educaci\u00f3n, que son miembros, asociados y participan en el <strong>XVI EIDE<\/strong>, tienen la oportunidad de seguir\u00a0construyendo aprendizajes integrales, entre investigadores, directivos, docentes y estudiantes a partir de la difusi\u00f3n del conocimiento, el intercambio de ideas y resultados de proyectos.<\/p>\n<p align=\"justify\">De acuerdo con el <strong>Dr. Alberto G\u00e1rate Rivera<\/strong>, se trata de una excelente oportunidad para compartir las mejores pr\u00e1cticas en un \u00e1rea que ha tenido que avanzar a pasos acelerados, luego de la situaci\u00f3n global que atravesaron tras la pandemia, y lo que le toc\u00f3 enfrentar en primera fila a las escuelas.<\/p>\n\n            <style type='text\/css'>\n                #gallery-1 {\n                    margin: auto;\n                }\n                #gallery-1 .gallery-item {\n                    float: left;\n                    margin-top: 10px;\n                    text-align: center;\n                    width: 33%;\n                }\n                #gallery-1 img {\n                    border: 2px solid #cfcfcf;\n                }\n                #gallery-1 .gallery-caption {\n                    margin-left: 0;\n                }\n                \/* see gallery_shortcode() in wp-includes\/media.php *\/\n            <\/style>\n\t\t<div id='gallery-1' class='gallery galleryid-169580 gallery-columns-3 gallery-size-thumbnail'><dl class='gallery-item'>\n                <dt class='gallery-icon landscape'>\n                    <a href='https:\/\/www.cetys.mx\/noticias\/dr-garate-rivera-chile-2022\/'><img loading=\"lazy\" decoding=\"async\" width=\"128\" height=\"85\" src=\"https:\/\/www.cetys.mx\/noticias\/wp-content\/uploads\/2022\/12\/dr-garate-rivera-chile-2022.png\" class=\"attachment-thumbnail size-thumbnail\" alt=\"\" srcset=\"https:\/\/www.cetys.mx\/noticias\/wp-content\/uploads\/2022\/12\/dr-garate-rivera-chile-2022.png 958w, https:\/\/www.cetys.mx\/noticias\/wp-content\/uploads\/2022\/12\/dr-garate-rivera-chile-2022-768x511.png 768w\" sizes=\"auto, (max-width: 128px) 100vw, 128px\" \/><\/a>\n                <\/dt><\/dl><dl class='gallery-item'>\n                <dt class='gallery-icon landscape'>\n                    <a href='https:\/\/www.cetys.mx\/noticias\/dra-melanie-montes-eide-2022\/'><img loading=\"lazy\" decoding=\"async\" width=\"128\" height=\"85\" src=\"https:\/\/www.cetys.mx\/noticias\/wp-content\/uploads\/2022\/12\/dra-melanie-montes-EIDE-2022.png\" class=\"attachment-thumbnail size-thumbnail\" alt=\"\" srcset=\"https:\/\/www.cetys.mx\/noticias\/wp-content\/uploads\/2022\/12\/dra-melanie-montes-EIDE-2022.png 958w, https:\/\/www.cetys.mx\/noticias\/wp-content\/uploads\/2022\/12\/dra-melanie-montes-EIDE-2022-768x511.png 768w\" sizes=\"auto, (max-width: 128px) 100vw, 128px\" \/><\/a>\n                <\/dt><\/dl><dl class='gallery-item'>\n                <dt class='gallery-icon landscape'>\n                    <a href='https:\/\/www.cetys.mx\/noticias\/cetys-imparte-conferencia-magistral-en-el-xvi-encuentro-iberoamericano-de-educacion-desde-chile\/dr-bonilla-en-eide-2022\/'><img loading=\"lazy\" decoding=\"async\" width=\"128\" height=\"85\" src=\"https:\/\/www.cetys.mx\/noticias\/wp-content\/uploads\/2022\/12\/dr-bonilla-en-EIDE-2022.png\" class=\"attachment-thumbnail size-thumbnail\" alt=\"\" srcset=\"https:\/\/www.cetys.mx\/noticias\/wp-content\/uploads\/2022\/12\/dr-bonilla-en-EIDE-2022.png 958w, https:\/\/www.cetys.mx\/noticias\/wp-content\/uploads\/2022\/12\/dr-bonilla-en-EIDE-2022-768x511.png 768w\" sizes=\"auto, (max-width: 128px) 100vw, 128px\" \/><\/a>\n                <\/dt><\/dl><br style=\"clear: both\" \/>\n            <\/div>\n\n<p align=\"justify\">Asimismo, el <strong>Dr. Jos\u00e9 Luis Bonilla Esquivel<\/strong> , <em>Director del Colegio de Ciencias Sociales y Humanidades del Sistema CETYS<\/em>, y la<strong> Dra. Melanie Montes Silva<\/strong>, <em>Coordinadora de la Maestr\u00eda en Educaci\u00f3n de CETYS en Tijuana<\/em>, presentaron la ponencia sobre:<em> \u201cMedici\u00f3n de la Internacionalizaci\u00f3n en un programa de Doctorado en educaci\u00f3n, comparaci\u00f3n de dos generaciones\u201d.<\/em><\/p>\n<p align=\"justify\">El EIDE es llevado a cabo por la Organizaci\u00f3n de Estados Iberoamericanos (OEI) y, en esta edici\u00f3n, con la Universidad Andr\u00e9s Bello UNAB, de Chile, la Universidad Alcal\u00e1 (UAH) en Espa\u00f1a y la Universidad Estadual Paulista (UNESP)\u00a0 de Brasi. <strong>CETYS Universidad<\/strong> es asociada desde hace 8 a\u00f1os.<\/p>\n","protected":false},"excerpt":{"rendered":"<p>Santiago de Chile.-\u00a0 El Dr. Alberto G\u00e1rate Rivera, Vicerrector Acad\u00e9mico del Sistema CETYS Universidad, imparti\u00f3 la conferencia inaugural del XVI Encuentro Iberoamericano&#8230;<\/p>\n","protected":false},"author":24,"featured_media":169572,"comment_status":"open","ping_status":"closed","sticky":false,"template":"","format":"standard","meta":{"footnotes":""},"categories":[209,125],"tags":[],"class_list":["post-169580","post","type-post","status-publish","format-standard","has-post-thumbnail","hentry","category-institucional","category-portada"],"yoast_head":"<!-- This site is optimized with the Yoast SEO plugin v27.4 - https:\/\/yoast.com\/product\/yoast-seo-wordpress\/ -->\n<title>CETYS imparte conferencia magistral en el XVI Encuentro Iberoamericano de Educaci\u00f3n desde Chile - CETYS<\/title>\n<meta name=\"description\" content=\"CETYS Universidad estuvo presente en el XVI Encuentro Iberoamericano de Educaci\u00f3n que se realiz\u00f3 en Santiago de Chile, desde la Universidad Andr\u00e9s Bello (UNAB) Campus Antonio Varas.\" \/>\n<meta name=\"robots\" content=\"index, follow, max-snippet:-1, max-image-preview:large, max-video-preview:-1\" \/>\n<link rel=\"canonical\" href=\"https:\/\/www.cetys.mx\/noticias\/cetys-imparte-conferencia-magistral-en-el-xvi-encuentro-iberoamericano-de-educacion-desde-chile\/\" \/>\n<meta property=\"og:locale\" content=\"es_MX\" \/>\n<meta property=\"og:type\" content=\"article\" \/>\n<meta property=\"og:title\" content=\"CETYS imparte conferencia magistral en el XVI Encuentro Iberoamericano de Educaci\u00f3n desde Chile - CETYS\" \/>\n<meta property=\"og:description\" content=\"CETYS Universidad estuvo presente en el XVI Encuentro Iberoamericano de Educaci\u00f3n que se realiz\u00f3 en Santiago de Chile, desde la Universidad Andr\u00e9s Bello (UNAB) Campus Antonio Varas.\" \/>\n<meta property=\"og:url\" content=\"https:\/\/www.cetys.mx\/noticias\/cetys-imparte-conferencia-magistral-en-el-xvi-encuentro-iberoamericano-de-educacion-desde-chile\/\" \/>\n<meta property=\"og:site_name\" content=\"CETYS\" \/>\n<meta property=\"article:publisher\" content=\"https:\/\/www.facebook.com\/cetysuniversidadmxl\/\" \/>\n<meta property=\"article:published_time\" content=\"2022-12-14T02:13:04+00:00\" \/>\n<meta property=\"og:image\" content=\"https:\/\/www.cetys.mx\/noticias\/wp-content\/uploads\/2022\/12\/dr-garate-en-conferencia-EIDE-2022.png\" \/>\n\t<meta property=\"og:image:width\" content=\"958\" \/>\n\t<meta property=\"og:image:height\" content=\"637\" \/>\n\t<meta property=\"og:image:type\" content=\"image\/png\" \/>\n<meta name=\"author\" content=\"Campus Tijuana\" \/>\n<meta name=\"twitter:card\" content=\"summary_large_image\" \/>\n<meta name=\"twitter:creator\" content=\"@cetysuni\" \/>\n<meta name=\"twitter:site\" content=\"@cetysuni\" \/>\n<meta name=\"twitter:label1\" content=\"Escrito por\" \/>\n\t<meta name=\"twitter:data1\" content=\"Campus Tijuana\" \/>\n\t<meta name=\"twitter:label2\" content=\"Tiempo de lectura\" \/>\n\t<meta name=\"twitter:data2\" content=\"2 minutos\" \/>\n<script type=\"application\/ld+json\" class=\"yoast-schema-graph\">{\"@context\":\"https:\\\/\\\/schema.org\",\"@graph\":[{\"@type\":\"Article\",\"@id\":\"https:\\\/\\\/www.cetys.mx\\\/noticias\\\/cetys-imparte-conferencia-magistral-en-el-xvi-encuentro-iberoamericano-de-educacion-desde-chile\\\/#article\",\"isPartOf\":{\"@id\":\"https:\\\/\\\/www.cetys.mx\\\/noticias\\\/cetys-imparte-conferencia-magistral-en-el-xvi-encuentro-iberoamericano-de-educacion-desde-chile\\\/\"},\"author\":{\"name\":\"Campus Tijuana\",\"@id\":\"https:\\\/\\\/www.cetys.mx\\\/noticias\\\/#\\\/schema\\\/person\\\/e790051ce60e18ae47cfa87011c8653f\"},\"headline\":\"CETYS imparte conferencia magistral en el XVI Encuentro Iberoamericano de Educaci\u00f3n desde Chile\",\"datePublished\":\"2022-12-14T02:13:04+00:00\",\"mainEntityOfPage\":{\"@id\":\"https:\\\/\\\/www.cetys.mx\\\/noticias\\\/cetys-imparte-conferencia-magistral-en-el-xvi-encuentro-iberoamericano-de-educacion-desde-chile\\\/\"},\"wordCount\":331,\"commentCount\":0,\"image\":{\"@id\":\"https:\\\/\\\/www.cetys.mx\\\/noticias\\\/cetys-imparte-conferencia-magistral-en-el-xvi-encuentro-iberoamericano-de-educacion-desde-chile\\\/#primaryimage\"},\"thumbnailUrl\":\"https:\\\/\\\/www.cetys.mx\\\/noticias\\\/wp-content\\\/uploads\\\/2022\\\/12\\\/dr-garate-en-conferencia-EIDE-2022.png\",\"articleSection\":[\"Institucional\",\"Portada\"],\"inLanguage\":\"es\",\"potentialAction\":[{\"@type\":\"CommentAction\",\"name\":\"Comment\",\"target\":[\"https:\\\/\\\/www.cetys.mx\\\/noticias\\\/cetys-imparte-conferencia-magistral-en-el-xvi-encuentro-iberoamericano-de-educacion-desde-chile\\\/#respond\"]}]},{\"@type\":\"WebPage\",\"@id\":\"https:\\\/\\\/www.cetys.mx\\\/noticias\\\/cetys-imparte-conferencia-magistral-en-el-xvi-encuentro-iberoamericano-de-educacion-desde-chile\\\/\",\"url\":\"https:\\\/\\\/www.cetys.mx\\\/noticias\\\/cetys-imparte-conferencia-magistral-en-el-xvi-encuentro-iberoamericano-de-educacion-desde-chile\\\/\",\"name\":\"CETYS imparte conferencia magistral en el XVI Encuentro Iberoamericano de Educaci\u00f3n desde Chile - CETYS\",\"isPartOf\":{\"@id\":\"https:\\\/\\\/www.cetys.mx\\\/noticias\\\/#website\"},\"primaryImageOfPage\":{\"@id\":\"https:\\\/\\\/www.cetys.mx\\\/noticias\\\/cetys-imparte-conferencia-magistral-en-el-xvi-encuentro-iberoamericano-de-educacion-desde-chile\\\/#primaryimage\"},\"image\":{\"@id\":\"https:\\\/\\\/www.cetys.mx\\\/noticias\\\/cetys-imparte-conferencia-magistral-en-el-xvi-encuentro-iberoamericano-de-educacion-desde-chile\\\/#primaryimage\"},\"thumbnailUrl\":\"https:\\\/\\\/www.cetys.mx\\\/noticias\\\/wp-content\\\/uploads\\\/2022\\\/12\\\/dr-garate-en-conferencia-EIDE-2022.png\",\"datePublished\":\"2022-12-14T02:13:04+00:00\",\"author\":{\"@id\":\"https:\\\/\\\/www.cetys.mx\\\/noticias\\\/#\\\/schema\\\/person\\\/e790051ce60e18ae47cfa87011c8653f\"},\"description\":\"CETYS Universidad estuvo presente en el XVI Encuentro Iberoamericano de Educaci\u00f3n que se realiz\u00f3 en Santiago de Chile, desde la Universidad Andr\u00e9s Bello (UNAB) Campus Antonio Varas.\",\"breadcrumb\":{\"@id\":\"https:\\\/\\\/www.cetys.mx\\\/noticias\\\/cetys-imparte-conferencia-magistral-en-el-xvi-encuentro-iberoamericano-de-educacion-desde-chile\\\/#breadcrumb\"},\"inLanguage\":\"es\",\"potentialAction\":[{\"@type\":\"ReadAction\",\"target\":[\"https:\\\/\\\/www.cetys.mx\\\/noticias\\\/cetys-imparte-conferencia-magistral-en-el-xvi-encuentro-iberoamericano-de-educacion-desde-chile\\\/\"]}]},{\"@type\":\"ImageObject\",\"inLanguage\":\"es\",\"@id\":\"https:\\\/\\\/www.cetys.mx\\\/noticias\\\/cetys-imparte-conferencia-magistral-en-el-xvi-encuentro-iberoamericano-de-educacion-desde-chile\\\/#primaryimage\",\"url\":\"https:\\\/\\\/www.cetys.mx\\\/noticias\\\/wp-content\\\/uploads\\\/2022\\\/12\\\/dr-garate-en-conferencia-EIDE-2022.png\",\"contentUrl\":\"https:\\\/\\\/www.cetys.mx\\\/noticias\\\/wp-content\\\/uploads\\\/2022\\\/12\\\/dr-garate-en-conferencia-EIDE-2022.png\",\"width\":958,\"height\":637},{\"@type\":\"BreadcrumbList\",\"@id\":\"https:\\\/\\\/www.cetys.mx\\\/noticias\\\/cetys-imparte-conferencia-magistral-en-el-xvi-encuentro-iberoamericano-de-educacion-desde-chile\\\/#breadcrumb\",\"itemListElement\":[{\"@type\":\"ListItem\",\"position\":1,\"name\":\"Inicio\",\"item\":\"https:\\\/\\\/www.cetys.mx\\\/noticias\\\/\"},{\"@type\":\"ListItem\",\"position\":2,\"name\":\"CETYS imparte conferencia magistral en el XVI Encuentro Iberoamericano de Educaci\u00f3n desde Chile\"}]},{\"@type\":\"WebSite\",\"@id\":\"https:\\\/\\\/www.cetys.mx\\\/noticias\\\/#website\",\"url\":\"https:\\\/\\\/www.cetys.mx\\\/noticias\\\/\",\"name\":\"CETYS\",\"description\":\"\",\"potentialAction\":[{\"@type\":\"SearchAction\",\"target\":{\"@type\":\"EntryPoint\",\"urlTemplate\":\"https:\\\/\\\/www.cetys.mx\\\/noticias\\\/?s={search_term_string}\"},\"query-input\":{\"@type\":\"PropertyValueSpecification\",\"valueRequired\":true,\"valueName\":\"search_term_string\"}}],\"inLanguage\":\"es\"},{\"@type\":\"Person\",\"@id\":\"https:\\\/\\\/www.cetys.mx\\\/noticias\\\/#\\\/schema\\\/person\\\/e790051ce60e18ae47cfa87011c8653f\",\"name\":\"Campus Tijuana\",\"url\":\"https:\\\/\\\/www.cetys.mx\\\/noticias\\\/author\\\/campustijuana\\\/\"}]}<\/script>\n<!-- \/ Yoast SEO plugin. -->","yoast_head_json":{"title":"CETYS imparte conferencia magistral en el XVI Encuentro Iberoamericano de Educaci\u00f3n desde Chile - CETYS","description":"CETYS Universidad estuvo presente en el XVI Encuentro Iberoamericano de Educaci\u00f3n que se realiz\u00f3 en Santiago de Chile, desde la Universidad Andr\u00e9s Bello (UNAB) Campus Antonio Varas.","robots":{"index":"index","follow":"follow","max-snippet":"max-snippet:-1","max-image-preview":"max-image-preview:large","max-video-preview":"max-video-preview:-1"},"canonical":"https:\/\/www.cetys.mx\/noticias\/cetys-imparte-conferencia-magistral-en-el-xvi-encuentro-iberoamericano-de-educacion-desde-chile\/","og_locale":"es_MX","og_type":"article","og_title":"CETYS imparte conferencia magistral en el XVI Encuentro Iberoamericano de Educaci\u00f3n desde Chile - CETYS","og_description":"CETYS Universidad estuvo presente en el XVI Encuentro Iberoamericano de Educaci\u00f3n que se realiz\u00f3 en Santiago de Chile, desde la Universidad Andr\u00e9s Bello (UNAB) Campus Antonio Varas.","og_url":"https:\/\/www.cetys.mx\/noticias\/cetys-imparte-conferencia-magistral-en-el-xvi-encuentro-iberoamericano-de-educacion-desde-chile\/","og_site_name":"CETYS","article_publisher":"https:\/\/www.facebook.com\/cetysuniversidadmxl\/","article_published_time":"2022-12-14T02:13:04+00:00","og_image":[{"width":958,"height":637,"url":"https:\/\/www.cetys.mx\/noticias\/wp-content\/uploads\/2022\/12\/dr-garate-en-conferencia-EIDE-2022.png","type":"image\/png"}],"author":"Campus Tijuana","twitter_card":"summary_large_image","twitter_creator":"@cetysuni","twitter_site":"@cetysuni","twitter_misc":{"Escrito por":"Campus Tijuana","Tiempo de lectura":"2 minutos"},"schema":{"@context":"https:\/\/schema.org","@graph":[{"@type":"Article","@id":"https:\/\/www.cetys.mx\/noticias\/cetys-imparte-conferencia-magistral-en-el-xvi-encuentro-iberoamericano-de-educacion-desde-chile\/#article","isPartOf":{"@id":"https:\/\/www.cetys.mx\/noticias\/cetys-imparte-conferencia-magistral-en-el-xvi-encuentro-iberoamericano-de-educacion-desde-chile\/"},"author":{"name":"Campus Tijuana","@id":"https:\/\/www.cetys.mx\/noticias\/#\/schema\/person\/e790051ce60e18ae47cfa87011c8653f"},"headline":"CETYS imparte conferencia magistral en el XVI Encuentro Iberoamericano de Educaci\u00f3n desde Chile","datePublished":"2022-12-14T02:13:04+00:00","mainEntityOfPage":{"@id":"https:\/\/www.cetys.mx\/noticias\/cetys-imparte-conferencia-magistral-en-el-xvi-encuentro-iberoamericano-de-educacion-desde-chile\/"},"wordCount":331,"commentCount":0,"image":{"@id":"https:\/\/www.cetys.mx\/noticias\/cetys-imparte-conferencia-magistral-en-el-xvi-encuentro-iberoamericano-de-educacion-desde-chile\/#primaryimage"},"thumbnailUrl":"https:\/\/www.cetys.mx\/noticias\/wp-content\/uploads\/2022\/12\/dr-garate-en-conferencia-EIDE-2022.png","articleSection":["Institucional","Portada"],"inLanguage":"es","potentialAction":[{"@type":"CommentAction","name":"Comment","target":["https:\/\/www.cetys.mx\/noticias\/cetys-imparte-conferencia-magistral-en-el-xvi-encuentro-iberoamericano-de-educacion-desde-chile\/#respond"]}]},{"@type":"WebPage","@id":"https:\/\/www.cetys.mx\/noticias\/cetys-imparte-conferencia-magistral-en-el-xvi-encuentro-iberoamericano-de-educacion-desde-chile\/","url":"https:\/\/www.cetys.mx\/noticias\/cetys-imparte-conferencia-magistral-en-el-xvi-encuentro-iberoamericano-de-educacion-desde-chile\/","name":"CETYS imparte conferencia magistral en el XVI Encuentro Iberoamericano de Educaci\u00f3n desde Chile - CETYS","isPartOf":{"@id":"https:\/\/www.cetys.mx\/noticias\/#website"},"primaryImageOfPage":{"@id":"https:\/\/www.cetys.mx\/noticias\/cetys-imparte-conferencia-magistral-en-el-xvi-encuentro-iberoamericano-de-educacion-desde-chile\/#primaryimage"},"image":{"@id":"https:\/\/www.cetys.mx\/noticias\/cetys-imparte-conferencia-magistral-en-el-xvi-encuentro-iberoamericano-de-educacion-desde-chile\/#primaryimage"},"thumbnailUrl":"https:\/\/www.cetys.mx\/noticias\/wp-content\/uploads\/2022\/12\/dr-garate-en-conferencia-EIDE-2022.png","datePublished":"2022-12-14T02:13:04+00:00","author":{"@id":"https:\/\/www.cetys.mx\/noticias\/#\/schema\/person\/e790051ce60e18ae47cfa87011c8653f"},"description":"CETYS Universidad estuvo presente en el XVI Encuentro Iberoamericano de Educaci\u00f3n que se realiz\u00f3 en Santiago de Chile, desde la Universidad Andr\u00e9s Bello (UNAB) Campus Antonio Varas.","breadcrumb":{"@id":"https:\/\/www.cetys.mx\/noticias\/cetys-imparte-conferencia-magistral-en-el-xvi-encuentro-iberoamericano-de-educacion-desde-chile\/#breadcrumb"},"inLanguage":"es","potentialAction":[{"@type":"ReadAction","target":["https:\/\/www.cetys.mx\/noticias\/cetys-imparte-conferencia-magistral-en-el-xvi-encuentro-iberoamericano-de-educacion-desde-chile\/"]}]},{"@type":"ImageObject","inLanguage":"es","@id":"https:\/\/www.cetys.mx\/noticias\/cetys-imparte-conferencia-magistral-en-el-xvi-encuentro-iberoamericano-de-educacion-desde-chile\/#primaryimage","url":"https:\/\/www.cetys.mx\/noticias\/wp-content\/uploads\/2022\/12\/dr-garate-en-conferencia-EIDE-2022.png","contentUrl":"https:\/\/www.cetys.mx\/noticias\/wp-content\/uploads\/2022\/12\/dr-garate-en-conferencia-EIDE-2022.png","width":958,"height":637},{"@type":"BreadcrumbList","@id":"https:\/\/www.cetys.mx\/noticias\/cetys-imparte-conferencia-magistral-en-el-xvi-encuentro-iberoamericano-de-educacion-desde-chile\/#breadcrumb","itemListElement":[{"@type":"ListItem","position":1,"name":"Inicio","item":"https:\/\/www.cetys.mx\/noticias\/"},{"@type":"ListItem","position":2,"name":"CETYS imparte conferencia magistral en el XVI Encuentro Iberoamericano de Educaci\u00f3n desde Chile"}]},{"@type":"WebSite","@id":"https:\/\/www.cetys.mx\/noticias\/#website","url":"https:\/\/www.cetys.mx\/noticias\/","name":"CETYS","description":"","potentialAction":[{"@type":"SearchAction","target":{"@type":"EntryPoint","urlTemplate":"https:\/\/www.cetys.mx\/noticias\/?s={search_term_string}"},"query-input":{"@type":"PropertyValueSpecification","valueRequired":true,"valueName":"search_term_string"}}],"inLanguage":"es"},{"@type":"Person","@id":"https:\/\/www.cetys.mx\/noticias\/#\/schema\/person\/e790051ce60e18ae47cfa87011c8653f","name":"Campus Tijuana","url":"https:\/\/www.cetys.mx\/noticias\/author\/campustijuana\/"}]}},"_links":{"self":[{"href":"https:\/\/www.cetys.mx\/noticias\/wp-json\/wp\/v2\/posts\/169580","targetHints":{"allow":["GET"]}}],"collection":[{"href":"https:\/\/www.cetys.mx\/noticias\/wp-json\/wp\/v2\/posts"}],"about":[{"href":"https:\/\/www.cetys.mx\/noticias\/wp-json\/wp\/v2\/types\/post"}],"author":[{"embeddable":true,"href":"https:\/\/www.cetys.mx\/noticias\/wp-json\/wp\/v2\/users\/24"}],"replies":[{"embeddable":true,"href":"https:\/\/www.cetys.mx\/noticias\/wp-json\/wp\/v2\/comments?post=169580"}],"version-history":[{"count":1,"href":"https:\/\/www.cetys.mx\/noticias\/wp-json\/wp\/v2\/posts\/169580\/revisions"}],"predecessor-version":[{"id":169583,"href":"https:\/\/www.cetys.mx\/noticias\/wp-json\/wp\/v2\/posts\/169580\/revisions\/169583"}],"wp:featuredmedia":[{"embeddable":true,"href":"https:\/\/www.cetys.mx\/noticias\/wp-json\/wp\/v2\/media\/169572"}],"wp:attachment":[{"href":"https:\/\/www.cetys.mx\/noticias\/wp-json\/wp\/v2\/media?parent=169580"}],"wp:term":[{"taxonomy":"category","embeddable":true,"href":"https:\/\/www.cetys.mx\/noticias\/wp-json\/wp\/v2\/categories?post=169580"},{"taxonomy":"post_tag","embeddable":true,"href":"https:\/\/www.cetys.mx\/noticias\/wp-json\/wp\/v2\/tags?post=169580"}],"curies":[{"name":"wp","href":"https:\/\/api.w.org\/{rel}","templated":true}]}}