{"id":169280,"date":"2022-12-01T10:19:02","date_gmt":"2022-12-01T18:19:02","guid":{"rendered":"https:\/\/www.cetys.mx\/noticias\/?p=169280"},"modified":"2022-12-01T10:21:18","modified_gmt":"2022-12-01T18:21:18","slug":"estigma-y-discriminacion-a-personas-con-adicciones-promueve-que-crean-que-no-tienen-derechos-humanos","status":"publish","type":"post","link":"https:\/\/www.cetys.mx\/noticias\/estigma-y-discriminacion-a-personas-con-adicciones-promueve-que-crean-que-no-tienen-derechos-humanos\/","title":{"rendered":"Estigma y discriminaci\u00f3n a personas con adicciones promueve que crean que no tienen derechos humanos"},"content":{"rendered":"<p align=\"justify\">Parte de la problem\u00e1tica para atender el consumo de drogas radica en el estigma y la discriminaci\u00f3n hacia las personas que han desarrollado adicci\u00f3n o dependencia a sustancias, ya que indirectamente estas personas tambi\u00e9n asumen ese rol negativo para la sociedad y que no tienen derecho a ayuda, pese a que recibir apoyo es parte de sus derechos humanos.<\/p>\n<p align=\"justify\">En ese sentido, docentes y acad\u00e9micos de la\u00a0<a href=\"https:\/\/r20.rs6.net\/tn.jsp?f=001Tt5hkz4CCdxKyG2vELjatgscqEa_DYE5iEHpHGQ7CmN9Ka51GmJDTRHjnfXhqrfbDsDeXsFlZuwKTny4s2LBXwj9AwY1yseRs-rLkuwtELvqLPqqUDKsosuASB64zNEo8se-v0W6reUEvpixH3iKDn8LzVVQ29rAIYKCuXjpQMMWr70aW5FvbcLSdQK-0rZ0RDsO8IwGva1WPH0jBUbLgBJ7PCQv9dIZVueKo_DdcZg=&amp;c=3Yn_iLicflRgC55itNyiks6-qmWKjA_yAK91Al5s2QWuXWSAc7Tnpw==&amp;ch=9uDiLB4BcSitPnGwXrWFKiRCqYogODbCFot5k_epTpovY1dnzuyWDQ==\" target=\"_blank\" rel=\"noopener\" data-saferedirecturl=\"https:\/\/www.google.com\/url?q=https:\/\/r20.rs6.net\/tn.jsp?f%3D001Tt5hkz4CCdxKyG2vELjatgscqEa_DYE5iEHpHGQ7CmN9Ka51GmJDTRHjnfXhqrfbDsDeXsFlZuwKTny4s2LBXwj9AwY1yseRs-rLkuwtELvqLPqqUDKsosuASB64zNEo8se-v0W6reUEvpixH3iKDn8LzVVQ29rAIYKCuXjpQMMWr70aW5FvbcLSdQK-0rZ0RDsO8IwGva1WPH0jBUbLgBJ7PCQv9dIZVueKo_DdcZg%3D%26c%3D3Yn_iLicflRgC55itNyiks6-qmWKjA_yAK91Al5s2QWuXWSAc7Tnpw%3D%3D%26ch%3D9uDiLB4BcSitPnGwXrWFKiRCqYogODbCFot5k_epTpovY1dnzuyWDQ%3D%3D&amp;source=gmail&amp;ust=1670004615358000&amp;usg=AOvVaw138Vp1TvxlH-TLYkX5wQZ8\">Escuela de Psicolog\u00eda<\/a>\u00a0de <strong>CETYS en Campus Tijuana<\/strong>, realizaron el primer simposio de: &#8220;Estigma, discriminaci\u00f3n y violencia hacia las personas con consumo problem\u00e1tico de drogas y trastorno por dependencia a sustancias&#8221;, con el apoyo del Instituto de Psiquiatria del Estado de Baja California (IPEBC), y de la Direcci\u00f3n de Prevenci\u00f3n del Delito y Participaci\u00f3n en Tijuana, donde conversaron, desde sus trincheras, la relevancia de realizar un trabajo apegado a los derechos humanos y c\u00f3mo empeora la situaci\u00f3n si persiste estigma de la poblaci\u00f3n en general.<\/p>\n<p align=\"justify\">De acuerdo con la <strong>Mtra. Ana Laura Zatarain Carrillo<\/strong>, <em>Directora de Promoci\u00f3n y Prevenci\u00f3n de la Salud Mental del IPEBC<\/em>, culturalmente la idea negativa de las personas por su aspecto o condici\u00f3n social, como la del preso, el malandro o personas en situaci\u00f3n de calle, incluye creer que es la poblaci\u00f3n que habitualmente es la m\u00e1s afectada del consumo de drogas. Bajo ese estigma reciben acciones en contra por parte de la sociedad, no solo ignor\u00e1ndoles apoyos, tambi\u00e9n se les violenta alej\u00e1ndolos de la sociedad, como si se creyera que al tener este problema de adicci\u00f3n \u201cpierden sus derechos humanos\u201d, en el peor de los casos se les niega derechos a la salud en hospitales.<\/p>\n<blockquote>\n<p align=\"justify\">\u201cSi esta poblaci\u00f3n pide trabajo en las maquilas o cualquier otro lado, lo m\u00e1s probable es que se les niega el empleo sin importar que tengan las competencias, si es un buen trabajador y\/o disciplinado\u201d, consider\u00f3 la funcionaria estatal.<\/p>\n<\/blockquote>\n<p align=\"justify\">La conferencia inaugural <em>&#8220;Consecuencias de la estigmatizaci\u00f3n en las vidas de las personas con consumo problem\u00e1tico de sustancias&#8221;<\/em>\u00a0estuvo a cargo de la Mtra. Zatarain. Posteriormente estuvo en el panel: &#8220;<em>Violaci\u00f3n de derechos humanos en personas que consumen sustancias dentro del sector p\u00fablico (escuelas, centros de salud, centros comunitarios)\u201d<\/em>, junto a\u00a0 la <strong>Mtra. Melba Adriana Olvera Rodr\u00edguez<\/strong>, <em>Subsecretaria de Derechos Humanos en el Gobierno Estatal de Baja California<\/em>, y el <strong>Oficial Miguel \u00c1ngel Araujo Higuera,<\/strong> <em>Subdirector de Prevenci\u00f3n del Delito y participaci\u00f3n ciudadana de Tijuana<\/em>.<\/p>\n<div class=\"gallery-slider-wrapper gallery-1\">\n                        <div class=\"gallery-slider\" itemscope itemtype=\"http:\/\/schema.org\/ImageGallery\"><figure class=\"slide\" itemprop=\"associatedMedia\" itemscope itemtype=\"http:\/\/schema.org\/ImageObject\">\n                    <a itemprop=\"contentUrl\" href=\"https:\/\/www.cetys.mx\/noticias\/wp-content\/uploads\/2022\/12\/simposio-psicologia.jpg\">\n                        <img decoding=\"async\" itemprop=\"thumbnail\" class=\"lazyOwl\" src=\"https:\/\/www.cetys.mx\/noticias\/wp-content\/plugins\/jmagz-plugin\/assets\/placeholder\/900x450.png\" data-src=\"https:\/\/www.cetys.mx\/noticias\/wp-content\/uploads\/2022\/12\/simposio-psicologia.jpg\" alt=\"simposio psicologia\">\n                    <\/a>\n                    <figcaption itemprop=\"caption description\" class=\"slide-caption\">\n                        \n                    <\/figcaption>\n                <\/figure><figure class=\"slide\" itemprop=\"associatedMedia\" itemscope itemtype=\"http:\/\/schema.org\/ImageObject\">\n                    <a itemprop=\"contentUrl\" href=\"https:\/\/www.cetys.mx\/noticias\/wp-content\/uploads\/2022\/12\/simposio-psicologia-3.jpg\">\n                        <img decoding=\"async\" itemprop=\"thumbnail\" class=\"lazyOwl\" src=\"https:\/\/www.cetys.mx\/noticias\/wp-content\/plugins\/jmagz-plugin\/assets\/placeholder\/900x450.png\" data-src=\"https:\/\/www.cetys.mx\/noticias\/wp-content\/uploads\/2022\/12\/simposio-psicologia-3.jpg\" alt=\"simposio psicologia-3\">\n                    <\/a>\n                    <figcaption itemprop=\"caption description\" class=\"slide-caption\">\n                        \n                    <\/figcaption>\n                <\/figure><figure class=\"slide\" itemprop=\"associatedMedia\" itemscope itemtype=\"http:\/\/schema.org\/ImageObject\">\n                    <a itemprop=\"contentUrl\" href=\"https:\/\/www.cetys.mx\/noticias\/wp-content\/uploads\/2022\/12\/oficial-sspcm.jpg\">\n                        <img decoding=\"async\" itemprop=\"thumbnail\" class=\"lazyOwl\" src=\"https:\/\/www.cetys.mx\/noticias\/wp-content\/plugins\/jmagz-plugin\/assets\/placeholder\/900x450.png\" data-src=\"https:\/\/www.cetys.mx\/noticias\/wp-content\/uploads\/2022\/12\/oficial-sspcm.jpg\" alt=\"oficial sspcm\">\n                    <\/a>\n                    <figcaption itemprop=\"caption description\" class=\"slide-caption\">\n                        \n                    <\/figcaption>\n                <\/figure><figure class=\"slide\" itemprop=\"associatedMedia\" itemscope itemtype=\"http:\/\/schema.org\/ImageObject\">\n                    <a itemprop=\"contentUrl\" href=\"https:\/\/www.cetys.mx\/noticias\/wp-content\/uploads\/2022\/12\/simposio-psicologia-2.jpg\">\n                        <img decoding=\"async\" itemprop=\"thumbnail\" class=\"lazyOwl\" src=\"https:\/\/www.cetys.mx\/noticias\/wp-content\/plugins\/jmagz-plugin\/assets\/placeholder\/900x450.png\" data-src=\"https:\/\/www.cetys.mx\/noticias\/wp-content\/uploads\/2022\/12\/simposio-psicologia-2.jpg\" alt=\"simposio psicologia-2\">\n                    <\/a>\n                    <figcaption itemprop=\"caption description\" class=\"slide-caption\">\n                        \n                    <\/figcaption>\n                <\/figure><\/div>\n                <div class=\"gallery-slider-thumbnail-wrapper\">\n                    <div class=\"gallery-slider-thumbnail\"><div class=\"slide-thumbnail\"><img decoding=\"async\" class=\"lazyOwl\" src=\"https:\/\/www.cetys.mx\/noticias\/wp-content\/plugins\/jmagz-plugin\/assets\/placeholder\/150x75.png\" data-src=\"https:\/\/www.cetys.mx\/noticias\/wp-content\/uploads\/2022\/12\/simposio-psicologia.jpg\" alt=\"simposio psicologia\"><\/div><div class=\"slide-thumbnail\"><img decoding=\"async\" class=\"lazyOwl\" src=\"https:\/\/www.cetys.mx\/noticias\/wp-content\/plugins\/jmagz-plugin\/assets\/placeholder\/150x75.png\" data-src=\"https:\/\/www.cetys.mx\/noticias\/wp-content\/uploads\/2022\/12\/simposio-psicologia-3.jpg\" alt=\"simposio psicologia-3\"><\/div><div class=\"slide-thumbnail\"><img decoding=\"async\" class=\"lazyOwl\" src=\"https:\/\/www.cetys.mx\/noticias\/wp-content\/plugins\/jmagz-plugin\/assets\/placeholder\/150x75.png\" data-src=\"https:\/\/www.cetys.mx\/noticias\/wp-content\/uploads\/2022\/12\/oficial-sspcm.jpg\" alt=\"oficial sspcm\"><\/div><div class=\"slide-thumbnail\"><img decoding=\"async\" class=\"lazyOwl\" src=\"https:\/\/www.cetys.mx\/noticias\/wp-content\/plugins\/jmagz-plugin\/assets\/placeholder\/150x75.png\" data-src=\"https:\/\/www.cetys.mx\/noticias\/wp-content\/uploads\/2022\/12\/simposio-psicologia-2.jpg\" alt=\"simposio psicologia-2\"><\/div><\/div><\/div><\/div>\n<p align=\"justify\">En ese sentido, la <strong>Mtra. Melba Adriana Olvera<\/strong>, coment\u00f3 que las instituciones, organismos y dem\u00e1s grupos que atienden a personas en esta situaci\u00f3n de vulnerabilidad deben estar en capacitaci\u00f3n permanente en derechos humanos.<\/p>\n<blockquote>\n<p align=\"justify\">\u201cSu visi\u00f3n de s\u00ed misma, es de haber perdido los derechos en el momento en que empezaron a consumir alg\u00fan tipo de narc\u00f3tico, pero si no promovemos derechos humanos en ellos, podemos buscar ayudarlos m\u00e1s\u201d, mencion\u00f3 la Mtra. Melba durante su conferencia de &#8220;impacto de la discriminaci\u00f3n en personas que consumen sustancias y su relaci\u00f3n con la reinserci\u00f3n social&#8221;, reflexion\u00f3.<\/p>\n<\/blockquote>\n<p align=\"justify\">Cabe se\u00f1alar que, la reforma a la Ley General de Salud en materia de Salud Mental (2022) espec\u00edfica en diversos art\u00edculos la garant\u00eda de atenci\u00f3n a los problemas de salud mental y adicciones de manera prioritaria, bajo los principios de la m\u00e1s alta calidad en la atenci\u00f3n y sin discriminaci\u00f3n de ninguna \u00edndole. Tambi\u00e9n enfatiza su labor hacia \u201cla recuperaci\u00f3n y el bienestar, el despliegue \u00f3ptimo de sus potencialidades individuales para la convivencia, el trabajo y la recreaci\u00f3n.<\/p>\n","protected":false},"excerpt":{"rendered":"<p>Parte de la problem\u00e1tica para atender el consumo de drogas radica en el estigma y la discriminaci\u00f3n hacia las personas que han&#8230;<\/p>\n","protected":false},"author":24,"featured_media":169282,"comment_status":"open","ping_status":"closed","sticky":false,"template":"","format":"standard","meta":{"footnotes":""},"categories":[134,125,313],"tags":[297,168,167,6097],"class_list":["post-169280","post","type-post","status-publish","format-standard","has-post-thumbnail","hentry","category-campus-tijuana","category-portada","category-vocetys-2","tag-campus-tijuana","tag-cetys-universidad","tag-escuela-de-psicologia","tag-licenciatura-en-psicologia-clinica"],"yoast_head":"<!-- This site is optimized with the Yoast SEO plugin v27.4 - https:\/\/yoast.com\/product\/yoast-seo-wordpress\/ -->\n<title>Estigma y discriminaci\u00f3n a personas con adicciones promueve que crean que no tienen derechos humanos - CETYS<\/title>\n<meta name=\"description\" content=\"Se realiz\u00f3 el Simposio &quot;Estigma, discriminaci\u00f3n y violencia hacia las personas con consumo problem\u00e1tica de drogas y trastorno por dependencia a sustancias\u201d.\" \/>\n<meta name=\"robots\" content=\"index, follow, max-snippet:-1, max-image-preview:large, max-video-preview:-1\" \/>\n<link rel=\"canonical\" href=\"https:\/\/www.cetys.mx\/noticias\/estigma-y-discriminacion-a-personas-con-adicciones-promueve-que-crean-que-no-tienen-derechos-humanos\/\" \/>\n<meta property=\"og:locale\" content=\"es_MX\" \/>\n<meta property=\"og:type\" content=\"article\" \/>\n<meta property=\"og:title\" content=\"Estigma y discriminaci\u00f3n a personas con adicciones promueve que crean que no tienen derechos humanos - CETYS\" \/>\n<meta property=\"og:description\" content=\"Se realiz\u00f3 el Simposio &quot;Estigma, discriminaci\u00f3n y violencia hacia las personas con consumo problem\u00e1tica de drogas y trastorno por dependencia a sustancias\u201d.\" \/>\n<meta property=\"og:url\" content=\"https:\/\/www.cetys.mx\/noticias\/estigma-y-discriminacion-a-personas-con-adicciones-promueve-que-crean-que-no-tienen-derechos-humanos\/\" \/>\n<meta property=\"og:site_name\" content=\"CETYS\" \/>\n<meta property=\"article:publisher\" content=\"https:\/\/www.facebook.com\/cetysuniversidadmxl\/\" \/>\n<meta property=\"article:published_time\" content=\"2022-12-01T18:19:02+00:00\" \/>\n<meta property=\"article:modified_time\" content=\"2022-12-01T18:21:18+00:00\" \/>\n<meta property=\"og:image\" content=\"https:\/\/www.cetys.mx\/noticias\/wp-content\/uploads\/2022\/12\/simposio-psicologia-2022.jpg\" \/>\n\t<meta property=\"og:image:width\" content=\"958\" \/>\n\t<meta property=\"og:image:height\" content=\"637\" \/>\n\t<meta property=\"og:image:type\" content=\"image\/jpeg\" \/>\n<meta name=\"author\" content=\"Campus Tijuana\" \/>\n<meta name=\"twitter:card\" content=\"summary_large_image\" \/>\n<meta name=\"twitter:creator\" content=\"@cetysuni\" \/>\n<meta name=\"twitter:site\" content=\"@cetysuni\" \/>\n<meta name=\"twitter:label1\" content=\"Escrito por\" \/>\n\t<meta name=\"twitter:data1\" content=\"Campus Tijuana\" \/>\n\t<meta name=\"twitter:label2\" content=\"Tiempo de lectura\" \/>\n\t<meta name=\"twitter:data2\" content=\"3 minutos\" \/>\n<script type=\"application\/ld+json\" class=\"yoast-schema-graph\">{\"@context\":\"https:\\\/\\\/schema.org\",\"@graph\":[{\"@type\":\"Article\",\"@id\":\"https:\\\/\\\/www.cetys.mx\\\/noticias\\\/estigma-y-discriminacion-a-personas-con-adicciones-promueve-que-crean-que-no-tienen-derechos-humanos\\\/#article\",\"isPartOf\":{\"@id\":\"https:\\\/\\\/www.cetys.mx\\\/noticias\\\/estigma-y-discriminacion-a-personas-con-adicciones-promueve-que-crean-que-no-tienen-derechos-humanos\\\/\"},\"author\":{\"name\":\"Campus Tijuana\",\"@id\":\"https:\\\/\\\/www.cetys.mx\\\/noticias\\\/#\\\/schema\\\/person\\\/e790051ce60e18ae47cfa87011c8653f\"},\"headline\":\"Estigma y discriminaci\u00f3n a personas con adicciones promueve que crean que no tienen derechos humanos\",\"datePublished\":\"2022-12-01T18:19:02+00:00\",\"dateModified\":\"2022-12-01T18:21:18+00:00\",\"mainEntityOfPage\":{\"@id\":\"https:\\\/\\\/www.cetys.mx\\\/noticias\\\/estigma-y-discriminacion-a-personas-con-adicciones-promueve-que-crean-que-no-tienen-derechos-humanos\\\/\"},\"wordCount\":637,\"commentCount\":0,\"image\":{\"@id\":\"https:\\\/\\\/www.cetys.mx\\\/noticias\\\/estigma-y-discriminacion-a-personas-con-adicciones-promueve-que-crean-que-no-tienen-derechos-humanos\\\/#primaryimage\"},\"thumbnailUrl\":\"https:\\\/\\\/www.cetys.mx\\\/noticias\\\/wp-content\\\/uploads\\\/2022\\\/12\\\/simposio-psicologia-2022.jpg\",\"keywords\":[\"Campus Tijuana\",\"CETYS Universidad\",\"Escuela de Psicolog\u00eda\",\"Licenciatura en Psicolog\u00eda Cl\u00ednica\"],\"articleSection\":[\"Campus Tijuana\",\"Portada\",\"VoCETYS\"],\"inLanguage\":\"es\",\"potentialAction\":[{\"@type\":\"CommentAction\",\"name\":\"Comment\",\"target\":[\"https:\\\/\\\/www.cetys.mx\\\/noticias\\\/estigma-y-discriminacion-a-personas-con-adicciones-promueve-que-crean-que-no-tienen-derechos-humanos\\\/#respond\"]}]},{\"@type\":\"WebPage\",\"@id\":\"https:\\\/\\\/www.cetys.mx\\\/noticias\\\/estigma-y-discriminacion-a-personas-con-adicciones-promueve-que-crean-que-no-tienen-derechos-humanos\\\/\",\"url\":\"https:\\\/\\\/www.cetys.mx\\\/noticias\\\/estigma-y-discriminacion-a-personas-con-adicciones-promueve-que-crean-que-no-tienen-derechos-humanos\\\/\",\"name\":\"Estigma y discriminaci\u00f3n a personas con adicciones promueve que crean que no tienen derechos humanos - CETYS\",\"isPartOf\":{\"@id\":\"https:\\\/\\\/www.cetys.mx\\\/noticias\\\/#website\"},\"primaryImageOfPage\":{\"@id\":\"https:\\\/\\\/www.cetys.mx\\\/noticias\\\/estigma-y-discriminacion-a-personas-con-adicciones-promueve-que-crean-que-no-tienen-derechos-humanos\\\/#primaryimage\"},\"image\":{\"@id\":\"https:\\\/\\\/www.cetys.mx\\\/noticias\\\/estigma-y-discriminacion-a-personas-con-adicciones-promueve-que-crean-que-no-tienen-derechos-humanos\\\/#primaryimage\"},\"thumbnailUrl\":\"https:\\\/\\\/www.cetys.mx\\\/noticias\\\/wp-content\\\/uploads\\\/2022\\\/12\\\/simposio-psicologia-2022.jpg\",\"datePublished\":\"2022-12-01T18:19:02+00:00\",\"dateModified\":\"2022-12-01T18:21:18+00:00\",\"author\":{\"@id\":\"https:\\\/\\\/www.cetys.mx\\\/noticias\\\/#\\\/schema\\\/person\\\/e790051ce60e18ae47cfa87011c8653f\"},\"description\":\"Se realiz\u00f3 el Simposio \\\"Estigma, discriminaci\u00f3n y violencia hacia las personas con consumo problem\u00e1tica de drogas y trastorno por dependencia a sustancias\u201d.\",\"breadcrumb\":{\"@id\":\"https:\\\/\\\/www.cetys.mx\\\/noticias\\\/estigma-y-discriminacion-a-personas-con-adicciones-promueve-que-crean-que-no-tienen-derechos-humanos\\\/#breadcrumb\"},\"inLanguage\":\"es\",\"potentialAction\":[{\"@type\":\"ReadAction\",\"target\":[\"https:\\\/\\\/www.cetys.mx\\\/noticias\\\/estigma-y-discriminacion-a-personas-con-adicciones-promueve-que-crean-que-no-tienen-derechos-humanos\\\/\"]}]},{\"@type\":\"ImageObject\",\"inLanguage\":\"es\",\"@id\":\"https:\\\/\\\/www.cetys.mx\\\/noticias\\\/estigma-y-discriminacion-a-personas-con-adicciones-promueve-que-crean-que-no-tienen-derechos-humanos\\\/#primaryimage\",\"url\":\"https:\\\/\\\/www.cetys.mx\\\/noticias\\\/wp-content\\\/uploads\\\/2022\\\/12\\\/simposio-psicologia-2022.jpg\",\"contentUrl\":\"https:\\\/\\\/www.cetys.mx\\\/noticias\\\/wp-content\\\/uploads\\\/2022\\\/12\\\/simposio-psicologia-2022.jpg\",\"width\":958,\"height\":637},{\"@type\":\"BreadcrumbList\",\"@id\":\"https:\\\/\\\/www.cetys.mx\\\/noticias\\\/estigma-y-discriminacion-a-personas-con-adicciones-promueve-que-crean-que-no-tienen-derechos-humanos\\\/#breadcrumb\",\"itemListElement\":[{\"@type\":\"ListItem\",\"position\":1,\"name\":\"Inicio\",\"item\":\"https:\\\/\\\/www.cetys.mx\\\/noticias\\\/\"},{\"@type\":\"ListItem\",\"position\":2,\"name\":\"Estigma y discriminaci\u00f3n a personas con adicciones promueve que crean que no tienen derechos humanos\"}]},{\"@type\":\"WebSite\",\"@id\":\"https:\\\/\\\/www.cetys.mx\\\/noticias\\\/#website\",\"url\":\"https:\\\/\\\/www.cetys.mx\\\/noticias\\\/\",\"name\":\"CETYS\",\"description\":\"\",\"potentialAction\":[{\"@type\":\"SearchAction\",\"target\":{\"@type\":\"EntryPoint\",\"urlTemplate\":\"https:\\\/\\\/www.cetys.mx\\\/noticias\\\/?s={search_term_string}\"},\"query-input\":{\"@type\":\"PropertyValueSpecification\",\"valueRequired\":true,\"valueName\":\"search_term_string\"}}],\"inLanguage\":\"es\"},{\"@type\":\"Person\",\"@id\":\"https:\\\/\\\/www.cetys.mx\\\/noticias\\\/#\\\/schema\\\/person\\\/e790051ce60e18ae47cfa87011c8653f\",\"name\":\"Campus Tijuana\",\"url\":\"https:\\\/\\\/www.cetys.mx\\\/noticias\\\/author\\\/campustijuana\\\/\"}]}<\/script>\n<!-- \/ Yoast SEO plugin. -->","yoast_head_json":{"title":"Estigma y discriminaci\u00f3n a personas con adicciones promueve que crean que no tienen derechos humanos - CETYS","description":"Se realiz\u00f3 el Simposio \"Estigma, discriminaci\u00f3n y violencia hacia las personas con consumo problem\u00e1tica de drogas y trastorno por dependencia a sustancias\u201d.","robots":{"index":"index","follow":"follow","max-snippet":"max-snippet:-1","max-image-preview":"max-image-preview:large","max-video-preview":"max-video-preview:-1"},"canonical":"https:\/\/www.cetys.mx\/noticias\/estigma-y-discriminacion-a-personas-con-adicciones-promueve-que-crean-que-no-tienen-derechos-humanos\/","og_locale":"es_MX","og_type":"article","og_title":"Estigma y discriminaci\u00f3n a personas con adicciones promueve que crean que no tienen derechos humanos - CETYS","og_description":"Se realiz\u00f3 el Simposio \"Estigma, discriminaci\u00f3n y violencia hacia las personas con consumo problem\u00e1tica de drogas y trastorno por dependencia a sustancias\u201d.","og_url":"https:\/\/www.cetys.mx\/noticias\/estigma-y-discriminacion-a-personas-con-adicciones-promueve-que-crean-que-no-tienen-derechos-humanos\/","og_site_name":"CETYS","article_publisher":"https:\/\/www.facebook.com\/cetysuniversidadmxl\/","article_published_time":"2022-12-01T18:19:02+00:00","article_modified_time":"2022-12-01T18:21:18+00:00","og_image":[{"width":958,"height":637,"url":"https:\/\/www.cetys.mx\/noticias\/wp-content\/uploads\/2022\/12\/simposio-psicologia-2022.jpg","type":"image\/jpeg"}],"author":"Campus Tijuana","twitter_card":"summary_large_image","twitter_creator":"@cetysuni","twitter_site":"@cetysuni","twitter_misc":{"Escrito por":"Campus Tijuana","Tiempo de lectura":"3 minutos"},"schema":{"@context":"https:\/\/schema.org","@graph":[{"@type":"Article","@id":"https:\/\/www.cetys.mx\/noticias\/estigma-y-discriminacion-a-personas-con-adicciones-promueve-que-crean-que-no-tienen-derechos-humanos\/#article","isPartOf":{"@id":"https:\/\/www.cetys.mx\/noticias\/estigma-y-discriminacion-a-personas-con-adicciones-promueve-que-crean-que-no-tienen-derechos-humanos\/"},"author":{"name":"Campus Tijuana","@id":"https:\/\/www.cetys.mx\/noticias\/#\/schema\/person\/e790051ce60e18ae47cfa87011c8653f"},"headline":"Estigma y discriminaci\u00f3n a personas con adicciones promueve que crean que no tienen derechos humanos","datePublished":"2022-12-01T18:19:02+00:00","dateModified":"2022-12-01T18:21:18+00:00","mainEntityOfPage":{"@id":"https:\/\/www.cetys.mx\/noticias\/estigma-y-discriminacion-a-personas-con-adicciones-promueve-que-crean-que-no-tienen-derechos-humanos\/"},"wordCount":637,"commentCount":0,"image":{"@id":"https:\/\/www.cetys.mx\/noticias\/estigma-y-discriminacion-a-personas-con-adicciones-promueve-que-crean-que-no-tienen-derechos-humanos\/#primaryimage"},"thumbnailUrl":"https:\/\/www.cetys.mx\/noticias\/wp-content\/uploads\/2022\/12\/simposio-psicologia-2022.jpg","keywords":["Campus Tijuana","CETYS Universidad","Escuela de Psicolog\u00eda","Licenciatura en Psicolog\u00eda Cl\u00ednica"],"articleSection":["Campus Tijuana","Portada","VoCETYS"],"inLanguage":"es","potentialAction":[{"@type":"CommentAction","name":"Comment","target":["https:\/\/www.cetys.mx\/noticias\/estigma-y-discriminacion-a-personas-con-adicciones-promueve-que-crean-que-no-tienen-derechos-humanos\/#respond"]}]},{"@type":"WebPage","@id":"https:\/\/www.cetys.mx\/noticias\/estigma-y-discriminacion-a-personas-con-adicciones-promueve-que-crean-que-no-tienen-derechos-humanos\/","url":"https:\/\/www.cetys.mx\/noticias\/estigma-y-discriminacion-a-personas-con-adicciones-promueve-que-crean-que-no-tienen-derechos-humanos\/","name":"Estigma y discriminaci\u00f3n a personas con adicciones promueve que crean que no tienen derechos humanos - CETYS","isPartOf":{"@id":"https:\/\/www.cetys.mx\/noticias\/#website"},"primaryImageOfPage":{"@id":"https:\/\/www.cetys.mx\/noticias\/estigma-y-discriminacion-a-personas-con-adicciones-promueve-que-crean-que-no-tienen-derechos-humanos\/#primaryimage"},"image":{"@id":"https:\/\/www.cetys.mx\/noticias\/estigma-y-discriminacion-a-personas-con-adicciones-promueve-que-crean-que-no-tienen-derechos-humanos\/#primaryimage"},"thumbnailUrl":"https:\/\/www.cetys.mx\/noticias\/wp-content\/uploads\/2022\/12\/simposio-psicologia-2022.jpg","datePublished":"2022-12-01T18:19:02+00:00","dateModified":"2022-12-01T18:21:18+00:00","author":{"@id":"https:\/\/www.cetys.mx\/noticias\/#\/schema\/person\/e790051ce60e18ae47cfa87011c8653f"},"description":"Se realiz\u00f3 el Simposio \"Estigma, discriminaci\u00f3n y violencia hacia las personas con consumo problem\u00e1tica de drogas y trastorno por dependencia a sustancias\u201d.","breadcrumb":{"@id":"https:\/\/www.cetys.mx\/noticias\/estigma-y-discriminacion-a-personas-con-adicciones-promueve-que-crean-que-no-tienen-derechos-humanos\/#breadcrumb"},"inLanguage":"es","potentialAction":[{"@type":"ReadAction","target":["https:\/\/www.cetys.mx\/noticias\/estigma-y-discriminacion-a-personas-con-adicciones-promueve-que-crean-que-no-tienen-derechos-humanos\/"]}]},{"@type":"ImageObject","inLanguage":"es","@id":"https:\/\/www.cetys.mx\/noticias\/estigma-y-discriminacion-a-personas-con-adicciones-promueve-que-crean-que-no-tienen-derechos-humanos\/#primaryimage","url":"https:\/\/www.cetys.mx\/noticias\/wp-content\/uploads\/2022\/12\/simposio-psicologia-2022.jpg","contentUrl":"https:\/\/www.cetys.mx\/noticias\/wp-content\/uploads\/2022\/12\/simposio-psicologia-2022.jpg","width":958,"height":637},{"@type":"BreadcrumbList","@id":"https:\/\/www.cetys.mx\/noticias\/estigma-y-discriminacion-a-personas-con-adicciones-promueve-que-crean-que-no-tienen-derechos-humanos\/#breadcrumb","itemListElement":[{"@type":"ListItem","position":1,"name":"Inicio","item":"https:\/\/www.cetys.mx\/noticias\/"},{"@type":"ListItem","position":2,"name":"Estigma y discriminaci\u00f3n a personas con adicciones promueve que crean que no tienen derechos humanos"}]},{"@type":"WebSite","@id":"https:\/\/www.cetys.mx\/noticias\/#website","url":"https:\/\/www.cetys.mx\/noticias\/","name":"CETYS","description":"","potentialAction":[{"@type":"SearchAction","target":{"@type":"EntryPoint","urlTemplate":"https:\/\/www.cetys.mx\/noticias\/?s={search_term_string}"},"query-input":{"@type":"PropertyValueSpecification","valueRequired":true,"valueName":"search_term_string"}}],"inLanguage":"es"},{"@type":"Person","@id":"https:\/\/www.cetys.mx\/noticias\/#\/schema\/person\/e790051ce60e18ae47cfa87011c8653f","name":"Campus Tijuana","url":"https:\/\/www.cetys.mx\/noticias\/author\/campustijuana\/"}]}},"_links":{"self":[{"href":"https:\/\/www.cetys.mx\/noticias\/wp-json\/wp\/v2\/posts\/169280","targetHints":{"allow":["GET"]}}],"collection":[{"href":"https:\/\/www.cetys.mx\/noticias\/wp-json\/wp\/v2\/posts"}],"about":[{"href":"https:\/\/www.cetys.mx\/noticias\/wp-json\/wp\/v2\/types\/post"}],"author":[{"embeddable":true,"href":"https:\/\/www.cetys.mx\/noticias\/wp-json\/wp\/v2\/users\/24"}],"replies":[{"embeddable":true,"href":"https:\/\/www.cetys.mx\/noticias\/wp-json\/wp\/v2\/comments?post=169280"}],"version-history":[{"count":3,"href":"https:\/\/www.cetys.mx\/noticias\/wp-json\/wp\/v2\/posts\/169280\/revisions"}],"predecessor-version":[{"id":169288,"href":"https:\/\/www.cetys.mx\/noticias\/wp-json\/wp\/v2\/posts\/169280\/revisions\/169288"}],"wp:featuredmedia":[{"embeddable":true,"href":"https:\/\/www.cetys.mx\/noticias\/wp-json\/wp\/v2\/media\/169282"}],"wp:attachment":[{"href":"https:\/\/www.cetys.mx\/noticias\/wp-json\/wp\/v2\/media?parent=169280"}],"wp:term":[{"taxonomy":"category","embeddable":true,"href":"https:\/\/www.cetys.mx\/noticias\/wp-json\/wp\/v2\/categories?post=169280"},{"taxonomy":"post_tag","embeddable":true,"href":"https:\/\/www.cetys.mx\/noticias\/wp-json\/wp\/v2\/tags?post=169280"}],"curies":[{"name":"wp","href":"https:\/\/api.w.org\/{rel}","templated":true}]}}