{"id":168874,"date":"2022-11-14T12:41:17","date_gmt":"2022-11-14T20:41:17","guid":{"rendered":"https:\/\/www.cetys.mx\/noticias\/?p=168874"},"modified":"2022-11-14T12:41:17","modified_gmt":"2022-11-14T20:41:17","slug":"presentan-libros-y-cuentos-de-terror-en-la-biblioteca-norberto-corella-gil-samaniego-de-cetys","status":"publish","type":"post","link":"https:\/\/www.cetys.mx\/noticias\/presentan-libros-y-cuentos-de-terror-en-la-biblioteca-norberto-corella-gil-samaniego-de-cetys\/","title":{"rendered":"Presentan libros y cuentos de terror en la Biblioteca Norberto Corella Gil Samaniego de CETYS"},"content":{"rendered":"<p style=\"text-align: justify;\"><span style=\"font-weight: 400;\">Aprovechando la tem\u00e1tica de la temporada, el pasado 26 de octubre se llev\u00f3 a cabo una presentaci\u00f3n de libros de cuentos de terror organizada por la Coordinaci\u00f3n de la Biblioteca Norberto Corella Gil Samaniego con apoyo del Club de Lectura CETYS.\u00a0<\/span><\/p>\n<p style=\"text-align: justify;\"><span style=\"font-weight: 400;\">Uno de los autores invitados fue N\u00e9stor Robles, quien actualmente coordina el Taller de Narrativa del Centro Estatal de las Artes de Tijuana (CEART) y las ediciones del Programa Editorial de CETYS universidad.\u00a0<\/span><\/p>\n<p style=\"text-align: justify;\"><span style=\"font-weight: 400;\">El autor Avery A.V., qui\u00e9n ha escrito historias para varias antolog\u00edas del Taller de Narrativa en CEART Tijuana y comenz\u00f3 como estudiante de Robles. N\u00e9stor presentaba su obra titulada <\/span><i><span style=\"font-weight: 400;\">Los que Caminan al Lado<\/span><\/i><span style=\"font-weight: 400;\">, y Avery la segunda edici\u00f3n de su libro<\/span><i><span style=\"font-weight: 400;\"> Galer\u00eda de Pinturas<\/span><\/i><span style=\"font-weight: 400;\">, ambas publicadas bajo la editorial Monomitos, tambi\u00e9n estuvo presente en el evento.<\/span><\/p>\n<p style=\"text-align: justify;\"><span style=\"font-weight: 400;\">Durante la presentaci\u00f3n se abri\u00f3 la conversaci\u00f3n entre ponentes y asistentes sobre la naturaleza de los miedos humanos y de d\u00f3nde provienen los monstruos que plagan sus historias. La noche fue perfecta para los amantes del terror y fan\u00e1ticos de las historias de miedo, pues tuvieron un espacio para compartir acerca de sus inspiraciones y sus encuentros personales con lo paranormal.\u00a0<\/span><\/p>\n<p style=\"text-align: justify;\"><img loading=\"lazy\" decoding=\"async\" class=\" wp-image-168875 aligncenter\" src=\"https:\/\/www.cetys.mx\/noticias\/wp-content\/uploads\/2022\/11\/lib-20.jpg\" alt=\"\" width=\"710\" height=\"473\" \/><\/p>\n","protected":false},"excerpt":{"rendered":"<p>Aprovechando la tem\u00e1tica de la temporada, el pasado 26 de octubre se llev\u00f3 a cabo una presentaci\u00f3n de libros de cuentos de&#8230;<\/p>\n","protected":false},"author":20,"featured_media":0,"comment_status":"open","ping_status":"closed","sticky":false,"template":"","format":"standard","meta":{"footnotes":""},"categories":[133],"tags":[273,2851,6171,2484],"class_list":["post-168874","post","type-post","status-publish","format-standard","hentry","category-campus-mexicali","tag-biblioteca","tag-cetys-universidad-campus-mexicali","tag-cuentos-de-terror","tag-lectura"],"yoast_head":"<!-- This site is optimized with the Yoast SEO plugin v27.4 - https:\/\/yoast.com\/product\/yoast-seo-wordpress\/ -->\n<title>Presentan libros y cuentos de terror en la Biblioteca Norberto Corella Gil Samaniego de CETYS - CETYS<\/title>\n<meta name=\"description\" content=\"Articulo sobre Presentan libros y cuentos de terror en la Biblioteca Norberto Corella Gil Samaniego de CETYS\" \/>\n<meta name=\"robots\" content=\"index, follow, max-snippet:-1, max-image-preview:large, max-video-preview:-1\" \/>\n<link rel=\"canonical\" href=\"https:\/\/www.cetys.mx\/noticias\/presentan-libros-y-cuentos-de-terror-en-la-biblioteca-norberto-corella-gil-samaniego-de-cetys\/\" \/>\n<meta property=\"og:locale\" content=\"es_MX\" \/>\n<meta property=\"og:type\" content=\"article\" \/>\n<meta property=\"og:title\" content=\"Presentan libros y cuentos de terror en la Biblioteca Norberto Corella Gil Samaniego de CETYS - CETYS\" \/>\n<meta property=\"og:description\" content=\"Articulo sobre Presentan libros y cuentos de terror en la Biblioteca Norberto Corella Gil Samaniego de CETYS\" \/>\n<meta property=\"og:url\" content=\"https:\/\/www.cetys.mx\/noticias\/presentan-libros-y-cuentos-de-terror-en-la-biblioteca-norberto-corella-gil-samaniego-de-cetys\/\" \/>\n<meta property=\"og:site_name\" content=\"CETYS\" \/>\n<meta property=\"article:publisher\" content=\"https:\/\/www.facebook.com\/cetysuniversidadmxl\/\" \/>\n<meta property=\"article:published_time\" content=\"2022-11-14T20:41:17+00:00\" \/>\n<meta property=\"og:image\" content=\"https:\/\/www.cetys.mx\/noticias\/wp-content\/uploads\/2022\/11\/lib-20.jpg\" \/>\n<meta name=\"author\" content=\"Campus Mexicali\" \/>\n<meta name=\"twitter:card\" content=\"summary_large_image\" \/>\n<meta name=\"twitter:creator\" content=\"@cetysuni\" \/>\n<meta name=\"twitter:site\" content=\"@cetysuni\" \/>\n<meta name=\"twitter:label1\" content=\"Escrito por\" \/>\n\t<meta name=\"twitter:data1\" content=\"Campus Mexicali\" \/>\n\t<meta name=\"twitter:label2\" content=\"Tiempo de lectura\" \/>\n\t<meta name=\"twitter:data2\" content=\"1 minuto\" \/>\n<script type=\"application\/ld+json\" class=\"yoast-schema-graph\">{\"@context\":\"https:\\\/\\\/schema.org\",\"@graph\":[{\"@type\":\"Article\",\"@id\":\"https:\\\/\\\/www.cetys.mx\\\/noticias\\\/presentan-libros-y-cuentos-de-terror-en-la-biblioteca-norberto-corella-gil-samaniego-de-cetys\\\/#article\",\"isPartOf\":{\"@id\":\"https:\\\/\\\/www.cetys.mx\\\/noticias\\\/presentan-libros-y-cuentos-de-terror-en-la-biblioteca-norberto-corella-gil-samaniego-de-cetys\\\/\"},\"author\":{\"name\":\"Campus Mexicali\",\"@id\":\"https:\\\/\\\/www.cetys.mx\\\/noticias\\\/#\\\/schema\\\/person\\\/79a95c4ac185f3705cf1b9c9340a5f70\"},\"headline\":\"Presentan libros y cuentos de terror en la Biblioteca Norberto Corella Gil Samaniego de CETYS\",\"datePublished\":\"2022-11-14T20:41:17+00:00\",\"mainEntityOfPage\":{\"@id\":\"https:\\\/\\\/www.cetys.mx\\\/noticias\\\/presentan-libros-y-cuentos-de-terror-en-la-biblioteca-norberto-corella-gil-samaniego-de-cetys\\\/\"},\"wordCount\":221,\"commentCount\":0,\"image\":{\"@id\":\"https:\\\/\\\/www.cetys.mx\\\/noticias\\\/presentan-libros-y-cuentos-de-terror-en-la-biblioteca-norberto-corella-gil-samaniego-de-cetys\\\/#primaryimage\"},\"thumbnailUrl\":\"https:\\\/\\\/www.cetys.mx\\\/noticias\\\/wp-content\\\/uploads\\\/2022\\\/11\\\/lib-20.jpg\",\"keywords\":[\"Biblioteca\",\"CETYS Universidad Campus Mexicali\",\"Cuentos de Terror\",\"Lectura\"],\"articleSection\":[\"Campus Mexicali\"],\"inLanguage\":\"es\",\"potentialAction\":[{\"@type\":\"CommentAction\",\"name\":\"Comment\",\"target\":[\"https:\\\/\\\/www.cetys.mx\\\/noticias\\\/presentan-libros-y-cuentos-de-terror-en-la-biblioteca-norberto-corella-gil-samaniego-de-cetys\\\/#respond\"]}]},{\"@type\":\"WebPage\",\"@id\":\"https:\\\/\\\/www.cetys.mx\\\/noticias\\\/presentan-libros-y-cuentos-de-terror-en-la-biblioteca-norberto-corella-gil-samaniego-de-cetys\\\/\",\"url\":\"https:\\\/\\\/www.cetys.mx\\\/noticias\\\/presentan-libros-y-cuentos-de-terror-en-la-biblioteca-norberto-corella-gil-samaniego-de-cetys\\\/\",\"name\":\"Presentan libros y cuentos de terror en la Biblioteca Norberto Corella Gil Samaniego de CETYS - CETYS\",\"isPartOf\":{\"@id\":\"https:\\\/\\\/www.cetys.mx\\\/noticias\\\/#website\"},\"primaryImageOfPage\":{\"@id\":\"https:\\\/\\\/www.cetys.mx\\\/noticias\\\/presentan-libros-y-cuentos-de-terror-en-la-biblioteca-norberto-corella-gil-samaniego-de-cetys\\\/#primaryimage\"},\"image\":{\"@id\":\"https:\\\/\\\/www.cetys.mx\\\/noticias\\\/presentan-libros-y-cuentos-de-terror-en-la-biblioteca-norberto-corella-gil-samaniego-de-cetys\\\/#primaryimage\"},\"thumbnailUrl\":\"https:\\\/\\\/www.cetys.mx\\\/noticias\\\/wp-content\\\/uploads\\\/2022\\\/11\\\/lib-20.jpg\",\"datePublished\":\"2022-11-14T20:41:17+00:00\",\"author\":{\"@id\":\"https:\\\/\\\/www.cetys.mx\\\/noticias\\\/#\\\/schema\\\/person\\\/79a95c4ac185f3705cf1b9c9340a5f70\"},\"description\":\"Articulo sobre Presentan libros y cuentos de terror en la Biblioteca Norberto Corella Gil Samaniego de CETYS\",\"breadcrumb\":{\"@id\":\"https:\\\/\\\/www.cetys.mx\\\/noticias\\\/presentan-libros-y-cuentos-de-terror-en-la-biblioteca-norberto-corella-gil-samaniego-de-cetys\\\/#breadcrumb\"},\"inLanguage\":\"es\",\"potentialAction\":[{\"@type\":\"ReadAction\",\"target\":[\"https:\\\/\\\/www.cetys.mx\\\/noticias\\\/presentan-libros-y-cuentos-de-terror-en-la-biblioteca-norberto-corella-gil-samaniego-de-cetys\\\/\"]}]},{\"@type\":\"ImageObject\",\"inLanguage\":\"es\",\"@id\":\"https:\\\/\\\/www.cetys.mx\\\/noticias\\\/presentan-libros-y-cuentos-de-terror-en-la-biblioteca-norberto-corella-gil-samaniego-de-cetys\\\/#primaryimage\",\"url\":\"https:\\\/\\\/www.cetys.mx\\\/noticias\\\/wp-content\\\/uploads\\\/2022\\\/11\\\/lib-20.jpg\",\"contentUrl\":\"https:\\\/\\\/www.cetys.mx\\\/noticias\\\/wp-content\\\/uploads\\\/2022\\\/11\\\/lib-20.jpg\",\"width\":750,\"height\":500},{\"@type\":\"BreadcrumbList\",\"@id\":\"https:\\\/\\\/www.cetys.mx\\\/noticias\\\/presentan-libros-y-cuentos-de-terror-en-la-biblioteca-norberto-corella-gil-samaniego-de-cetys\\\/#breadcrumb\",\"itemListElement\":[{\"@type\":\"ListItem\",\"position\":1,\"name\":\"Inicio\",\"item\":\"https:\\\/\\\/www.cetys.mx\\\/noticias\\\/\"},{\"@type\":\"ListItem\",\"position\":2,\"name\":\"Presentan libros y cuentos de terror en la Biblioteca Norberto Corella Gil Samaniego de CETYS\"}]},{\"@type\":\"WebSite\",\"@id\":\"https:\\\/\\\/www.cetys.mx\\\/noticias\\\/#website\",\"url\":\"https:\\\/\\\/www.cetys.mx\\\/noticias\\\/\",\"name\":\"CETYS\",\"description\":\"\",\"potentialAction\":[{\"@type\":\"SearchAction\",\"target\":{\"@type\":\"EntryPoint\",\"urlTemplate\":\"https:\\\/\\\/www.cetys.mx\\\/noticias\\\/?s={search_term_string}\"},\"query-input\":{\"@type\":\"PropertyValueSpecification\",\"valueRequired\":true,\"valueName\":\"search_term_string\"}}],\"inLanguage\":\"es\"},{\"@type\":\"Person\",\"@id\":\"https:\\\/\\\/www.cetys.mx\\\/noticias\\\/#\\\/schema\\\/person\\\/79a95c4ac185f3705cf1b9c9340a5f70\",\"name\":\"Campus Mexicali\",\"url\":\"https:\\\/\\\/www.cetys.mx\\\/noticias\\\/author\\\/campusmexicali\\\/\"}]}<\/script>\n<!-- \/ Yoast SEO plugin. -->","yoast_head_json":{"title":"Presentan libros y cuentos de terror en la Biblioteca Norberto Corella Gil Samaniego de CETYS - CETYS","description":"Articulo sobre Presentan libros y cuentos de terror en la Biblioteca Norberto Corella Gil Samaniego de CETYS","robots":{"index":"index","follow":"follow","max-snippet":"max-snippet:-1","max-image-preview":"max-image-preview:large","max-video-preview":"max-video-preview:-1"},"canonical":"https:\/\/www.cetys.mx\/noticias\/presentan-libros-y-cuentos-de-terror-en-la-biblioteca-norberto-corella-gil-samaniego-de-cetys\/","og_locale":"es_MX","og_type":"article","og_title":"Presentan libros y cuentos de terror en la Biblioteca Norberto Corella Gil Samaniego de CETYS - CETYS","og_description":"Articulo sobre Presentan libros y cuentos de terror en la Biblioteca Norberto Corella Gil Samaniego de CETYS","og_url":"https:\/\/www.cetys.mx\/noticias\/presentan-libros-y-cuentos-de-terror-en-la-biblioteca-norberto-corella-gil-samaniego-de-cetys\/","og_site_name":"CETYS","article_publisher":"https:\/\/www.facebook.com\/cetysuniversidadmxl\/","article_published_time":"2022-11-14T20:41:17+00:00","og_image":[{"url":"https:\/\/www.cetys.mx\/noticias\/wp-content\/uploads\/2022\/11\/lib-20.jpg","type":"","width":"","height":""}],"author":"Campus Mexicali","twitter_card":"summary_large_image","twitter_creator":"@cetysuni","twitter_site":"@cetysuni","twitter_misc":{"Escrito por":"Campus Mexicali","Tiempo de lectura":"1 minuto"},"schema":{"@context":"https:\/\/schema.org","@graph":[{"@type":"Article","@id":"https:\/\/www.cetys.mx\/noticias\/presentan-libros-y-cuentos-de-terror-en-la-biblioteca-norberto-corella-gil-samaniego-de-cetys\/#article","isPartOf":{"@id":"https:\/\/www.cetys.mx\/noticias\/presentan-libros-y-cuentos-de-terror-en-la-biblioteca-norberto-corella-gil-samaniego-de-cetys\/"},"author":{"name":"Campus Mexicali","@id":"https:\/\/www.cetys.mx\/noticias\/#\/schema\/person\/79a95c4ac185f3705cf1b9c9340a5f70"},"headline":"Presentan libros y cuentos de terror en la Biblioteca Norberto Corella Gil Samaniego de CETYS","datePublished":"2022-11-14T20:41:17+00:00","mainEntityOfPage":{"@id":"https:\/\/www.cetys.mx\/noticias\/presentan-libros-y-cuentos-de-terror-en-la-biblioteca-norberto-corella-gil-samaniego-de-cetys\/"},"wordCount":221,"commentCount":0,"image":{"@id":"https:\/\/www.cetys.mx\/noticias\/presentan-libros-y-cuentos-de-terror-en-la-biblioteca-norberto-corella-gil-samaniego-de-cetys\/#primaryimage"},"thumbnailUrl":"https:\/\/www.cetys.mx\/noticias\/wp-content\/uploads\/2022\/11\/lib-20.jpg","keywords":["Biblioteca","CETYS Universidad Campus Mexicali","Cuentos de Terror","Lectura"],"articleSection":["Campus Mexicali"],"inLanguage":"es","potentialAction":[{"@type":"CommentAction","name":"Comment","target":["https:\/\/www.cetys.mx\/noticias\/presentan-libros-y-cuentos-de-terror-en-la-biblioteca-norberto-corella-gil-samaniego-de-cetys\/#respond"]}]},{"@type":"WebPage","@id":"https:\/\/www.cetys.mx\/noticias\/presentan-libros-y-cuentos-de-terror-en-la-biblioteca-norberto-corella-gil-samaniego-de-cetys\/","url":"https:\/\/www.cetys.mx\/noticias\/presentan-libros-y-cuentos-de-terror-en-la-biblioteca-norberto-corella-gil-samaniego-de-cetys\/","name":"Presentan libros y cuentos de terror en la Biblioteca Norberto Corella Gil Samaniego de CETYS - CETYS","isPartOf":{"@id":"https:\/\/www.cetys.mx\/noticias\/#website"},"primaryImageOfPage":{"@id":"https:\/\/www.cetys.mx\/noticias\/presentan-libros-y-cuentos-de-terror-en-la-biblioteca-norberto-corella-gil-samaniego-de-cetys\/#primaryimage"},"image":{"@id":"https:\/\/www.cetys.mx\/noticias\/presentan-libros-y-cuentos-de-terror-en-la-biblioteca-norberto-corella-gil-samaniego-de-cetys\/#primaryimage"},"thumbnailUrl":"https:\/\/www.cetys.mx\/noticias\/wp-content\/uploads\/2022\/11\/lib-20.jpg","datePublished":"2022-11-14T20:41:17+00:00","author":{"@id":"https:\/\/www.cetys.mx\/noticias\/#\/schema\/person\/79a95c4ac185f3705cf1b9c9340a5f70"},"description":"Articulo sobre Presentan libros y cuentos de terror en la Biblioteca Norberto Corella Gil Samaniego de CETYS","breadcrumb":{"@id":"https:\/\/www.cetys.mx\/noticias\/presentan-libros-y-cuentos-de-terror-en-la-biblioteca-norberto-corella-gil-samaniego-de-cetys\/#breadcrumb"},"inLanguage":"es","potentialAction":[{"@type":"ReadAction","target":["https:\/\/www.cetys.mx\/noticias\/presentan-libros-y-cuentos-de-terror-en-la-biblioteca-norberto-corella-gil-samaniego-de-cetys\/"]}]},{"@type":"ImageObject","inLanguage":"es","@id":"https:\/\/www.cetys.mx\/noticias\/presentan-libros-y-cuentos-de-terror-en-la-biblioteca-norberto-corella-gil-samaniego-de-cetys\/#primaryimage","url":"https:\/\/www.cetys.mx\/noticias\/wp-content\/uploads\/2022\/11\/lib-20.jpg","contentUrl":"https:\/\/www.cetys.mx\/noticias\/wp-content\/uploads\/2022\/11\/lib-20.jpg","width":750,"height":500},{"@type":"BreadcrumbList","@id":"https:\/\/www.cetys.mx\/noticias\/presentan-libros-y-cuentos-de-terror-en-la-biblioteca-norberto-corella-gil-samaniego-de-cetys\/#breadcrumb","itemListElement":[{"@type":"ListItem","position":1,"name":"Inicio","item":"https:\/\/www.cetys.mx\/noticias\/"},{"@type":"ListItem","position":2,"name":"Presentan libros y cuentos de terror en la Biblioteca Norberto Corella Gil Samaniego de CETYS"}]},{"@type":"WebSite","@id":"https:\/\/www.cetys.mx\/noticias\/#website","url":"https:\/\/www.cetys.mx\/noticias\/","name":"CETYS","description":"","potentialAction":[{"@type":"SearchAction","target":{"@type":"EntryPoint","urlTemplate":"https:\/\/www.cetys.mx\/noticias\/?s={search_term_string}"},"query-input":{"@type":"PropertyValueSpecification","valueRequired":true,"valueName":"search_term_string"}}],"inLanguage":"es"},{"@type":"Person","@id":"https:\/\/www.cetys.mx\/noticias\/#\/schema\/person\/79a95c4ac185f3705cf1b9c9340a5f70","name":"Campus Mexicali","url":"https:\/\/www.cetys.mx\/noticias\/author\/campusmexicali\/"}]}},"_links":{"self":[{"href":"https:\/\/www.cetys.mx\/noticias\/wp-json\/wp\/v2\/posts\/168874","targetHints":{"allow":["GET"]}}],"collection":[{"href":"https:\/\/www.cetys.mx\/noticias\/wp-json\/wp\/v2\/posts"}],"about":[{"href":"https:\/\/www.cetys.mx\/noticias\/wp-json\/wp\/v2\/types\/post"}],"author":[{"embeddable":true,"href":"https:\/\/www.cetys.mx\/noticias\/wp-json\/wp\/v2\/users\/20"}],"replies":[{"embeddable":true,"href":"https:\/\/www.cetys.mx\/noticias\/wp-json\/wp\/v2\/comments?post=168874"}],"version-history":[{"count":1,"href":"https:\/\/www.cetys.mx\/noticias\/wp-json\/wp\/v2\/posts\/168874\/revisions"}],"predecessor-version":[{"id":168876,"href":"https:\/\/www.cetys.mx\/noticias\/wp-json\/wp\/v2\/posts\/168874\/revisions\/168876"}],"wp:attachment":[{"href":"https:\/\/www.cetys.mx\/noticias\/wp-json\/wp\/v2\/media?parent=168874"}],"wp:term":[{"taxonomy":"category","embeddable":true,"href":"https:\/\/www.cetys.mx\/noticias\/wp-json\/wp\/v2\/categories?post=168874"},{"taxonomy":"post_tag","embeddable":true,"href":"https:\/\/www.cetys.mx\/noticias\/wp-json\/wp\/v2\/tags?post=168874"}],"curies":[{"name":"wp","href":"https:\/\/api.w.org\/{rel}","templated":true}]}}