{"id":168842,"date":"2022-11-11T17:38:35","date_gmt":"2022-11-12T01:38:35","guid":{"rendered":"https:\/\/www.cetys.mx\/noticias\/?p=168842"},"modified":"2022-11-11T17:38:35","modified_gmt":"2022-11-12T01:38:35","slug":"investigadores-desarrollan-proyecto-para-monitorear-la-salud-de-las-plantas-de-vid","status":"publish","type":"post","link":"https:\/\/www.cetys.mx\/noticias\/investigadores-desarrollan-proyecto-para-monitorear-la-salud-de-las-plantas-de-vid\/","title":{"rendered":"Investigadores desarrollan proyecto para monitorear la salud de las plantas de vid"},"content":{"rendered":"<p style=\"text-align: justify;\">Con el objetivo de obtener indicadores cuantitativos del estado de salud de las plantas de vid previos a la producci\u00f3n de vino, investigadores de CETYS Universidad realizan procesamiento digital de im\u00e1genes multiespectrales obtenidas a trav\u00e9s de un veh\u00edculo a\u00e9reo no tripulado y sat\u00e9lites.<\/p>\n<p style=\"text-align: justify;\">Este proyecto permitir\u00e1 monitorear y controlar la calidad de la uva y as\u00ed mejorar las caracter\u00edsticas de los vinos de la regi\u00f3n, lo cual aporta a la competitividad de los vinos\u00a0tanto nacionales como internacionales, adem\u00e1s de otros beneficios al desarrollo sustentable de la regi\u00f3n, as\u00ed lo dio a conocer el Dr. Josu\u00e9 L\u00f3pez, profesor e investigador de CETYS Universidad Campus Internacional Ensenada.<\/p>\n<p style=\"text-align: justify;\">El Dr. Josu\u00e9 L\u00f3pez detalla que se trata de un proyecto de investigaci\u00f3n aplicada interdisciplinaria en el que adem\u00e1s de \u00e9l participa el M.B.A Tonatiuh Bravo Armenta, Coordinador de Consultor\u00eda T\u00e9cnica y de Negocios del Centro de Estudios Vitivin\u00edcolas (CEVIT).<\/p>\n<p><img loading=\"lazy\" decoding=\"async\" class=\"wp-image-168849 aligncenter\" src=\"https:\/\/www.cetys.mx\/noticias\/wp-content\/uploads\/2022\/11\/2.jpg\" alt=\"\" width=\"719\" height=\"478\" srcset=\"https:\/\/www.cetys.mx\/noticias\/wp-content\/uploads\/2022\/11\/2.jpg 958w, https:\/\/www.cetys.mx\/noticias\/wp-content\/uploads\/2022\/11\/2-768x511.jpg 768w\" sizes=\"auto, (max-width: 719px) 100vw, 719px\" \/><\/p>\n<p style=\"text-align: justify;\">La Dra. Diana Celaya Tentori, Directora del CEVIT destaca que antes de su inauguraci\u00f3n formal, adem\u00e1s de \u00e9ste proyecto, ya se han estado trabajando otros proyectos junto con los Colegios y Centros de Excelencia de CETYS Universidad. De manera que, esta colaboraci\u00f3n viene a sumarse a otros esfuerzos del centro para aportar al sector vitivin\u00edcola en temas de investigaci\u00f3n, innovaci\u00f3n, formaci\u00f3n de recurso humano y emprendimiento.<\/p>\n<p style=\"text-align: justify;\">Para el Mtro. Bravo Armenta el resultado de esta colaboraci\u00f3n es muy importante, puesto que tiene como objetivo desarrollar un producto innovador que las empresas del sector vitivin\u00edcola puedan usar a corto plazo para mejorar su rendimiento y monitorear la salud de sus vi\u00f1edos.<\/p>\n<p style=\"text-align: justify;\">De esta manera, CETYS Universidad, a trav\u00e9s del CEVIT, contin\u00faa impulsado la investigaci\u00f3n, innovaci\u00f3n e interdisciplinaridad para aportar al sector viticultor estatal y nacional.<\/p>\n<p>&nbsp;<\/p>\n","protected":false},"excerpt":{"rendered":"<p>Con el objetivo de obtener indicadores cuantitativos del estado de salud de las plantas de vid previos a la producci\u00f3n de vino,&#8230;<\/p>\n","protected":false},"author":23,"featured_media":168850,"comment_status":"open","ping_status":"closed","sticky":false,"template":"","format":"standard","meta":{"footnotes":""},"categories":[132,5681,3656],"tags":[138,3949,178,1154],"class_list":["post-168842","post","type-post","status-publish","format-standard","has-post-thumbnail","hentry","category-campus-ensenada","category-cevit","category-investigacion","tag-cetys","tag-cevit","tag-investigacion","tag-vid"],"yoast_head":"<!-- This site is optimized with the Yoast SEO plugin v27.4 - https:\/\/yoast.com\/product\/yoast-seo-wordpress\/ -->\n<title>Investigadores desarrollan proyecto para monitorear la salud de las plantas de vid - CETYS<\/title>\n<meta name=\"description\" content=\"Articulo sobre Investigadores desarrollan proyecto para monitorear la salud de las plantas de vid\" \/>\n<meta name=\"robots\" content=\"index, follow, max-snippet:-1, max-image-preview:large, max-video-preview:-1\" \/>\n<link rel=\"canonical\" href=\"https:\/\/www.cetys.mx\/noticias\/investigadores-desarrollan-proyecto-para-monitorear-la-salud-de-las-plantas-de-vid\/\" \/>\n<meta property=\"og:locale\" content=\"es_MX\" \/>\n<meta property=\"og:type\" content=\"article\" \/>\n<meta property=\"og:title\" content=\"Investigadores desarrollan proyecto para monitorear la salud de las plantas de vid - CETYS\" \/>\n<meta property=\"og:description\" content=\"Articulo sobre Investigadores desarrollan proyecto para monitorear la salud de las plantas de vid\" \/>\n<meta property=\"og:url\" content=\"https:\/\/www.cetys.mx\/noticias\/investigadores-desarrollan-proyecto-para-monitorear-la-salud-de-las-plantas-de-vid\/\" \/>\n<meta property=\"og:site_name\" content=\"CETYS\" \/>\n<meta property=\"article:publisher\" content=\"https:\/\/www.facebook.com\/cetysuniversidadmxl\/\" \/>\n<meta property=\"article:published_time\" content=\"2022-11-12T01:38:35+00:00\" \/>\n<meta property=\"og:image\" content=\"https:\/\/www.cetys.mx\/noticias\/wp-content\/uploads\/2022\/11\/Foto-1-2.jpg\" \/>\n\t<meta property=\"og:image:width\" content=\"958\" \/>\n\t<meta property=\"og:image:height\" content=\"637\" \/>\n\t<meta property=\"og:image:type\" content=\"image\/jpeg\" \/>\n<meta name=\"author\" content=\"Campus Ensenada\" \/>\n<meta name=\"twitter:card\" content=\"summary_large_image\" \/>\n<meta name=\"twitter:creator\" content=\"@cetysuni\" \/>\n<meta name=\"twitter:site\" content=\"@cetysuni\" \/>\n<meta name=\"twitter:label1\" content=\"Escrito por\" \/>\n\t<meta name=\"twitter:data1\" content=\"Campus Ensenada\" \/>\n\t<meta name=\"twitter:label2\" content=\"Tiempo de lectura\" \/>\n\t<meta name=\"twitter:data2\" content=\"2 minutos\" \/>\n<script type=\"application\/ld+json\" class=\"yoast-schema-graph\">{\"@context\":\"https:\\\/\\\/schema.org\",\"@graph\":[{\"@type\":\"Article\",\"@id\":\"https:\\\/\\\/www.cetys.mx\\\/noticias\\\/investigadores-desarrollan-proyecto-para-monitorear-la-salud-de-las-plantas-de-vid\\\/#article\",\"isPartOf\":{\"@id\":\"https:\\\/\\\/www.cetys.mx\\\/noticias\\\/investigadores-desarrollan-proyecto-para-monitorear-la-salud-de-las-plantas-de-vid\\\/\"},\"author\":{\"name\":\"Campus Ensenada\",\"@id\":\"https:\\\/\\\/www.cetys.mx\\\/noticias\\\/#\\\/schema\\\/person\\\/1a1a88c0b6586e66a2e9e88e07afc712\"},\"headline\":\"Investigadores desarrollan proyecto para monitorear la salud de las plantas de vid\",\"datePublished\":\"2022-11-12T01:38:35+00:00\",\"mainEntityOfPage\":{\"@id\":\"https:\\\/\\\/www.cetys.mx\\\/noticias\\\/investigadores-desarrollan-proyecto-para-monitorear-la-salud-de-las-plantas-de-vid\\\/\"},\"wordCount\":326,\"commentCount\":0,\"image\":{\"@id\":\"https:\\\/\\\/www.cetys.mx\\\/noticias\\\/investigadores-desarrollan-proyecto-para-monitorear-la-salud-de-las-plantas-de-vid\\\/#primaryimage\"},\"thumbnailUrl\":\"https:\\\/\\\/www.cetys.mx\\\/noticias\\\/wp-content\\\/uploads\\\/2022\\\/11\\\/Foto-1-2.jpg\",\"keywords\":[\"Cetys\",\"CEVIT\",\"investigaci\u00f3n\",\"Vid\"],\"articleSection\":[\"Campus Ensenada\",\"CEVIT\",\"Investigaci\u00f3n\"],\"inLanguage\":\"es\",\"potentialAction\":[{\"@type\":\"CommentAction\",\"name\":\"Comment\",\"target\":[\"https:\\\/\\\/www.cetys.mx\\\/noticias\\\/investigadores-desarrollan-proyecto-para-monitorear-la-salud-de-las-plantas-de-vid\\\/#respond\"]}]},{\"@type\":\"WebPage\",\"@id\":\"https:\\\/\\\/www.cetys.mx\\\/noticias\\\/investigadores-desarrollan-proyecto-para-monitorear-la-salud-de-las-plantas-de-vid\\\/\",\"url\":\"https:\\\/\\\/www.cetys.mx\\\/noticias\\\/investigadores-desarrollan-proyecto-para-monitorear-la-salud-de-las-plantas-de-vid\\\/\",\"name\":\"Investigadores desarrollan proyecto para monitorear la salud de las plantas de vid - CETYS\",\"isPartOf\":{\"@id\":\"https:\\\/\\\/www.cetys.mx\\\/noticias\\\/#website\"},\"primaryImageOfPage\":{\"@id\":\"https:\\\/\\\/www.cetys.mx\\\/noticias\\\/investigadores-desarrollan-proyecto-para-monitorear-la-salud-de-las-plantas-de-vid\\\/#primaryimage\"},\"image\":{\"@id\":\"https:\\\/\\\/www.cetys.mx\\\/noticias\\\/investigadores-desarrollan-proyecto-para-monitorear-la-salud-de-las-plantas-de-vid\\\/#primaryimage\"},\"thumbnailUrl\":\"https:\\\/\\\/www.cetys.mx\\\/noticias\\\/wp-content\\\/uploads\\\/2022\\\/11\\\/Foto-1-2.jpg\",\"datePublished\":\"2022-11-12T01:38:35+00:00\",\"author\":{\"@id\":\"https:\\\/\\\/www.cetys.mx\\\/noticias\\\/#\\\/schema\\\/person\\\/1a1a88c0b6586e66a2e9e88e07afc712\"},\"description\":\"Articulo sobre Investigadores desarrollan proyecto para monitorear la salud de las plantas de vid\",\"breadcrumb\":{\"@id\":\"https:\\\/\\\/www.cetys.mx\\\/noticias\\\/investigadores-desarrollan-proyecto-para-monitorear-la-salud-de-las-plantas-de-vid\\\/#breadcrumb\"},\"inLanguage\":\"es\",\"potentialAction\":[{\"@type\":\"ReadAction\",\"target\":[\"https:\\\/\\\/www.cetys.mx\\\/noticias\\\/investigadores-desarrollan-proyecto-para-monitorear-la-salud-de-las-plantas-de-vid\\\/\"]}]},{\"@type\":\"ImageObject\",\"inLanguage\":\"es\",\"@id\":\"https:\\\/\\\/www.cetys.mx\\\/noticias\\\/investigadores-desarrollan-proyecto-para-monitorear-la-salud-de-las-plantas-de-vid\\\/#primaryimage\",\"url\":\"https:\\\/\\\/www.cetys.mx\\\/noticias\\\/wp-content\\\/uploads\\\/2022\\\/11\\\/Foto-1-2.jpg\",\"contentUrl\":\"https:\\\/\\\/www.cetys.mx\\\/noticias\\\/wp-content\\\/uploads\\\/2022\\\/11\\\/Foto-1-2.jpg\",\"width\":958,\"height\":637},{\"@type\":\"BreadcrumbList\",\"@id\":\"https:\\\/\\\/www.cetys.mx\\\/noticias\\\/investigadores-desarrollan-proyecto-para-monitorear-la-salud-de-las-plantas-de-vid\\\/#breadcrumb\",\"itemListElement\":[{\"@type\":\"ListItem\",\"position\":1,\"name\":\"Inicio\",\"item\":\"https:\\\/\\\/www.cetys.mx\\\/noticias\\\/\"},{\"@type\":\"ListItem\",\"position\":2,\"name\":\"Investigadores desarrollan proyecto para monitorear la salud de las plantas de vid\"}]},{\"@type\":\"WebSite\",\"@id\":\"https:\\\/\\\/www.cetys.mx\\\/noticias\\\/#website\",\"url\":\"https:\\\/\\\/www.cetys.mx\\\/noticias\\\/\",\"name\":\"CETYS\",\"description\":\"\",\"potentialAction\":[{\"@type\":\"SearchAction\",\"target\":{\"@type\":\"EntryPoint\",\"urlTemplate\":\"https:\\\/\\\/www.cetys.mx\\\/noticias\\\/?s={search_term_string}\"},\"query-input\":{\"@type\":\"PropertyValueSpecification\",\"valueRequired\":true,\"valueName\":\"search_term_string\"}}],\"inLanguage\":\"es\"},{\"@type\":\"Person\",\"@id\":\"https:\\\/\\\/www.cetys.mx\\\/noticias\\\/#\\\/schema\\\/person\\\/1a1a88c0b6586e66a2e9e88e07afc712\",\"name\":\"Campus Ensenada\",\"url\":\"https:\\\/\\\/www.cetys.mx\\\/noticias\\\/author\\\/campusensenada\\\/\"}]}<\/script>\n<!-- \/ Yoast SEO plugin. -->","yoast_head_json":{"title":"Investigadores desarrollan proyecto para monitorear la salud de las plantas de vid - CETYS","description":"Articulo sobre Investigadores desarrollan proyecto para monitorear la salud de las plantas de vid","robots":{"index":"index","follow":"follow","max-snippet":"max-snippet:-1","max-image-preview":"max-image-preview:large","max-video-preview":"max-video-preview:-1"},"canonical":"https:\/\/www.cetys.mx\/noticias\/investigadores-desarrollan-proyecto-para-monitorear-la-salud-de-las-plantas-de-vid\/","og_locale":"es_MX","og_type":"article","og_title":"Investigadores desarrollan proyecto para monitorear la salud de las plantas de vid - CETYS","og_description":"Articulo sobre Investigadores desarrollan proyecto para monitorear la salud de las plantas de vid","og_url":"https:\/\/www.cetys.mx\/noticias\/investigadores-desarrollan-proyecto-para-monitorear-la-salud-de-las-plantas-de-vid\/","og_site_name":"CETYS","article_publisher":"https:\/\/www.facebook.com\/cetysuniversidadmxl\/","article_published_time":"2022-11-12T01:38:35+00:00","og_image":[{"width":958,"height":637,"url":"https:\/\/www.cetys.mx\/noticias\/wp-content\/uploads\/2022\/11\/Foto-1-2.jpg","type":"image\/jpeg"}],"author":"Campus Ensenada","twitter_card":"summary_large_image","twitter_creator":"@cetysuni","twitter_site":"@cetysuni","twitter_misc":{"Escrito por":"Campus Ensenada","Tiempo de lectura":"2 minutos"},"schema":{"@context":"https:\/\/schema.org","@graph":[{"@type":"Article","@id":"https:\/\/www.cetys.mx\/noticias\/investigadores-desarrollan-proyecto-para-monitorear-la-salud-de-las-plantas-de-vid\/#article","isPartOf":{"@id":"https:\/\/www.cetys.mx\/noticias\/investigadores-desarrollan-proyecto-para-monitorear-la-salud-de-las-plantas-de-vid\/"},"author":{"name":"Campus Ensenada","@id":"https:\/\/www.cetys.mx\/noticias\/#\/schema\/person\/1a1a88c0b6586e66a2e9e88e07afc712"},"headline":"Investigadores desarrollan proyecto para monitorear la salud de las plantas de vid","datePublished":"2022-11-12T01:38:35+00:00","mainEntityOfPage":{"@id":"https:\/\/www.cetys.mx\/noticias\/investigadores-desarrollan-proyecto-para-monitorear-la-salud-de-las-plantas-de-vid\/"},"wordCount":326,"commentCount":0,"image":{"@id":"https:\/\/www.cetys.mx\/noticias\/investigadores-desarrollan-proyecto-para-monitorear-la-salud-de-las-plantas-de-vid\/#primaryimage"},"thumbnailUrl":"https:\/\/www.cetys.mx\/noticias\/wp-content\/uploads\/2022\/11\/Foto-1-2.jpg","keywords":["Cetys","CEVIT","investigaci\u00f3n","Vid"],"articleSection":["Campus Ensenada","CEVIT","Investigaci\u00f3n"],"inLanguage":"es","potentialAction":[{"@type":"CommentAction","name":"Comment","target":["https:\/\/www.cetys.mx\/noticias\/investigadores-desarrollan-proyecto-para-monitorear-la-salud-de-las-plantas-de-vid\/#respond"]}]},{"@type":"WebPage","@id":"https:\/\/www.cetys.mx\/noticias\/investigadores-desarrollan-proyecto-para-monitorear-la-salud-de-las-plantas-de-vid\/","url":"https:\/\/www.cetys.mx\/noticias\/investigadores-desarrollan-proyecto-para-monitorear-la-salud-de-las-plantas-de-vid\/","name":"Investigadores desarrollan proyecto para monitorear la salud de las plantas de vid - CETYS","isPartOf":{"@id":"https:\/\/www.cetys.mx\/noticias\/#website"},"primaryImageOfPage":{"@id":"https:\/\/www.cetys.mx\/noticias\/investigadores-desarrollan-proyecto-para-monitorear-la-salud-de-las-plantas-de-vid\/#primaryimage"},"image":{"@id":"https:\/\/www.cetys.mx\/noticias\/investigadores-desarrollan-proyecto-para-monitorear-la-salud-de-las-plantas-de-vid\/#primaryimage"},"thumbnailUrl":"https:\/\/www.cetys.mx\/noticias\/wp-content\/uploads\/2022\/11\/Foto-1-2.jpg","datePublished":"2022-11-12T01:38:35+00:00","author":{"@id":"https:\/\/www.cetys.mx\/noticias\/#\/schema\/person\/1a1a88c0b6586e66a2e9e88e07afc712"},"description":"Articulo sobre Investigadores desarrollan proyecto para monitorear la salud de las plantas de vid","breadcrumb":{"@id":"https:\/\/www.cetys.mx\/noticias\/investigadores-desarrollan-proyecto-para-monitorear-la-salud-de-las-plantas-de-vid\/#breadcrumb"},"inLanguage":"es","potentialAction":[{"@type":"ReadAction","target":["https:\/\/www.cetys.mx\/noticias\/investigadores-desarrollan-proyecto-para-monitorear-la-salud-de-las-plantas-de-vid\/"]}]},{"@type":"ImageObject","inLanguage":"es","@id":"https:\/\/www.cetys.mx\/noticias\/investigadores-desarrollan-proyecto-para-monitorear-la-salud-de-las-plantas-de-vid\/#primaryimage","url":"https:\/\/www.cetys.mx\/noticias\/wp-content\/uploads\/2022\/11\/Foto-1-2.jpg","contentUrl":"https:\/\/www.cetys.mx\/noticias\/wp-content\/uploads\/2022\/11\/Foto-1-2.jpg","width":958,"height":637},{"@type":"BreadcrumbList","@id":"https:\/\/www.cetys.mx\/noticias\/investigadores-desarrollan-proyecto-para-monitorear-la-salud-de-las-plantas-de-vid\/#breadcrumb","itemListElement":[{"@type":"ListItem","position":1,"name":"Inicio","item":"https:\/\/www.cetys.mx\/noticias\/"},{"@type":"ListItem","position":2,"name":"Investigadores desarrollan proyecto para monitorear la salud de las plantas de vid"}]},{"@type":"WebSite","@id":"https:\/\/www.cetys.mx\/noticias\/#website","url":"https:\/\/www.cetys.mx\/noticias\/","name":"CETYS","description":"","potentialAction":[{"@type":"SearchAction","target":{"@type":"EntryPoint","urlTemplate":"https:\/\/www.cetys.mx\/noticias\/?s={search_term_string}"},"query-input":{"@type":"PropertyValueSpecification","valueRequired":true,"valueName":"search_term_string"}}],"inLanguage":"es"},{"@type":"Person","@id":"https:\/\/www.cetys.mx\/noticias\/#\/schema\/person\/1a1a88c0b6586e66a2e9e88e07afc712","name":"Campus Ensenada","url":"https:\/\/www.cetys.mx\/noticias\/author\/campusensenada\/"}]}},"_links":{"self":[{"href":"https:\/\/www.cetys.mx\/noticias\/wp-json\/wp\/v2\/posts\/168842","targetHints":{"allow":["GET"]}}],"collection":[{"href":"https:\/\/www.cetys.mx\/noticias\/wp-json\/wp\/v2\/posts"}],"about":[{"href":"https:\/\/www.cetys.mx\/noticias\/wp-json\/wp\/v2\/types\/post"}],"author":[{"embeddable":true,"href":"https:\/\/www.cetys.mx\/noticias\/wp-json\/wp\/v2\/users\/23"}],"replies":[{"embeddable":true,"href":"https:\/\/www.cetys.mx\/noticias\/wp-json\/wp\/v2\/comments?post=168842"}],"version-history":[{"count":1,"href":"https:\/\/www.cetys.mx\/noticias\/wp-json\/wp\/v2\/posts\/168842\/revisions"}],"predecessor-version":[{"id":168852,"href":"https:\/\/www.cetys.mx\/noticias\/wp-json\/wp\/v2\/posts\/168842\/revisions\/168852"}],"wp:featuredmedia":[{"embeddable":true,"href":"https:\/\/www.cetys.mx\/noticias\/wp-json\/wp\/v2\/media\/168850"}],"wp:attachment":[{"href":"https:\/\/www.cetys.mx\/noticias\/wp-json\/wp\/v2\/media?parent=168842"}],"wp:term":[{"taxonomy":"category","embeddable":true,"href":"https:\/\/www.cetys.mx\/noticias\/wp-json\/wp\/v2\/categories?post=168842"},{"taxonomy":"post_tag","embeddable":true,"href":"https:\/\/www.cetys.mx\/noticias\/wp-json\/wp\/v2\/tags?post=168842"}],"curies":[{"name":"wp","href":"https:\/\/api.w.org\/{rel}","templated":true}]}}