{"id":168538,"date":"2022-11-03T16:49:53","date_gmt":"2022-11-03T23:49:53","guid":{"rendered":"https:\/\/www.cetys.mx\/noticias\/?p=168538"},"modified":"2022-11-03T16:52:31","modified_gmt":"2022-11-03T23:52:31","slug":"inauguran-en-cetys-unico-centro-de-investigacion-en-mexico-en-temas-del-vino","status":"publish","type":"post","link":"https:\/\/www.cetys.mx\/noticias\/inauguran-en-cetys-unico-centro-de-investigacion-en-mexico-en-temas-del-vino\/","title":{"rendered":"Inauguran en CETYS \u00fanico centro de investigaci\u00f3n en M\u00e9xico en temas del vino"},"content":{"rendered":"<p style=\"text-align: center;\"><em>-La Ceremonia de inauguraci\u00f3n del CEVIT se realiz\u00f3 en el marco del Congreso Mundial de la Vi\u00f1a y el Vino 2022, ante la presencia de expertos de 49 pa\u00edses, y estuvo presidida por la Gobernadora, Mtra. Marina del Pilar \u00c1vila Olmeda y el Rector del Sistema CETYS Universidad, Dr. Fernando Le\u00f3n Garc\u00eda.<\/em><\/p>\n<p style=\"text-align: justify;\">Con una ceremonia especial, se inaugur\u00f3 el <a href=\"https:\/\/www.cetys.mx\/cevit\">Centro de Estudios Vitivin\u00edcolas<\/a> de <a href=\"http:\/\/www.cetys.mx\">CETYS Universidad<\/a> (CEVIT) y se reafirma el compromiso coordinado de gobierno, sector empresarial y academia con una de las vocaciones productivas m\u00e1s importantes del estado de Baja California, la vitivinicultura.<\/p>\n<p style=\"text-align: justify;\">El CEVIT es un centro \u00fanico en M\u00e9xico con el que se est\u00e1 impulsando el desarrollo y el fomento econ\u00f3mico conjuntamente con la ciencia y la educaci\u00f3n en Baja California. \u201cEste centro se encuentra en uno de los municipios m\u00e1s bellos de nuestro pa\u00eds, donde la armon\u00eda de su suelo y un clima \u00fanicos, junto con el trabajo de miles de mujeres y hombres le han dado al mundo un producto insignia de nuestra tierra bajacaliforniana, estamos haciendo historia porque estamos sembrando las semillas de la vitivinicultura del ma\u00f1ana, agradecemos a CETYS por abanderar este gran proyecto que marcar\u00e1 un antes y un despu\u00e9s del sector en Baja California y M\u00e9xico\u201d, comparti\u00f3 la gobernadora, <strong>Mtra. Marina del Pilar \u00c1vila Olmeda.<\/strong><\/p>\n<p style=\"text-align: justify;\">El <strong>Dr. Fernando Le\u00f3n Garc\u00eda, Rector del Sistema CETYS Universidad<\/strong> enfatiz\u00f3 que el CEVIT naci\u00f3 como proyecto en el 2018 y que tiene como objetivo compartir conocimientos y saberes pr\u00e1cticos que contribuyan al desarrollo integral del sector vitivin\u00edcola y a la prosperidad regional y nacional, todo a trav\u00e9s de la investigaci\u00f3n aplicada y a la innovaci\u00f3n tecnol\u00f3gica y de negocios.<\/p>\n<p><img loading=\"lazy\" decoding=\"async\" class=\"wp-image-168540 aligncenter\" src=\"https:\/\/www.cetys.mx\/noticias\/wp-content\/uploads\/2022\/11\/p1.jpg\" alt=\"\" width=\"672\" height=\"447\" srcset=\"https:\/\/www.cetys.mx\/noticias\/wp-content\/uploads\/2022\/11\/p1.jpg 958w, https:\/\/www.cetys.mx\/noticias\/wp-content\/uploads\/2022\/11\/p1-768x511.jpg 768w\" sizes=\"auto, (max-width: 672px) 100vw, 672px\" \/><\/p>\n<blockquote>\n<p style=\"text-align: justify;\">\u201cEl CEVIT ser\u00e1 clave en la generaci\u00f3n del conocimiento, capacidades e infraestructura tecnol\u00f3gica para desarrollar el potencial de escalamiento productivo; asimismo, da testimonio al rumbo de las instituciones de educaci\u00f3n superior que viniendo de la pandemia y dirigi\u00e9ndose a la postpandemia buscar\u00e1n ser multiversidades locales, de esta manera CETYS reitera una vez m\u00e1s su compromiso con el desarrollo regional y nacional\u201d, comparti\u00f3 el Dr. Fernando Le\u00f3n Garc\u00eda.<\/p>\n<\/blockquote>\n<p style=\"text-align: justify;\">El <strong>Dr. Jos\u00e9 Enrique Herbert Pucheta, Delegado Cient\u00edfico de M\u00e9xico ante la Organizaci\u00f3n Internacional de la Vi\u00f1a y el Vino (OIV) y Coordinador Cient\u00edfico del 43\u00b0 Congreso Mundial de la Vi\u00f1a y el Vino,<\/strong> enfatiz\u00f3 que el CEVIT ser\u00e1 la sede de la Delegaci\u00f3n Mexicana ante la OIV donde se tratar\u00e1n los proyectos de resoluci\u00f3n vistos en las comisiones de viticultura, enolog\u00eda, econom\u00eda, derecho salud y seguridad alimentaria que se discuten cada a\u00f1o, adem\u00e1s de que coordinar\u00e1 las diferentes innovaciones cient\u00edficas y tecnol\u00f3gicas asociadas a la vi\u00f1a y el vino en todo M\u00e9xico.<\/p>\n<p style=\"text-align: justify;\">Para el <strong>Ing. Santiago Jos\u00e9 Arg\u00fcello Campos, Director General de Fomento a la Agricultura de la Secretar\u00eda Federal de Agricultura y Desarrollo Rural<\/strong>, la base de todo el crecimiento, innovaci\u00f3n y desarrollo tiene que ser la ciencia y la tecnolog\u00eda, pues son los motores que van a hacer que la agricultura se mantenga en tendencia positiva, que prospere y genere el desarrollo.<\/p>\n<p><img loading=\"lazy\" decoding=\"async\" class=\"wp-image-168541 aligncenter\" src=\"https:\/\/www.cetys.mx\/noticias\/wp-content\/uploads\/2022\/11\/p4.jpg\" alt=\"\" width=\"702\" height=\"467\" srcset=\"https:\/\/www.cetys.mx\/noticias\/wp-content\/uploads\/2022\/11\/p4.jpg 958w, https:\/\/www.cetys.mx\/noticias\/wp-content\/uploads\/2022\/11\/p4-768x511.jpg 768w\" sizes=\"auto, (max-width: 702px) 100vw, 702px\" \/><\/p>\n<blockquote>\n<p style=\"text-align: justify;\">\u201cPara seguir impulsando la vitivinicultura en el \u00e1mbito cient\u00edfico se necesitan espacios como este que permitan que m\u00e1s mujeres, hombres y j\u00f3venes se acerquen a la ciencia e innovaci\u00f3n, y en este sentido no tenemos duda de que el CEVIT ser\u00e1 el mejor aliado de la vitivinicultura en el pa\u00eds\u201d, enfatiz\u00f3 el Ing. Arg\u00fcello.<\/p>\n<\/blockquote>\n<p style=\"text-align: justify;\">Finalmente, el <strong>Lic. Gustavo Vild\u00f3sola Ramos, Presidente del Instituto Educativo del Noroeste, A.C.<\/strong> (asociaci\u00f3n civil que auspicia a CETYS Universidad), manifest\u00f3 que el IENAC, fiel a su visi\u00f3n y a su compromiso con Baja California desde hace m\u00e1s de 6 d\u00e9cadas, una vez m\u00e1s inicia y lleva a buen t\u00e9rmino un proyecto que ser\u00e1 de gran relevancia que ser\u00e1 clave para un importante sector de la econom\u00eda, que adem\u00e1s contribuye a consolidar a Baja California como un punto de referencia dentro de la industria nacional del vino.<\/p>\n<p style=\"text-align: justify;\">En la ceremonia de inauguraci\u00f3n del CEVIT estuvieron autoridades representantes del gobierno en todos los niveles, miembros de Organizaci\u00f3n Internacional de la Vi\u00f1a y el Vino, representando a expertos de 49 pa\u00edses, miembros del Instituto Educativo del Noroeste, representantes del sector vitivin\u00edcola, representantes de diferentes c\u00e1maras y organismos empresariales, representantes de empresas aliadas, organizaciones de la sociedad civil, representantes de instituciones educativas, adem\u00e1s de medios de comunicaci\u00f3n internacionales, nacionales y locales.<\/p>\n<p><img loading=\"lazy\" decoding=\"async\" class=\"wp-image-168543 aligncenter\" src=\"https:\/\/www.cetys.mx\/noticias\/wp-content\/uploads\/2022\/11\/p2.jpg\" alt=\"\" width=\"647\" height=\"430\" srcset=\"https:\/\/www.cetys.mx\/noticias\/wp-content\/uploads\/2022\/11\/p2.jpg 958w, https:\/\/www.cetys.mx\/noticias\/wp-content\/uploads\/2022\/11\/p2-768x511.jpg 768w\" sizes=\"auto, (max-width: 647px) 100vw, 647px\" \/><\/p>\n<p style=\"text-align: justify;\"><strong>Sobre el Centro de Estudios Vitivin\u00edcolas:<\/strong><\/p>\n<p style=\"text-align: justify;\">El edificio que alberga al CEVIT cuenta con 1,000 m2 de construcci\u00f3n, en donde hay laboratorios, sala de cata, un auditorio con capacidad para 90 personas, biblioteca, sala de juntas, oficinas para investigadores, andadores y \u00e1reas verdes para realizar acciones encaminadas al apoyo a empresas consolidadas, empresas en desarrollo, entrepreneurs e intrapreneurs, organismos e instituciones, investigadores y entusiastas asociados al tema del vino en M\u00e9xico y el mundo.<\/p>\n<p><iframe loading=\"lazy\" title=\"Ceremonia de Inauguraci\u00f3n del Centro de Estudios Vitivin\u00edcolas de CETYS Universidad\" width=\"500\" height=\"281\" src=\"https:\/\/www.youtube.com\/embed\/6nUp7lkLKDg?feature=oembed\" frameborder=\"0\" allow=\"accelerometer; autoplay; clipboard-write; encrypted-media; gyroscope; picture-in-picture; web-share\" referrerpolicy=\"strict-origin-when-cross-origin\" allowfullscreen><\/iframe><\/p>\n<p><iframe loading=\"lazy\" title=\"Centro de Estudios Vitivin\u00edcolas de CETYS Universidad\" width=\"500\" height=\"281\" src=\"https:\/\/www.youtube.com\/embed\/ku46dvxhSPU?feature=oembed\" frameborder=\"0\" allow=\"accelerometer; autoplay; clipboard-write; encrypted-media; gyroscope; picture-in-picture; web-share\" referrerpolicy=\"strict-origin-when-cross-origin\" allowfullscreen><\/iframe><\/p>\n<p>&nbsp;<\/p>\n<p>&nbsp;<\/p>\n","protected":false},"excerpt":{"rendered":"<p>-La Ceremonia de inauguraci\u00f3n del CEVIT se realiz\u00f3 en el marco del Congreso Mundial de la Vi\u00f1a y el Vino 2022, ante&#8230;<\/p>\n","protected":false},"author":23,"featured_media":168539,"comment_status":"open","ping_status":"closed","sticky":false,"template":"","format":"standard","meta":{"footnotes":""},"categories":[132,5681,125,313],"tags":[138,3949,396,6151,4650,4651],"class_list":["post-168538","post","type-post","status-publish","format-standard","has-post-thumbnail","hentry","category-campus-ensenada","category-cevit","category-portada","category-vocetys-2","tag-cetys","tag-cevit","tag-ensenada","tag-sector-vitivinicola","tag-vino","tag-vitivinicultura"],"yoast_head":"<!-- This site is optimized with the Yoast SEO plugin v27.4 - https:\/\/yoast.com\/product\/yoast-seo-wordpress\/ -->\n<title>Inauguran en CETYS \u00fanico centro de investigaci\u00f3n en M\u00e9xico en temas del vino - CETYS<\/title>\n<meta name=\"description\" content=\"Articulo sobre Inauguran en CETYS \u00fanico centro de investigaci\u00f3n en M\u00e9xico en temas del vino\" \/>\n<meta name=\"robots\" content=\"index, follow, max-snippet:-1, max-image-preview:large, max-video-preview:-1\" \/>\n<link rel=\"canonical\" href=\"https:\/\/www.cetys.mx\/noticias\/inauguran-en-cetys-unico-centro-de-investigacion-en-mexico-en-temas-del-vino\/\" \/>\n<meta property=\"og:locale\" content=\"es_MX\" \/>\n<meta property=\"og:type\" content=\"article\" \/>\n<meta property=\"og:title\" content=\"Inauguran en CETYS \u00fanico centro de investigaci\u00f3n en M\u00e9xico en temas del vino - CETYS\" \/>\n<meta property=\"og:description\" content=\"Articulo sobre Inauguran en CETYS \u00fanico centro de investigaci\u00f3n en M\u00e9xico en temas del vino\" \/>\n<meta property=\"og:url\" content=\"https:\/\/www.cetys.mx\/noticias\/inauguran-en-cetys-unico-centro-de-investigacion-en-mexico-en-temas-del-vino\/\" \/>\n<meta property=\"og:site_name\" content=\"CETYS\" \/>\n<meta property=\"article:publisher\" content=\"https:\/\/www.facebook.com\/cetysuniversidadmxl\/\" \/>\n<meta property=\"article:published_time\" content=\"2022-11-03T23:49:53+00:00\" \/>\n<meta property=\"article:modified_time\" content=\"2022-11-03T23:52:31+00:00\" \/>\n<meta property=\"og:image\" content=\"https:\/\/www.cetys.mx\/noticias\/wp-content\/uploads\/2022\/11\/Foto-1-1.png\" \/>\n\t<meta property=\"og:image:width\" content=\"958\" \/>\n\t<meta property=\"og:image:height\" content=\"637\" \/>\n\t<meta property=\"og:image:type\" content=\"image\/png\" \/>\n<meta name=\"author\" content=\"Campus Ensenada\" \/>\n<meta name=\"twitter:card\" content=\"summary_large_image\" \/>\n<meta name=\"twitter:creator\" content=\"@cetysuni\" \/>\n<meta name=\"twitter:site\" content=\"@cetysuni\" \/>\n<meta name=\"twitter:label1\" content=\"Escrito por\" \/>\n\t<meta name=\"twitter:data1\" content=\"Campus Ensenada\" \/>\n\t<meta name=\"twitter:label2\" content=\"Tiempo de lectura\" \/>\n\t<meta name=\"twitter:data2\" content=\"4 minutos\" \/>\n<script type=\"application\/ld+json\" class=\"yoast-schema-graph\">{\"@context\":\"https:\\\/\\\/schema.org\",\"@graph\":[{\"@type\":\"Article\",\"@id\":\"https:\\\/\\\/www.cetys.mx\\\/noticias\\\/inauguran-en-cetys-unico-centro-de-investigacion-en-mexico-en-temas-del-vino\\\/#article\",\"isPartOf\":{\"@id\":\"https:\\\/\\\/www.cetys.mx\\\/noticias\\\/inauguran-en-cetys-unico-centro-de-investigacion-en-mexico-en-temas-del-vino\\\/\"},\"author\":{\"name\":\"Campus Ensenada\",\"@id\":\"https:\\\/\\\/www.cetys.mx\\\/noticias\\\/#\\\/schema\\\/person\\\/1a1a88c0b6586e66a2e9e88e07afc712\"},\"headline\":\"Inauguran en CETYS \u00fanico centro de investigaci\u00f3n en M\u00e9xico en temas del vino\",\"datePublished\":\"2022-11-03T23:49:53+00:00\",\"dateModified\":\"2022-11-03T23:52:31+00:00\",\"mainEntityOfPage\":{\"@id\":\"https:\\\/\\\/www.cetys.mx\\\/noticias\\\/inauguran-en-cetys-unico-centro-de-investigacion-en-mexico-en-temas-del-vino\\\/\"},\"wordCount\":885,\"commentCount\":0,\"image\":{\"@id\":\"https:\\\/\\\/www.cetys.mx\\\/noticias\\\/inauguran-en-cetys-unico-centro-de-investigacion-en-mexico-en-temas-del-vino\\\/#primaryimage\"},\"thumbnailUrl\":\"https:\\\/\\\/www.cetys.mx\\\/noticias\\\/wp-content\\\/uploads\\\/2022\\\/11\\\/Foto-1-1.png\",\"keywords\":[\"Cetys\",\"CEVIT\",\"ensenada\",\"sector vitivin\u00edcola\",\"vino\",\"vitivinicultura\"],\"articleSection\":[\"Campus Ensenada\",\"CEVIT\",\"Portada\",\"VoCETYS\"],\"inLanguage\":\"es\",\"potentialAction\":[{\"@type\":\"CommentAction\",\"name\":\"Comment\",\"target\":[\"https:\\\/\\\/www.cetys.mx\\\/noticias\\\/inauguran-en-cetys-unico-centro-de-investigacion-en-mexico-en-temas-del-vino\\\/#respond\"]}]},{\"@type\":\"WebPage\",\"@id\":\"https:\\\/\\\/www.cetys.mx\\\/noticias\\\/inauguran-en-cetys-unico-centro-de-investigacion-en-mexico-en-temas-del-vino\\\/\",\"url\":\"https:\\\/\\\/www.cetys.mx\\\/noticias\\\/inauguran-en-cetys-unico-centro-de-investigacion-en-mexico-en-temas-del-vino\\\/\",\"name\":\"Inauguran en CETYS \u00fanico centro de investigaci\u00f3n en M\u00e9xico en temas del vino - CETYS\",\"isPartOf\":{\"@id\":\"https:\\\/\\\/www.cetys.mx\\\/noticias\\\/#website\"},\"primaryImageOfPage\":{\"@id\":\"https:\\\/\\\/www.cetys.mx\\\/noticias\\\/inauguran-en-cetys-unico-centro-de-investigacion-en-mexico-en-temas-del-vino\\\/#primaryimage\"},\"image\":{\"@id\":\"https:\\\/\\\/www.cetys.mx\\\/noticias\\\/inauguran-en-cetys-unico-centro-de-investigacion-en-mexico-en-temas-del-vino\\\/#primaryimage\"},\"thumbnailUrl\":\"https:\\\/\\\/www.cetys.mx\\\/noticias\\\/wp-content\\\/uploads\\\/2022\\\/11\\\/Foto-1-1.png\",\"datePublished\":\"2022-11-03T23:49:53+00:00\",\"dateModified\":\"2022-11-03T23:52:31+00:00\",\"author\":{\"@id\":\"https:\\\/\\\/www.cetys.mx\\\/noticias\\\/#\\\/schema\\\/person\\\/1a1a88c0b6586e66a2e9e88e07afc712\"},\"description\":\"Articulo sobre Inauguran en CETYS \u00fanico centro de investigaci\u00f3n en M\u00e9xico en temas del vino\",\"breadcrumb\":{\"@id\":\"https:\\\/\\\/www.cetys.mx\\\/noticias\\\/inauguran-en-cetys-unico-centro-de-investigacion-en-mexico-en-temas-del-vino\\\/#breadcrumb\"},\"inLanguage\":\"es\",\"potentialAction\":[{\"@type\":\"ReadAction\",\"target\":[\"https:\\\/\\\/www.cetys.mx\\\/noticias\\\/inauguran-en-cetys-unico-centro-de-investigacion-en-mexico-en-temas-del-vino\\\/\"]}]},{\"@type\":\"ImageObject\",\"inLanguage\":\"es\",\"@id\":\"https:\\\/\\\/www.cetys.mx\\\/noticias\\\/inauguran-en-cetys-unico-centro-de-investigacion-en-mexico-en-temas-del-vino\\\/#primaryimage\",\"url\":\"https:\\\/\\\/www.cetys.mx\\\/noticias\\\/wp-content\\\/uploads\\\/2022\\\/11\\\/Foto-1-1.png\",\"contentUrl\":\"https:\\\/\\\/www.cetys.mx\\\/noticias\\\/wp-content\\\/uploads\\\/2022\\\/11\\\/Foto-1-1.png\",\"width\":958,\"height\":637},{\"@type\":\"BreadcrumbList\",\"@id\":\"https:\\\/\\\/www.cetys.mx\\\/noticias\\\/inauguran-en-cetys-unico-centro-de-investigacion-en-mexico-en-temas-del-vino\\\/#breadcrumb\",\"itemListElement\":[{\"@type\":\"ListItem\",\"position\":1,\"name\":\"Inicio\",\"item\":\"https:\\\/\\\/www.cetys.mx\\\/noticias\\\/\"},{\"@type\":\"ListItem\",\"position\":2,\"name\":\"Inauguran en CETYS \u00fanico centro de investigaci\u00f3n en M\u00e9xico en temas del vino\"}]},{\"@type\":\"WebSite\",\"@id\":\"https:\\\/\\\/www.cetys.mx\\\/noticias\\\/#website\",\"url\":\"https:\\\/\\\/www.cetys.mx\\\/noticias\\\/\",\"name\":\"CETYS\",\"description\":\"\",\"potentialAction\":[{\"@type\":\"SearchAction\",\"target\":{\"@type\":\"EntryPoint\",\"urlTemplate\":\"https:\\\/\\\/www.cetys.mx\\\/noticias\\\/?s={search_term_string}\"},\"query-input\":{\"@type\":\"PropertyValueSpecification\",\"valueRequired\":true,\"valueName\":\"search_term_string\"}}],\"inLanguage\":\"es\"},{\"@type\":\"Person\",\"@id\":\"https:\\\/\\\/www.cetys.mx\\\/noticias\\\/#\\\/schema\\\/person\\\/1a1a88c0b6586e66a2e9e88e07afc712\",\"name\":\"Campus Ensenada\",\"url\":\"https:\\\/\\\/www.cetys.mx\\\/noticias\\\/author\\\/campusensenada\\\/\"}]}<\/script>\n<!-- \/ Yoast SEO plugin. -->","yoast_head_json":{"title":"Inauguran en CETYS \u00fanico centro de investigaci\u00f3n en M\u00e9xico en temas del vino - CETYS","description":"Articulo sobre Inauguran en CETYS \u00fanico centro de investigaci\u00f3n en M\u00e9xico en temas del vino","robots":{"index":"index","follow":"follow","max-snippet":"max-snippet:-1","max-image-preview":"max-image-preview:large","max-video-preview":"max-video-preview:-1"},"canonical":"https:\/\/www.cetys.mx\/noticias\/inauguran-en-cetys-unico-centro-de-investigacion-en-mexico-en-temas-del-vino\/","og_locale":"es_MX","og_type":"article","og_title":"Inauguran en CETYS \u00fanico centro de investigaci\u00f3n en M\u00e9xico en temas del vino - CETYS","og_description":"Articulo sobre Inauguran en CETYS \u00fanico centro de investigaci\u00f3n en M\u00e9xico en temas del vino","og_url":"https:\/\/www.cetys.mx\/noticias\/inauguran-en-cetys-unico-centro-de-investigacion-en-mexico-en-temas-del-vino\/","og_site_name":"CETYS","article_publisher":"https:\/\/www.facebook.com\/cetysuniversidadmxl\/","article_published_time":"2022-11-03T23:49:53+00:00","article_modified_time":"2022-11-03T23:52:31+00:00","og_image":[{"width":958,"height":637,"url":"https:\/\/www.cetys.mx\/noticias\/wp-content\/uploads\/2022\/11\/Foto-1-1.png","type":"image\/png"}],"author":"Campus Ensenada","twitter_card":"summary_large_image","twitter_creator":"@cetysuni","twitter_site":"@cetysuni","twitter_misc":{"Escrito por":"Campus Ensenada","Tiempo de lectura":"4 minutos"},"schema":{"@context":"https:\/\/schema.org","@graph":[{"@type":"Article","@id":"https:\/\/www.cetys.mx\/noticias\/inauguran-en-cetys-unico-centro-de-investigacion-en-mexico-en-temas-del-vino\/#article","isPartOf":{"@id":"https:\/\/www.cetys.mx\/noticias\/inauguran-en-cetys-unico-centro-de-investigacion-en-mexico-en-temas-del-vino\/"},"author":{"name":"Campus Ensenada","@id":"https:\/\/www.cetys.mx\/noticias\/#\/schema\/person\/1a1a88c0b6586e66a2e9e88e07afc712"},"headline":"Inauguran en CETYS \u00fanico centro de investigaci\u00f3n en M\u00e9xico en temas del vino","datePublished":"2022-11-03T23:49:53+00:00","dateModified":"2022-11-03T23:52:31+00:00","mainEntityOfPage":{"@id":"https:\/\/www.cetys.mx\/noticias\/inauguran-en-cetys-unico-centro-de-investigacion-en-mexico-en-temas-del-vino\/"},"wordCount":885,"commentCount":0,"image":{"@id":"https:\/\/www.cetys.mx\/noticias\/inauguran-en-cetys-unico-centro-de-investigacion-en-mexico-en-temas-del-vino\/#primaryimage"},"thumbnailUrl":"https:\/\/www.cetys.mx\/noticias\/wp-content\/uploads\/2022\/11\/Foto-1-1.png","keywords":["Cetys","CEVIT","ensenada","sector vitivin\u00edcola","vino","vitivinicultura"],"articleSection":["Campus Ensenada","CEVIT","Portada","VoCETYS"],"inLanguage":"es","potentialAction":[{"@type":"CommentAction","name":"Comment","target":["https:\/\/www.cetys.mx\/noticias\/inauguran-en-cetys-unico-centro-de-investigacion-en-mexico-en-temas-del-vino\/#respond"]}]},{"@type":"WebPage","@id":"https:\/\/www.cetys.mx\/noticias\/inauguran-en-cetys-unico-centro-de-investigacion-en-mexico-en-temas-del-vino\/","url":"https:\/\/www.cetys.mx\/noticias\/inauguran-en-cetys-unico-centro-de-investigacion-en-mexico-en-temas-del-vino\/","name":"Inauguran en CETYS \u00fanico centro de investigaci\u00f3n en M\u00e9xico en temas del vino - CETYS","isPartOf":{"@id":"https:\/\/www.cetys.mx\/noticias\/#website"},"primaryImageOfPage":{"@id":"https:\/\/www.cetys.mx\/noticias\/inauguran-en-cetys-unico-centro-de-investigacion-en-mexico-en-temas-del-vino\/#primaryimage"},"image":{"@id":"https:\/\/www.cetys.mx\/noticias\/inauguran-en-cetys-unico-centro-de-investigacion-en-mexico-en-temas-del-vino\/#primaryimage"},"thumbnailUrl":"https:\/\/www.cetys.mx\/noticias\/wp-content\/uploads\/2022\/11\/Foto-1-1.png","datePublished":"2022-11-03T23:49:53+00:00","dateModified":"2022-11-03T23:52:31+00:00","author":{"@id":"https:\/\/www.cetys.mx\/noticias\/#\/schema\/person\/1a1a88c0b6586e66a2e9e88e07afc712"},"description":"Articulo sobre Inauguran en CETYS \u00fanico centro de investigaci\u00f3n en M\u00e9xico en temas del vino","breadcrumb":{"@id":"https:\/\/www.cetys.mx\/noticias\/inauguran-en-cetys-unico-centro-de-investigacion-en-mexico-en-temas-del-vino\/#breadcrumb"},"inLanguage":"es","potentialAction":[{"@type":"ReadAction","target":["https:\/\/www.cetys.mx\/noticias\/inauguran-en-cetys-unico-centro-de-investigacion-en-mexico-en-temas-del-vino\/"]}]},{"@type":"ImageObject","inLanguage":"es","@id":"https:\/\/www.cetys.mx\/noticias\/inauguran-en-cetys-unico-centro-de-investigacion-en-mexico-en-temas-del-vino\/#primaryimage","url":"https:\/\/www.cetys.mx\/noticias\/wp-content\/uploads\/2022\/11\/Foto-1-1.png","contentUrl":"https:\/\/www.cetys.mx\/noticias\/wp-content\/uploads\/2022\/11\/Foto-1-1.png","width":958,"height":637},{"@type":"BreadcrumbList","@id":"https:\/\/www.cetys.mx\/noticias\/inauguran-en-cetys-unico-centro-de-investigacion-en-mexico-en-temas-del-vino\/#breadcrumb","itemListElement":[{"@type":"ListItem","position":1,"name":"Inicio","item":"https:\/\/www.cetys.mx\/noticias\/"},{"@type":"ListItem","position":2,"name":"Inauguran en CETYS \u00fanico centro de investigaci\u00f3n en M\u00e9xico en temas del vino"}]},{"@type":"WebSite","@id":"https:\/\/www.cetys.mx\/noticias\/#website","url":"https:\/\/www.cetys.mx\/noticias\/","name":"CETYS","description":"","potentialAction":[{"@type":"SearchAction","target":{"@type":"EntryPoint","urlTemplate":"https:\/\/www.cetys.mx\/noticias\/?s={search_term_string}"},"query-input":{"@type":"PropertyValueSpecification","valueRequired":true,"valueName":"search_term_string"}}],"inLanguage":"es"},{"@type":"Person","@id":"https:\/\/www.cetys.mx\/noticias\/#\/schema\/person\/1a1a88c0b6586e66a2e9e88e07afc712","name":"Campus Ensenada","url":"https:\/\/www.cetys.mx\/noticias\/author\/campusensenada\/"}]}},"_links":{"self":[{"href":"https:\/\/www.cetys.mx\/noticias\/wp-json\/wp\/v2\/posts\/168538","targetHints":{"allow":["GET"]}}],"collection":[{"href":"https:\/\/www.cetys.mx\/noticias\/wp-json\/wp\/v2\/posts"}],"about":[{"href":"https:\/\/www.cetys.mx\/noticias\/wp-json\/wp\/v2\/types\/post"}],"author":[{"embeddable":true,"href":"https:\/\/www.cetys.mx\/noticias\/wp-json\/wp\/v2\/users\/23"}],"replies":[{"embeddable":true,"href":"https:\/\/www.cetys.mx\/noticias\/wp-json\/wp\/v2\/comments?post=168538"}],"version-history":[{"count":2,"href":"https:\/\/www.cetys.mx\/noticias\/wp-json\/wp\/v2\/posts\/168538\/revisions"}],"predecessor-version":[{"id":168547,"href":"https:\/\/www.cetys.mx\/noticias\/wp-json\/wp\/v2\/posts\/168538\/revisions\/168547"}],"wp:featuredmedia":[{"embeddable":true,"href":"https:\/\/www.cetys.mx\/noticias\/wp-json\/wp\/v2\/media\/168539"}],"wp:attachment":[{"href":"https:\/\/www.cetys.mx\/noticias\/wp-json\/wp\/v2\/media?parent=168538"}],"wp:term":[{"taxonomy":"category","embeddable":true,"href":"https:\/\/www.cetys.mx\/noticias\/wp-json\/wp\/v2\/categories?post=168538"},{"taxonomy":"post_tag","embeddable":true,"href":"https:\/\/www.cetys.mx\/noticias\/wp-json\/wp\/v2\/tags?post=168538"}],"curies":[{"name":"wp","href":"https:\/\/api.w.org\/{rel}","templated":true}]}}