{"id":168384,"date":"2022-10-28T15:39:07","date_gmt":"2022-10-28T22:39:07","guid":{"rendered":"https:\/\/www.cetys.mx\/noticias\/?p=168384"},"modified":"2022-10-28T15:39:07","modified_gmt":"2022-10-28T22:39:07","slug":"presentan-investigacion-sobre-salud-mental-en-congreso-intencionalidad-en-colombia","status":"publish","type":"post","link":"https:\/\/www.cetys.mx\/noticias\/presentan-investigacion-sobre-salud-mental-en-congreso-intencionalidad-en-colombia\/","title":{"rendered":"Presentan investigaci\u00f3n sobre salud mental en congreso intencionalidad en Colombia"},"content":{"rendered":"<p style=\"text-align: justify;\"><span style=\"font-weight: 400;\">Como parte de la internacionalizaci\u00f3n en nuestros docentes y de su calidad de #ExpertosCETYS, la Mtra Patricia P\u00e1ez, Coordinadora del Centro de Desarrollo Estudiantil (CEDE) de Campus Ensenada, el\u00a0 Dr. Arturo Ron Grajales, coordinador de la Maestr\u00eda en Neuropsicolog\u00eda y Gerontolog\u00eda Social en Campus Internacional Ensenada y el Mtro Francisco Maldonado, coordinador de CEDE en Campus Tijuana, participaron como ponentes en el IV Congreso de Investigaci\u00f3n en Psicolog\u00eda: Salud mental e innovaci\u00f3n psicosocial, organizado por la Universidad de San Buenaventura, Medell\u00edn, Colombia.<\/span><\/p>\n<p style=\"text-align: justify;\"><span style=\"font-weight: 400;\">Durante el evento, se presentaron trabajos de investigaci\u00f3n y propuestas de intervenci\u00f3n por parte de ponentes nacionales e internacionales, de investigadors de M\u00e9xico, Italia y Colombia, donde se abordaron tem\u00e1ticas actuales de salud mental en diversos simposios: interacciones; estilos de vida y salud; interacciones en entornos digitales; as\u00ed como interacci\u00f3n con otros y con el medio ambiente.<\/span><\/p>\n<p style=\"text-align: justify;\"><span style=\"font-weight: 400;\">El Dr. Arturo Ron Grajales y la Dra. Aracelio Sanz, responsable del Laboratorio de Estr\u00e9s y Neurodesarrollo de la Universidad de Guadalajara, presentaron una conferencia central sobre el <\/span><i><span style=\"font-weight: 400;\">Efecto del maltrato infantil sobre el desarrollo neuropsicol\u00f3gico<\/span><\/i><span style=\"font-weight: 400;\">.\u00a0<\/span><\/p>\n<p style=\"text-align: justify;\"><span style=\"font-weight: 400;\">As\u00ed mismo, los coordinadores del Centro de Desarrollo Estudiantil de CETYS Universidad, Dra. Patricia P\u00e1ez y Mtro. Francisco Maldonado, junto con el Dr. Ron,\u00a0 tuvieron una excelente participaci\u00f3n en el simposio: Salud y estilos de vida saludables &#8211; Prevenci\u00f3n del Suicidio, en el cual presentaron la ponencia titulada: <\/span><i><span style=\"font-weight: 400;\">Protocolo de prevenci\u00f3n y atenci\u00f3n a crisis en salud mental: una aproximaci\u00f3n de su implementaci\u00f3n.\u00a0<\/span><\/i><\/p>\n<p style=\"text-align: justify;\"><span style=\"font-weight: 400;\">Es as\u00ed que la participaci\u00f3n en estos eventos nos acerca cada vez m\u00e1s como comunidades acad\u00e9micas en torno a un objetivo com\u00fan: la investigaci\u00f3n e intervenci\u00f3n para el cuidado de la salud mental de nuestras comunidades.<\/span><\/p>\n","protected":false},"excerpt":{"rendered":"<p>Como parte de la internacionalizaci\u00f3n en nuestros docentes y de su calidad de #ExpertosCETYS, la Mtra Patricia P\u00e1ez, Coordinadora del Centro de&#8230;<\/p>\n","protected":false},"author":26,"featured_media":168385,"comment_status":"open","ping_status":"closed","sticky":false,"template":"","format":"standard","meta":{"footnotes":""},"categories":[110,209],"tags":[179,530],"class_list":["post-168384","post","type-post","status-publish","format-standard","has-post-thumbnail","hentry","category-academia","category-institucional","tag-psicologia","tag-salud-mental"],"yoast_head":"<!-- This site is optimized with the Yoast SEO plugin v27.4 - https:\/\/yoast.com\/product\/yoast-seo-wordpress\/ -->\n<title>Presentan investigaci\u00f3n sobre salud mental en congreso intencionalidad en Colombia - CETYS<\/title>\n<meta name=\"description\" content=\"Articulo sobre Presentan investigaci\u00f3n sobre salud mental en congreso intencionalidad en Colombia\" \/>\n<meta name=\"robots\" content=\"index, follow, max-snippet:-1, max-image-preview:large, max-video-preview:-1\" \/>\n<link rel=\"canonical\" href=\"https:\/\/www.cetys.mx\/noticias\/presentan-investigacion-sobre-salud-mental-en-congreso-intencionalidad-en-colombia\/\" \/>\n<meta property=\"og:locale\" content=\"es_MX\" \/>\n<meta property=\"og:type\" content=\"article\" \/>\n<meta property=\"og:title\" content=\"Presentan investigaci\u00f3n sobre salud mental en congreso intencionalidad en Colombia - CETYS\" \/>\n<meta property=\"og:description\" content=\"Articulo sobre Presentan investigaci\u00f3n sobre salud mental en congreso intencionalidad en Colombia\" \/>\n<meta property=\"og:url\" content=\"https:\/\/www.cetys.mx\/noticias\/presentan-investigacion-sobre-salud-mental-en-congreso-intencionalidad-en-colombia\/\" \/>\n<meta property=\"og:site_name\" content=\"CETYS\" \/>\n<meta property=\"article:publisher\" content=\"https:\/\/www.facebook.com\/cetysuniversidadmxl\/\" \/>\n<meta property=\"article:published_time\" content=\"2022-10-28T22:39:07+00:00\" \/>\n<meta property=\"og:image\" content=\"https:\/\/www.cetys.mx\/noticias\/wp-content\/uploads\/2022\/10\/Salud-mental2.jpg\" \/>\n\t<meta property=\"og:image:width\" content=\"958\" \/>\n\t<meta property=\"og:image:height\" content=\"637\" \/>\n\t<meta property=\"og:image:type\" content=\"image\/jpeg\" \/>\n<meta name=\"author\" content=\"CETYS Institucional\" \/>\n<meta name=\"twitter:card\" content=\"summary_large_image\" \/>\n<meta name=\"twitter:creator\" content=\"@cetysuni\" \/>\n<meta name=\"twitter:site\" content=\"@cetysuni\" \/>\n<meta name=\"twitter:label1\" content=\"Escrito por\" \/>\n\t<meta name=\"twitter:data1\" content=\"CETYS Institucional\" \/>\n\t<meta name=\"twitter:label2\" content=\"Tiempo de lectura\" \/>\n\t<meta name=\"twitter:data2\" content=\"2 minutos\" \/>\n<script type=\"application\/ld+json\" class=\"yoast-schema-graph\">{\"@context\":\"https:\\\/\\\/schema.org\",\"@graph\":[{\"@type\":\"Article\",\"@id\":\"https:\\\/\\\/www.cetys.mx\\\/noticias\\\/presentan-investigacion-sobre-salud-mental-en-congreso-intencionalidad-en-colombia\\\/#article\",\"isPartOf\":{\"@id\":\"https:\\\/\\\/www.cetys.mx\\\/noticias\\\/presentan-investigacion-sobre-salud-mental-en-congreso-intencionalidad-en-colombia\\\/\"},\"author\":{\"name\":\"CETYS Institucional\",\"@id\":\"https:\\\/\\\/www.cetys.mx\\\/noticias\\\/#\\\/schema\\\/person\\\/e9d2b35265b64aa454df57a2828eb2ac\"},\"headline\":\"Presentan investigaci\u00f3n sobre salud mental en congreso intencionalidad en Colombia\",\"datePublished\":\"2022-10-28T22:39:07+00:00\",\"mainEntityOfPage\":{\"@id\":\"https:\\\/\\\/www.cetys.mx\\\/noticias\\\/presentan-investigacion-sobre-salud-mental-en-congreso-intencionalidad-en-colombia\\\/\"},\"wordCount\":314,\"commentCount\":0,\"image\":{\"@id\":\"https:\\\/\\\/www.cetys.mx\\\/noticias\\\/presentan-investigacion-sobre-salud-mental-en-congreso-intencionalidad-en-colombia\\\/#primaryimage\"},\"thumbnailUrl\":\"https:\\\/\\\/www.cetys.mx\\\/noticias\\\/wp-content\\\/uploads\\\/2022\\\/10\\\/Salud-mental2.jpg\",\"keywords\":[\"psicolog\u00eda\",\"Salud Mental\"],\"articleSection\":[\"Academia\",\"Institucional\"],\"inLanguage\":\"es\",\"potentialAction\":[{\"@type\":\"CommentAction\",\"name\":\"Comment\",\"target\":[\"https:\\\/\\\/www.cetys.mx\\\/noticias\\\/presentan-investigacion-sobre-salud-mental-en-congreso-intencionalidad-en-colombia\\\/#respond\"]}]},{\"@type\":\"WebPage\",\"@id\":\"https:\\\/\\\/www.cetys.mx\\\/noticias\\\/presentan-investigacion-sobre-salud-mental-en-congreso-intencionalidad-en-colombia\\\/\",\"url\":\"https:\\\/\\\/www.cetys.mx\\\/noticias\\\/presentan-investigacion-sobre-salud-mental-en-congreso-intencionalidad-en-colombia\\\/\",\"name\":\"Presentan investigaci\u00f3n sobre salud mental en congreso intencionalidad en Colombia - CETYS\",\"isPartOf\":{\"@id\":\"https:\\\/\\\/www.cetys.mx\\\/noticias\\\/#website\"},\"primaryImageOfPage\":{\"@id\":\"https:\\\/\\\/www.cetys.mx\\\/noticias\\\/presentan-investigacion-sobre-salud-mental-en-congreso-intencionalidad-en-colombia\\\/#primaryimage\"},\"image\":{\"@id\":\"https:\\\/\\\/www.cetys.mx\\\/noticias\\\/presentan-investigacion-sobre-salud-mental-en-congreso-intencionalidad-en-colombia\\\/#primaryimage\"},\"thumbnailUrl\":\"https:\\\/\\\/www.cetys.mx\\\/noticias\\\/wp-content\\\/uploads\\\/2022\\\/10\\\/Salud-mental2.jpg\",\"datePublished\":\"2022-10-28T22:39:07+00:00\",\"author\":{\"@id\":\"https:\\\/\\\/www.cetys.mx\\\/noticias\\\/#\\\/schema\\\/person\\\/e9d2b35265b64aa454df57a2828eb2ac\"},\"description\":\"Articulo sobre Presentan investigaci\u00f3n sobre salud mental en congreso intencionalidad en Colombia\",\"breadcrumb\":{\"@id\":\"https:\\\/\\\/www.cetys.mx\\\/noticias\\\/presentan-investigacion-sobre-salud-mental-en-congreso-intencionalidad-en-colombia\\\/#breadcrumb\"},\"inLanguage\":\"es\",\"potentialAction\":[{\"@type\":\"ReadAction\",\"target\":[\"https:\\\/\\\/www.cetys.mx\\\/noticias\\\/presentan-investigacion-sobre-salud-mental-en-congreso-intencionalidad-en-colombia\\\/\"]}]},{\"@type\":\"ImageObject\",\"inLanguage\":\"es\",\"@id\":\"https:\\\/\\\/www.cetys.mx\\\/noticias\\\/presentan-investigacion-sobre-salud-mental-en-congreso-intencionalidad-en-colombia\\\/#primaryimage\",\"url\":\"https:\\\/\\\/www.cetys.mx\\\/noticias\\\/wp-content\\\/uploads\\\/2022\\\/10\\\/Salud-mental2.jpg\",\"contentUrl\":\"https:\\\/\\\/www.cetys.mx\\\/noticias\\\/wp-content\\\/uploads\\\/2022\\\/10\\\/Salud-mental2.jpg\",\"width\":958,\"height\":637},{\"@type\":\"BreadcrumbList\",\"@id\":\"https:\\\/\\\/www.cetys.mx\\\/noticias\\\/presentan-investigacion-sobre-salud-mental-en-congreso-intencionalidad-en-colombia\\\/#breadcrumb\",\"itemListElement\":[{\"@type\":\"ListItem\",\"position\":1,\"name\":\"Inicio\",\"item\":\"https:\\\/\\\/www.cetys.mx\\\/noticias\\\/\"},{\"@type\":\"ListItem\",\"position\":2,\"name\":\"Presentan investigaci\u00f3n sobre salud mental en congreso intencionalidad en Colombia\"}]},{\"@type\":\"WebSite\",\"@id\":\"https:\\\/\\\/www.cetys.mx\\\/noticias\\\/#website\",\"url\":\"https:\\\/\\\/www.cetys.mx\\\/noticias\\\/\",\"name\":\"CETYS\",\"description\":\"\",\"potentialAction\":[{\"@type\":\"SearchAction\",\"target\":{\"@type\":\"EntryPoint\",\"urlTemplate\":\"https:\\\/\\\/www.cetys.mx\\\/noticias\\\/?s={search_term_string}\"},\"query-input\":{\"@type\":\"PropertyValueSpecification\",\"valueRequired\":true,\"valueName\":\"search_term_string\"}}],\"inLanguage\":\"es\"},{\"@type\":\"Person\",\"@id\":\"https:\\\/\\\/www.cetys.mx\\\/noticias\\\/#\\\/schema\\\/person\\\/e9d2b35265b64aa454df57a2828eb2ac\",\"name\":\"CETYS Institucional\",\"url\":\"https:\\\/\\\/www.cetys.mx\\\/noticias\\\/author\\\/cetysinstitucional\\\/\"}]}<\/script>\n<!-- \/ Yoast SEO plugin. -->","yoast_head_json":{"title":"Presentan investigaci\u00f3n sobre salud mental en congreso intencionalidad en Colombia - CETYS","description":"Articulo sobre Presentan investigaci\u00f3n sobre salud mental en congreso intencionalidad en Colombia","robots":{"index":"index","follow":"follow","max-snippet":"max-snippet:-1","max-image-preview":"max-image-preview:large","max-video-preview":"max-video-preview:-1"},"canonical":"https:\/\/www.cetys.mx\/noticias\/presentan-investigacion-sobre-salud-mental-en-congreso-intencionalidad-en-colombia\/","og_locale":"es_MX","og_type":"article","og_title":"Presentan investigaci\u00f3n sobre salud mental en congreso intencionalidad en Colombia - CETYS","og_description":"Articulo sobre Presentan investigaci\u00f3n sobre salud mental en congreso intencionalidad en Colombia","og_url":"https:\/\/www.cetys.mx\/noticias\/presentan-investigacion-sobre-salud-mental-en-congreso-intencionalidad-en-colombia\/","og_site_name":"CETYS","article_publisher":"https:\/\/www.facebook.com\/cetysuniversidadmxl\/","article_published_time":"2022-10-28T22:39:07+00:00","og_image":[{"width":958,"height":637,"url":"https:\/\/www.cetys.mx\/noticias\/wp-content\/uploads\/2022\/10\/Salud-mental2.jpg","type":"image\/jpeg"}],"author":"CETYS Institucional","twitter_card":"summary_large_image","twitter_creator":"@cetysuni","twitter_site":"@cetysuni","twitter_misc":{"Escrito por":"CETYS Institucional","Tiempo de lectura":"2 minutos"},"schema":{"@context":"https:\/\/schema.org","@graph":[{"@type":"Article","@id":"https:\/\/www.cetys.mx\/noticias\/presentan-investigacion-sobre-salud-mental-en-congreso-intencionalidad-en-colombia\/#article","isPartOf":{"@id":"https:\/\/www.cetys.mx\/noticias\/presentan-investigacion-sobre-salud-mental-en-congreso-intencionalidad-en-colombia\/"},"author":{"name":"CETYS Institucional","@id":"https:\/\/www.cetys.mx\/noticias\/#\/schema\/person\/e9d2b35265b64aa454df57a2828eb2ac"},"headline":"Presentan investigaci\u00f3n sobre salud mental en congreso intencionalidad en Colombia","datePublished":"2022-10-28T22:39:07+00:00","mainEntityOfPage":{"@id":"https:\/\/www.cetys.mx\/noticias\/presentan-investigacion-sobre-salud-mental-en-congreso-intencionalidad-en-colombia\/"},"wordCount":314,"commentCount":0,"image":{"@id":"https:\/\/www.cetys.mx\/noticias\/presentan-investigacion-sobre-salud-mental-en-congreso-intencionalidad-en-colombia\/#primaryimage"},"thumbnailUrl":"https:\/\/www.cetys.mx\/noticias\/wp-content\/uploads\/2022\/10\/Salud-mental2.jpg","keywords":["psicolog\u00eda","Salud Mental"],"articleSection":["Academia","Institucional"],"inLanguage":"es","potentialAction":[{"@type":"CommentAction","name":"Comment","target":["https:\/\/www.cetys.mx\/noticias\/presentan-investigacion-sobre-salud-mental-en-congreso-intencionalidad-en-colombia\/#respond"]}]},{"@type":"WebPage","@id":"https:\/\/www.cetys.mx\/noticias\/presentan-investigacion-sobre-salud-mental-en-congreso-intencionalidad-en-colombia\/","url":"https:\/\/www.cetys.mx\/noticias\/presentan-investigacion-sobre-salud-mental-en-congreso-intencionalidad-en-colombia\/","name":"Presentan investigaci\u00f3n sobre salud mental en congreso intencionalidad en Colombia - CETYS","isPartOf":{"@id":"https:\/\/www.cetys.mx\/noticias\/#website"},"primaryImageOfPage":{"@id":"https:\/\/www.cetys.mx\/noticias\/presentan-investigacion-sobre-salud-mental-en-congreso-intencionalidad-en-colombia\/#primaryimage"},"image":{"@id":"https:\/\/www.cetys.mx\/noticias\/presentan-investigacion-sobre-salud-mental-en-congreso-intencionalidad-en-colombia\/#primaryimage"},"thumbnailUrl":"https:\/\/www.cetys.mx\/noticias\/wp-content\/uploads\/2022\/10\/Salud-mental2.jpg","datePublished":"2022-10-28T22:39:07+00:00","author":{"@id":"https:\/\/www.cetys.mx\/noticias\/#\/schema\/person\/e9d2b35265b64aa454df57a2828eb2ac"},"description":"Articulo sobre Presentan investigaci\u00f3n sobre salud mental en congreso intencionalidad en Colombia","breadcrumb":{"@id":"https:\/\/www.cetys.mx\/noticias\/presentan-investigacion-sobre-salud-mental-en-congreso-intencionalidad-en-colombia\/#breadcrumb"},"inLanguage":"es","potentialAction":[{"@type":"ReadAction","target":["https:\/\/www.cetys.mx\/noticias\/presentan-investigacion-sobre-salud-mental-en-congreso-intencionalidad-en-colombia\/"]}]},{"@type":"ImageObject","inLanguage":"es","@id":"https:\/\/www.cetys.mx\/noticias\/presentan-investigacion-sobre-salud-mental-en-congreso-intencionalidad-en-colombia\/#primaryimage","url":"https:\/\/www.cetys.mx\/noticias\/wp-content\/uploads\/2022\/10\/Salud-mental2.jpg","contentUrl":"https:\/\/www.cetys.mx\/noticias\/wp-content\/uploads\/2022\/10\/Salud-mental2.jpg","width":958,"height":637},{"@type":"BreadcrumbList","@id":"https:\/\/www.cetys.mx\/noticias\/presentan-investigacion-sobre-salud-mental-en-congreso-intencionalidad-en-colombia\/#breadcrumb","itemListElement":[{"@type":"ListItem","position":1,"name":"Inicio","item":"https:\/\/www.cetys.mx\/noticias\/"},{"@type":"ListItem","position":2,"name":"Presentan investigaci\u00f3n sobre salud mental en congreso intencionalidad en Colombia"}]},{"@type":"WebSite","@id":"https:\/\/www.cetys.mx\/noticias\/#website","url":"https:\/\/www.cetys.mx\/noticias\/","name":"CETYS","description":"","potentialAction":[{"@type":"SearchAction","target":{"@type":"EntryPoint","urlTemplate":"https:\/\/www.cetys.mx\/noticias\/?s={search_term_string}"},"query-input":{"@type":"PropertyValueSpecification","valueRequired":true,"valueName":"search_term_string"}}],"inLanguage":"es"},{"@type":"Person","@id":"https:\/\/www.cetys.mx\/noticias\/#\/schema\/person\/e9d2b35265b64aa454df57a2828eb2ac","name":"CETYS Institucional","url":"https:\/\/www.cetys.mx\/noticias\/author\/cetysinstitucional\/"}]}},"_links":{"self":[{"href":"https:\/\/www.cetys.mx\/noticias\/wp-json\/wp\/v2\/posts\/168384","targetHints":{"allow":["GET"]}}],"collection":[{"href":"https:\/\/www.cetys.mx\/noticias\/wp-json\/wp\/v2\/posts"}],"about":[{"href":"https:\/\/www.cetys.mx\/noticias\/wp-json\/wp\/v2\/types\/post"}],"author":[{"embeddable":true,"href":"https:\/\/www.cetys.mx\/noticias\/wp-json\/wp\/v2\/users\/26"}],"replies":[{"embeddable":true,"href":"https:\/\/www.cetys.mx\/noticias\/wp-json\/wp\/v2\/comments?post=168384"}],"version-history":[{"count":1,"href":"https:\/\/www.cetys.mx\/noticias\/wp-json\/wp\/v2\/posts\/168384\/revisions"}],"predecessor-version":[{"id":168386,"href":"https:\/\/www.cetys.mx\/noticias\/wp-json\/wp\/v2\/posts\/168384\/revisions\/168386"}],"wp:featuredmedia":[{"embeddable":true,"href":"https:\/\/www.cetys.mx\/noticias\/wp-json\/wp\/v2\/media\/168385"}],"wp:attachment":[{"href":"https:\/\/www.cetys.mx\/noticias\/wp-json\/wp\/v2\/media?parent=168384"}],"wp:term":[{"taxonomy":"category","embeddable":true,"href":"https:\/\/www.cetys.mx\/noticias\/wp-json\/wp\/v2\/categories?post=168384"},{"taxonomy":"post_tag","embeddable":true,"href":"https:\/\/www.cetys.mx\/noticias\/wp-json\/wp\/v2\/tags?post=168384"}],"curies":[{"name":"wp","href":"https:\/\/api.w.org\/{rel}","templated":true}]}}