{"id":168334,"date":"2022-10-28T09:57:37","date_gmt":"2022-10-28T16:57:37","guid":{"rendered":"https:\/\/www.cetys.mx\/noticias\/?p=168334"},"modified":"2022-10-28T09:57:37","modified_gmt":"2022-10-28T16:57:37","slug":"discuten-en-seminario-internacional-los-retos-y-oportunidades-de-la-educacion-superior-mexicana","status":"publish","type":"post","link":"https:\/\/www.cetys.mx\/noticias\/discuten-en-seminario-internacional-los-retos-y-oportunidades-de-la-educacion-superior-mexicana\/","title":{"rendered":"Discuten en seminario internacional los retos y oportunidades de la educaci\u00f3n superior mexicana"},"content":{"rendered":"<p style=\"text-align: justify;\"><span style=\"font-weight: 400;\">Como parte de la vinculaci\u00f3n y el enfoque internacional de la Instituci\u00f3n, el <\/span><b>Dr. Alberto G\u00e1rate Rivera, Vicerrector Acad\u00e9mico del Sistema CETYS Universidad<\/b><span style=\"font-weight: 400;\">, particip\u00f3 como ponente en el <\/span><b>Seminario Internacional 2022-2023, Red Global,<\/b><span style=\"font-weight: 400;\"> llevado a cabo en la Universidad de Alcal\u00e1 de Henares (UAH), en Espa\u00f1a, en donde se discuti\u00f3 el tema: La educaci\u00f3n superior en M\u00e9xico.<\/span><\/p>\n<p style=\"text-align: justify;\"><span style=\"font-weight: 400;\">Este encuentro fue coordinador por el Instituto de Estudios Latinoamericanos y por la C\u00e1tedra Iberoamericana de Educaci\u00f3n de la UAH, siendo el moderador el Dr. Mario Mart\u00edn Bris, del Departamento de Estudios Internacionales por Iberoam\u00e9rica, y como ponentes el Dr. Salvador Jara Guerrero, Vicepresidente de la Sociedad Mexicana para la Divulgaci\u00f3n de la Ciencia y la Tecnolog\u00eda, ex rector de la Universidad Michoacana de San Nicol\u00e1s de Hidalgo y ex Subsecretario de Educaci\u00f3n Superior de la Secretaria de Educaci\u00f3n P\u00fablica de M\u00e9xico (SEP), as\u00ed como el Dr. Alberto G\u00e1rate Rivera, en su calidad de Vicerrector Acad\u00e9mico de CETYS Universidad.<\/span><\/p>\n<p style=\"text-align: justify;\"><span style=\"font-weight: 400;\">La disertaci\u00f3n se dio en torno a los retos y oportunidades de la educaci\u00f3n superior en M\u00e9xico, centrando su an\u00e1lisis en qu\u00e9 punto se encuentra la educaci\u00f3n superior, as\u00ed como qu\u00e9 tan r\u00e1pidos y preparados est\u00e1n los sistemas educativos para los cambios.<\/span><\/p>\n<p style=\"text-align: justify;\"><span style=\"font-weight: 400;\">De acuerdo a las estad\u00edsticas, se destaca que hay m\u00e1s de 4,000 instituciones de educaci\u00f3n superior en M\u00e9xico y m\u00e1s de 5 millones de estudiantes, con m\u00e1s de 2,500 instituciones particulares y solo 110 acreditadas, concluyendo que no hay una falta de universidades en el pa\u00eds latinoamericano, sino que hay una necesidad de transparencia y acreditaci\u00f3n, al dar cuenta de la calidad con la que ya cuentan las instituciones e incrementarla.<\/span><\/p>\n<blockquote>\n<p style=\"text-align: justify;\"><span style=\"font-weight: 400;\">\u201cTenemos un problema serio, porque cuando hay una instituci\u00f3n educativa que permite que deserten el 40 % de sus estudiantes, algo est\u00e1 ocurriendo, incluso \u00e9ticamente, en esa instituci\u00f3n. Esta deserci\u00f3n tiene que ver con un problema de planeaci\u00f3n educativa sobre lo que ofrecen las universidades. Tiene que ver con un problema de desigualdad social, desertan mayormente las personas que viven en pobreza, ya que est\u00e1n menos provistos de instrumentos como tecnolog\u00edas o incluso una buena alimentaci\u00f3n, no por capacidad intelectual\u201d, coment\u00f3 el Dr. G\u00e1rate Rivera.<\/span><\/p>\n<p><img loading=\"lazy\" decoding=\"async\" class=\" wp-image-168366 aligncenter\" src=\"https:\/\/www.cetys.mx\/noticias\/wp-content\/uploads\/2022\/10\/Screenshot-541.jpg\" alt=\"\" width=\"629\" height=\"354\" srcset=\"https:\/\/www.cetys.mx\/noticias\/wp-content\/uploads\/2022\/10\/Screenshot-541.jpg 1920w, https:\/\/www.cetys.mx\/noticias\/wp-content\/uploads\/2022\/10\/Screenshot-541-768x432.jpg 768w\" sizes=\"auto, (max-width: 629px) 100vw, 629px\" \/><\/p><\/blockquote>\n<p style=\"text-align: justify;\"><span style=\"font-weight: 400;\">Asimismo, se coment\u00f3 que, aunque a\u00fan hay rezago de alumnos en la educaci\u00f3n superior mexicana, es mayor el abandono y esto est\u00e1 ligado a temas de desigualdad social, una mala planeaci\u00f3n educativa, una orientaci\u00f3n vocacional deficiente, as\u00ed como a pr\u00e1cticas culturales de los catedr\u00e1ticos con perspectivas rezagada a los tiempos actuales.<\/span><\/p>\n<p style=\"text-align: justify;\"><span style=\"font-weight: 400;\">\u00a0<\/span><span style=\"font-weight: 400;\">De igual manera, se habl\u00f3 de la falta de capacitaci\u00f3n en los claustros acad\u00e9micos, falta de salarios adecuados y pocos incentivos, as\u00ed como una alta burocratizaci\u00f3n y una selecci\u00f3n poco clara en la relaci\u00f3n de las academias docentes.<\/span><\/p>\n<p style=\"text-align: justify;\"><span style=\"font-weight: 400;\">Tambi\u00e9n, se analiz\u00f3 el actual mercado laboral, en el que no hay un d\u00e9ficit de egresados por \u00e1reas de conocimiento y especialidad, sino que la demanda de profesionistas est\u00e1 contra\u00edda, y en algunas ocasiones los egresados no son totalmente competentes. Para algunas profesiones la demanda de mano de obra o profesionistas es alta, pero no se corresponde con lo que el estudiantado elige como orientaci\u00f3n, algo que se cruza con una falta de recursos e infraestructura por parte de organismos.<\/span><\/p>\n<p style=\"text-align: justify;\"><span style=\"font-weight: 400;\">Para concluir, el Dr. G\u00e1rate Rivera coment\u00f3 que los intelectuales en el \u00e1mbito educativo hablan sobre tener una perspectiva de disrupci\u00f3n, competencia, adaptaci\u00f3n, cambi\u00f3 e innovaci\u00f3n y perspectiva global, a lo que concluye, las instituciones educativas en M\u00e9xico y Latinoam\u00e9rica no se est\u00e1n moviendo a la velocidad que es necesario para sobrellevar el constante cambio.<\/span><\/p>\n<hr \/>\n<p><strong>Mira el Seminario completo:<\/strong><\/p>\n<p><iframe loading=\"lazy\" title=\"YouTube video player\" src=\"https:\/\/www.youtube.com\/embed\/Ns2BPt3KihY\" width=\"560\" height=\"315\" frameborder=\"0\" allowfullscreen=\"allowfullscreen\"><\/iframe><\/p>\n<p>&nbsp;<\/p>\n","protected":false},"excerpt":{"rendered":"<p>Como parte de la vinculaci\u00f3n y el enfoque internacional de la Instituci\u00f3n, el Dr. Alberto G\u00e1rate Rivera, Vicerrector Acad\u00e9mico del Sistema CETYS&#8230;<\/p>\n","protected":false},"author":26,"featured_media":168365,"comment_status":"open","ping_status":"closed","sticky":false,"template":"","format":"standard","meta":{"footnotes":""},"categories":[110,209,125,113,1],"tags":[122,138],"class_list":["post-168334","post","type-post","status-publish","format-standard","has-post-thumbnail","hentry","category-academia","category-institucional","category-portada","category-rectoria","category-uncategorized","tag-academia","tag-cetys"],"yoast_head":"<!-- This site is optimized with the Yoast SEO plugin v27.4 - https:\/\/yoast.com\/product\/yoast-seo-wordpress\/ -->\n<title>Discuten en seminario internacional los retos y oportunidades de la educaci\u00f3n superior mexicana - CETYS<\/title>\n<meta name=\"description\" content=\"El Dr. Alberto G\u00e1rate, Vicerrector Acad\u00e9mico de CETYS, particip\u00f3 como ponente en el Seminario Internacional 2022-2023, Red Global, de la Universidad de Alcal\u00e1 de Henares (UAH).\" \/>\n<meta name=\"robots\" content=\"index, follow, max-snippet:-1, max-image-preview:large, max-video-preview:-1\" \/>\n<link rel=\"canonical\" href=\"https:\/\/www.cetys.mx\/noticias\/discuten-en-seminario-internacional-los-retos-y-oportunidades-de-la-educacion-superior-mexicana\/\" \/>\n<meta property=\"og:locale\" content=\"es_MX\" \/>\n<meta property=\"og:type\" content=\"article\" \/>\n<meta property=\"og:title\" content=\"Discuten en seminario internacional los retos y oportunidades de la educaci\u00f3n superior mexicana - CETYS\" \/>\n<meta property=\"og:description\" content=\"El Dr. Alberto G\u00e1rate, Vicerrector Acad\u00e9mico de CETYS, particip\u00f3 como ponente en el Seminario Internacional 2022-2023, Red Global, de la Universidad de Alcal\u00e1 de Henares (UAH).\" \/>\n<meta property=\"og:url\" content=\"https:\/\/www.cetys.mx\/noticias\/discuten-en-seminario-internacional-los-retos-y-oportunidades-de-la-educacion-superior-mexicana\/\" \/>\n<meta property=\"og:site_name\" content=\"CETYS\" \/>\n<meta property=\"article:publisher\" content=\"https:\/\/www.facebook.com\/cetysuniversidadmxl\/\" \/>\n<meta property=\"article:published_time\" content=\"2022-10-28T16:57:37+00:00\" \/>\n<meta property=\"og:image\" content=\"https:\/\/www.cetys.mx\/noticias\/wp-content\/uploads\/2022\/10\/Alberto-G\u00e1rate.jpg\" \/>\n\t<meta property=\"og:image:width\" content=\"958\" \/>\n\t<meta property=\"og:image:height\" content=\"637\" \/>\n\t<meta property=\"og:image:type\" content=\"image\/jpeg\" \/>\n<meta name=\"author\" content=\"CETYS Institucional\" \/>\n<meta name=\"twitter:card\" content=\"summary_large_image\" \/>\n<meta name=\"twitter:creator\" content=\"@cetysuni\" \/>\n<meta name=\"twitter:site\" content=\"@cetysuni\" \/>\n<meta name=\"twitter:label1\" content=\"Escrito por\" \/>\n\t<meta name=\"twitter:data1\" content=\"CETYS Institucional\" \/>\n\t<meta name=\"twitter:label2\" content=\"Tiempo de lectura\" \/>\n\t<meta name=\"twitter:data2\" content=\"3 minutos\" \/>\n<script type=\"application\/ld+json\" class=\"yoast-schema-graph\">{\"@context\":\"https:\\\/\\\/schema.org\",\"@graph\":[{\"@type\":\"Article\",\"@id\":\"https:\\\/\\\/www.cetys.mx\\\/noticias\\\/discuten-en-seminario-internacional-los-retos-y-oportunidades-de-la-educacion-superior-mexicana\\\/#article\",\"isPartOf\":{\"@id\":\"https:\\\/\\\/www.cetys.mx\\\/noticias\\\/discuten-en-seminario-internacional-los-retos-y-oportunidades-de-la-educacion-superior-mexicana\\\/\"},\"author\":{\"name\":\"CETYS Institucional\",\"@id\":\"https:\\\/\\\/www.cetys.mx\\\/noticias\\\/#\\\/schema\\\/person\\\/e9d2b35265b64aa454df57a2828eb2ac\"},\"headline\":\"Discuten en seminario internacional los retos y oportunidades de la educaci\u00f3n superior mexicana\",\"datePublished\":\"2022-10-28T16:57:37+00:00\",\"mainEntityOfPage\":{\"@id\":\"https:\\\/\\\/www.cetys.mx\\\/noticias\\\/discuten-en-seminario-internacional-los-retos-y-oportunidades-de-la-educacion-superior-mexicana\\\/\"},\"wordCount\":656,\"commentCount\":0,\"image\":{\"@id\":\"https:\\\/\\\/www.cetys.mx\\\/noticias\\\/discuten-en-seminario-internacional-los-retos-y-oportunidades-de-la-educacion-superior-mexicana\\\/#primaryimage\"},\"thumbnailUrl\":\"https:\\\/\\\/www.cetys.mx\\\/noticias\\\/wp-content\\\/uploads\\\/2022\\\/10\\\/Alberto-G\u00e1rate.jpg\",\"keywords\":[\"Academia\",\"Cetys\"],\"articleSection\":[\"Academia\",\"Institucional\",\"Portada\",\"Rector\u00eda\",\"Uncategorized\"],\"inLanguage\":\"es\",\"potentialAction\":[{\"@type\":\"CommentAction\",\"name\":\"Comment\",\"target\":[\"https:\\\/\\\/www.cetys.mx\\\/noticias\\\/discuten-en-seminario-internacional-los-retos-y-oportunidades-de-la-educacion-superior-mexicana\\\/#respond\"]}]},{\"@type\":\"WebPage\",\"@id\":\"https:\\\/\\\/www.cetys.mx\\\/noticias\\\/discuten-en-seminario-internacional-los-retos-y-oportunidades-de-la-educacion-superior-mexicana\\\/\",\"url\":\"https:\\\/\\\/www.cetys.mx\\\/noticias\\\/discuten-en-seminario-internacional-los-retos-y-oportunidades-de-la-educacion-superior-mexicana\\\/\",\"name\":\"Discuten en seminario internacional los retos y oportunidades de la educaci\u00f3n superior mexicana - CETYS\",\"isPartOf\":{\"@id\":\"https:\\\/\\\/www.cetys.mx\\\/noticias\\\/#website\"},\"primaryImageOfPage\":{\"@id\":\"https:\\\/\\\/www.cetys.mx\\\/noticias\\\/discuten-en-seminario-internacional-los-retos-y-oportunidades-de-la-educacion-superior-mexicana\\\/#primaryimage\"},\"image\":{\"@id\":\"https:\\\/\\\/www.cetys.mx\\\/noticias\\\/discuten-en-seminario-internacional-los-retos-y-oportunidades-de-la-educacion-superior-mexicana\\\/#primaryimage\"},\"thumbnailUrl\":\"https:\\\/\\\/www.cetys.mx\\\/noticias\\\/wp-content\\\/uploads\\\/2022\\\/10\\\/Alberto-G\u00e1rate.jpg\",\"datePublished\":\"2022-10-28T16:57:37+00:00\",\"author\":{\"@id\":\"https:\\\/\\\/www.cetys.mx\\\/noticias\\\/#\\\/schema\\\/person\\\/e9d2b35265b64aa454df57a2828eb2ac\"},\"description\":\"El Dr. Alberto G\u00e1rate, Vicerrector Acad\u00e9mico de CETYS, particip\u00f3 como ponente en el Seminario Internacional 2022-2023, Red Global, de la Universidad de Alcal\u00e1 de Henares (UAH).\",\"breadcrumb\":{\"@id\":\"https:\\\/\\\/www.cetys.mx\\\/noticias\\\/discuten-en-seminario-internacional-los-retos-y-oportunidades-de-la-educacion-superior-mexicana\\\/#breadcrumb\"},\"inLanguage\":\"es\",\"potentialAction\":[{\"@type\":\"ReadAction\",\"target\":[\"https:\\\/\\\/www.cetys.mx\\\/noticias\\\/discuten-en-seminario-internacional-los-retos-y-oportunidades-de-la-educacion-superior-mexicana\\\/\"]}]},{\"@type\":\"ImageObject\",\"inLanguage\":\"es\",\"@id\":\"https:\\\/\\\/www.cetys.mx\\\/noticias\\\/discuten-en-seminario-internacional-los-retos-y-oportunidades-de-la-educacion-superior-mexicana\\\/#primaryimage\",\"url\":\"https:\\\/\\\/www.cetys.mx\\\/noticias\\\/wp-content\\\/uploads\\\/2022\\\/10\\\/Alberto-G\u00e1rate.jpg\",\"contentUrl\":\"https:\\\/\\\/www.cetys.mx\\\/noticias\\\/wp-content\\\/uploads\\\/2022\\\/10\\\/Alberto-G\u00e1rate.jpg\",\"width\":958,\"height\":637,\"caption\":\"Dr. Alberto G\u00e1rate Rivera, Vicerrector Acad\u00e9mico de CETYS Universidad.\"},{\"@type\":\"BreadcrumbList\",\"@id\":\"https:\\\/\\\/www.cetys.mx\\\/noticias\\\/discuten-en-seminario-internacional-los-retos-y-oportunidades-de-la-educacion-superior-mexicana\\\/#breadcrumb\",\"itemListElement\":[{\"@type\":\"ListItem\",\"position\":1,\"name\":\"Inicio\",\"item\":\"https:\\\/\\\/www.cetys.mx\\\/noticias\\\/\"},{\"@type\":\"ListItem\",\"position\":2,\"name\":\"Discuten en seminario internacional los retos y oportunidades de la educaci\u00f3n superior mexicana\"}]},{\"@type\":\"WebSite\",\"@id\":\"https:\\\/\\\/www.cetys.mx\\\/noticias\\\/#website\",\"url\":\"https:\\\/\\\/www.cetys.mx\\\/noticias\\\/\",\"name\":\"CETYS\",\"description\":\"\",\"potentialAction\":[{\"@type\":\"SearchAction\",\"target\":{\"@type\":\"EntryPoint\",\"urlTemplate\":\"https:\\\/\\\/www.cetys.mx\\\/noticias\\\/?s={search_term_string}\"},\"query-input\":{\"@type\":\"PropertyValueSpecification\",\"valueRequired\":true,\"valueName\":\"search_term_string\"}}],\"inLanguage\":\"es\"},{\"@type\":\"Person\",\"@id\":\"https:\\\/\\\/www.cetys.mx\\\/noticias\\\/#\\\/schema\\\/person\\\/e9d2b35265b64aa454df57a2828eb2ac\",\"name\":\"CETYS Institucional\",\"url\":\"https:\\\/\\\/www.cetys.mx\\\/noticias\\\/author\\\/cetysinstitucional\\\/\"}]}<\/script>\n<!-- \/ Yoast SEO plugin. -->","yoast_head_json":{"title":"Discuten en seminario internacional los retos y oportunidades de la educaci\u00f3n superior mexicana - CETYS","description":"El Dr. Alberto G\u00e1rate, Vicerrector Acad\u00e9mico de CETYS, particip\u00f3 como ponente en el Seminario Internacional 2022-2023, Red Global, de la Universidad de Alcal\u00e1 de Henares (UAH).","robots":{"index":"index","follow":"follow","max-snippet":"max-snippet:-1","max-image-preview":"max-image-preview:large","max-video-preview":"max-video-preview:-1"},"canonical":"https:\/\/www.cetys.mx\/noticias\/discuten-en-seminario-internacional-los-retos-y-oportunidades-de-la-educacion-superior-mexicana\/","og_locale":"es_MX","og_type":"article","og_title":"Discuten en seminario internacional los retos y oportunidades de la educaci\u00f3n superior mexicana - CETYS","og_description":"El Dr. Alberto G\u00e1rate, Vicerrector Acad\u00e9mico de CETYS, particip\u00f3 como ponente en el Seminario Internacional 2022-2023, Red Global, de la Universidad de Alcal\u00e1 de Henares (UAH).","og_url":"https:\/\/www.cetys.mx\/noticias\/discuten-en-seminario-internacional-los-retos-y-oportunidades-de-la-educacion-superior-mexicana\/","og_site_name":"CETYS","article_publisher":"https:\/\/www.facebook.com\/cetysuniversidadmxl\/","article_published_time":"2022-10-28T16:57:37+00:00","og_image":[{"width":958,"height":637,"url":"https:\/\/www.cetys.mx\/noticias\/wp-content\/uploads\/2022\/10\/Alberto-G\u00e1rate.jpg","type":"image\/jpeg"}],"author":"CETYS Institucional","twitter_card":"summary_large_image","twitter_creator":"@cetysuni","twitter_site":"@cetysuni","twitter_misc":{"Escrito por":"CETYS Institucional","Tiempo de lectura":"3 minutos"},"schema":{"@context":"https:\/\/schema.org","@graph":[{"@type":"Article","@id":"https:\/\/www.cetys.mx\/noticias\/discuten-en-seminario-internacional-los-retos-y-oportunidades-de-la-educacion-superior-mexicana\/#article","isPartOf":{"@id":"https:\/\/www.cetys.mx\/noticias\/discuten-en-seminario-internacional-los-retos-y-oportunidades-de-la-educacion-superior-mexicana\/"},"author":{"name":"CETYS Institucional","@id":"https:\/\/www.cetys.mx\/noticias\/#\/schema\/person\/e9d2b35265b64aa454df57a2828eb2ac"},"headline":"Discuten en seminario internacional los retos y oportunidades de la educaci\u00f3n superior mexicana","datePublished":"2022-10-28T16:57:37+00:00","mainEntityOfPage":{"@id":"https:\/\/www.cetys.mx\/noticias\/discuten-en-seminario-internacional-los-retos-y-oportunidades-de-la-educacion-superior-mexicana\/"},"wordCount":656,"commentCount":0,"image":{"@id":"https:\/\/www.cetys.mx\/noticias\/discuten-en-seminario-internacional-los-retos-y-oportunidades-de-la-educacion-superior-mexicana\/#primaryimage"},"thumbnailUrl":"https:\/\/www.cetys.mx\/noticias\/wp-content\/uploads\/2022\/10\/Alberto-G\u00e1rate.jpg","keywords":["Academia","Cetys"],"articleSection":["Academia","Institucional","Portada","Rector\u00eda","Uncategorized"],"inLanguage":"es","potentialAction":[{"@type":"CommentAction","name":"Comment","target":["https:\/\/www.cetys.mx\/noticias\/discuten-en-seminario-internacional-los-retos-y-oportunidades-de-la-educacion-superior-mexicana\/#respond"]}]},{"@type":"WebPage","@id":"https:\/\/www.cetys.mx\/noticias\/discuten-en-seminario-internacional-los-retos-y-oportunidades-de-la-educacion-superior-mexicana\/","url":"https:\/\/www.cetys.mx\/noticias\/discuten-en-seminario-internacional-los-retos-y-oportunidades-de-la-educacion-superior-mexicana\/","name":"Discuten en seminario internacional los retos y oportunidades de la educaci\u00f3n superior mexicana - CETYS","isPartOf":{"@id":"https:\/\/www.cetys.mx\/noticias\/#website"},"primaryImageOfPage":{"@id":"https:\/\/www.cetys.mx\/noticias\/discuten-en-seminario-internacional-los-retos-y-oportunidades-de-la-educacion-superior-mexicana\/#primaryimage"},"image":{"@id":"https:\/\/www.cetys.mx\/noticias\/discuten-en-seminario-internacional-los-retos-y-oportunidades-de-la-educacion-superior-mexicana\/#primaryimage"},"thumbnailUrl":"https:\/\/www.cetys.mx\/noticias\/wp-content\/uploads\/2022\/10\/Alberto-G\u00e1rate.jpg","datePublished":"2022-10-28T16:57:37+00:00","author":{"@id":"https:\/\/www.cetys.mx\/noticias\/#\/schema\/person\/e9d2b35265b64aa454df57a2828eb2ac"},"description":"El Dr. Alberto G\u00e1rate, Vicerrector Acad\u00e9mico de CETYS, particip\u00f3 como ponente en el Seminario Internacional 2022-2023, Red Global, de la Universidad de Alcal\u00e1 de Henares (UAH).","breadcrumb":{"@id":"https:\/\/www.cetys.mx\/noticias\/discuten-en-seminario-internacional-los-retos-y-oportunidades-de-la-educacion-superior-mexicana\/#breadcrumb"},"inLanguage":"es","potentialAction":[{"@type":"ReadAction","target":["https:\/\/www.cetys.mx\/noticias\/discuten-en-seminario-internacional-los-retos-y-oportunidades-de-la-educacion-superior-mexicana\/"]}]},{"@type":"ImageObject","inLanguage":"es","@id":"https:\/\/www.cetys.mx\/noticias\/discuten-en-seminario-internacional-los-retos-y-oportunidades-de-la-educacion-superior-mexicana\/#primaryimage","url":"https:\/\/www.cetys.mx\/noticias\/wp-content\/uploads\/2022\/10\/Alberto-G\u00e1rate.jpg","contentUrl":"https:\/\/www.cetys.mx\/noticias\/wp-content\/uploads\/2022\/10\/Alberto-G\u00e1rate.jpg","width":958,"height":637,"caption":"Dr. Alberto G\u00e1rate Rivera, Vicerrector Acad\u00e9mico de CETYS Universidad."},{"@type":"BreadcrumbList","@id":"https:\/\/www.cetys.mx\/noticias\/discuten-en-seminario-internacional-los-retos-y-oportunidades-de-la-educacion-superior-mexicana\/#breadcrumb","itemListElement":[{"@type":"ListItem","position":1,"name":"Inicio","item":"https:\/\/www.cetys.mx\/noticias\/"},{"@type":"ListItem","position":2,"name":"Discuten en seminario internacional los retos y oportunidades de la educaci\u00f3n superior mexicana"}]},{"@type":"WebSite","@id":"https:\/\/www.cetys.mx\/noticias\/#website","url":"https:\/\/www.cetys.mx\/noticias\/","name":"CETYS","description":"","potentialAction":[{"@type":"SearchAction","target":{"@type":"EntryPoint","urlTemplate":"https:\/\/www.cetys.mx\/noticias\/?s={search_term_string}"},"query-input":{"@type":"PropertyValueSpecification","valueRequired":true,"valueName":"search_term_string"}}],"inLanguage":"es"},{"@type":"Person","@id":"https:\/\/www.cetys.mx\/noticias\/#\/schema\/person\/e9d2b35265b64aa454df57a2828eb2ac","name":"CETYS Institucional","url":"https:\/\/www.cetys.mx\/noticias\/author\/cetysinstitucional\/"}]}},"_links":{"self":[{"href":"https:\/\/www.cetys.mx\/noticias\/wp-json\/wp\/v2\/posts\/168334","targetHints":{"allow":["GET"]}}],"collection":[{"href":"https:\/\/www.cetys.mx\/noticias\/wp-json\/wp\/v2\/posts"}],"about":[{"href":"https:\/\/www.cetys.mx\/noticias\/wp-json\/wp\/v2\/types\/post"}],"author":[{"embeddable":true,"href":"https:\/\/www.cetys.mx\/noticias\/wp-json\/wp\/v2\/users\/26"}],"replies":[{"embeddable":true,"href":"https:\/\/www.cetys.mx\/noticias\/wp-json\/wp\/v2\/comments?post=168334"}],"version-history":[{"count":3,"href":"https:\/\/www.cetys.mx\/noticias\/wp-json\/wp\/v2\/posts\/168334\/revisions"}],"predecessor-version":[{"id":168368,"href":"https:\/\/www.cetys.mx\/noticias\/wp-json\/wp\/v2\/posts\/168334\/revisions\/168368"}],"wp:featuredmedia":[{"embeddable":true,"href":"https:\/\/www.cetys.mx\/noticias\/wp-json\/wp\/v2\/media\/168365"}],"wp:attachment":[{"href":"https:\/\/www.cetys.mx\/noticias\/wp-json\/wp\/v2\/media?parent=168334"}],"wp:term":[{"taxonomy":"category","embeddable":true,"href":"https:\/\/www.cetys.mx\/noticias\/wp-json\/wp\/v2\/categories?post=168334"},{"taxonomy":"post_tag","embeddable":true,"href":"https:\/\/www.cetys.mx\/noticias\/wp-json\/wp\/v2\/tags?post=168334"}],"curies":[{"name":"wp","href":"https:\/\/api.w.org\/{rel}","templated":true}]}}