{"id":168303,"date":"2022-10-26T10:43:50","date_gmt":"2022-10-26T17:43:50","guid":{"rendered":"https:\/\/www.cetys.mx\/noticias\/?p=168303"},"modified":"2022-10-26T18:45:56","modified_gmt":"2022-10-27T01:45:56","slug":"es-jorge-ortega-miembro-del-sistema-nacional-de-creadores-de-arte-en-poesia","status":"publish","type":"post","link":"https:\/\/www.cetys.mx\/noticias\/es-jorge-ortega-miembro-del-sistema-nacional-de-creadores-de-arte-en-poesia\/","title":{"rendered":"Es Jorge Ortega miembro del Sistema Nacional de Creadores de Arte en Poes\u00eda"},"content":{"rendered":"<p><span style=\"font-weight: 400;\"><strong>Jorge Ortega<\/strong> se expresa desde la poes\u00eda como g\u00e9nero predilecto. Inici\u00f3 su aventura literara a los 16 a\u00f1os, al final de la d\u00e9cada de los ochenta del siglo pasado. A m\u00e1s de 30 a\u00f1os de iniciar su desarrollo creativo, coordinador del Programa Editorial de CETYS , docente investigador y poeta,\u00a0 <strong>es galardonado con su reingreso al Sistema Nacional de Creadores de Arte en la categor\u00eda de Poes\u00eda, compartiendo lugar con otros 11 creadores mexicanos<\/strong>, un resultado natural de una trayectoria consistente y sostenida por seis lustros, as\u00ed como de su proyecto literario<\/span> <i><span style=\"font-weight: 400;\">Tr\u00edptico para un nuevo comienzo.<\/span><\/i><\/p>\n<p><span style=\"font-weight: 400;\">El poeta suma reconocimientos en el 2022, ya que hace algunos meses fue reconocido con el <a href=\"https:\/\/www.cetys.mx\/noticias\/premio-gilberto-owen-jorge-ortega\/\">Premio Nacional de Literatura Gilberto Owen en el g\u00e9nero de Poes\u00eda<\/a>, gracias a su proyecto <\/span><i><span style=\"font-weight: 400;\">Hotel del Universo, <\/span><\/i><span style=\"font-weight: 400;\">siendo este uno de los principales galardones de la obra literaria in\u00e9dita en M\u00e9xico.<\/span><\/p>\n<p><span style=\"font-weight: 400;\">Ortega se embarca a partir de los 20 a\u00f1os con sus primarias publicaciones, ganando de a poco un p\u00fablico y, con ello, el compromiso de seguir creando obra desde la poes\u00eda, el ensayo, la investigaci\u00f3n y la docencia para las \u00e1reas de arte y letras, as\u00ed como en la edici\u00f3n de libros y revistas.<\/span><\/p>\n<blockquote><p><span style=\"font-weight: 400;\">\u201cEn un parpadeo me he dado cuenta que llevo ya tres decenios en dicho camino. Y me siento afortunado de haber encontrado muy pronto mi vocaci\u00f3n en el placer de la lectura y la imperiosidad del decir po\u00e9tico, pasiones intelectuales y expresivas despu\u00e9s propagadas a la responsabilidad de la ense\u00f1anza, vaya, a la noble compartici\u00f3n de ese gusto y ese saber\u201d, coment\u00f3.<\/span><\/p>\n<p><img loading=\"lazy\" decoding=\"async\" class=\" wp-image-168311 aligncenter\" src=\"https:\/\/www.cetys.mx\/noticias\/wp-content\/uploads\/2022\/10\/DSC_0957_2.jpg\" alt=\"\" width=\"684\" height=\"456\" srcset=\"https:\/\/www.cetys.mx\/noticias\/wp-content\/uploads\/2022\/10\/DSC_0957_2.jpg 5593w, https:\/\/www.cetys.mx\/noticias\/wp-content\/uploads\/2022\/10\/DSC_0957_2-768x512.jpg 768w\" sizes=\"auto, (max-width: 684px) 100vw, 684px\" \/><\/p><\/blockquote>\n<p><i><span style=\"font-weight: 400;\">Tr\u00edptico para un nuevo comienzo,<\/span><\/i><span style=\"font-weight: 400;\"> es un proyecto literario de car\u00e1cter trienal y<\/span> <span style=\"font-weight: 400;\">se componen de tres distintas carpetas de poes\u00eda que amalgaman el mundo exterior con el interior,\u00a0 el drama p\u00fablico con el drama privado, a partir de la calamitosa iconograf\u00eda de la pandemia y la guerra ruso-ucraniana, la contaminaci\u00f3n y el cambio clim\u00e1tico, los conflictos b\u00e9licos y la violencia criminal. Tambi\u00e9n, muestra la corrosi\u00f3n del tiempo, el curso de la existencia, de experiencias vitales de los m\u00faltiples estratos del d\u00eda a d\u00eda, sin renunciar a la posibilidad de la esperanza.<\/span><\/p>\n<p><span style=\"font-weight: 400;\">Desde la academia, Ortega considera que estos reconocimientos contribuyen a generar en el aula un ambiente de mayor motivaci\u00f3n en la b\u00fasqueda de la excelencia, propiciando as\u00ed c\u00edrculos virtuosos.<\/span><\/p>\n<blockquote><p><span style=\"font-weight: 400;\">\u201cLas noticias luminosas en torno a los logros de un profesor siempre refuerzan el sentido de pertenencia de estudiantes presentes y futuros, ya que detonan sentimientos de orgullo y consolidan por consiguiente la ra\u00edz identitaria de una comunidad educativa\u201d. <\/span><\/p><\/blockquote>\n<p><span style=\"font-weight: 400;\">Asimismo, coment\u00f3 que en CETYS hay un v\u00ednculo en el desarrollo cultural y con el arte que no est\u00e1 divorciado de la formaci\u00f3n t\u00e9cnica.<\/span><\/p>\n<blockquote><p><span style=\"font-weight: 400;\">\u201cEl lema fundante del CETYS Universidad es T\u00e9cnica y Cultura. He ah\u00ed la br\u00fajula de un pensar y un hacer. T\u00e9cnica y Cultura, que hallan su punto de equilibrio en el concepto amplio de arte, que posee la denotaci\u00f3n de t\u00e9cnica y la connotaci\u00f3n de cultura. El arte es por lo tanto indisociable de la ciencia y de la cultura, y, en la medida que representa un lugar de conciliaci\u00f3n de la inteligencia y la sensibilidad, el pensamiento y la intuici\u00f3n, es tambi\u00e9n un espacio donde todos debemos caber por igual: poetas y cient\u00edficos, eruditos y artistas\u201d, concluy\u00f3.<\/span><\/p><\/blockquote>\n<hr \/>\n<p><strong>Para conocer m\u00e1s:<\/strong><\/p>\n<p><span style=\"font-weight: 400;\">Jorge Ortega es doctor en Filolog\u00eda Hisp\u00e1nica por la Universidad Aut\u00f3noma de Barcelona. Ha publicado m\u00e1s de una veintena de libros de poes\u00eda y ensayo en M\u00e9xico, Argentina, Espa\u00f1a, Estados Unidos, Canad\u00e1 e Italia. Su trabajo po\u00e9tico ha sido traducido al ingl\u00e9s, chino, alem\u00e1n, portugu\u00e9s, franc\u00e9s e italiano, y forma parte de m\u00faltiples compilaciones de poes\u00eda mexicana contempor\u00e1nea. <\/span><\/p>\n<p><span style=\"font-weight: 400;\">Entre otros reconocimientos, ha obtenido el Premio Estatal de Literatura de Baja California en 2000 y 2004 en los g\u00e9neros de poes\u00eda y ensayo, respectivamente; el Premio Nacional de Poes\u00eda Tijuana en 2001; el Premio Internacional de Poes\u00eda Jaime Sabines en 2010; y, recientemente, mereci\u00f3 el Premio Nacional de Literatura Gilberto Owen 2022 en la categor\u00eda de poes\u00eda con la obra \u201cHotel del Universo\u201d. Ingres\u00f3 en 2007 al Sistema Nacional de Creadores de Arte de M\u00e9xico.\u00a0<\/span><\/p>\n","protected":false},"excerpt":{"rendered":"<p>Jorge Ortega se expresa desde la poes\u00eda como g\u00e9nero predilecto. Inici\u00f3 su aventura literara a los 16 a\u00f1os, al final de la&#8230;<\/p>\n","protected":false},"author":26,"featured_media":168309,"comment_status":"open","ping_status":"closed","sticky":false,"template":"","format":"standard","meta":{"footnotes":""},"categories":[110,209,125,1],"tags":[263,732,6143],"class_list":["post-168303","post","type-post","status-publish","format-standard","has-post-thumbnail","hentry","category-academia","category-institucional","category-portada","category-uncategorized","tag-cultura","tag-poesia","tag-sistema-nacional-de-creadores-de-arte"],"yoast_head":"<!-- This site is optimized with the Yoast SEO plugin v27.4 - https:\/\/yoast.com\/product\/yoast-seo-wordpress\/ -->\n<title>Es Jorge Ortega miembro del Sistema Nacional de Creadores de Arte en Poes\u00eda - CETYS<\/title>\n<meta name=\"description\" content=\"Jorge Orteha es galardonado con su reingreso al Sistema Nacional de Creadores de Arte en la categor\u00eda de Poes\u00eda, compartiendo lugar con otros 11 creadores.\" \/>\n<meta name=\"robots\" content=\"index, follow, max-snippet:-1, max-image-preview:large, max-video-preview:-1\" \/>\n<link rel=\"canonical\" href=\"https:\/\/www.cetys.mx\/noticias\/es-jorge-ortega-miembro-del-sistema-nacional-de-creadores-de-arte-en-poesia\/\" \/>\n<meta property=\"og:locale\" content=\"es_MX\" \/>\n<meta property=\"og:type\" content=\"article\" \/>\n<meta property=\"og:title\" content=\"Es Jorge Ortega miembro del Sistema Nacional de Creadores de Arte en Poes\u00eda - CETYS\" \/>\n<meta property=\"og:description\" content=\"Jorge Orteha es galardonado con su reingreso al Sistema Nacional de Creadores de Arte en la categor\u00eda de Poes\u00eda, compartiendo lugar con otros 11 creadores.\" \/>\n<meta property=\"og:url\" content=\"https:\/\/www.cetys.mx\/noticias\/es-jorge-ortega-miembro-del-sistema-nacional-de-creadores-de-arte-en-poesia\/\" \/>\n<meta property=\"og:site_name\" content=\"CETYS\" \/>\n<meta property=\"article:publisher\" content=\"https:\/\/www.facebook.com\/cetysuniversidadmxl\/\" \/>\n<meta property=\"article:published_time\" content=\"2022-10-26T17:43:50+00:00\" \/>\n<meta property=\"article:modified_time\" content=\"2022-10-27T01:45:56+00:00\" \/>\n<meta property=\"og:image\" content=\"https:\/\/www.cetys.mx\/noticias\/wp-content\/uploads\/2022\/10\/Jorge-Ortega-1_01.jpg\" \/>\n\t<meta property=\"og:image:width\" content=\"670\" \/>\n\t<meta property=\"og:image:height\" content=\"454\" \/>\n\t<meta property=\"og:image:type\" content=\"image\/jpeg\" \/>\n<meta name=\"author\" content=\"CETYS Institucional\" \/>\n<meta name=\"twitter:card\" content=\"summary_large_image\" \/>\n<meta name=\"twitter:creator\" content=\"@cetysuni\" \/>\n<meta name=\"twitter:site\" content=\"@cetysuni\" \/>\n<meta name=\"twitter:label1\" content=\"Escrito por\" \/>\n\t<meta name=\"twitter:data1\" content=\"CETYS Institucional\" \/>\n\t<meta name=\"twitter:label2\" content=\"Tiempo de lectura\" \/>\n\t<meta name=\"twitter:data2\" content=\"4 minutos\" \/>\n<script type=\"application\/ld+json\" class=\"yoast-schema-graph\">{\"@context\":\"https:\\\/\\\/schema.org\",\"@graph\":[{\"@type\":\"Article\",\"@id\":\"https:\\\/\\\/www.cetys.mx\\\/noticias\\\/es-jorge-ortega-miembro-del-sistema-nacional-de-creadores-de-arte-en-poesia\\\/#article\",\"isPartOf\":{\"@id\":\"https:\\\/\\\/www.cetys.mx\\\/noticias\\\/es-jorge-ortega-miembro-del-sistema-nacional-de-creadores-de-arte-en-poesia\\\/\"},\"author\":{\"name\":\"CETYS Institucional\",\"@id\":\"https:\\\/\\\/www.cetys.mx\\\/noticias\\\/#\\\/schema\\\/person\\\/e9d2b35265b64aa454df57a2828eb2ac\"},\"headline\":\"Es Jorge Ortega miembro del Sistema Nacional de Creadores de Arte en Poes\u00eda\",\"datePublished\":\"2022-10-26T17:43:50+00:00\",\"dateModified\":\"2022-10-27T01:45:56+00:00\",\"mainEntityOfPage\":{\"@id\":\"https:\\\/\\\/www.cetys.mx\\\/noticias\\\/es-jorge-ortega-miembro-del-sistema-nacional-de-creadores-de-arte-en-poesia\\\/\"},\"wordCount\":758,\"commentCount\":0,\"image\":{\"@id\":\"https:\\\/\\\/www.cetys.mx\\\/noticias\\\/es-jorge-ortega-miembro-del-sistema-nacional-de-creadores-de-arte-en-poesia\\\/#primaryimage\"},\"thumbnailUrl\":\"https:\\\/\\\/www.cetys.mx\\\/noticias\\\/wp-content\\\/uploads\\\/2022\\\/10\\\/Jorge-Ortega-1_01.jpg\",\"keywords\":[\"cultura\",\"Poes\u00eda\",\"Sistema Nacional de Creadores de Arte\"],\"articleSection\":[\"Academia\",\"Institucional\",\"Portada\",\"Uncategorized\"],\"inLanguage\":\"es\",\"potentialAction\":[{\"@type\":\"CommentAction\",\"name\":\"Comment\",\"target\":[\"https:\\\/\\\/www.cetys.mx\\\/noticias\\\/es-jorge-ortega-miembro-del-sistema-nacional-de-creadores-de-arte-en-poesia\\\/#respond\"]}]},{\"@type\":\"WebPage\",\"@id\":\"https:\\\/\\\/www.cetys.mx\\\/noticias\\\/es-jorge-ortega-miembro-del-sistema-nacional-de-creadores-de-arte-en-poesia\\\/\",\"url\":\"https:\\\/\\\/www.cetys.mx\\\/noticias\\\/es-jorge-ortega-miembro-del-sistema-nacional-de-creadores-de-arte-en-poesia\\\/\",\"name\":\"Es Jorge Ortega miembro del Sistema Nacional de Creadores de Arte en Poes\u00eda - CETYS\",\"isPartOf\":{\"@id\":\"https:\\\/\\\/www.cetys.mx\\\/noticias\\\/#website\"},\"primaryImageOfPage\":{\"@id\":\"https:\\\/\\\/www.cetys.mx\\\/noticias\\\/es-jorge-ortega-miembro-del-sistema-nacional-de-creadores-de-arte-en-poesia\\\/#primaryimage\"},\"image\":{\"@id\":\"https:\\\/\\\/www.cetys.mx\\\/noticias\\\/es-jorge-ortega-miembro-del-sistema-nacional-de-creadores-de-arte-en-poesia\\\/#primaryimage\"},\"thumbnailUrl\":\"https:\\\/\\\/www.cetys.mx\\\/noticias\\\/wp-content\\\/uploads\\\/2022\\\/10\\\/Jorge-Ortega-1_01.jpg\",\"datePublished\":\"2022-10-26T17:43:50+00:00\",\"dateModified\":\"2022-10-27T01:45:56+00:00\",\"author\":{\"@id\":\"https:\\\/\\\/www.cetys.mx\\\/noticias\\\/#\\\/schema\\\/person\\\/e9d2b35265b64aa454df57a2828eb2ac\"},\"description\":\"Jorge Orteha es galardonado con su reingreso al Sistema Nacional de Creadores de Arte en la categor\u00eda de Poes\u00eda, compartiendo lugar con otros 11 creadores.\",\"breadcrumb\":{\"@id\":\"https:\\\/\\\/www.cetys.mx\\\/noticias\\\/es-jorge-ortega-miembro-del-sistema-nacional-de-creadores-de-arte-en-poesia\\\/#breadcrumb\"},\"inLanguage\":\"es\",\"potentialAction\":[{\"@type\":\"ReadAction\",\"target\":[\"https:\\\/\\\/www.cetys.mx\\\/noticias\\\/es-jorge-ortega-miembro-del-sistema-nacional-de-creadores-de-arte-en-poesia\\\/\"]}]},{\"@type\":\"ImageObject\",\"inLanguage\":\"es\",\"@id\":\"https:\\\/\\\/www.cetys.mx\\\/noticias\\\/es-jorge-ortega-miembro-del-sistema-nacional-de-creadores-de-arte-en-poesia\\\/#primaryimage\",\"url\":\"https:\\\/\\\/www.cetys.mx\\\/noticias\\\/wp-content\\\/uploads\\\/2022\\\/10\\\/Jorge-Ortega-1_01.jpg\",\"contentUrl\":\"https:\\\/\\\/www.cetys.mx\\\/noticias\\\/wp-content\\\/uploads\\\/2022\\\/10\\\/Jorge-Ortega-1_01.jpg\",\"width\":670,\"height\":454},{\"@type\":\"BreadcrumbList\",\"@id\":\"https:\\\/\\\/www.cetys.mx\\\/noticias\\\/es-jorge-ortega-miembro-del-sistema-nacional-de-creadores-de-arte-en-poesia\\\/#breadcrumb\",\"itemListElement\":[{\"@type\":\"ListItem\",\"position\":1,\"name\":\"Inicio\",\"item\":\"https:\\\/\\\/www.cetys.mx\\\/noticias\\\/\"},{\"@type\":\"ListItem\",\"position\":2,\"name\":\"Es Jorge Ortega miembro del Sistema Nacional de Creadores de Arte en Poes\u00eda\"}]},{\"@type\":\"WebSite\",\"@id\":\"https:\\\/\\\/www.cetys.mx\\\/noticias\\\/#website\",\"url\":\"https:\\\/\\\/www.cetys.mx\\\/noticias\\\/\",\"name\":\"CETYS\",\"description\":\"\",\"potentialAction\":[{\"@type\":\"SearchAction\",\"target\":{\"@type\":\"EntryPoint\",\"urlTemplate\":\"https:\\\/\\\/www.cetys.mx\\\/noticias\\\/?s={search_term_string}\"},\"query-input\":{\"@type\":\"PropertyValueSpecification\",\"valueRequired\":true,\"valueName\":\"search_term_string\"}}],\"inLanguage\":\"es\"},{\"@type\":\"Person\",\"@id\":\"https:\\\/\\\/www.cetys.mx\\\/noticias\\\/#\\\/schema\\\/person\\\/e9d2b35265b64aa454df57a2828eb2ac\",\"name\":\"CETYS Institucional\",\"url\":\"https:\\\/\\\/www.cetys.mx\\\/noticias\\\/author\\\/cetysinstitucional\\\/\"}]}<\/script>\n<!-- \/ Yoast SEO plugin. -->","yoast_head_json":{"title":"Es Jorge Ortega miembro del Sistema Nacional de Creadores de Arte en Poes\u00eda - CETYS","description":"Jorge Orteha es galardonado con su reingreso al Sistema Nacional de Creadores de Arte en la categor\u00eda de Poes\u00eda, compartiendo lugar con otros 11 creadores.","robots":{"index":"index","follow":"follow","max-snippet":"max-snippet:-1","max-image-preview":"max-image-preview:large","max-video-preview":"max-video-preview:-1"},"canonical":"https:\/\/www.cetys.mx\/noticias\/es-jorge-ortega-miembro-del-sistema-nacional-de-creadores-de-arte-en-poesia\/","og_locale":"es_MX","og_type":"article","og_title":"Es Jorge Ortega miembro del Sistema Nacional de Creadores de Arte en Poes\u00eda - CETYS","og_description":"Jorge Orteha es galardonado con su reingreso al Sistema Nacional de Creadores de Arte en la categor\u00eda de Poes\u00eda, compartiendo lugar con otros 11 creadores.","og_url":"https:\/\/www.cetys.mx\/noticias\/es-jorge-ortega-miembro-del-sistema-nacional-de-creadores-de-arte-en-poesia\/","og_site_name":"CETYS","article_publisher":"https:\/\/www.facebook.com\/cetysuniversidadmxl\/","article_published_time":"2022-10-26T17:43:50+00:00","article_modified_time":"2022-10-27T01:45:56+00:00","og_image":[{"width":670,"height":454,"url":"https:\/\/www.cetys.mx\/noticias\/wp-content\/uploads\/2022\/10\/Jorge-Ortega-1_01.jpg","type":"image\/jpeg"}],"author":"CETYS Institucional","twitter_card":"summary_large_image","twitter_creator":"@cetysuni","twitter_site":"@cetysuni","twitter_misc":{"Escrito por":"CETYS Institucional","Tiempo de lectura":"4 minutos"},"schema":{"@context":"https:\/\/schema.org","@graph":[{"@type":"Article","@id":"https:\/\/www.cetys.mx\/noticias\/es-jorge-ortega-miembro-del-sistema-nacional-de-creadores-de-arte-en-poesia\/#article","isPartOf":{"@id":"https:\/\/www.cetys.mx\/noticias\/es-jorge-ortega-miembro-del-sistema-nacional-de-creadores-de-arte-en-poesia\/"},"author":{"name":"CETYS Institucional","@id":"https:\/\/www.cetys.mx\/noticias\/#\/schema\/person\/e9d2b35265b64aa454df57a2828eb2ac"},"headline":"Es Jorge Ortega miembro del Sistema Nacional de Creadores de Arte en Poes\u00eda","datePublished":"2022-10-26T17:43:50+00:00","dateModified":"2022-10-27T01:45:56+00:00","mainEntityOfPage":{"@id":"https:\/\/www.cetys.mx\/noticias\/es-jorge-ortega-miembro-del-sistema-nacional-de-creadores-de-arte-en-poesia\/"},"wordCount":758,"commentCount":0,"image":{"@id":"https:\/\/www.cetys.mx\/noticias\/es-jorge-ortega-miembro-del-sistema-nacional-de-creadores-de-arte-en-poesia\/#primaryimage"},"thumbnailUrl":"https:\/\/www.cetys.mx\/noticias\/wp-content\/uploads\/2022\/10\/Jorge-Ortega-1_01.jpg","keywords":["cultura","Poes\u00eda","Sistema Nacional de Creadores de Arte"],"articleSection":["Academia","Institucional","Portada","Uncategorized"],"inLanguage":"es","potentialAction":[{"@type":"CommentAction","name":"Comment","target":["https:\/\/www.cetys.mx\/noticias\/es-jorge-ortega-miembro-del-sistema-nacional-de-creadores-de-arte-en-poesia\/#respond"]}]},{"@type":"WebPage","@id":"https:\/\/www.cetys.mx\/noticias\/es-jorge-ortega-miembro-del-sistema-nacional-de-creadores-de-arte-en-poesia\/","url":"https:\/\/www.cetys.mx\/noticias\/es-jorge-ortega-miembro-del-sistema-nacional-de-creadores-de-arte-en-poesia\/","name":"Es Jorge Ortega miembro del Sistema Nacional de Creadores de Arte en Poes\u00eda - CETYS","isPartOf":{"@id":"https:\/\/www.cetys.mx\/noticias\/#website"},"primaryImageOfPage":{"@id":"https:\/\/www.cetys.mx\/noticias\/es-jorge-ortega-miembro-del-sistema-nacional-de-creadores-de-arte-en-poesia\/#primaryimage"},"image":{"@id":"https:\/\/www.cetys.mx\/noticias\/es-jorge-ortega-miembro-del-sistema-nacional-de-creadores-de-arte-en-poesia\/#primaryimage"},"thumbnailUrl":"https:\/\/www.cetys.mx\/noticias\/wp-content\/uploads\/2022\/10\/Jorge-Ortega-1_01.jpg","datePublished":"2022-10-26T17:43:50+00:00","dateModified":"2022-10-27T01:45:56+00:00","author":{"@id":"https:\/\/www.cetys.mx\/noticias\/#\/schema\/person\/e9d2b35265b64aa454df57a2828eb2ac"},"description":"Jorge Orteha es galardonado con su reingreso al Sistema Nacional de Creadores de Arte en la categor\u00eda de Poes\u00eda, compartiendo lugar con otros 11 creadores.","breadcrumb":{"@id":"https:\/\/www.cetys.mx\/noticias\/es-jorge-ortega-miembro-del-sistema-nacional-de-creadores-de-arte-en-poesia\/#breadcrumb"},"inLanguage":"es","potentialAction":[{"@type":"ReadAction","target":["https:\/\/www.cetys.mx\/noticias\/es-jorge-ortega-miembro-del-sistema-nacional-de-creadores-de-arte-en-poesia\/"]}]},{"@type":"ImageObject","inLanguage":"es","@id":"https:\/\/www.cetys.mx\/noticias\/es-jorge-ortega-miembro-del-sistema-nacional-de-creadores-de-arte-en-poesia\/#primaryimage","url":"https:\/\/www.cetys.mx\/noticias\/wp-content\/uploads\/2022\/10\/Jorge-Ortega-1_01.jpg","contentUrl":"https:\/\/www.cetys.mx\/noticias\/wp-content\/uploads\/2022\/10\/Jorge-Ortega-1_01.jpg","width":670,"height":454},{"@type":"BreadcrumbList","@id":"https:\/\/www.cetys.mx\/noticias\/es-jorge-ortega-miembro-del-sistema-nacional-de-creadores-de-arte-en-poesia\/#breadcrumb","itemListElement":[{"@type":"ListItem","position":1,"name":"Inicio","item":"https:\/\/www.cetys.mx\/noticias\/"},{"@type":"ListItem","position":2,"name":"Es Jorge Ortega miembro del Sistema Nacional de Creadores de Arte en Poes\u00eda"}]},{"@type":"WebSite","@id":"https:\/\/www.cetys.mx\/noticias\/#website","url":"https:\/\/www.cetys.mx\/noticias\/","name":"CETYS","description":"","potentialAction":[{"@type":"SearchAction","target":{"@type":"EntryPoint","urlTemplate":"https:\/\/www.cetys.mx\/noticias\/?s={search_term_string}"},"query-input":{"@type":"PropertyValueSpecification","valueRequired":true,"valueName":"search_term_string"}}],"inLanguage":"es"},{"@type":"Person","@id":"https:\/\/www.cetys.mx\/noticias\/#\/schema\/person\/e9d2b35265b64aa454df57a2828eb2ac","name":"CETYS Institucional","url":"https:\/\/www.cetys.mx\/noticias\/author\/cetysinstitucional\/"}]}},"_links":{"self":[{"href":"https:\/\/www.cetys.mx\/noticias\/wp-json\/wp\/v2\/posts\/168303","targetHints":{"allow":["GET"]}}],"collection":[{"href":"https:\/\/www.cetys.mx\/noticias\/wp-json\/wp\/v2\/posts"}],"about":[{"href":"https:\/\/www.cetys.mx\/noticias\/wp-json\/wp\/v2\/types\/post"}],"author":[{"embeddable":true,"href":"https:\/\/www.cetys.mx\/noticias\/wp-json\/wp\/v2\/users\/26"}],"replies":[{"embeddable":true,"href":"https:\/\/www.cetys.mx\/noticias\/wp-json\/wp\/v2\/comments?post=168303"}],"version-history":[{"count":6,"href":"https:\/\/www.cetys.mx\/noticias\/wp-json\/wp\/v2\/posts\/168303\/revisions"}],"predecessor-version":[{"id":168332,"href":"https:\/\/www.cetys.mx\/noticias\/wp-json\/wp\/v2\/posts\/168303\/revisions\/168332"}],"wp:featuredmedia":[{"embeddable":true,"href":"https:\/\/www.cetys.mx\/noticias\/wp-json\/wp\/v2\/media\/168309"}],"wp:attachment":[{"href":"https:\/\/www.cetys.mx\/noticias\/wp-json\/wp\/v2\/media?parent=168303"}],"wp:term":[{"taxonomy":"category","embeddable":true,"href":"https:\/\/www.cetys.mx\/noticias\/wp-json\/wp\/v2\/categories?post=168303"},{"taxonomy":"post_tag","embeddable":true,"href":"https:\/\/www.cetys.mx\/noticias\/wp-json\/wp\/v2\/tags?post=168303"}],"curies":[{"name":"wp","href":"https:\/\/api.w.org\/{rel}","templated":true}]}}