{"id":168226,"date":"2022-10-21T12:49:23","date_gmt":"2022-10-21T19:49:23","guid":{"rendered":"https:\/\/www.cetys.mx\/noticias\/?p=168226"},"modified":"2022-10-21T22:29:39","modified_gmt":"2022-10-22T05:29:39","slug":"todo-listo-sinergia-cetys2022","status":"publish","type":"post","link":"https:\/\/www.cetys.mx\/noticias\/todo-listo-sinergia-cetys2022\/","title":{"rendered":"Todo listo para que 30 artistas de talla mundial hagan Sinergia en B.C."},"content":{"rendered":"<p style=\"text-align: center;\"><b><i>La 2da. Exposici\u00f3n Internacional de Artes Visuales y Encuentro de Artistas, Sinergia, forma parte de la experiencia de formaci\u00f3n integral que caracteriza al Sistema CETYS en todos sus niveles educativos, y busca extender la filosof\u00eda humanista de esta instituci\u00f3n<\/i><\/b><\/p>\n<p style=\"text-align: justify;\"><span style=\"font-weight: 400;\">Todo est\u00e1 listo en los tres campus de CETYS Universidad para que del 31 de octubre al 04 de noviembre el talento, esp\u00edritu innovador y destacadas habilidades t\u00e9cnicas de exponentes de talla internacional, convergir\u00e1n con la comunidad durante <a href=\"https:\/\/www.cetys.mx\/sinergia\/\">Sinergia<\/a>, 2da. Exposici\u00f3n Internacional de Artes Visuales y Encuentro de Artistas.\u00a0<\/span><\/p>\n<p style=\"text-align: justify;\"><span style=\"font-weight: 400;\">As\u00ed lo dieron a conocer el Dr. Luis Linares Borboa, director del Programa de Formaci\u00f3n Integral del Sistema CETYS Universidad, el Dr. Mario Dipp N\u00fa\u00f1ez, director de CETYS Universidad Campus Mexicali y la Mtra. Natalia Silva Paz, coordinadora de Difusi\u00f3n Cultural en el mismo campus.\u00a0<\/span><\/p>\n<p style=\"text-align: justify;\"><span style=\"font-weight: 400;\">Organizado por primera vez en el a\u00f1o 2019, Sinergia es un espacio de expresi\u00f3n e intercambio de ideas a trav\u00e9s del lenguaje art\u00edstico en el que se reconoce la importancia y se fomenta la pr\u00e1ctica del arte entre la comunidad estudiantil y general, que forma parte de la experiencia de formaci\u00f3n integral que caracteriza al Sistema CETYS en todos sus niveles educativos, y que busca extender la filosof\u00eda humanista de esta instituci\u00f3n.<\/span><\/p>\n<p style=\"text-align: justify;\"><span style=\"font-weight: 400;\">Durante 5 d\u00edas de actividades, 30 exponentes originarios de Reino Unido, India, Canad\u00e1, Italia, Alemania, L\u00edbano, Espa\u00f1a, Om\u00e1n, Per\u00fa, Argentina y M\u00e9xico compartir\u00e1n su talento mediante workshops, mesas de di\u00e1logo con estudiantes y charlas entre artistas, exposiciones de obra y exhibiciones culturales que se llevar\u00e1n a cabo en el marco del D\u00eda de Muertos en M\u00e9xico, y que concluir\u00e1n con la inauguraci\u00f3n de la obra Colecci\u00f3n CETYS-Sinergia en la Casa de la Cultura de Mexicali.<\/span><\/p>\n<p style=\"text-align: justify;\"><span style=\"font-weight: 400;\">De esta manera, CETYS Universidad impulsa el incremento de espacios para la difusi\u00f3n art\u00edstica en la regi\u00f3n Cali-Baja, facilitando el acceso al arte y la cultura de sus habitantes y contribuyendo a posicionar a Baja California como referente internacional en temas relacionados con el arte.<\/span><\/p>\n<p style=\"text-align: justify;\"><span style=\"font-weight: 400;\">Para saber m\u00e1s de Sinergia, 2da. Exposici\u00f3n Internacional de Artes Visuales y Encuentro de Artistas, visita https:\/\/www.cetys.mx\/sinergia. Tambi\u00e9n puedes comunicarte a la coordinaci\u00f3n de Difusi\u00f3n Cultural de CETYS, a las direcciones difusion.culturalmxl@cetys.mx y natalia.silva@cetys.mx.<\/span><\/p>\n<p><img loading=\"lazy\" decoding=\"async\" class=\" wp-image-166991 aligncenter\" src=\"https:\/\/www.cetys.mx\/noticias\/wp-content\/uploads\/2022\/09\/Sinergia-2022.jpg\" alt=\"\" width=\"565\" height=\"376\" srcset=\"https:\/\/www.cetys.mx\/noticias\/wp-content\/uploads\/2022\/09\/Sinergia-2022.jpg 958w, https:\/\/www.cetys.mx\/noticias\/wp-content\/uploads\/2022\/09\/Sinergia-2022-768x511.jpg 768w\" sizes=\"auto, (max-width: 565px) 100vw, 565px\" \/><\/p>\n","protected":false},"excerpt":{"rendered":"<p>La 2da. Exposici\u00f3n Internacional de Artes Visuales y Encuentro de Artistas, Sinergia, forma parte de la experiencia de formaci\u00f3n integral que caracteriza&#8230;<\/p>\n","protected":false},"author":20,"featured_media":168225,"comment_status":"open","ping_status":"closed","sticky":false,"template":"","format":"standard","meta":{"footnotes":""},"categories":[323,209],"tags":[6079,168,791,1793,6078],"class_list":["post-168226","post","type-post","status-publish","format-standard","has-post-thumbnail","hentry","category-difusion-cultural","category-institucional","tag-artes-visuales","tag-cetys-universidad","tag-difusion-cultural","tag-formacion-integral","tag-sinergia-2022"],"yoast_head":"<!-- This site is optimized with the Yoast SEO plugin v27.4 - https:\/\/yoast.com\/product\/yoast-seo-wordpress\/ -->\n<title>Todo listo para que 30 artistas de talla mundial hagan Sinergia en B.C. - CETYS<\/title>\n<meta name=\"description\" content=\"Articulo sobre Todo listo para que 30 artistas de talla mundial hagan Sinergia en B.C.\" \/>\n<meta name=\"robots\" content=\"index, follow, max-snippet:-1, max-image-preview:large, max-video-preview:-1\" \/>\n<link rel=\"canonical\" href=\"https:\/\/www.cetys.mx\/noticias\/todo-listo-sinergia-cetys2022\/\" \/>\n<meta property=\"og:locale\" content=\"es_MX\" \/>\n<meta property=\"og:type\" content=\"article\" \/>\n<meta property=\"og:title\" content=\"Todo listo para que 30 artistas de talla mundial hagan Sinergia en B.C. - CETYS\" \/>\n<meta property=\"og:description\" content=\"Articulo sobre Todo listo para que 30 artistas de talla mundial hagan Sinergia en B.C.\" \/>\n<meta property=\"og:url\" content=\"https:\/\/www.cetys.mx\/noticias\/todo-listo-sinergia-cetys2022\/\" \/>\n<meta property=\"og:site_name\" content=\"CETYS\" \/>\n<meta property=\"article:publisher\" content=\"https:\/\/www.facebook.com\/cetysuniversidadmxl\/\" \/>\n<meta property=\"article:published_time\" content=\"2022-10-21T19:49:23+00:00\" \/>\n<meta property=\"article:modified_time\" content=\"2022-10-22T05:29:39+00:00\" \/>\n<meta property=\"og:image\" content=\"https:\/\/www.cetys.mx\/noticias\/wp-content\/uploads\/2022\/10\/Todo-listo-para-Sinergia-2022.jpg\" \/>\n\t<meta property=\"og:image:width\" content=\"958\" \/>\n\t<meta property=\"og:image:height\" content=\"637\" \/>\n\t<meta property=\"og:image:type\" content=\"image\/jpeg\" \/>\n<meta name=\"author\" content=\"Campus Mexicali\" \/>\n<meta name=\"twitter:card\" content=\"summary_large_image\" \/>\n<meta name=\"twitter:creator\" content=\"@cetysuni\" \/>\n<meta name=\"twitter:site\" content=\"@cetysuni\" \/>\n<meta name=\"twitter:label1\" content=\"Escrito por\" \/>\n\t<meta name=\"twitter:data1\" content=\"Campus Mexicali\" \/>\n\t<meta name=\"twitter:label2\" content=\"Tiempo de lectura\" \/>\n\t<meta name=\"twitter:data2\" content=\"2 minutos\" \/>\n<script type=\"application\/ld+json\" class=\"yoast-schema-graph\">{\"@context\":\"https:\\\/\\\/schema.org\",\"@graph\":[{\"@type\":\"Article\",\"@id\":\"https:\\\/\\\/www.cetys.mx\\\/noticias\\\/todo-listo-sinergia-cetys2022\\\/#article\",\"isPartOf\":{\"@id\":\"https:\\\/\\\/www.cetys.mx\\\/noticias\\\/todo-listo-sinergia-cetys2022\\\/\"},\"author\":{\"name\":\"Campus Mexicali\",\"@id\":\"https:\\\/\\\/www.cetys.mx\\\/noticias\\\/#\\\/schema\\\/person\\\/79a95c4ac185f3705cf1b9c9340a5f70\"},\"headline\":\"Todo listo para que 30 artistas de talla mundial hagan Sinergia en B.C.\",\"datePublished\":\"2022-10-21T19:49:23+00:00\",\"dateModified\":\"2022-10-22T05:29:39+00:00\",\"mainEntityOfPage\":{\"@id\":\"https:\\\/\\\/www.cetys.mx\\\/noticias\\\/todo-listo-sinergia-cetys2022\\\/\"},\"wordCount\":417,\"commentCount\":0,\"image\":{\"@id\":\"https:\\\/\\\/www.cetys.mx\\\/noticias\\\/todo-listo-sinergia-cetys2022\\\/#primaryimage\"},\"thumbnailUrl\":\"https:\\\/\\\/www.cetys.mx\\\/noticias\\\/wp-content\\\/uploads\\\/2022\\\/10\\\/Todo-listo-para-Sinergia-2022.jpg\",\"keywords\":[\"Artes Visuales\",\"CETYS Universidad\",\"Difusi\u00f3n Cultural\",\"formaci\u00f3n integral\",\"Sinergia 2022\"],\"articleSection\":[\"Difusion cultural\",\"Institucional\"],\"inLanguage\":\"es\",\"potentialAction\":[{\"@type\":\"CommentAction\",\"name\":\"Comment\",\"target\":[\"https:\\\/\\\/www.cetys.mx\\\/noticias\\\/todo-listo-sinergia-cetys2022\\\/#respond\"]}]},{\"@type\":\"WebPage\",\"@id\":\"https:\\\/\\\/www.cetys.mx\\\/noticias\\\/todo-listo-sinergia-cetys2022\\\/\",\"url\":\"https:\\\/\\\/www.cetys.mx\\\/noticias\\\/todo-listo-sinergia-cetys2022\\\/\",\"name\":\"Todo listo para que 30 artistas de talla mundial hagan Sinergia en B.C. - CETYS\",\"isPartOf\":{\"@id\":\"https:\\\/\\\/www.cetys.mx\\\/noticias\\\/#website\"},\"primaryImageOfPage\":{\"@id\":\"https:\\\/\\\/www.cetys.mx\\\/noticias\\\/todo-listo-sinergia-cetys2022\\\/#primaryimage\"},\"image\":{\"@id\":\"https:\\\/\\\/www.cetys.mx\\\/noticias\\\/todo-listo-sinergia-cetys2022\\\/#primaryimage\"},\"thumbnailUrl\":\"https:\\\/\\\/www.cetys.mx\\\/noticias\\\/wp-content\\\/uploads\\\/2022\\\/10\\\/Todo-listo-para-Sinergia-2022.jpg\",\"datePublished\":\"2022-10-21T19:49:23+00:00\",\"dateModified\":\"2022-10-22T05:29:39+00:00\",\"author\":{\"@id\":\"https:\\\/\\\/www.cetys.mx\\\/noticias\\\/#\\\/schema\\\/person\\\/79a95c4ac185f3705cf1b9c9340a5f70\"},\"description\":\"Articulo sobre Todo listo para que 30 artistas de talla mundial hagan Sinergia en B.C.\",\"breadcrumb\":{\"@id\":\"https:\\\/\\\/www.cetys.mx\\\/noticias\\\/todo-listo-sinergia-cetys2022\\\/#breadcrumb\"},\"inLanguage\":\"es\",\"potentialAction\":[{\"@type\":\"ReadAction\",\"target\":[\"https:\\\/\\\/www.cetys.mx\\\/noticias\\\/todo-listo-sinergia-cetys2022\\\/\"]}]},{\"@type\":\"ImageObject\",\"inLanguage\":\"es\",\"@id\":\"https:\\\/\\\/www.cetys.mx\\\/noticias\\\/todo-listo-sinergia-cetys2022\\\/#primaryimage\",\"url\":\"https:\\\/\\\/www.cetys.mx\\\/noticias\\\/wp-content\\\/uploads\\\/2022\\\/10\\\/Todo-listo-para-Sinergia-2022.jpg\",\"contentUrl\":\"https:\\\/\\\/www.cetys.mx\\\/noticias\\\/wp-content\\\/uploads\\\/2022\\\/10\\\/Todo-listo-para-Sinergia-2022.jpg\",\"width\":958,\"height\":637},{\"@type\":\"BreadcrumbList\",\"@id\":\"https:\\\/\\\/www.cetys.mx\\\/noticias\\\/todo-listo-sinergia-cetys2022\\\/#breadcrumb\",\"itemListElement\":[{\"@type\":\"ListItem\",\"position\":1,\"name\":\"Inicio\",\"item\":\"https:\\\/\\\/www.cetys.mx\\\/noticias\\\/\"},{\"@type\":\"ListItem\",\"position\":2,\"name\":\"Todo listo para que 30 artistas de talla mundial hagan Sinergia en B.C.\"}]},{\"@type\":\"WebSite\",\"@id\":\"https:\\\/\\\/www.cetys.mx\\\/noticias\\\/#website\",\"url\":\"https:\\\/\\\/www.cetys.mx\\\/noticias\\\/\",\"name\":\"CETYS\",\"description\":\"\",\"potentialAction\":[{\"@type\":\"SearchAction\",\"target\":{\"@type\":\"EntryPoint\",\"urlTemplate\":\"https:\\\/\\\/www.cetys.mx\\\/noticias\\\/?s={search_term_string}\"},\"query-input\":{\"@type\":\"PropertyValueSpecification\",\"valueRequired\":true,\"valueName\":\"search_term_string\"}}],\"inLanguage\":\"es\"},{\"@type\":\"Person\",\"@id\":\"https:\\\/\\\/www.cetys.mx\\\/noticias\\\/#\\\/schema\\\/person\\\/79a95c4ac185f3705cf1b9c9340a5f70\",\"name\":\"Campus Mexicali\",\"url\":\"https:\\\/\\\/www.cetys.mx\\\/noticias\\\/author\\\/campusmexicali\\\/\"}]}<\/script>\n<!-- \/ Yoast SEO plugin. -->","yoast_head_json":{"title":"Todo listo para que 30 artistas de talla mundial hagan Sinergia en B.C. - CETYS","description":"Articulo sobre Todo listo para que 30 artistas de talla mundial hagan Sinergia en B.C.","robots":{"index":"index","follow":"follow","max-snippet":"max-snippet:-1","max-image-preview":"max-image-preview:large","max-video-preview":"max-video-preview:-1"},"canonical":"https:\/\/www.cetys.mx\/noticias\/todo-listo-sinergia-cetys2022\/","og_locale":"es_MX","og_type":"article","og_title":"Todo listo para que 30 artistas de talla mundial hagan Sinergia en B.C. - CETYS","og_description":"Articulo sobre Todo listo para que 30 artistas de talla mundial hagan Sinergia en B.C.","og_url":"https:\/\/www.cetys.mx\/noticias\/todo-listo-sinergia-cetys2022\/","og_site_name":"CETYS","article_publisher":"https:\/\/www.facebook.com\/cetysuniversidadmxl\/","article_published_time":"2022-10-21T19:49:23+00:00","article_modified_time":"2022-10-22T05:29:39+00:00","og_image":[{"width":958,"height":637,"url":"https:\/\/www.cetys.mx\/noticias\/wp-content\/uploads\/2022\/10\/Todo-listo-para-Sinergia-2022.jpg","type":"image\/jpeg"}],"author":"Campus Mexicali","twitter_card":"summary_large_image","twitter_creator":"@cetysuni","twitter_site":"@cetysuni","twitter_misc":{"Escrito por":"Campus Mexicali","Tiempo de lectura":"2 minutos"},"schema":{"@context":"https:\/\/schema.org","@graph":[{"@type":"Article","@id":"https:\/\/www.cetys.mx\/noticias\/todo-listo-sinergia-cetys2022\/#article","isPartOf":{"@id":"https:\/\/www.cetys.mx\/noticias\/todo-listo-sinergia-cetys2022\/"},"author":{"name":"Campus Mexicali","@id":"https:\/\/www.cetys.mx\/noticias\/#\/schema\/person\/79a95c4ac185f3705cf1b9c9340a5f70"},"headline":"Todo listo para que 30 artistas de talla mundial hagan Sinergia en B.C.","datePublished":"2022-10-21T19:49:23+00:00","dateModified":"2022-10-22T05:29:39+00:00","mainEntityOfPage":{"@id":"https:\/\/www.cetys.mx\/noticias\/todo-listo-sinergia-cetys2022\/"},"wordCount":417,"commentCount":0,"image":{"@id":"https:\/\/www.cetys.mx\/noticias\/todo-listo-sinergia-cetys2022\/#primaryimage"},"thumbnailUrl":"https:\/\/www.cetys.mx\/noticias\/wp-content\/uploads\/2022\/10\/Todo-listo-para-Sinergia-2022.jpg","keywords":["Artes Visuales","CETYS Universidad","Difusi\u00f3n Cultural","formaci\u00f3n integral","Sinergia 2022"],"articleSection":["Difusion cultural","Institucional"],"inLanguage":"es","potentialAction":[{"@type":"CommentAction","name":"Comment","target":["https:\/\/www.cetys.mx\/noticias\/todo-listo-sinergia-cetys2022\/#respond"]}]},{"@type":"WebPage","@id":"https:\/\/www.cetys.mx\/noticias\/todo-listo-sinergia-cetys2022\/","url":"https:\/\/www.cetys.mx\/noticias\/todo-listo-sinergia-cetys2022\/","name":"Todo listo para que 30 artistas de talla mundial hagan Sinergia en B.C. - CETYS","isPartOf":{"@id":"https:\/\/www.cetys.mx\/noticias\/#website"},"primaryImageOfPage":{"@id":"https:\/\/www.cetys.mx\/noticias\/todo-listo-sinergia-cetys2022\/#primaryimage"},"image":{"@id":"https:\/\/www.cetys.mx\/noticias\/todo-listo-sinergia-cetys2022\/#primaryimage"},"thumbnailUrl":"https:\/\/www.cetys.mx\/noticias\/wp-content\/uploads\/2022\/10\/Todo-listo-para-Sinergia-2022.jpg","datePublished":"2022-10-21T19:49:23+00:00","dateModified":"2022-10-22T05:29:39+00:00","author":{"@id":"https:\/\/www.cetys.mx\/noticias\/#\/schema\/person\/79a95c4ac185f3705cf1b9c9340a5f70"},"description":"Articulo sobre Todo listo para que 30 artistas de talla mundial hagan Sinergia en B.C.","breadcrumb":{"@id":"https:\/\/www.cetys.mx\/noticias\/todo-listo-sinergia-cetys2022\/#breadcrumb"},"inLanguage":"es","potentialAction":[{"@type":"ReadAction","target":["https:\/\/www.cetys.mx\/noticias\/todo-listo-sinergia-cetys2022\/"]}]},{"@type":"ImageObject","inLanguage":"es","@id":"https:\/\/www.cetys.mx\/noticias\/todo-listo-sinergia-cetys2022\/#primaryimage","url":"https:\/\/www.cetys.mx\/noticias\/wp-content\/uploads\/2022\/10\/Todo-listo-para-Sinergia-2022.jpg","contentUrl":"https:\/\/www.cetys.mx\/noticias\/wp-content\/uploads\/2022\/10\/Todo-listo-para-Sinergia-2022.jpg","width":958,"height":637},{"@type":"BreadcrumbList","@id":"https:\/\/www.cetys.mx\/noticias\/todo-listo-sinergia-cetys2022\/#breadcrumb","itemListElement":[{"@type":"ListItem","position":1,"name":"Inicio","item":"https:\/\/www.cetys.mx\/noticias\/"},{"@type":"ListItem","position":2,"name":"Todo listo para que 30 artistas de talla mundial hagan Sinergia en B.C."}]},{"@type":"WebSite","@id":"https:\/\/www.cetys.mx\/noticias\/#website","url":"https:\/\/www.cetys.mx\/noticias\/","name":"CETYS","description":"","potentialAction":[{"@type":"SearchAction","target":{"@type":"EntryPoint","urlTemplate":"https:\/\/www.cetys.mx\/noticias\/?s={search_term_string}"},"query-input":{"@type":"PropertyValueSpecification","valueRequired":true,"valueName":"search_term_string"}}],"inLanguage":"es"},{"@type":"Person","@id":"https:\/\/www.cetys.mx\/noticias\/#\/schema\/person\/79a95c4ac185f3705cf1b9c9340a5f70","name":"Campus Mexicali","url":"https:\/\/www.cetys.mx\/noticias\/author\/campusmexicali\/"}]}},"_links":{"self":[{"href":"https:\/\/www.cetys.mx\/noticias\/wp-json\/wp\/v2\/posts\/168226","targetHints":{"allow":["GET"]}}],"collection":[{"href":"https:\/\/www.cetys.mx\/noticias\/wp-json\/wp\/v2\/posts"}],"about":[{"href":"https:\/\/www.cetys.mx\/noticias\/wp-json\/wp\/v2\/types\/post"}],"author":[{"embeddable":true,"href":"https:\/\/www.cetys.mx\/noticias\/wp-json\/wp\/v2\/users\/20"}],"replies":[{"embeddable":true,"href":"https:\/\/www.cetys.mx\/noticias\/wp-json\/wp\/v2\/comments?post=168226"}],"version-history":[{"count":2,"href":"https:\/\/www.cetys.mx\/noticias\/wp-json\/wp\/v2\/posts\/168226\/revisions"}],"predecessor-version":[{"id":168237,"href":"https:\/\/www.cetys.mx\/noticias\/wp-json\/wp\/v2\/posts\/168226\/revisions\/168237"}],"wp:featuredmedia":[{"embeddable":true,"href":"https:\/\/www.cetys.mx\/noticias\/wp-json\/wp\/v2\/media\/168225"}],"wp:attachment":[{"href":"https:\/\/www.cetys.mx\/noticias\/wp-json\/wp\/v2\/media?parent=168226"}],"wp:term":[{"taxonomy":"category","embeddable":true,"href":"https:\/\/www.cetys.mx\/noticias\/wp-json\/wp\/v2\/categories?post=168226"},{"taxonomy":"post_tag","embeddable":true,"href":"https:\/\/www.cetys.mx\/noticias\/wp-json\/wp\/v2\/tags?post=168226"}],"curies":[{"name":"wp","href":"https:\/\/api.w.org\/{rel}","templated":true}]}}