{"id":168194,"date":"2022-10-20T17:53:59","date_gmt":"2022-10-21T00:53:59","guid":{"rendered":"https:\/\/www.cetys.mx\/noticias\/?p=168194"},"modified":"2022-10-20T17:53:59","modified_gmt":"2022-10-21T00:53:59","slug":"asi-puedes-participar-activamente-en-el-dia-mundial-del-ahorro-energetico","status":"publish","type":"post","link":"https:\/\/www.cetys.mx\/noticias\/asi-puedes-participar-activamente-en-el-dia-mundial-del-ahorro-energetico\/","title":{"rendered":"As\u00ed puedes participar activamente en el d\u00eda mundial del ahorro energ\u00e9tico"},"content":{"rendered":"<p style=\"text-align: justify;\">De manera general, el consumo de energ\u00eda por persona, es decir, el consumo de electricidad per c\u00e1pita a nivel mundial se incrementa cada a\u00f1o. Actualmente, pa\u00edses como Estados Unidos de Am\u00e9rica, Canad\u00e1, Suecia, Noruega, Islandia, entre otros, tienen el consumo de electricidad per c\u00e1pita m\u00e1s elevado, el cual var\u00eda desde los 12,000 a 49,000 kilo Watts-hora al a\u00f1o. Mientras que en M\u00e9xico, el consumo de electricidad per c\u00e1pita es de 2,300 kilo Watts-hora al a\u00f1o. Lo anterior solamente considerando el a\u00f1o 2021.<\/p>\n<p style=\"text-align: justify;\">De acuerdo con el <strong>Dr. Josu\u00e9 L\u00f3pez Leyva,<\/strong> profesor e investigador de <a href=\"https:\/\/www.facebook.com\/cetysens\">CETYS Universidad Campus Internacional Ensenada<\/a>, el consumo de energ\u00eda el\u00e9ctrica per c\u00e1pita se relaciona con los servicios y productos consumidos en la vida cotidiana de las personas de diferentes pa\u00edses.<\/p>\n<blockquote>\n<div id=\"attachment_143128\" style=\"width: 393px\" class=\"wp-caption alignright\"><img loading=\"lazy\" decoding=\"async\" aria-describedby=\"caption-attachment-143128\" class=\" wp-image-143128\" src=\"https:\/\/www.cetys.mx\/noticias\/wp-content\/uploads\/2020\/04\/portal1.jpg\" alt=\"\" width=\"383\" height=\"255\" srcset=\"https:\/\/www.cetys.mx\/noticias\/wp-content\/uploads\/2020\/04\/portal1.jpg 958w, https:\/\/www.cetys.mx\/noticias\/wp-content\/uploads\/2020\/04\/portal1-768x511.jpg 768w\" sizes=\"auto, (max-width: 383px) 100vw, 383px\" \/><p id=\"caption-attachment-143128\" class=\"wp-caption-text\">Dr. Josu\u00e9 L\u00f3pez Leyva, acad\u00e9mico e investigador.<\/p><\/div>\n<p style=\"text-align: justify;\">\u201cCuriosamente, las reservas de petr\u00f3leo no tienen la misma l\u00f3gica, es decir, generalmente los pa\u00edses con mayor consumo de electricidad per c\u00e1pita no son los que tienen m\u00e1s petr\u00f3leo. Considerando lo anterior, y buscando la sostenibilidad de las regiones y los pa\u00edses, el ahorro y eficiencia energ\u00e9tica es algo trascendental que debe ser abordado a nivel mundial\u201d, recomienda el Experto CETYS.<\/p>\n<\/blockquote>\n<p style=\"text-align: justify;\">El 21 de octubre se celebra el D\u00eda Mundial del Ahorro Energ\u00e9tico. El origen de este d\u00eda se encuentra en la iniciativa del Foro Energ\u00e9tico Mundial (World Energy Forum). \u201cEntonces, la invitaci\u00f3n es unirnos responsablemente al festejo, el cual busca hacer conciencia a nivel individual y grupal\u201d, enfatiza el Dr. Josu\u00e9 L\u00f3pez.<\/p>\n<p style=\"text-align: justify;\">Asimismo, agrega que cada persona, empresa e instituci\u00f3n debe de colaborar con el ahorro y eficiencia energ\u00e9tica, entendiendo que, acciones pertinentes en el presente ayudar\u00e1n a todos en un futuro a corto, mediano y largo plazo. Y cuando se dice que ayudar\u00e1n a todos, es literalmente, a todas las personas del mundo.<\/p>\n<blockquote>\n<p style=\"text-align: justify;\">\u201cDe la misma manera, tambi\u00e9n debemos de participar en el ahorro de energ\u00eda de manera proporcional a nuestras responsabilidades. Por ejemplo, pa\u00edses tales como Estados Unidos de Am\u00e9rica, Canad\u00e1, Rusia, Arabia Saudita, entre otros, tienen emisiones de di\u00f3xido de carbono per c\u00e1pita que van desde las 11 a 17 toneladas por persona anualmente. Mientras que, en pa\u00edses como M\u00e9xico, Suecia, entre otros, las emisiones de di\u00f3xido de carbono per c\u00e1pita van desde 1 a 3 toneladas de di\u00f3xido de carbono por persona anualmente\u201d, destac\u00f3 el Dr. Josu\u00e9 L\u00f3pez.<\/p>\n<\/blockquote>\n<p style=\"text-align: justify;\">Finalmente, el Experto CETYS invita a participar activamente en el D\u00eda Mundial del Ahorro Energ\u00e9tico, \u00bfc\u00f3mo? \u201cEmpecemos analizando nuestros consumos energ\u00e9ticos, determinemos nuestra l\u00ednea de base energ\u00e9tica, propongamos acciones para reducir nuestros consumos y que esto se convierta en una cultura energ\u00e9tica\u201d, concluy\u00f3.<\/p>\n","protected":false},"excerpt":{"rendered":"<p>De manera general, el consumo de energ\u00eda por persona, es decir, el consumo de electricidad per c\u00e1pita a nivel mundial se incrementa&#8230;<\/p>\n","protected":false},"author":23,"featured_media":168195,"comment_status":"open","ping_status":"closed","sticky":false,"template":"","format":"standard","meta":{"footnotes":""},"categories":[132,4579],"tags":[],"class_list":["post-168194","post","type-post","status-publish","format-standard","has-post-thumbnail","hentry","category-campus-ensenada","category-expertos-cetys"],"yoast_head":"<!-- This site is optimized with the Yoast SEO plugin v27.4 - https:\/\/yoast.com\/product\/yoast-seo-wordpress\/ -->\n<title>As\u00ed puedes participar activamente en el d\u00eda mundial del ahorro energ\u00e9tico - CETYS<\/title>\n<meta name=\"description\" content=\"Articulo sobre As\u00ed puedes participar activamente en el d\u00eda mundial del ahorro energ\u00e9tico\" \/>\n<meta name=\"robots\" content=\"index, follow, max-snippet:-1, max-image-preview:large, max-video-preview:-1\" \/>\n<link rel=\"canonical\" href=\"https:\/\/www.cetys.mx\/noticias\/asi-puedes-participar-activamente-en-el-dia-mundial-del-ahorro-energetico\/\" \/>\n<meta property=\"og:locale\" content=\"es_MX\" \/>\n<meta property=\"og:type\" content=\"article\" \/>\n<meta property=\"og:title\" content=\"As\u00ed puedes participar activamente en el d\u00eda mundial del ahorro energ\u00e9tico - CETYS\" \/>\n<meta property=\"og:description\" content=\"Articulo sobre As\u00ed puedes participar activamente en el d\u00eda mundial del ahorro energ\u00e9tico\" \/>\n<meta property=\"og:url\" content=\"https:\/\/www.cetys.mx\/noticias\/asi-puedes-participar-activamente-en-el-dia-mundial-del-ahorro-energetico\/\" \/>\n<meta property=\"og:site_name\" content=\"CETYS\" \/>\n<meta property=\"article:publisher\" content=\"https:\/\/www.facebook.com\/cetysuniversidadmxl\/\" \/>\n<meta property=\"article:published_time\" content=\"2022-10-21T00:53:59+00:00\" \/>\n<meta property=\"og:image\" content=\"https:\/\/www.cetys.mx\/noticias\/wp-content\/uploads\/2022\/10\/Foto-1.png\" \/>\n\t<meta property=\"og:image:width\" content=\"958\" \/>\n\t<meta property=\"og:image:height\" content=\"637\" \/>\n\t<meta property=\"og:image:type\" content=\"image\/png\" \/>\n<meta name=\"author\" content=\"Campus Ensenada\" \/>\n<meta name=\"twitter:card\" content=\"summary_large_image\" \/>\n<meta name=\"twitter:creator\" content=\"@cetysuni\" \/>\n<meta name=\"twitter:site\" content=\"@cetysuni\" \/>\n<meta name=\"twitter:label1\" content=\"Escrito por\" \/>\n\t<meta name=\"twitter:data1\" content=\"Campus Ensenada\" \/>\n\t<meta name=\"twitter:label2\" content=\"Tiempo de lectura\" \/>\n\t<meta name=\"twitter:data2\" content=\"2 minutos\" \/>\n<script type=\"application\/ld+json\" class=\"yoast-schema-graph\">{\"@context\":\"https:\\\/\\\/schema.org\",\"@graph\":[{\"@type\":\"Article\",\"@id\":\"https:\\\/\\\/www.cetys.mx\\\/noticias\\\/asi-puedes-participar-activamente-en-el-dia-mundial-del-ahorro-energetico\\\/#article\",\"isPartOf\":{\"@id\":\"https:\\\/\\\/www.cetys.mx\\\/noticias\\\/asi-puedes-participar-activamente-en-el-dia-mundial-del-ahorro-energetico\\\/\"},\"author\":{\"name\":\"Campus Ensenada\",\"@id\":\"https:\\\/\\\/www.cetys.mx\\\/noticias\\\/#\\\/schema\\\/person\\\/1a1a88c0b6586e66a2e9e88e07afc712\"},\"headline\":\"As\u00ed puedes participar activamente en el d\u00eda mundial del ahorro energ\u00e9tico\",\"datePublished\":\"2022-10-21T00:53:59+00:00\",\"mainEntityOfPage\":{\"@id\":\"https:\\\/\\\/www.cetys.mx\\\/noticias\\\/asi-puedes-participar-activamente-en-el-dia-mundial-del-ahorro-energetico\\\/\"},\"wordCount\":495,\"commentCount\":0,\"image\":{\"@id\":\"https:\\\/\\\/www.cetys.mx\\\/noticias\\\/asi-puedes-participar-activamente-en-el-dia-mundial-del-ahorro-energetico\\\/#primaryimage\"},\"thumbnailUrl\":\"https:\\\/\\\/www.cetys.mx\\\/noticias\\\/wp-content\\\/uploads\\\/2022\\\/10\\\/Foto-1.png\",\"articleSection\":[\"Campus Ensenada\",\"Expertos CETYS\"],\"inLanguage\":\"es\",\"potentialAction\":[{\"@type\":\"CommentAction\",\"name\":\"Comment\",\"target\":[\"https:\\\/\\\/www.cetys.mx\\\/noticias\\\/asi-puedes-participar-activamente-en-el-dia-mundial-del-ahorro-energetico\\\/#respond\"]}]},{\"@type\":\"WebPage\",\"@id\":\"https:\\\/\\\/www.cetys.mx\\\/noticias\\\/asi-puedes-participar-activamente-en-el-dia-mundial-del-ahorro-energetico\\\/\",\"url\":\"https:\\\/\\\/www.cetys.mx\\\/noticias\\\/asi-puedes-participar-activamente-en-el-dia-mundial-del-ahorro-energetico\\\/\",\"name\":\"As\u00ed puedes participar activamente en el d\u00eda mundial del ahorro energ\u00e9tico - CETYS\",\"isPartOf\":{\"@id\":\"https:\\\/\\\/www.cetys.mx\\\/noticias\\\/#website\"},\"primaryImageOfPage\":{\"@id\":\"https:\\\/\\\/www.cetys.mx\\\/noticias\\\/asi-puedes-participar-activamente-en-el-dia-mundial-del-ahorro-energetico\\\/#primaryimage\"},\"image\":{\"@id\":\"https:\\\/\\\/www.cetys.mx\\\/noticias\\\/asi-puedes-participar-activamente-en-el-dia-mundial-del-ahorro-energetico\\\/#primaryimage\"},\"thumbnailUrl\":\"https:\\\/\\\/www.cetys.mx\\\/noticias\\\/wp-content\\\/uploads\\\/2022\\\/10\\\/Foto-1.png\",\"datePublished\":\"2022-10-21T00:53:59+00:00\",\"author\":{\"@id\":\"https:\\\/\\\/www.cetys.mx\\\/noticias\\\/#\\\/schema\\\/person\\\/1a1a88c0b6586e66a2e9e88e07afc712\"},\"description\":\"Articulo sobre As\u00ed puedes participar activamente en el d\u00eda mundial del ahorro energ\u00e9tico\",\"breadcrumb\":{\"@id\":\"https:\\\/\\\/www.cetys.mx\\\/noticias\\\/asi-puedes-participar-activamente-en-el-dia-mundial-del-ahorro-energetico\\\/#breadcrumb\"},\"inLanguage\":\"es\",\"potentialAction\":[{\"@type\":\"ReadAction\",\"target\":[\"https:\\\/\\\/www.cetys.mx\\\/noticias\\\/asi-puedes-participar-activamente-en-el-dia-mundial-del-ahorro-energetico\\\/\"]}]},{\"@type\":\"ImageObject\",\"inLanguage\":\"es\",\"@id\":\"https:\\\/\\\/www.cetys.mx\\\/noticias\\\/asi-puedes-participar-activamente-en-el-dia-mundial-del-ahorro-energetico\\\/#primaryimage\",\"url\":\"https:\\\/\\\/www.cetys.mx\\\/noticias\\\/wp-content\\\/uploads\\\/2022\\\/10\\\/Foto-1.png\",\"contentUrl\":\"https:\\\/\\\/www.cetys.mx\\\/noticias\\\/wp-content\\\/uploads\\\/2022\\\/10\\\/Foto-1.png\",\"width\":958,\"height\":637},{\"@type\":\"BreadcrumbList\",\"@id\":\"https:\\\/\\\/www.cetys.mx\\\/noticias\\\/asi-puedes-participar-activamente-en-el-dia-mundial-del-ahorro-energetico\\\/#breadcrumb\",\"itemListElement\":[{\"@type\":\"ListItem\",\"position\":1,\"name\":\"Inicio\",\"item\":\"https:\\\/\\\/www.cetys.mx\\\/noticias\\\/\"},{\"@type\":\"ListItem\",\"position\":2,\"name\":\"As\u00ed puedes participar activamente en el d\u00eda mundial del ahorro energ\u00e9tico\"}]},{\"@type\":\"WebSite\",\"@id\":\"https:\\\/\\\/www.cetys.mx\\\/noticias\\\/#website\",\"url\":\"https:\\\/\\\/www.cetys.mx\\\/noticias\\\/\",\"name\":\"CETYS\",\"description\":\"\",\"potentialAction\":[{\"@type\":\"SearchAction\",\"target\":{\"@type\":\"EntryPoint\",\"urlTemplate\":\"https:\\\/\\\/www.cetys.mx\\\/noticias\\\/?s={search_term_string}\"},\"query-input\":{\"@type\":\"PropertyValueSpecification\",\"valueRequired\":true,\"valueName\":\"search_term_string\"}}],\"inLanguage\":\"es\"},{\"@type\":\"Person\",\"@id\":\"https:\\\/\\\/www.cetys.mx\\\/noticias\\\/#\\\/schema\\\/person\\\/1a1a88c0b6586e66a2e9e88e07afc712\",\"name\":\"Campus Ensenada\",\"url\":\"https:\\\/\\\/www.cetys.mx\\\/noticias\\\/author\\\/campusensenada\\\/\"}]}<\/script>\n<!-- \/ Yoast SEO plugin. -->","yoast_head_json":{"title":"As\u00ed puedes participar activamente en el d\u00eda mundial del ahorro energ\u00e9tico - CETYS","description":"Articulo sobre As\u00ed puedes participar activamente en el d\u00eda mundial del ahorro energ\u00e9tico","robots":{"index":"index","follow":"follow","max-snippet":"max-snippet:-1","max-image-preview":"max-image-preview:large","max-video-preview":"max-video-preview:-1"},"canonical":"https:\/\/www.cetys.mx\/noticias\/asi-puedes-participar-activamente-en-el-dia-mundial-del-ahorro-energetico\/","og_locale":"es_MX","og_type":"article","og_title":"As\u00ed puedes participar activamente en el d\u00eda mundial del ahorro energ\u00e9tico - CETYS","og_description":"Articulo sobre As\u00ed puedes participar activamente en el d\u00eda mundial del ahorro energ\u00e9tico","og_url":"https:\/\/www.cetys.mx\/noticias\/asi-puedes-participar-activamente-en-el-dia-mundial-del-ahorro-energetico\/","og_site_name":"CETYS","article_publisher":"https:\/\/www.facebook.com\/cetysuniversidadmxl\/","article_published_time":"2022-10-21T00:53:59+00:00","og_image":[{"width":958,"height":637,"url":"https:\/\/www.cetys.mx\/noticias\/wp-content\/uploads\/2022\/10\/Foto-1.png","type":"image\/png"}],"author":"Campus Ensenada","twitter_card":"summary_large_image","twitter_creator":"@cetysuni","twitter_site":"@cetysuni","twitter_misc":{"Escrito por":"Campus Ensenada","Tiempo de lectura":"2 minutos"},"schema":{"@context":"https:\/\/schema.org","@graph":[{"@type":"Article","@id":"https:\/\/www.cetys.mx\/noticias\/asi-puedes-participar-activamente-en-el-dia-mundial-del-ahorro-energetico\/#article","isPartOf":{"@id":"https:\/\/www.cetys.mx\/noticias\/asi-puedes-participar-activamente-en-el-dia-mundial-del-ahorro-energetico\/"},"author":{"name":"Campus Ensenada","@id":"https:\/\/www.cetys.mx\/noticias\/#\/schema\/person\/1a1a88c0b6586e66a2e9e88e07afc712"},"headline":"As\u00ed puedes participar activamente en el d\u00eda mundial del ahorro energ\u00e9tico","datePublished":"2022-10-21T00:53:59+00:00","mainEntityOfPage":{"@id":"https:\/\/www.cetys.mx\/noticias\/asi-puedes-participar-activamente-en-el-dia-mundial-del-ahorro-energetico\/"},"wordCount":495,"commentCount":0,"image":{"@id":"https:\/\/www.cetys.mx\/noticias\/asi-puedes-participar-activamente-en-el-dia-mundial-del-ahorro-energetico\/#primaryimage"},"thumbnailUrl":"https:\/\/www.cetys.mx\/noticias\/wp-content\/uploads\/2022\/10\/Foto-1.png","articleSection":["Campus Ensenada","Expertos CETYS"],"inLanguage":"es","potentialAction":[{"@type":"CommentAction","name":"Comment","target":["https:\/\/www.cetys.mx\/noticias\/asi-puedes-participar-activamente-en-el-dia-mundial-del-ahorro-energetico\/#respond"]}]},{"@type":"WebPage","@id":"https:\/\/www.cetys.mx\/noticias\/asi-puedes-participar-activamente-en-el-dia-mundial-del-ahorro-energetico\/","url":"https:\/\/www.cetys.mx\/noticias\/asi-puedes-participar-activamente-en-el-dia-mundial-del-ahorro-energetico\/","name":"As\u00ed puedes participar activamente en el d\u00eda mundial del ahorro energ\u00e9tico - CETYS","isPartOf":{"@id":"https:\/\/www.cetys.mx\/noticias\/#website"},"primaryImageOfPage":{"@id":"https:\/\/www.cetys.mx\/noticias\/asi-puedes-participar-activamente-en-el-dia-mundial-del-ahorro-energetico\/#primaryimage"},"image":{"@id":"https:\/\/www.cetys.mx\/noticias\/asi-puedes-participar-activamente-en-el-dia-mundial-del-ahorro-energetico\/#primaryimage"},"thumbnailUrl":"https:\/\/www.cetys.mx\/noticias\/wp-content\/uploads\/2022\/10\/Foto-1.png","datePublished":"2022-10-21T00:53:59+00:00","author":{"@id":"https:\/\/www.cetys.mx\/noticias\/#\/schema\/person\/1a1a88c0b6586e66a2e9e88e07afc712"},"description":"Articulo sobre As\u00ed puedes participar activamente en el d\u00eda mundial del ahorro energ\u00e9tico","breadcrumb":{"@id":"https:\/\/www.cetys.mx\/noticias\/asi-puedes-participar-activamente-en-el-dia-mundial-del-ahorro-energetico\/#breadcrumb"},"inLanguage":"es","potentialAction":[{"@type":"ReadAction","target":["https:\/\/www.cetys.mx\/noticias\/asi-puedes-participar-activamente-en-el-dia-mundial-del-ahorro-energetico\/"]}]},{"@type":"ImageObject","inLanguage":"es","@id":"https:\/\/www.cetys.mx\/noticias\/asi-puedes-participar-activamente-en-el-dia-mundial-del-ahorro-energetico\/#primaryimage","url":"https:\/\/www.cetys.mx\/noticias\/wp-content\/uploads\/2022\/10\/Foto-1.png","contentUrl":"https:\/\/www.cetys.mx\/noticias\/wp-content\/uploads\/2022\/10\/Foto-1.png","width":958,"height":637},{"@type":"BreadcrumbList","@id":"https:\/\/www.cetys.mx\/noticias\/asi-puedes-participar-activamente-en-el-dia-mundial-del-ahorro-energetico\/#breadcrumb","itemListElement":[{"@type":"ListItem","position":1,"name":"Inicio","item":"https:\/\/www.cetys.mx\/noticias\/"},{"@type":"ListItem","position":2,"name":"As\u00ed puedes participar activamente en el d\u00eda mundial del ahorro energ\u00e9tico"}]},{"@type":"WebSite","@id":"https:\/\/www.cetys.mx\/noticias\/#website","url":"https:\/\/www.cetys.mx\/noticias\/","name":"CETYS","description":"","potentialAction":[{"@type":"SearchAction","target":{"@type":"EntryPoint","urlTemplate":"https:\/\/www.cetys.mx\/noticias\/?s={search_term_string}"},"query-input":{"@type":"PropertyValueSpecification","valueRequired":true,"valueName":"search_term_string"}}],"inLanguage":"es"},{"@type":"Person","@id":"https:\/\/www.cetys.mx\/noticias\/#\/schema\/person\/1a1a88c0b6586e66a2e9e88e07afc712","name":"Campus Ensenada","url":"https:\/\/www.cetys.mx\/noticias\/author\/campusensenada\/"}]}},"_links":{"self":[{"href":"https:\/\/www.cetys.mx\/noticias\/wp-json\/wp\/v2\/posts\/168194","targetHints":{"allow":["GET"]}}],"collection":[{"href":"https:\/\/www.cetys.mx\/noticias\/wp-json\/wp\/v2\/posts"}],"about":[{"href":"https:\/\/www.cetys.mx\/noticias\/wp-json\/wp\/v2\/types\/post"}],"author":[{"embeddable":true,"href":"https:\/\/www.cetys.mx\/noticias\/wp-json\/wp\/v2\/users\/23"}],"replies":[{"embeddable":true,"href":"https:\/\/www.cetys.mx\/noticias\/wp-json\/wp\/v2\/comments?post=168194"}],"version-history":[{"count":1,"href":"https:\/\/www.cetys.mx\/noticias\/wp-json\/wp\/v2\/posts\/168194\/revisions"}],"predecessor-version":[{"id":168196,"href":"https:\/\/www.cetys.mx\/noticias\/wp-json\/wp\/v2\/posts\/168194\/revisions\/168196"}],"wp:featuredmedia":[{"embeddable":true,"href":"https:\/\/www.cetys.mx\/noticias\/wp-json\/wp\/v2\/media\/168195"}],"wp:attachment":[{"href":"https:\/\/www.cetys.mx\/noticias\/wp-json\/wp\/v2\/media?parent=168194"}],"wp:term":[{"taxonomy":"category","embeddable":true,"href":"https:\/\/www.cetys.mx\/noticias\/wp-json\/wp\/v2\/categories?post=168194"},{"taxonomy":"post_tag","embeddable":true,"href":"https:\/\/www.cetys.mx\/noticias\/wp-json\/wp\/v2\/tags?post=168194"}],"curies":[{"name":"wp","href":"https:\/\/api.w.org\/{rel}","templated":true}]}}