{"id":168101,"date":"2022-10-18T18:31:08","date_gmt":"2022-10-19T01:31:08","guid":{"rendered":"https:\/\/www.cetys.mx\/noticias\/?p=168101"},"modified":"2022-11-01T16:21:44","modified_gmt":"2022-11-01T23:21:44","slug":"sonorense-gana-medalla-de-plata-en-concurso-internacional-de-cortometraje","status":"publish","type":"post","link":"https:\/\/www.cetys.mx\/noticias\/sonorense-gana-medalla-de-plata-en-concurso-internacional-de-cortometraje\/","title":{"rendered":"Sonorense gana medalla de plata en concurso internacional de cortometraje"},"content":{"rendered":"<div style=\"text-align: center;\" align=\"center\"><em>El estudiante de Ingenier\u00eda\u00a0 en CETYS Universidad gan\u00f3 el segundo lugar en la categor\u00eda de cortometraje en el certamen Infomatrix organizado por la Sociedad Latinoamericana de Ciencia y Tecnolog\u00eda<\/em><\/div>\n<div style=\"text-align: justify;\"><\/div>\n<div style=\"text-align: justify;\" align=\"justify\">El nombre de M\u00e9xico hizo eco en el Concurso Iberoamericano de Proyectos Estudiantiles en Ciencia, Tecnolog\u00eda y Emprendimiento en sus fases Regionales, Nacionales y Continental, celebrada en Blumenau, Santa Catarina, Brasil.<\/div>\n<div style=\"text-align: justify;\"><\/div>\n<div style=\"text-align: justify;\" align=\"justify\">Al p\u00f3dium internacional subi\u00f3 Abraham Sald\u00edvar Luna, estudiante de Ingenier\u00eda en Ciencias Computacionales en CETYS Universidad Campus Mexicali, quien represent\u00f3 al pa\u00eds en dicha competencia con la pieza f\u00edlmica titulada: Un d\u00eda m\u00e1s.<\/div>\n<div style=\"text-align: justify;\"><\/div>\n<div style=\"text-align: justify;\" align=\"justify\">El estudiante originario de San Luis Rio Colorado,\u00a0<span class=\"il\">Sonora<\/span>, cursa el primer semestre de su formaci\u00f3n profesional, y destaca por sus habilidades art\u00edsticas, acad\u00e9micas y su gusto por la cultura, adem\u00e1s es integrante del taller de creaci\u00f3n cinematogr\u00e1fica que se imparte en el Campus Mexicali de CETYS como parte del modelo de educaci\u00f3n integral de la instituci\u00f3n.<\/div>\n<div style=\"text-align: justify;\"><\/div>\n<div style=\"text-align: justify;\" align=\"justify\">Cada a\u00f1o, la Sociedad Latinoamericana de Ciencia y Tecnolog\u00eda Aplicada A.C. (SOLACYT), en coordinaci\u00f3n con el International Informatics Project Competition (INFOMATRIX) y la Organizaci\u00f3n Iberoamericana de Ciencias, convocan a los estudiantes de Iberoam\u00e9rica a participar en el Concurso Iberoamericano de Proyectos Estudiantiles en Ciencia, Tecnolog\u00eda y Emprendimiento en las categor\u00edas de rob\u00f3tica, cortometrajes, arte digital, animaci\u00f3n, divulgaci\u00f3n cient\u00edfica, desarrollo de software y, cuento cient\u00edfico.<\/div>\n<div style=\"text-align: justify;\"><\/div>\n<div style=\"text-align: justify;\" align=\"justify\">Durante la edici\u00f3n 2022 del certamen en su edici\u00f3n 2022, tanto Abraham como su compa\u00f1ero de bachillerato\u00a0Jos\u00e9 Mart\u00ednez Camargo, sometieron su pieza a diversas etapas del certamen, desde la local hasta la continental, para obtener el pase que los llev\u00f3 a ganar el segundo lugar en su categor\u00eda, demostrando que el talento mexicano puede generar un cambio positivo en la sociedad y que la juventud est\u00e1 ocupada en aportar a trav\u00e9s de la expresi\u00f3n art\u00edstica\u00a0 informaci\u00f3n de inter\u00e9s.<\/div>\n<div align=\"justify\"><img loading=\"lazy\" decoding=\"async\" class=\"size-full wp-image-168090 aligncenter\" src=\"https:\/\/www.cetys.mx\/noticias\/wp-content\/uploads\/2022\/10\/AbrahamCultural1.jpg\" alt=\"\" width=\"637\" height=\"1134\" \/><\/div>\n<div style=\"text-align: justify;\" align=\"justify\"><\/div>\n<div style=\"text-align: justify;\" align=\"justify\">\u201cLos resultados fueron ampliamente satisfactorios, me siento orgulloso de representar a mi pa\u00eds y mi alma mater en el extranjero con un proyecto que aporta, apoya y busca impactar en la salud mental de los ni\u00f1os y adolescentes brindando informaci\u00f3n educativa en piezas de video.\u201d detall\u00f3 el alumno.<\/div>\n","protected":false},"excerpt":{"rendered":"<p>El estudiante de Ingenier\u00eda\u00a0 en CETYS Universidad gan\u00f3 el segundo lugar en la categor\u00eda de cortometraje en el certamen Infomatrix organizado por&#8230;<\/p>\n","protected":false},"author":20,"featured_media":168089,"comment_status":"open","ping_status":"closed","sticky":false,"template":"","format":"standard","meta":{"footnotes":""},"categories":[133,125,313],"tags":[6147],"class_list":["post-168101","post","type-post","status-publish","format-standard","has-post-thumbnail","hentry","category-campus-mexicali","category-portada","category-vocetys-2","tag-vocetys-2022-11-01"],"yoast_head":"<!-- This site is optimized with the Yoast SEO plugin v27.4 - https:\/\/yoast.com\/product\/yoast-seo-wordpress\/ -->\n<title>Sonorense gana medalla de plata en concurso internacional de cortometraje - CETYS<\/title>\n<meta name=\"description\" content=\"Articulo sobre Sonorense gana medalla de plata en concurso internacional de cortometraje\" \/>\n<meta name=\"robots\" content=\"index, follow, max-snippet:-1, max-image-preview:large, max-video-preview:-1\" \/>\n<link rel=\"canonical\" href=\"https:\/\/www.cetys.mx\/noticias\/sonorense-gana-medalla-de-plata-en-concurso-internacional-de-cortometraje\/\" \/>\n<meta property=\"og:locale\" content=\"es_MX\" \/>\n<meta property=\"og:type\" content=\"article\" \/>\n<meta property=\"og:title\" content=\"Sonorense gana medalla de plata en concurso internacional de cortometraje - CETYS\" \/>\n<meta property=\"og:description\" content=\"Articulo sobre Sonorense gana medalla de plata en concurso internacional de cortometraje\" \/>\n<meta property=\"og:url\" content=\"https:\/\/www.cetys.mx\/noticias\/sonorense-gana-medalla-de-plata-en-concurso-internacional-de-cortometraje\/\" \/>\n<meta property=\"og:site_name\" content=\"CETYS\" \/>\n<meta property=\"article:publisher\" content=\"https:\/\/www.facebook.com\/cetysuniversidadmxl\/\" \/>\n<meta property=\"article:published_time\" content=\"2022-10-19T01:31:08+00:00\" \/>\n<meta property=\"article:modified_time\" content=\"2022-11-01T23:21:44+00:00\" \/>\n<meta property=\"og:image\" content=\"https:\/\/www.cetys.mx\/noticias\/wp-content\/uploads\/2022\/10\/AbrahamCultural2.jpg\" \/>\n\t<meta property=\"og:image:width\" content=\"958\" \/>\n\t<meta property=\"og:image:height\" content=\"637\" \/>\n\t<meta property=\"og:image:type\" content=\"image\/jpeg\" \/>\n<meta name=\"author\" content=\"Campus Mexicali\" \/>\n<meta name=\"twitter:card\" content=\"summary_large_image\" \/>\n<meta name=\"twitter:creator\" content=\"@cetysuni\" \/>\n<meta name=\"twitter:site\" content=\"@cetysuni\" \/>\n<meta name=\"twitter:label1\" content=\"Escrito por\" \/>\n\t<meta name=\"twitter:data1\" content=\"Campus Mexicali\" \/>\n\t<meta name=\"twitter:label2\" content=\"Tiempo de lectura\" \/>\n\t<meta name=\"twitter:data2\" content=\"2 minutos\" \/>\n<script type=\"application\/ld+json\" class=\"yoast-schema-graph\">{\"@context\":\"https:\\\/\\\/schema.org\",\"@graph\":[{\"@type\":\"Article\",\"@id\":\"https:\\\/\\\/www.cetys.mx\\\/noticias\\\/sonorense-gana-medalla-de-plata-en-concurso-internacional-de-cortometraje\\\/#article\",\"isPartOf\":{\"@id\":\"https:\\\/\\\/www.cetys.mx\\\/noticias\\\/sonorense-gana-medalla-de-plata-en-concurso-internacional-de-cortometraje\\\/\"},\"author\":{\"name\":\"Campus Mexicali\",\"@id\":\"https:\\\/\\\/www.cetys.mx\\\/noticias\\\/#\\\/schema\\\/person\\\/79a95c4ac185f3705cf1b9c9340a5f70\"},\"headline\":\"Sonorense gana medalla de plata en concurso internacional de cortometraje\",\"datePublished\":\"2022-10-19T01:31:08+00:00\",\"dateModified\":\"2022-11-01T23:21:44+00:00\",\"mainEntityOfPage\":{\"@id\":\"https:\\\/\\\/www.cetys.mx\\\/noticias\\\/sonorense-gana-medalla-de-plata-en-concurso-internacional-de-cortometraje\\\/\"},\"wordCount\":395,\"commentCount\":0,\"image\":{\"@id\":\"https:\\\/\\\/www.cetys.mx\\\/noticias\\\/sonorense-gana-medalla-de-plata-en-concurso-internacional-de-cortometraje\\\/#primaryimage\"},\"thumbnailUrl\":\"https:\\\/\\\/www.cetys.mx\\\/noticias\\\/wp-content\\\/uploads\\\/2022\\\/10\\\/AbrahamCultural2.jpg\",\"keywords\":[\"vocetys-2022-11-01\"],\"articleSection\":[\"Campus Mexicali\",\"Portada\",\"VoCETYS\"],\"inLanguage\":\"es\",\"potentialAction\":[{\"@type\":\"CommentAction\",\"name\":\"Comment\",\"target\":[\"https:\\\/\\\/www.cetys.mx\\\/noticias\\\/sonorense-gana-medalla-de-plata-en-concurso-internacional-de-cortometraje\\\/#respond\"]}]},{\"@type\":\"WebPage\",\"@id\":\"https:\\\/\\\/www.cetys.mx\\\/noticias\\\/sonorense-gana-medalla-de-plata-en-concurso-internacional-de-cortometraje\\\/\",\"url\":\"https:\\\/\\\/www.cetys.mx\\\/noticias\\\/sonorense-gana-medalla-de-plata-en-concurso-internacional-de-cortometraje\\\/\",\"name\":\"Sonorense gana medalla de plata en concurso internacional de cortometraje - CETYS\",\"isPartOf\":{\"@id\":\"https:\\\/\\\/www.cetys.mx\\\/noticias\\\/#website\"},\"primaryImageOfPage\":{\"@id\":\"https:\\\/\\\/www.cetys.mx\\\/noticias\\\/sonorense-gana-medalla-de-plata-en-concurso-internacional-de-cortometraje\\\/#primaryimage\"},\"image\":{\"@id\":\"https:\\\/\\\/www.cetys.mx\\\/noticias\\\/sonorense-gana-medalla-de-plata-en-concurso-internacional-de-cortometraje\\\/#primaryimage\"},\"thumbnailUrl\":\"https:\\\/\\\/www.cetys.mx\\\/noticias\\\/wp-content\\\/uploads\\\/2022\\\/10\\\/AbrahamCultural2.jpg\",\"datePublished\":\"2022-10-19T01:31:08+00:00\",\"dateModified\":\"2022-11-01T23:21:44+00:00\",\"author\":{\"@id\":\"https:\\\/\\\/www.cetys.mx\\\/noticias\\\/#\\\/schema\\\/person\\\/79a95c4ac185f3705cf1b9c9340a5f70\"},\"description\":\"Articulo sobre Sonorense gana medalla de plata en concurso internacional de cortometraje\",\"breadcrumb\":{\"@id\":\"https:\\\/\\\/www.cetys.mx\\\/noticias\\\/sonorense-gana-medalla-de-plata-en-concurso-internacional-de-cortometraje\\\/#breadcrumb\"},\"inLanguage\":\"es\",\"potentialAction\":[{\"@type\":\"ReadAction\",\"target\":[\"https:\\\/\\\/www.cetys.mx\\\/noticias\\\/sonorense-gana-medalla-de-plata-en-concurso-internacional-de-cortometraje\\\/\"]}]},{\"@type\":\"ImageObject\",\"inLanguage\":\"es\",\"@id\":\"https:\\\/\\\/www.cetys.mx\\\/noticias\\\/sonorense-gana-medalla-de-plata-en-concurso-internacional-de-cortometraje\\\/#primaryimage\",\"url\":\"https:\\\/\\\/www.cetys.mx\\\/noticias\\\/wp-content\\\/uploads\\\/2022\\\/10\\\/AbrahamCultural2.jpg\",\"contentUrl\":\"https:\\\/\\\/www.cetys.mx\\\/noticias\\\/wp-content\\\/uploads\\\/2022\\\/10\\\/AbrahamCultural2.jpg\",\"width\":958,\"height\":637},{\"@type\":\"BreadcrumbList\",\"@id\":\"https:\\\/\\\/www.cetys.mx\\\/noticias\\\/sonorense-gana-medalla-de-plata-en-concurso-internacional-de-cortometraje\\\/#breadcrumb\",\"itemListElement\":[{\"@type\":\"ListItem\",\"position\":1,\"name\":\"Inicio\",\"item\":\"https:\\\/\\\/www.cetys.mx\\\/noticias\\\/\"},{\"@type\":\"ListItem\",\"position\":2,\"name\":\"Sonorense gana medalla de plata en concurso internacional de cortometraje\"}]},{\"@type\":\"WebSite\",\"@id\":\"https:\\\/\\\/www.cetys.mx\\\/noticias\\\/#website\",\"url\":\"https:\\\/\\\/www.cetys.mx\\\/noticias\\\/\",\"name\":\"CETYS\",\"description\":\"\",\"potentialAction\":[{\"@type\":\"SearchAction\",\"target\":{\"@type\":\"EntryPoint\",\"urlTemplate\":\"https:\\\/\\\/www.cetys.mx\\\/noticias\\\/?s={search_term_string}\"},\"query-input\":{\"@type\":\"PropertyValueSpecification\",\"valueRequired\":true,\"valueName\":\"search_term_string\"}}],\"inLanguage\":\"es\"},{\"@type\":\"Person\",\"@id\":\"https:\\\/\\\/www.cetys.mx\\\/noticias\\\/#\\\/schema\\\/person\\\/79a95c4ac185f3705cf1b9c9340a5f70\",\"name\":\"Campus Mexicali\",\"url\":\"https:\\\/\\\/www.cetys.mx\\\/noticias\\\/author\\\/campusmexicali\\\/\"}]}<\/script>\n<!-- \/ Yoast SEO plugin. -->","yoast_head_json":{"title":"Sonorense gana medalla de plata en concurso internacional de cortometraje - CETYS","description":"Articulo sobre Sonorense gana medalla de plata en concurso internacional de cortometraje","robots":{"index":"index","follow":"follow","max-snippet":"max-snippet:-1","max-image-preview":"max-image-preview:large","max-video-preview":"max-video-preview:-1"},"canonical":"https:\/\/www.cetys.mx\/noticias\/sonorense-gana-medalla-de-plata-en-concurso-internacional-de-cortometraje\/","og_locale":"es_MX","og_type":"article","og_title":"Sonorense gana medalla de plata en concurso internacional de cortometraje - CETYS","og_description":"Articulo sobre Sonorense gana medalla de plata en concurso internacional de cortometraje","og_url":"https:\/\/www.cetys.mx\/noticias\/sonorense-gana-medalla-de-plata-en-concurso-internacional-de-cortometraje\/","og_site_name":"CETYS","article_publisher":"https:\/\/www.facebook.com\/cetysuniversidadmxl\/","article_published_time":"2022-10-19T01:31:08+00:00","article_modified_time":"2022-11-01T23:21:44+00:00","og_image":[{"width":958,"height":637,"url":"https:\/\/www.cetys.mx\/noticias\/wp-content\/uploads\/2022\/10\/AbrahamCultural2.jpg","type":"image\/jpeg"}],"author":"Campus Mexicali","twitter_card":"summary_large_image","twitter_creator":"@cetysuni","twitter_site":"@cetysuni","twitter_misc":{"Escrito por":"Campus Mexicali","Tiempo de lectura":"2 minutos"},"schema":{"@context":"https:\/\/schema.org","@graph":[{"@type":"Article","@id":"https:\/\/www.cetys.mx\/noticias\/sonorense-gana-medalla-de-plata-en-concurso-internacional-de-cortometraje\/#article","isPartOf":{"@id":"https:\/\/www.cetys.mx\/noticias\/sonorense-gana-medalla-de-plata-en-concurso-internacional-de-cortometraje\/"},"author":{"name":"Campus Mexicali","@id":"https:\/\/www.cetys.mx\/noticias\/#\/schema\/person\/79a95c4ac185f3705cf1b9c9340a5f70"},"headline":"Sonorense gana medalla de plata en concurso internacional de cortometraje","datePublished":"2022-10-19T01:31:08+00:00","dateModified":"2022-11-01T23:21:44+00:00","mainEntityOfPage":{"@id":"https:\/\/www.cetys.mx\/noticias\/sonorense-gana-medalla-de-plata-en-concurso-internacional-de-cortometraje\/"},"wordCount":395,"commentCount":0,"image":{"@id":"https:\/\/www.cetys.mx\/noticias\/sonorense-gana-medalla-de-plata-en-concurso-internacional-de-cortometraje\/#primaryimage"},"thumbnailUrl":"https:\/\/www.cetys.mx\/noticias\/wp-content\/uploads\/2022\/10\/AbrahamCultural2.jpg","keywords":["vocetys-2022-11-01"],"articleSection":["Campus Mexicali","Portada","VoCETYS"],"inLanguage":"es","potentialAction":[{"@type":"CommentAction","name":"Comment","target":["https:\/\/www.cetys.mx\/noticias\/sonorense-gana-medalla-de-plata-en-concurso-internacional-de-cortometraje\/#respond"]}]},{"@type":"WebPage","@id":"https:\/\/www.cetys.mx\/noticias\/sonorense-gana-medalla-de-plata-en-concurso-internacional-de-cortometraje\/","url":"https:\/\/www.cetys.mx\/noticias\/sonorense-gana-medalla-de-plata-en-concurso-internacional-de-cortometraje\/","name":"Sonorense gana medalla de plata en concurso internacional de cortometraje - CETYS","isPartOf":{"@id":"https:\/\/www.cetys.mx\/noticias\/#website"},"primaryImageOfPage":{"@id":"https:\/\/www.cetys.mx\/noticias\/sonorense-gana-medalla-de-plata-en-concurso-internacional-de-cortometraje\/#primaryimage"},"image":{"@id":"https:\/\/www.cetys.mx\/noticias\/sonorense-gana-medalla-de-plata-en-concurso-internacional-de-cortometraje\/#primaryimage"},"thumbnailUrl":"https:\/\/www.cetys.mx\/noticias\/wp-content\/uploads\/2022\/10\/AbrahamCultural2.jpg","datePublished":"2022-10-19T01:31:08+00:00","dateModified":"2022-11-01T23:21:44+00:00","author":{"@id":"https:\/\/www.cetys.mx\/noticias\/#\/schema\/person\/79a95c4ac185f3705cf1b9c9340a5f70"},"description":"Articulo sobre Sonorense gana medalla de plata en concurso internacional de cortometraje","breadcrumb":{"@id":"https:\/\/www.cetys.mx\/noticias\/sonorense-gana-medalla-de-plata-en-concurso-internacional-de-cortometraje\/#breadcrumb"},"inLanguage":"es","potentialAction":[{"@type":"ReadAction","target":["https:\/\/www.cetys.mx\/noticias\/sonorense-gana-medalla-de-plata-en-concurso-internacional-de-cortometraje\/"]}]},{"@type":"ImageObject","inLanguage":"es","@id":"https:\/\/www.cetys.mx\/noticias\/sonorense-gana-medalla-de-plata-en-concurso-internacional-de-cortometraje\/#primaryimage","url":"https:\/\/www.cetys.mx\/noticias\/wp-content\/uploads\/2022\/10\/AbrahamCultural2.jpg","contentUrl":"https:\/\/www.cetys.mx\/noticias\/wp-content\/uploads\/2022\/10\/AbrahamCultural2.jpg","width":958,"height":637},{"@type":"BreadcrumbList","@id":"https:\/\/www.cetys.mx\/noticias\/sonorense-gana-medalla-de-plata-en-concurso-internacional-de-cortometraje\/#breadcrumb","itemListElement":[{"@type":"ListItem","position":1,"name":"Inicio","item":"https:\/\/www.cetys.mx\/noticias\/"},{"@type":"ListItem","position":2,"name":"Sonorense gana medalla de plata en concurso internacional de cortometraje"}]},{"@type":"WebSite","@id":"https:\/\/www.cetys.mx\/noticias\/#website","url":"https:\/\/www.cetys.mx\/noticias\/","name":"CETYS","description":"","potentialAction":[{"@type":"SearchAction","target":{"@type":"EntryPoint","urlTemplate":"https:\/\/www.cetys.mx\/noticias\/?s={search_term_string}"},"query-input":{"@type":"PropertyValueSpecification","valueRequired":true,"valueName":"search_term_string"}}],"inLanguage":"es"},{"@type":"Person","@id":"https:\/\/www.cetys.mx\/noticias\/#\/schema\/person\/79a95c4ac185f3705cf1b9c9340a5f70","name":"Campus Mexicali","url":"https:\/\/www.cetys.mx\/noticias\/author\/campusmexicali\/"}]}},"_links":{"self":[{"href":"https:\/\/www.cetys.mx\/noticias\/wp-json\/wp\/v2\/posts\/168101","targetHints":{"allow":["GET"]}}],"collection":[{"href":"https:\/\/www.cetys.mx\/noticias\/wp-json\/wp\/v2\/posts"}],"about":[{"href":"https:\/\/www.cetys.mx\/noticias\/wp-json\/wp\/v2\/types\/post"}],"author":[{"embeddable":true,"href":"https:\/\/www.cetys.mx\/noticias\/wp-json\/wp\/v2\/users\/20"}],"replies":[{"embeddable":true,"href":"https:\/\/www.cetys.mx\/noticias\/wp-json\/wp\/v2\/comments?post=168101"}],"version-history":[{"count":1,"href":"https:\/\/www.cetys.mx\/noticias\/wp-json\/wp\/v2\/posts\/168101\/revisions"}],"predecessor-version":[{"id":168127,"href":"https:\/\/www.cetys.mx\/noticias\/wp-json\/wp\/v2\/posts\/168101\/revisions\/168127"}],"wp:featuredmedia":[{"embeddable":true,"href":"https:\/\/www.cetys.mx\/noticias\/wp-json\/wp\/v2\/media\/168089"}],"wp:attachment":[{"href":"https:\/\/www.cetys.mx\/noticias\/wp-json\/wp\/v2\/media?parent=168101"}],"wp:term":[{"taxonomy":"category","embeddable":true,"href":"https:\/\/www.cetys.mx\/noticias\/wp-json\/wp\/v2\/categories?post=168101"},{"taxonomy":"post_tag","embeddable":true,"href":"https:\/\/www.cetys.mx\/noticias\/wp-json\/wp\/v2\/tags?post=168101"}],"curies":[{"name":"wp","href":"https:\/\/api.w.org\/{rel}","templated":true}]}}