{"id":167344,"date":"2022-09-26T10:16:14","date_gmt":"2022-09-26T17:16:14","guid":{"rendered":"https:\/\/www.cetys.mx\/noticias\/?p=167344"},"modified":"2022-09-28T11:12:02","modified_gmt":"2022-09-28T18:12:02","slug":"celebran-el-dia-internacionalde-la-paz-a-traves-de-dialogo-virtual","status":"publish","type":"post","link":"https:\/\/www.cetys.mx\/noticias\/celebran-el-dia-internacionalde-la-paz-a-traves-de-dialogo-virtual\/","title":{"rendered":"Celebran el D\u00eda Internacional de la Paz a trav\u00e9s de di\u00e1logo virtual"},"content":{"rendered":"<p style=\"text-align: justify;\"><span style=\"font-weight: 400;\">La <a href=\"https:\/\/www.iaup.org\/2022\/09\/23\/international-day-of-peace-virtual-panel-2\/\">International Association of University Presidents<\/a> (IAUP) y CETYS Universidad realizaron el <strong>Panel Virtual del <a href=\"https:\/\/www.un.org\/en\/observances\/international-day-peace\">D\u00eda Internacional de la Paz, instituido por las Naciones Unidas<\/a>, \u201cConstruyendo la paz: el rol de las instituciones de educaci\u00f3n superior\u201d<\/strong>, con expertos de todo el mundo que discutieron en torno a este tema de inter\u00e9s mundial, teniendo en el evento virtual la asistencia de personas de seis continentes y <strong>enmarcado en los festejos del 61 Aniversario de CETYS.<\/strong><\/span><\/p>\n<p style=\"text-align: justify;\"><span style=\"font-weight: 400;\">Los participantes del panel fueron: Dr. Fernando Le\u00f3n Garc\u00eda, Presidente de la IAUP y Rector de CETYS Universidad; Dr. Joel Rosenthal, President, Carnegie Council for Ethics in International Affairs; Dr. Hilligje van\u2019t Land, Secretario General del <\/span><span style=\"font-weight: 400;\">International Association of Universities<\/span><span style=\"font-weight: 400;\"> (IAU); Dr. Thandwa Mthembu, Vicecanciller de Durban University of Technology; Dr. C. Raj Kunar, Vicecanciller de OP Jindal Global University en India; Dr. Yoonhee Hwang, de UNAI-Korea; Dr. Margarethe Ueberwimmer, de University of Applied Sciences, Upper Austria; la Embajadora\u00a0 Ruchira Kamboj y Ramu Damodaran, Consejero Honorario de University for Peace, como morderador.<\/span><\/p>\n<p style=\"text-align: justify;\"><span style=\"font-weight: 400;\">El di\u00e1logo inici\u00f3 con la participaci\u00f3n del Dr. Le\u00f3n Garc\u00eda, quien record\u00f3 el contexto de la fundaci\u00f3n de la IAUP hace casi 60 a\u00f1os, un esfuerzo encauzado en crear unidad y proteger el derecho a la educaci\u00f3n en medio de las tensiones globales.<\/span><\/p>\n<p>&nbsp;<\/p>\n<div class=\"gallery-slider-wrapper gallery-1\">\n                        <div class=\"gallery-slider\" itemscope itemtype=\"http:\/\/schema.org\/ImageGallery\"><figure class=\"slide\" itemprop=\"associatedMedia\" itemscope itemtype=\"http:\/\/schema.org\/ImageObject\">\n                    <a itemprop=\"contentUrl\" href=\"https:\/\/www.cetys.mx\/noticias\/wp-content\/uploads\/2022\/09\/WhatsApp-Image-2022-09-26-at-10.39.26-AM-2.jpeg\">\n                        <img decoding=\"async\" itemprop=\"thumbnail\" class=\"lazyOwl\" src=\"https:\/\/www.cetys.mx\/noticias\/wp-content\/plugins\/jmagz-plugin\/assets\/placeholder\/900x450.png\" data-src=\"https:\/\/www.cetys.mx\/noticias\/wp-content\/uploads\/2022\/09\/WhatsApp-Image-2022-09-26-at-10.39.26-AM-2.jpeg\" alt=\"\">\n                    <\/a>\n                    <figcaption itemprop=\"caption description\" class=\"slide-caption\">\n                        \n                    <\/figcaption>\n                <\/figure><figure class=\"slide\" itemprop=\"associatedMedia\" itemscope itemtype=\"http:\/\/schema.org\/ImageObject\">\n                    <a itemprop=\"contentUrl\" href=\"https:\/\/www.cetys.mx\/noticias\/wp-content\/uploads\/2022\/09\/WhatsApp-Image-2022-09-26-at-10.39.26-AM-1.jpeg\">\n                        <img decoding=\"async\" itemprop=\"thumbnail\" class=\"lazyOwl\" src=\"https:\/\/www.cetys.mx\/noticias\/wp-content\/plugins\/jmagz-plugin\/assets\/placeholder\/900x450.png\" data-src=\"https:\/\/www.cetys.mx\/noticias\/wp-content\/uploads\/2022\/09\/WhatsApp-Image-2022-09-26-at-10.39.26-AM-1.jpeg\" alt=\"\">\n                    <\/a>\n                    <figcaption itemprop=\"caption description\" class=\"slide-caption\">\n                        \n                    <\/figcaption>\n                <\/figure><figure class=\"slide\" itemprop=\"associatedMedia\" itemscope itemtype=\"http:\/\/schema.org\/ImageObject\">\n                    <a itemprop=\"contentUrl\" href=\"https:\/\/www.cetys.mx\/noticias\/wp-content\/uploads\/2022\/09\/WhatsApp-Image-2022-09-26-at-10.39.26-AM.jpeg\">\n                        <img decoding=\"async\" itemprop=\"thumbnail\" class=\"lazyOwl\" src=\"https:\/\/www.cetys.mx\/noticias\/wp-content\/plugins\/jmagz-plugin\/assets\/placeholder\/900x450.png\" data-src=\"https:\/\/www.cetys.mx\/noticias\/wp-content\/uploads\/2022\/09\/WhatsApp-Image-2022-09-26-at-10.39.26-AM.jpeg\" alt=\"\">\n                    <\/a>\n                    <figcaption itemprop=\"caption description\" class=\"slide-caption\">\n                        \n                    <\/figcaption>\n                <\/figure><\/div>\n                <div class=\"gallery-slider-thumbnail-wrapper\">\n                    <div class=\"gallery-slider-thumbnail\"><div class=\"slide-thumbnail\"><img decoding=\"async\" class=\"lazyOwl\" src=\"https:\/\/www.cetys.mx\/noticias\/wp-content\/plugins\/jmagz-plugin\/assets\/placeholder\/150x75.png\" data-src=\"https:\/\/www.cetys.mx\/noticias\/wp-content\/uploads\/2022\/09\/WhatsApp-Image-2022-09-26-at-10.39.26-AM-2.jpeg\" alt=\"\"><\/div><div class=\"slide-thumbnail\"><img decoding=\"async\" class=\"lazyOwl\" src=\"https:\/\/www.cetys.mx\/noticias\/wp-content\/plugins\/jmagz-plugin\/assets\/placeholder\/150x75.png\" data-src=\"https:\/\/www.cetys.mx\/noticias\/wp-content\/uploads\/2022\/09\/WhatsApp-Image-2022-09-26-at-10.39.26-AM-1.jpeg\" alt=\"\"><\/div><div class=\"slide-thumbnail\"><img decoding=\"async\" class=\"lazyOwl\" src=\"https:\/\/www.cetys.mx\/noticias\/wp-content\/plugins\/jmagz-plugin\/assets\/placeholder\/150x75.png\" data-src=\"https:\/\/www.cetys.mx\/noticias\/wp-content\/uploads\/2022\/09\/WhatsApp-Image-2022-09-26-at-10.39.26-AM.jpeg\" alt=\"\"><\/div><\/div><\/div><\/div>\n<p style=\"text-align: justify;\"><span style=\"font-weight: 400;\">Por su parte, el Dr. Rosenthal profundiz\u00f3 sobre el tema de la internacionalizaci\u00f3n actual, refiri\u00e9ndose a dos visiones del mundo que suceden en tiempo real: una visi\u00f3n autocr\u00e1tica basada en el etnonacionalismo y una visi\u00f3n de &#8220;nueva olig\u00e1rqu\u00eda&#8221;, basada en la riqueza, el individualismo y la disrupci\u00f3n, que pone poco \u00e9nfasis en los problemas globales apremiantes. De esta forma, concluy\u00f3 que las instituciones de educaci\u00f3n superior deben liderar, o al menos ser parte de, una visi\u00f3n clara de internacionalizaci\u00f3n con enfoque solidario.<\/span><\/p>\n<p style=\"text-align: justify;\"><span style=\"font-weight: 400;\">En acuerdo con los puntos de vista del Dr. Rosenthal, el Dr. van&#8217;t Land record\u00f3 las estrategias y la colaboraci\u00f3n derivadas de la pandemia, tanto en la educaci\u00f3n superior como m\u00e1s all\u00e1. Igualmente, record\u00f3 sobre la creaci\u00f3n de la IAU, un esfuerzo para continuar promoviendo la paz.<\/span><\/p>\n<p style=\"text-align: justify;\"><span style=\"font-weight: 400;\">Asimismo, el Dr. Mthembu se refiri\u00f3 al concepto de \u201cpaz deliberada y sostenible\u201d, que involucra democracias donde la evidencia, la raz\u00f3n y la deliberaci\u00f3n son superiores al n\u00famero de personas que apoyan una idea, y donde los desarrollos satisfacen las necesidades del presente sin comprometer el futuro.<\/span><\/p>\n<p style=\"text-align: justify;\"><span style=\"font-weight: 400;\">Sobre el papel de las universidades en la promoci\u00f3n de la paz, el Dr. Kumar se\u00f1al\u00f3 la importancia de abordar la discriminaci\u00f3n escuchando e interactuando con quienes la experimentan de primera mano, desafiando activamente los esfuerzos para promover la violencia en la sociedad, cultivando valores y compromiso, as\u00ed como asegurando que las comunidades m\u00e1s all\u00e1 de las instituciones tengas las herramientas para tratar estos temas.<\/span><\/p>\n<p style=\"text-align: justify;\"><span style=\"font-weight: 400;\">En mayor contexto a esta idea, el Dr. Ueberwimmer habl\u00f3 sobre la necesidad de que los estudiantes experimenten y aprendan de otras culturas, obteniendo competencias que les ayuden a comprender, comunicar, innovar y resolver conflictos con personas de diversos or\u00edgenes.<\/span><\/p>\n<p style=\"text-align: justify;\"><span style=\"font-weight: 400;\">Como ejemplo espec\u00edfico para promover estos valores a trav\u00e9s de la UNAI, el Dr. Hwang habl\u00f3 sobre los criterios ambientales, sociales y de gobernanza, y c\u00f3mo las universidades, el gobierno, las ONG y las empresas pueden trabajar juntos para lograr los Objetivos de Desarrollo Sostenible de las NU.<\/span><\/p>\n<p style=\"text-align: justify;\"><span style=\"font-weight: 400;\">Finalmente, en un mensaje de video, la Embajadora Ruchira Kamboj reiter\u00f3 la importancia de la paz, condenando el racismo y la discriminaci\u00f3n como la ant\u00edtesis de todo lo que representa la humanidad. As\u00ed, el Dr. Damodaran finaliz\u00f3 la sesi\u00f3n agradeciendo a los oradores y asistentes por su amplia participaci\u00f3n.<\/span><\/p>\n<p style=\"text-align: justify;\">\n","protected":false},"excerpt":{"rendered":"<p>La International Association of University Presidents (IAUP) y CETYS Universidad realizaron el Panel Virtual del D\u00eda Internacional de la Paz, instituido por&#8230;<\/p>\n","protected":false},"author":26,"featured_media":167345,"comment_status":"open","ping_status":"closed","sticky":false,"template":"","format":"standard","meta":{"footnotes":""},"categories":[209],"tags":[5527,5337],"class_list":["post-167344","post","type-post","status-publish","format-standard","has-post-thumbnail","hentry","category-institucional","tag-dia-internacional-de-la-paz","tag-iaup"],"yoast_head":"<!-- This site is optimized with the Yoast SEO plugin v27.4 - https:\/\/yoast.com\/product\/yoast-seo-wordpress\/ -->\n<title>Celebran el D\u00eda Internacional de la Paz a trav\u00e9s de di\u00e1logo virtual - CETYS<\/title>\n<meta name=\"description\" content=\"Articulo sobre Celebran el D\u00eda Internacional de la Paz a trav\u00e9s de di\u00e1logo virtual\" \/>\n<meta name=\"robots\" content=\"index, follow, max-snippet:-1, max-image-preview:large, max-video-preview:-1\" \/>\n<link rel=\"canonical\" href=\"https:\/\/www.cetys.mx\/noticias\/celebran-el-dia-internacionalde-la-paz-a-traves-de-dialogo-virtual\/\" \/>\n<meta property=\"og:locale\" content=\"es_MX\" \/>\n<meta property=\"og:type\" content=\"article\" \/>\n<meta property=\"og:title\" content=\"Celebran el D\u00eda Internacional de la Paz a trav\u00e9s de di\u00e1logo virtual - CETYS\" \/>\n<meta property=\"og:description\" content=\"Articulo sobre Celebran el D\u00eda Internacional de la Paz a trav\u00e9s de di\u00e1logo virtual\" \/>\n<meta property=\"og:url\" content=\"https:\/\/www.cetys.mx\/noticias\/celebran-el-dia-internacionalde-la-paz-a-traves-de-dialogo-virtual\/\" \/>\n<meta property=\"og:site_name\" content=\"CETYS\" \/>\n<meta property=\"article:publisher\" content=\"https:\/\/www.facebook.com\/cetysuniversidadmxl\/\" \/>\n<meta property=\"article:published_time\" content=\"2022-09-26T17:16:14+00:00\" \/>\n<meta property=\"article:modified_time\" content=\"2022-09-28T18:12:02+00:00\" \/>\n<meta property=\"og:image\" content=\"https:\/\/www.cetys.mx\/noticias\/wp-content\/uploads\/2022\/09\/WhatsApp-Image-2022-09-21-at-10.33.35-AM.jpeg\" \/>\n\t<meta property=\"og:image:width\" content=\"543\" \/>\n\t<meta property=\"og:image:height\" content=\"314\" \/>\n\t<meta property=\"og:image:type\" content=\"image\/jpeg\" \/>\n<meta name=\"author\" content=\"CETYS Institucional\" \/>\n<meta name=\"twitter:card\" content=\"summary_large_image\" \/>\n<meta name=\"twitter:creator\" content=\"@cetysuni\" \/>\n<meta name=\"twitter:site\" content=\"@cetysuni\" \/>\n<meta name=\"twitter:label1\" content=\"Escrito por\" \/>\n\t<meta name=\"twitter:data1\" content=\"CETYS Institucional\" \/>\n\t<meta name=\"twitter:label2\" content=\"Tiempo de lectura\" \/>\n\t<meta name=\"twitter:data2\" content=\"3 minutos\" \/>\n<script type=\"application\/ld+json\" class=\"yoast-schema-graph\">{\"@context\":\"https:\\\/\\\/schema.org\",\"@graph\":[{\"@type\":\"Article\",\"@id\":\"https:\\\/\\\/www.cetys.mx\\\/noticias\\\/celebran-el-dia-internacionalde-la-paz-a-traves-de-dialogo-virtual\\\/#article\",\"isPartOf\":{\"@id\":\"https:\\\/\\\/www.cetys.mx\\\/noticias\\\/celebran-el-dia-internacionalde-la-paz-a-traves-de-dialogo-virtual\\\/\"},\"author\":{\"name\":\"CETYS Institucional\",\"@id\":\"https:\\\/\\\/www.cetys.mx\\\/noticias\\\/#\\\/schema\\\/person\\\/e9d2b35265b64aa454df57a2828eb2ac\"},\"headline\":\"Celebran el D\u00eda Internacional de la Paz a trav\u00e9s de di\u00e1logo virtual\",\"datePublished\":\"2022-09-26T17:16:14+00:00\",\"dateModified\":\"2022-09-28T18:12:02+00:00\",\"mainEntityOfPage\":{\"@id\":\"https:\\\/\\\/www.cetys.mx\\\/noticias\\\/celebran-el-dia-internacionalde-la-paz-a-traves-de-dialogo-virtual\\\/\"},\"wordCount\":650,\"commentCount\":0,\"image\":{\"@id\":\"https:\\\/\\\/www.cetys.mx\\\/noticias\\\/celebran-el-dia-internacionalde-la-paz-a-traves-de-dialogo-virtual\\\/#primaryimage\"},\"thumbnailUrl\":\"https:\\\/\\\/www.cetys.mx\\\/noticias\\\/wp-content\\\/uploads\\\/2022\\\/09\\\/WhatsApp-Image-2022-09-21-at-10.33.35-AM.jpeg\",\"keywords\":[\"D\u00eda Internacional de la Paz\",\"IAUP\"],\"articleSection\":[\"Institucional\"],\"inLanguage\":\"es\",\"potentialAction\":[{\"@type\":\"CommentAction\",\"name\":\"Comment\",\"target\":[\"https:\\\/\\\/www.cetys.mx\\\/noticias\\\/celebran-el-dia-internacionalde-la-paz-a-traves-de-dialogo-virtual\\\/#respond\"]}]},{\"@type\":\"WebPage\",\"@id\":\"https:\\\/\\\/www.cetys.mx\\\/noticias\\\/celebran-el-dia-internacionalde-la-paz-a-traves-de-dialogo-virtual\\\/\",\"url\":\"https:\\\/\\\/www.cetys.mx\\\/noticias\\\/celebran-el-dia-internacionalde-la-paz-a-traves-de-dialogo-virtual\\\/\",\"name\":\"Celebran el D\u00eda Internacional de la Paz a trav\u00e9s de di\u00e1logo virtual - CETYS\",\"isPartOf\":{\"@id\":\"https:\\\/\\\/www.cetys.mx\\\/noticias\\\/#website\"},\"primaryImageOfPage\":{\"@id\":\"https:\\\/\\\/www.cetys.mx\\\/noticias\\\/celebran-el-dia-internacionalde-la-paz-a-traves-de-dialogo-virtual\\\/#primaryimage\"},\"image\":{\"@id\":\"https:\\\/\\\/www.cetys.mx\\\/noticias\\\/celebran-el-dia-internacionalde-la-paz-a-traves-de-dialogo-virtual\\\/#primaryimage\"},\"thumbnailUrl\":\"https:\\\/\\\/www.cetys.mx\\\/noticias\\\/wp-content\\\/uploads\\\/2022\\\/09\\\/WhatsApp-Image-2022-09-21-at-10.33.35-AM.jpeg\",\"datePublished\":\"2022-09-26T17:16:14+00:00\",\"dateModified\":\"2022-09-28T18:12:02+00:00\",\"author\":{\"@id\":\"https:\\\/\\\/www.cetys.mx\\\/noticias\\\/#\\\/schema\\\/person\\\/e9d2b35265b64aa454df57a2828eb2ac\"},\"description\":\"Articulo sobre Celebran el D\u00eda Internacional de la Paz a trav\u00e9s de di\u00e1logo virtual\",\"breadcrumb\":{\"@id\":\"https:\\\/\\\/www.cetys.mx\\\/noticias\\\/celebran-el-dia-internacionalde-la-paz-a-traves-de-dialogo-virtual\\\/#breadcrumb\"},\"inLanguage\":\"es\",\"potentialAction\":[{\"@type\":\"ReadAction\",\"target\":[\"https:\\\/\\\/www.cetys.mx\\\/noticias\\\/celebran-el-dia-internacionalde-la-paz-a-traves-de-dialogo-virtual\\\/\"]}]},{\"@type\":\"ImageObject\",\"inLanguage\":\"es\",\"@id\":\"https:\\\/\\\/www.cetys.mx\\\/noticias\\\/celebran-el-dia-internacionalde-la-paz-a-traves-de-dialogo-virtual\\\/#primaryimage\",\"url\":\"https:\\\/\\\/www.cetys.mx\\\/noticias\\\/wp-content\\\/uploads\\\/2022\\\/09\\\/WhatsApp-Image-2022-09-21-at-10.33.35-AM.jpeg\",\"contentUrl\":\"https:\\\/\\\/www.cetys.mx\\\/noticias\\\/wp-content\\\/uploads\\\/2022\\\/09\\\/WhatsApp-Image-2022-09-21-at-10.33.35-AM.jpeg\",\"width\":543,\"height\":314},{\"@type\":\"BreadcrumbList\",\"@id\":\"https:\\\/\\\/www.cetys.mx\\\/noticias\\\/celebran-el-dia-internacionalde-la-paz-a-traves-de-dialogo-virtual\\\/#breadcrumb\",\"itemListElement\":[{\"@type\":\"ListItem\",\"position\":1,\"name\":\"Inicio\",\"item\":\"https:\\\/\\\/www.cetys.mx\\\/noticias\\\/\"},{\"@type\":\"ListItem\",\"position\":2,\"name\":\"Celebran el D\u00eda Internacional de la Paz a trav\u00e9s de di\u00e1logo virtual\"}]},{\"@type\":\"WebSite\",\"@id\":\"https:\\\/\\\/www.cetys.mx\\\/noticias\\\/#website\",\"url\":\"https:\\\/\\\/www.cetys.mx\\\/noticias\\\/\",\"name\":\"CETYS\",\"description\":\"\",\"potentialAction\":[{\"@type\":\"SearchAction\",\"target\":{\"@type\":\"EntryPoint\",\"urlTemplate\":\"https:\\\/\\\/www.cetys.mx\\\/noticias\\\/?s={search_term_string}\"},\"query-input\":{\"@type\":\"PropertyValueSpecification\",\"valueRequired\":true,\"valueName\":\"search_term_string\"}}],\"inLanguage\":\"es\"},{\"@type\":\"Person\",\"@id\":\"https:\\\/\\\/www.cetys.mx\\\/noticias\\\/#\\\/schema\\\/person\\\/e9d2b35265b64aa454df57a2828eb2ac\",\"name\":\"CETYS Institucional\",\"url\":\"https:\\\/\\\/www.cetys.mx\\\/noticias\\\/author\\\/cetysinstitucional\\\/\"}]}<\/script>\n<!-- \/ Yoast SEO plugin. -->","yoast_head_json":{"title":"Celebran el D\u00eda Internacional de la Paz a trav\u00e9s de di\u00e1logo virtual - CETYS","description":"Articulo sobre Celebran el D\u00eda Internacional de la Paz a trav\u00e9s de di\u00e1logo virtual","robots":{"index":"index","follow":"follow","max-snippet":"max-snippet:-1","max-image-preview":"max-image-preview:large","max-video-preview":"max-video-preview:-1"},"canonical":"https:\/\/www.cetys.mx\/noticias\/celebran-el-dia-internacionalde-la-paz-a-traves-de-dialogo-virtual\/","og_locale":"es_MX","og_type":"article","og_title":"Celebran el D\u00eda Internacional de la Paz a trav\u00e9s de di\u00e1logo virtual - CETYS","og_description":"Articulo sobre Celebran el D\u00eda Internacional de la Paz a trav\u00e9s de di\u00e1logo virtual","og_url":"https:\/\/www.cetys.mx\/noticias\/celebran-el-dia-internacionalde-la-paz-a-traves-de-dialogo-virtual\/","og_site_name":"CETYS","article_publisher":"https:\/\/www.facebook.com\/cetysuniversidadmxl\/","article_published_time":"2022-09-26T17:16:14+00:00","article_modified_time":"2022-09-28T18:12:02+00:00","og_image":[{"width":543,"height":314,"url":"https:\/\/www.cetys.mx\/noticias\/wp-content\/uploads\/2022\/09\/WhatsApp-Image-2022-09-21-at-10.33.35-AM.jpeg","type":"image\/jpeg"}],"author":"CETYS Institucional","twitter_card":"summary_large_image","twitter_creator":"@cetysuni","twitter_site":"@cetysuni","twitter_misc":{"Escrito por":"CETYS Institucional","Tiempo de lectura":"3 minutos"},"schema":{"@context":"https:\/\/schema.org","@graph":[{"@type":"Article","@id":"https:\/\/www.cetys.mx\/noticias\/celebran-el-dia-internacionalde-la-paz-a-traves-de-dialogo-virtual\/#article","isPartOf":{"@id":"https:\/\/www.cetys.mx\/noticias\/celebran-el-dia-internacionalde-la-paz-a-traves-de-dialogo-virtual\/"},"author":{"name":"CETYS Institucional","@id":"https:\/\/www.cetys.mx\/noticias\/#\/schema\/person\/e9d2b35265b64aa454df57a2828eb2ac"},"headline":"Celebran el D\u00eda Internacional de la Paz a trav\u00e9s de di\u00e1logo virtual","datePublished":"2022-09-26T17:16:14+00:00","dateModified":"2022-09-28T18:12:02+00:00","mainEntityOfPage":{"@id":"https:\/\/www.cetys.mx\/noticias\/celebran-el-dia-internacionalde-la-paz-a-traves-de-dialogo-virtual\/"},"wordCount":650,"commentCount":0,"image":{"@id":"https:\/\/www.cetys.mx\/noticias\/celebran-el-dia-internacionalde-la-paz-a-traves-de-dialogo-virtual\/#primaryimage"},"thumbnailUrl":"https:\/\/www.cetys.mx\/noticias\/wp-content\/uploads\/2022\/09\/WhatsApp-Image-2022-09-21-at-10.33.35-AM.jpeg","keywords":["D\u00eda Internacional de la Paz","IAUP"],"articleSection":["Institucional"],"inLanguage":"es","potentialAction":[{"@type":"CommentAction","name":"Comment","target":["https:\/\/www.cetys.mx\/noticias\/celebran-el-dia-internacionalde-la-paz-a-traves-de-dialogo-virtual\/#respond"]}]},{"@type":"WebPage","@id":"https:\/\/www.cetys.mx\/noticias\/celebran-el-dia-internacionalde-la-paz-a-traves-de-dialogo-virtual\/","url":"https:\/\/www.cetys.mx\/noticias\/celebran-el-dia-internacionalde-la-paz-a-traves-de-dialogo-virtual\/","name":"Celebran el D\u00eda Internacional de la Paz a trav\u00e9s de di\u00e1logo virtual - CETYS","isPartOf":{"@id":"https:\/\/www.cetys.mx\/noticias\/#website"},"primaryImageOfPage":{"@id":"https:\/\/www.cetys.mx\/noticias\/celebran-el-dia-internacionalde-la-paz-a-traves-de-dialogo-virtual\/#primaryimage"},"image":{"@id":"https:\/\/www.cetys.mx\/noticias\/celebran-el-dia-internacionalde-la-paz-a-traves-de-dialogo-virtual\/#primaryimage"},"thumbnailUrl":"https:\/\/www.cetys.mx\/noticias\/wp-content\/uploads\/2022\/09\/WhatsApp-Image-2022-09-21-at-10.33.35-AM.jpeg","datePublished":"2022-09-26T17:16:14+00:00","dateModified":"2022-09-28T18:12:02+00:00","author":{"@id":"https:\/\/www.cetys.mx\/noticias\/#\/schema\/person\/e9d2b35265b64aa454df57a2828eb2ac"},"description":"Articulo sobre Celebran el D\u00eda Internacional de la Paz a trav\u00e9s de di\u00e1logo virtual","breadcrumb":{"@id":"https:\/\/www.cetys.mx\/noticias\/celebran-el-dia-internacionalde-la-paz-a-traves-de-dialogo-virtual\/#breadcrumb"},"inLanguage":"es","potentialAction":[{"@type":"ReadAction","target":["https:\/\/www.cetys.mx\/noticias\/celebran-el-dia-internacionalde-la-paz-a-traves-de-dialogo-virtual\/"]}]},{"@type":"ImageObject","inLanguage":"es","@id":"https:\/\/www.cetys.mx\/noticias\/celebran-el-dia-internacionalde-la-paz-a-traves-de-dialogo-virtual\/#primaryimage","url":"https:\/\/www.cetys.mx\/noticias\/wp-content\/uploads\/2022\/09\/WhatsApp-Image-2022-09-21-at-10.33.35-AM.jpeg","contentUrl":"https:\/\/www.cetys.mx\/noticias\/wp-content\/uploads\/2022\/09\/WhatsApp-Image-2022-09-21-at-10.33.35-AM.jpeg","width":543,"height":314},{"@type":"BreadcrumbList","@id":"https:\/\/www.cetys.mx\/noticias\/celebran-el-dia-internacionalde-la-paz-a-traves-de-dialogo-virtual\/#breadcrumb","itemListElement":[{"@type":"ListItem","position":1,"name":"Inicio","item":"https:\/\/www.cetys.mx\/noticias\/"},{"@type":"ListItem","position":2,"name":"Celebran el D\u00eda Internacional de la Paz a trav\u00e9s de di\u00e1logo virtual"}]},{"@type":"WebSite","@id":"https:\/\/www.cetys.mx\/noticias\/#website","url":"https:\/\/www.cetys.mx\/noticias\/","name":"CETYS","description":"","potentialAction":[{"@type":"SearchAction","target":{"@type":"EntryPoint","urlTemplate":"https:\/\/www.cetys.mx\/noticias\/?s={search_term_string}"},"query-input":{"@type":"PropertyValueSpecification","valueRequired":true,"valueName":"search_term_string"}}],"inLanguage":"es"},{"@type":"Person","@id":"https:\/\/www.cetys.mx\/noticias\/#\/schema\/person\/e9d2b35265b64aa454df57a2828eb2ac","name":"CETYS Institucional","url":"https:\/\/www.cetys.mx\/noticias\/author\/cetysinstitucional\/"}]}},"_links":{"self":[{"href":"https:\/\/www.cetys.mx\/noticias\/wp-json\/wp\/v2\/posts\/167344","targetHints":{"allow":["GET"]}}],"collection":[{"href":"https:\/\/www.cetys.mx\/noticias\/wp-json\/wp\/v2\/posts"}],"about":[{"href":"https:\/\/www.cetys.mx\/noticias\/wp-json\/wp\/v2\/types\/post"}],"author":[{"embeddable":true,"href":"https:\/\/www.cetys.mx\/noticias\/wp-json\/wp\/v2\/users\/26"}],"replies":[{"embeddable":true,"href":"https:\/\/www.cetys.mx\/noticias\/wp-json\/wp\/v2\/comments?post=167344"}],"version-history":[{"count":6,"href":"https:\/\/www.cetys.mx\/noticias\/wp-json\/wp\/v2\/posts\/167344\/revisions"}],"predecessor-version":[{"id":167483,"href":"https:\/\/www.cetys.mx\/noticias\/wp-json\/wp\/v2\/posts\/167344\/revisions\/167483"}],"wp:featuredmedia":[{"embeddable":true,"href":"https:\/\/www.cetys.mx\/noticias\/wp-json\/wp\/v2\/media\/167345"}],"wp:attachment":[{"href":"https:\/\/www.cetys.mx\/noticias\/wp-json\/wp\/v2\/media?parent=167344"}],"wp:term":[{"taxonomy":"category","embeddable":true,"href":"https:\/\/www.cetys.mx\/noticias\/wp-json\/wp\/v2\/categories?post=167344"},{"taxonomy":"post_tag","embeddable":true,"href":"https:\/\/www.cetys.mx\/noticias\/wp-json\/wp\/v2\/tags?post=167344"}],"curies":[{"name":"wp","href":"https:\/\/api.w.org\/{rel}","templated":true}]}}