{"id":167303,"date":"2022-09-23T16:26:49","date_gmt":"2022-09-23T23:26:49","guid":{"rendered":"https:\/\/www.cetys.mx\/noticias\/?p=167303"},"modified":"2022-09-23T16:26:49","modified_gmt":"2022-09-23T23:26:49","slug":"lo-que-he-logrado-se-lo-debo-a-la-formacion-academica-recibida-en-cetys-alumni-claudia-mendez","status":"publish","type":"post","link":"https:\/\/www.cetys.mx\/noticias\/lo-que-he-logrado-se-lo-debo-a-la-formacion-academica-recibida-en-cetys-alumni-claudia-mendez\/","title":{"rendered":"\u201cLo que he logrado se lo debo a la formaci\u00f3n acad\u00e9mica recibida en CETYS\u201d: Alumni Claudia Mendez"},"content":{"rendered":"<p style=\"text-align: justify;\"><span style=\"font-weight: 400;\">La capacidad de organizaci\u00f3n, liderazgo, manejo y an\u00e1lisis de datos, comunicaci\u00f3n, empat\u00eda, responsabilidad y disciplina han permitido que <\/span><b>Claudia Esther Mendez Manzano <\/b><span style=\"font-weight: 400;\">emprendiera <\/span><b>su propio negocio: <\/b><span style=\"font-weight: 400;\">un despacho contable, adem\u00e1s de que brinda asesor\u00eda administrativa a diversas empresas.<\/span><\/p>\n<p style=\"text-align: justify;\"><span style=\"font-weight: 400;\">Claudia Esther Mendez es egresada de la Preparatoria CETYS Ensenada, poco antes de concluir sus estudios se gan\u00f3 una beca para continuar sus estudios en la Licenciatura en Contador P\u00fablico. A\u00f1os m\u00e1s tarde volvi\u00f3 a su alma mater a estudiar la Maestr\u00eda en Administraci\u00f3n de Empresas.<\/span><\/p>\n<blockquote>\n<p style=\"text-align: justify;\"><span style=\"font-weight: 400;\">\u201cMe siento muy orgullosa de mi casa de estudios durante muchos a\u00f1os, en los que se forj\u00f3 mi car\u00e1cter y personalidad; estoy convencida de que la persona que soy actualmente se lo debo a la formaci\u00f3n acad\u00e9mica recibida en <a href=\"http:\/\/www.cetys.mx\">CETYS Universidad<\/a>\u201d, enfatiza Claudia.<\/span><\/p>\n<\/blockquote>\n<p style=\"text-align: justify;\"><span style=\"font-weight: 400;\">Lo que m\u00e1s recuerda de su etapa como estudiante fue cuando estaba en la Maestr\u00eda, misma que estudi\u00f3 en dos etapas; la primera fue a los pocos a\u00f1os de haber egresado de la licenciatura y tuvo que hacer una pausa; volvi\u00f3 en 2011, para ese entonces ya contaba con su despacho contable.<\/span><\/p>\n<blockquote>\n<p style=\"text-align: justify;\"><span style=\"font-weight: 400;\">\u201cNo me arrepiento de haber hecho una pausa porque cuando regres\u00e9 ya ten\u00eda m\u00e1s experiencia laboral y ya contaba con una trayectoria de mi empresa de 10 a\u00f1os, lo cual fue m\u00e1s enriquecedor para m\u00ed que la primera vez porque aplicaba lo aprendido de una manera m\u00e1s pr\u00e1ctica a situaciones por las que estaba pasando; esta maestr\u00eda ha complementado mi carrera como contadora, actualmente apoyo a empresas de manera administrativa como asesora externa como parte de los servicios que ofrece mi despacho\u201d.\u00a0<\/span><\/p>\n<\/blockquote>\n<p style=\"text-align: justify;\"><span style=\"font-weight: 400;\">A poco m\u00e1s de 20 a\u00f1os como emprendedora a cargo de su despacho, Claudia se siente muy orgullosa de su trabajo y de la confianza que otras personas depositan en ella para apoyarlos en el desarrollo y crecimiento de negocios y empresas.<\/span><\/p>\n<p style=\"text-align: justify;\"><span style=\"font-weight: 400;\">No ha sido f\u00e1cil, como mujer emprendedora me ha costado ganarme la confianza de la gente, es mucho trabajo y el tiempo que le dedicamos, pero es muy satisfactorio ver lo que hemos logrado como empresa, junto con las personas que colaboran conmigo, y ver los resultados es muy gratificante\u201d.<\/span><\/p>\n<p style=\"text-align: justify;\"><span style=\"font-weight: 400;\">La <a href=\"http:\/\/www.cetys.mx\/alumni\"><strong>CETYS Alumni<\/strong><\/a> se considera una persona perseverante, emp\u00e1tica y agradecida, por lo que siempre ha buscado apoyar a j\u00f3venes con tutor\u00edas y con oportunidades laborales, adem\u00e1s de que\u00a0 ha <\/span><span style=\"font-weight: 400;\">motivado a otras mujeres a emprender.<\/span><\/p>\n<p style=\"text-align: justify;\"><span style=\"font-weight: 400;\">\u201cActualmente soy consejera nacional de Canacintra y me encuentro participando en la mesa directiva del Consejo Coordinador Empresarial de Ensenada como tesorera, considero que es muy importante involucrarnos y conocer lo que est\u00e1 pasando en nuestra comunidad para apoyar el desarrollo que se necesita\u201d.<\/span><\/p>\n<p style=\"text-align: justify;\"><span style=\"font-weight: 400;\">Dentro de sus planes a futuro, la CETYS Alumni planea expandir sus servicios a Tijuana y a otros estados de la rep\u00fablica, actualmente cuenta con la seguridad de que puede hacerlo y conf\u00eda en la formaci\u00f3n que ha recibido en CETYS Universidad.<\/span><\/p>\n<p style=\"text-align: justify;\">\n","protected":false},"excerpt":{"rendered":"<p>La capacidad de organizaci\u00f3n, liderazgo, manejo y an\u00e1lisis de datos, comunicaci\u00f3n, empat\u00eda, responsabilidad y disciplina han permitido que Claudia Esther Mendez Manzano&#8230;<\/p>\n","protected":false},"author":23,"featured_media":167309,"comment_status":"open","ping_status":"closed","sticky":false,"template":"","format":"standard","meta":{"footnotes":""},"categories":[107,132],"tags":[909],"class_list":["post-167303","post","type-post","status-publish","format-standard","has-post-thumbnail","hentry","category-alumni","category-campus-ensenada","tag-alumni"],"yoast_head":"<!-- This site is optimized with the Yoast SEO plugin v27.4 - https:\/\/yoast.com\/product\/yoast-seo-wordpress\/ -->\n<title>\u201cLo que he logrado se lo debo a la formaci\u00f3n acad\u00e9mica recibida en CETYS\u201d: Alumni Claudia Mendez - CETYS<\/title>\n<meta name=\"description\" content=\"Articulo sobre \u201cLo que he logrado se lo debo a la formaci\u00f3n acad\u00e9mica recibida en CETYS\u201d: Alumni Claudia Mendez\" \/>\n<meta name=\"robots\" content=\"index, follow, max-snippet:-1, max-image-preview:large, max-video-preview:-1\" \/>\n<link rel=\"canonical\" href=\"https:\/\/www.cetys.mx\/noticias\/lo-que-he-logrado-se-lo-debo-a-la-formacion-academica-recibida-en-cetys-alumni-claudia-mendez\/\" \/>\n<meta property=\"og:locale\" content=\"es_MX\" \/>\n<meta property=\"og:type\" content=\"article\" \/>\n<meta property=\"og:title\" content=\"\u201cLo que he logrado se lo debo a la formaci\u00f3n acad\u00e9mica recibida en CETYS\u201d: Alumni Claudia Mendez - CETYS\" \/>\n<meta property=\"og:description\" content=\"Articulo sobre \u201cLo que he logrado se lo debo a la formaci\u00f3n acad\u00e9mica recibida en CETYS\u201d: Alumni Claudia Mendez\" \/>\n<meta property=\"og:url\" content=\"https:\/\/www.cetys.mx\/noticias\/lo-que-he-logrado-se-lo-debo-a-la-formacion-academica-recibida-en-cetys-alumni-claudia-mendez\/\" \/>\n<meta property=\"og:site_name\" content=\"CETYS\" \/>\n<meta property=\"article:publisher\" content=\"https:\/\/www.facebook.com\/cetysuniversidadmxl\/\" \/>\n<meta property=\"article:published_time\" content=\"2022-09-23T23:26:49+00:00\" \/>\n<meta property=\"og:image\" content=\"https:\/\/www.cetys.mx\/noticias\/wp-content\/uploads\/2022\/09\/Foto-portal-1-1.png\" \/>\n\t<meta property=\"og:image:width\" content=\"958\" \/>\n\t<meta property=\"og:image:height\" content=\"637\" \/>\n\t<meta property=\"og:image:type\" content=\"image\/png\" \/>\n<meta name=\"author\" content=\"Campus Ensenada\" \/>\n<meta name=\"twitter:card\" content=\"summary_large_image\" \/>\n<meta name=\"twitter:creator\" content=\"@cetysuni\" \/>\n<meta name=\"twitter:site\" content=\"@cetysuni\" \/>\n<meta name=\"twitter:label1\" content=\"Escrito por\" \/>\n\t<meta name=\"twitter:data1\" content=\"Campus Ensenada\" \/>\n\t<meta name=\"twitter:label2\" content=\"Tiempo de lectura\" \/>\n\t<meta name=\"twitter:data2\" content=\"3 minutos\" \/>\n<script type=\"application\/ld+json\" class=\"yoast-schema-graph\">{\"@context\":\"https:\\\/\\\/schema.org\",\"@graph\":[{\"@type\":\"Article\",\"@id\":\"https:\\\/\\\/www.cetys.mx\\\/noticias\\\/lo-que-he-logrado-se-lo-debo-a-la-formacion-academica-recibida-en-cetys-alumni-claudia-mendez\\\/#article\",\"isPartOf\":{\"@id\":\"https:\\\/\\\/www.cetys.mx\\\/noticias\\\/lo-que-he-logrado-se-lo-debo-a-la-formacion-academica-recibida-en-cetys-alumni-claudia-mendez\\\/\"},\"author\":{\"name\":\"Campus Ensenada\",\"@id\":\"https:\\\/\\\/www.cetys.mx\\\/noticias\\\/#\\\/schema\\\/person\\\/1a1a88c0b6586e66a2e9e88e07afc712\"},\"headline\":\"\u201cLo que he logrado se lo debo a la formaci\u00f3n acad\u00e9mica recibida en CETYS\u201d: Alumni Claudia Mendez\",\"datePublished\":\"2022-09-23T23:26:49+00:00\",\"mainEntityOfPage\":{\"@id\":\"https:\\\/\\\/www.cetys.mx\\\/noticias\\\/lo-que-he-logrado-se-lo-debo-a-la-formacion-academica-recibida-en-cetys-alumni-claudia-mendez\\\/\"},\"wordCount\":526,\"commentCount\":0,\"image\":{\"@id\":\"https:\\\/\\\/www.cetys.mx\\\/noticias\\\/lo-que-he-logrado-se-lo-debo-a-la-formacion-academica-recibida-en-cetys-alumni-claudia-mendez\\\/#primaryimage\"},\"thumbnailUrl\":\"https:\\\/\\\/www.cetys.mx\\\/noticias\\\/wp-content\\\/uploads\\\/2022\\\/09\\\/Foto-portal-1-1.png\",\"keywords\":[\"Alumni\"],\"articleSection\":[\"Alumni\",\"Campus Ensenada\"],\"inLanguage\":\"es\",\"potentialAction\":[{\"@type\":\"CommentAction\",\"name\":\"Comment\",\"target\":[\"https:\\\/\\\/www.cetys.mx\\\/noticias\\\/lo-que-he-logrado-se-lo-debo-a-la-formacion-academica-recibida-en-cetys-alumni-claudia-mendez\\\/#respond\"]}]},{\"@type\":\"WebPage\",\"@id\":\"https:\\\/\\\/www.cetys.mx\\\/noticias\\\/lo-que-he-logrado-se-lo-debo-a-la-formacion-academica-recibida-en-cetys-alumni-claudia-mendez\\\/\",\"url\":\"https:\\\/\\\/www.cetys.mx\\\/noticias\\\/lo-que-he-logrado-se-lo-debo-a-la-formacion-academica-recibida-en-cetys-alumni-claudia-mendez\\\/\",\"name\":\"\u201cLo que he logrado se lo debo a la formaci\u00f3n acad\u00e9mica recibida en CETYS\u201d: Alumni Claudia Mendez - CETYS\",\"isPartOf\":{\"@id\":\"https:\\\/\\\/www.cetys.mx\\\/noticias\\\/#website\"},\"primaryImageOfPage\":{\"@id\":\"https:\\\/\\\/www.cetys.mx\\\/noticias\\\/lo-que-he-logrado-se-lo-debo-a-la-formacion-academica-recibida-en-cetys-alumni-claudia-mendez\\\/#primaryimage\"},\"image\":{\"@id\":\"https:\\\/\\\/www.cetys.mx\\\/noticias\\\/lo-que-he-logrado-se-lo-debo-a-la-formacion-academica-recibida-en-cetys-alumni-claudia-mendez\\\/#primaryimage\"},\"thumbnailUrl\":\"https:\\\/\\\/www.cetys.mx\\\/noticias\\\/wp-content\\\/uploads\\\/2022\\\/09\\\/Foto-portal-1-1.png\",\"datePublished\":\"2022-09-23T23:26:49+00:00\",\"author\":{\"@id\":\"https:\\\/\\\/www.cetys.mx\\\/noticias\\\/#\\\/schema\\\/person\\\/1a1a88c0b6586e66a2e9e88e07afc712\"},\"description\":\"Articulo sobre \u201cLo que he logrado se lo debo a la formaci\u00f3n acad\u00e9mica recibida en CETYS\u201d: Alumni Claudia Mendez\",\"breadcrumb\":{\"@id\":\"https:\\\/\\\/www.cetys.mx\\\/noticias\\\/lo-que-he-logrado-se-lo-debo-a-la-formacion-academica-recibida-en-cetys-alumni-claudia-mendez\\\/#breadcrumb\"},\"inLanguage\":\"es\",\"potentialAction\":[{\"@type\":\"ReadAction\",\"target\":[\"https:\\\/\\\/www.cetys.mx\\\/noticias\\\/lo-que-he-logrado-se-lo-debo-a-la-formacion-academica-recibida-en-cetys-alumni-claudia-mendez\\\/\"]}]},{\"@type\":\"ImageObject\",\"inLanguage\":\"es\",\"@id\":\"https:\\\/\\\/www.cetys.mx\\\/noticias\\\/lo-que-he-logrado-se-lo-debo-a-la-formacion-academica-recibida-en-cetys-alumni-claudia-mendez\\\/#primaryimage\",\"url\":\"https:\\\/\\\/www.cetys.mx\\\/noticias\\\/wp-content\\\/uploads\\\/2022\\\/09\\\/Foto-portal-1-1.png\",\"contentUrl\":\"https:\\\/\\\/www.cetys.mx\\\/noticias\\\/wp-content\\\/uploads\\\/2022\\\/09\\\/Foto-portal-1-1.png\",\"width\":958,\"height\":637},{\"@type\":\"BreadcrumbList\",\"@id\":\"https:\\\/\\\/www.cetys.mx\\\/noticias\\\/lo-que-he-logrado-se-lo-debo-a-la-formacion-academica-recibida-en-cetys-alumni-claudia-mendez\\\/#breadcrumb\",\"itemListElement\":[{\"@type\":\"ListItem\",\"position\":1,\"name\":\"Inicio\",\"item\":\"https:\\\/\\\/www.cetys.mx\\\/noticias\\\/\"},{\"@type\":\"ListItem\",\"position\":2,\"name\":\"\u201cLo que he logrado se lo debo a la formaci\u00f3n acad\u00e9mica recibida en CETYS\u201d: Alumni Claudia Mendez\"}]},{\"@type\":\"WebSite\",\"@id\":\"https:\\\/\\\/www.cetys.mx\\\/noticias\\\/#website\",\"url\":\"https:\\\/\\\/www.cetys.mx\\\/noticias\\\/\",\"name\":\"CETYS\",\"description\":\"\",\"potentialAction\":[{\"@type\":\"SearchAction\",\"target\":{\"@type\":\"EntryPoint\",\"urlTemplate\":\"https:\\\/\\\/www.cetys.mx\\\/noticias\\\/?s={search_term_string}\"},\"query-input\":{\"@type\":\"PropertyValueSpecification\",\"valueRequired\":true,\"valueName\":\"search_term_string\"}}],\"inLanguage\":\"es\"},{\"@type\":\"Person\",\"@id\":\"https:\\\/\\\/www.cetys.mx\\\/noticias\\\/#\\\/schema\\\/person\\\/1a1a88c0b6586e66a2e9e88e07afc712\",\"name\":\"Campus Ensenada\",\"url\":\"https:\\\/\\\/www.cetys.mx\\\/noticias\\\/author\\\/campusensenada\\\/\"}]}<\/script>\n<!-- \/ Yoast SEO plugin. -->","yoast_head_json":{"title":"\u201cLo que he logrado se lo debo a la formaci\u00f3n acad\u00e9mica recibida en CETYS\u201d: Alumni Claudia Mendez - CETYS","description":"Articulo sobre \u201cLo que he logrado se lo debo a la formaci\u00f3n acad\u00e9mica recibida en CETYS\u201d: Alumni Claudia Mendez","robots":{"index":"index","follow":"follow","max-snippet":"max-snippet:-1","max-image-preview":"max-image-preview:large","max-video-preview":"max-video-preview:-1"},"canonical":"https:\/\/www.cetys.mx\/noticias\/lo-que-he-logrado-se-lo-debo-a-la-formacion-academica-recibida-en-cetys-alumni-claudia-mendez\/","og_locale":"es_MX","og_type":"article","og_title":"\u201cLo que he logrado se lo debo a la formaci\u00f3n acad\u00e9mica recibida en CETYS\u201d: Alumni Claudia Mendez - CETYS","og_description":"Articulo sobre \u201cLo que he logrado se lo debo a la formaci\u00f3n acad\u00e9mica recibida en CETYS\u201d: Alumni Claudia Mendez","og_url":"https:\/\/www.cetys.mx\/noticias\/lo-que-he-logrado-se-lo-debo-a-la-formacion-academica-recibida-en-cetys-alumni-claudia-mendez\/","og_site_name":"CETYS","article_publisher":"https:\/\/www.facebook.com\/cetysuniversidadmxl\/","article_published_time":"2022-09-23T23:26:49+00:00","og_image":[{"width":958,"height":637,"url":"https:\/\/www.cetys.mx\/noticias\/wp-content\/uploads\/2022\/09\/Foto-portal-1-1.png","type":"image\/png"}],"author":"Campus Ensenada","twitter_card":"summary_large_image","twitter_creator":"@cetysuni","twitter_site":"@cetysuni","twitter_misc":{"Escrito por":"Campus Ensenada","Tiempo de lectura":"3 minutos"},"schema":{"@context":"https:\/\/schema.org","@graph":[{"@type":"Article","@id":"https:\/\/www.cetys.mx\/noticias\/lo-que-he-logrado-se-lo-debo-a-la-formacion-academica-recibida-en-cetys-alumni-claudia-mendez\/#article","isPartOf":{"@id":"https:\/\/www.cetys.mx\/noticias\/lo-que-he-logrado-se-lo-debo-a-la-formacion-academica-recibida-en-cetys-alumni-claudia-mendez\/"},"author":{"name":"Campus Ensenada","@id":"https:\/\/www.cetys.mx\/noticias\/#\/schema\/person\/1a1a88c0b6586e66a2e9e88e07afc712"},"headline":"\u201cLo que he logrado se lo debo a la formaci\u00f3n acad\u00e9mica recibida en CETYS\u201d: Alumni Claudia Mendez","datePublished":"2022-09-23T23:26:49+00:00","mainEntityOfPage":{"@id":"https:\/\/www.cetys.mx\/noticias\/lo-que-he-logrado-se-lo-debo-a-la-formacion-academica-recibida-en-cetys-alumni-claudia-mendez\/"},"wordCount":526,"commentCount":0,"image":{"@id":"https:\/\/www.cetys.mx\/noticias\/lo-que-he-logrado-se-lo-debo-a-la-formacion-academica-recibida-en-cetys-alumni-claudia-mendez\/#primaryimage"},"thumbnailUrl":"https:\/\/www.cetys.mx\/noticias\/wp-content\/uploads\/2022\/09\/Foto-portal-1-1.png","keywords":["Alumni"],"articleSection":["Alumni","Campus Ensenada"],"inLanguage":"es","potentialAction":[{"@type":"CommentAction","name":"Comment","target":["https:\/\/www.cetys.mx\/noticias\/lo-que-he-logrado-se-lo-debo-a-la-formacion-academica-recibida-en-cetys-alumni-claudia-mendez\/#respond"]}]},{"@type":"WebPage","@id":"https:\/\/www.cetys.mx\/noticias\/lo-que-he-logrado-se-lo-debo-a-la-formacion-academica-recibida-en-cetys-alumni-claudia-mendez\/","url":"https:\/\/www.cetys.mx\/noticias\/lo-que-he-logrado-se-lo-debo-a-la-formacion-academica-recibida-en-cetys-alumni-claudia-mendez\/","name":"\u201cLo que he logrado se lo debo a la formaci\u00f3n acad\u00e9mica recibida en CETYS\u201d: Alumni Claudia Mendez - CETYS","isPartOf":{"@id":"https:\/\/www.cetys.mx\/noticias\/#website"},"primaryImageOfPage":{"@id":"https:\/\/www.cetys.mx\/noticias\/lo-que-he-logrado-se-lo-debo-a-la-formacion-academica-recibida-en-cetys-alumni-claudia-mendez\/#primaryimage"},"image":{"@id":"https:\/\/www.cetys.mx\/noticias\/lo-que-he-logrado-se-lo-debo-a-la-formacion-academica-recibida-en-cetys-alumni-claudia-mendez\/#primaryimage"},"thumbnailUrl":"https:\/\/www.cetys.mx\/noticias\/wp-content\/uploads\/2022\/09\/Foto-portal-1-1.png","datePublished":"2022-09-23T23:26:49+00:00","author":{"@id":"https:\/\/www.cetys.mx\/noticias\/#\/schema\/person\/1a1a88c0b6586e66a2e9e88e07afc712"},"description":"Articulo sobre \u201cLo que he logrado se lo debo a la formaci\u00f3n acad\u00e9mica recibida en CETYS\u201d: Alumni Claudia Mendez","breadcrumb":{"@id":"https:\/\/www.cetys.mx\/noticias\/lo-que-he-logrado-se-lo-debo-a-la-formacion-academica-recibida-en-cetys-alumni-claudia-mendez\/#breadcrumb"},"inLanguage":"es","potentialAction":[{"@type":"ReadAction","target":["https:\/\/www.cetys.mx\/noticias\/lo-que-he-logrado-se-lo-debo-a-la-formacion-academica-recibida-en-cetys-alumni-claudia-mendez\/"]}]},{"@type":"ImageObject","inLanguage":"es","@id":"https:\/\/www.cetys.mx\/noticias\/lo-que-he-logrado-se-lo-debo-a-la-formacion-academica-recibida-en-cetys-alumni-claudia-mendez\/#primaryimage","url":"https:\/\/www.cetys.mx\/noticias\/wp-content\/uploads\/2022\/09\/Foto-portal-1-1.png","contentUrl":"https:\/\/www.cetys.mx\/noticias\/wp-content\/uploads\/2022\/09\/Foto-portal-1-1.png","width":958,"height":637},{"@type":"BreadcrumbList","@id":"https:\/\/www.cetys.mx\/noticias\/lo-que-he-logrado-se-lo-debo-a-la-formacion-academica-recibida-en-cetys-alumni-claudia-mendez\/#breadcrumb","itemListElement":[{"@type":"ListItem","position":1,"name":"Inicio","item":"https:\/\/www.cetys.mx\/noticias\/"},{"@type":"ListItem","position":2,"name":"\u201cLo que he logrado se lo debo a la formaci\u00f3n acad\u00e9mica recibida en CETYS\u201d: Alumni Claudia Mendez"}]},{"@type":"WebSite","@id":"https:\/\/www.cetys.mx\/noticias\/#website","url":"https:\/\/www.cetys.mx\/noticias\/","name":"CETYS","description":"","potentialAction":[{"@type":"SearchAction","target":{"@type":"EntryPoint","urlTemplate":"https:\/\/www.cetys.mx\/noticias\/?s={search_term_string}"},"query-input":{"@type":"PropertyValueSpecification","valueRequired":true,"valueName":"search_term_string"}}],"inLanguage":"es"},{"@type":"Person","@id":"https:\/\/www.cetys.mx\/noticias\/#\/schema\/person\/1a1a88c0b6586e66a2e9e88e07afc712","name":"Campus Ensenada","url":"https:\/\/www.cetys.mx\/noticias\/author\/campusensenada\/"}]}},"_links":{"self":[{"href":"https:\/\/www.cetys.mx\/noticias\/wp-json\/wp\/v2\/posts\/167303","targetHints":{"allow":["GET"]}}],"collection":[{"href":"https:\/\/www.cetys.mx\/noticias\/wp-json\/wp\/v2\/posts"}],"about":[{"href":"https:\/\/www.cetys.mx\/noticias\/wp-json\/wp\/v2\/types\/post"}],"author":[{"embeddable":true,"href":"https:\/\/www.cetys.mx\/noticias\/wp-json\/wp\/v2\/users\/23"}],"replies":[{"embeddable":true,"href":"https:\/\/www.cetys.mx\/noticias\/wp-json\/wp\/v2\/comments?post=167303"}],"version-history":[{"count":1,"href":"https:\/\/www.cetys.mx\/noticias\/wp-json\/wp\/v2\/posts\/167303\/revisions"}],"predecessor-version":[{"id":167313,"href":"https:\/\/www.cetys.mx\/noticias\/wp-json\/wp\/v2\/posts\/167303\/revisions\/167313"}],"wp:featuredmedia":[{"embeddable":true,"href":"https:\/\/www.cetys.mx\/noticias\/wp-json\/wp\/v2\/media\/167309"}],"wp:attachment":[{"href":"https:\/\/www.cetys.mx\/noticias\/wp-json\/wp\/v2\/media?parent=167303"}],"wp:term":[{"taxonomy":"category","embeddable":true,"href":"https:\/\/www.cetys.mx\/noticias\/wp-json\/wp\/v2\/categories?post=167303"},{"taxonomy":"post_tag","embeddable":true,"href":"https:\/\/www.cetys.mx\/noticias\/wp-json\/wp\/v2\/tags?post=167303"}],"curies":[{"name":"wp","href":"https:\/\/api.w.org\/{rel}","templated":true}]}}