{"id":167294,"date":"2022-09-23T12:41:16","date_gmt":"2022-09-23T19:41:16","guid":{"rendered":"https:\/\/www.cetys.mx\/noticias\/?p=167294"},"modified":"2022-09-23T12:41:16","modified_gmt":"2022-09-23T19:41:16","slug":"llevan-a-cabo-semana-de-la-contaduria-publica-en-campus-tijuana","status":"publish","type":"post","link":"https:\/\/www.cetys.mx\/noticias\/llevan-a-cabo-semana-de-la-contaduria-publica-en-campus-tijuana\/","title":{"rendered":"Llevan a cabo Semana de la Contadur\u00eda P\u00fablica en Campus Tijuana"},"content":{"rendered":"<p><span style=\"font-weight: 400;\">Como cada a\u00f1o, se lleva a cabo la <em>Semana de la Contadur\u00eda P\u00fablica en Tijuana,<\/em> esto en coordinaci\u00f3n con todas las universidades que cuentan con el programa acad\u00e9mico de contabilidad y organismos colegiados, en el caso de <strong>CETYS Universidad<\/strong>, con la Licenciatura en Contador P\u00fablico Internacional.<\/span><\/p>\n<p><span style=\"font-weight: 400;\">El Comit\u00e9 Organizador de la emisi\u00f3n XXXVIII fue integrado por el <em>Colegio de Contadores P\u00fablicos de BC<\/em>, la Asociaci\u00f3n de Contadores P\u00fablicos de BC, el IMCP, AMCP, la Acad\u00e9mia de Estudios Fiscales, entre otras instituciones y universidades.<\/span><\/p>\n<p><span style=\"font-weight: 400;\">Durante la semana del 61 Aniversario de <strong>CETYS Universidad<\/strong>, del 19 al 23 de septiembre, la <em>Escuela de Administraci\u00f3n y Negocios en Campus Tijuana<\/em> realiz\u00f3 diversas conferencias. Este a\u00f1o se distinguid\u00f3 como docente a la <strong>Mtra. Martha Irisbelsy Velasco Santiesteban<\/strong>, as\u00ed como la alumna <strong>Hania Ivanna G\u00e1rate Valtierra<\/strong>.<\/span><\/p>\n<p><span style=\"font-weight: 400;\">E<\/span><span style=\"font-weight: 400;\">l lema de la semana de la contadur\u00eda fue el rol de la contadur\u00eda p\u00fablica como factor de recuperaci\u00f3n econ\u00f3mica, dirigida a todos los estudiantes y profesionistas como parte de su actualizaci\u00f3n y adquisici\u00f3n de conocimientos con la finalidad de fortalecer la profesi\u00f3n contable que beneficie a todos los sectores en que se desenvuelve\u00a0 en beneficio de la sociedad.<\/span><\/p>\n\n            <style type='text\/css'>\n                #gallery-1 {\n                    margin: auto;\n                }\n                #gallery-1 .gallery-item {\n                    float: left;\n                    margin-top: 10px;\n                    text-align: center;\n                    width: 33%;\n                }\n                #gallery-1 img {\n                    border: 2px solid #cfcfcf;\n                }\n                #gallery-1 .gallery-caption {\n                    margin-left: 0;\n                }\n                \/* see gallery_shortcode() in wp-includes\/media.php *\/\n            <\/style>\n\t\t<div id='gallery-1' class='gallery galleryid-167294 gallery-columns-3 gallery-size-thumbnail'><dl class='gallery-item'>\n                <dt class='gallery-icon landscape'>\n                    <a href='https:\/\/www.cetys.mx\/noticias\/llevan-a-cabo-semana-de-la-contaduria-publica-en-campus-tijuana\/semana-de-contaduria-ayn-tjiuana\/'><img loading=\"lazy\" decoding=\"async\" width=\"128\" height=\"85\" src=\"https:\/\/www.cetys.mx\/noticias\/wp-content\/uploads\/2022\/09\/semana-de-contaduria-AYN-Tjiuana.png\" class=\"attachment-thumbnail size-thumbnail\" alt=\"\" srcset=\"https:\/\/www.cetys.mx\/noticias\/wp-content\/uploads\/2022\/09\/semana-de-contaduria-AYN-Tjiuana.png 958w, https:\/\/www.cetys.mx\/noticias\/wp-content\/uploads\/2022\/09\/semana-de-contaduria-AYN-Tjiuana-768x511.png 768w\" sizes=\"auto, (max-width: 128px) 100vw, 128px\" \/><\/a>\n                <\/dt><\/dl><dl class='gallery-item'>\n                <dt class='gallery-icon landscape'>\n                    <a href='https:\/\/www.cetys.mx\/noticias\/llevan-a-cabo-semana-de-la-contaduria-publica-en-campus-tijuana\/semana-de-la-contaduria-cetys-tijuana\/'><img loading=\"lazy\" decoding=\"async\" width=\"128\" height=\"85\" src=\"https:\/\/www.cetys.mx\/noticias\/wp-content\/uploads\/2022\/09\/semana-de-la-contaduria-cetys-tijuana.png\" class=\"attachment-thumbnail size-thumbnail\" alt=\"\" srcset=\"https:\/\/www.cetys.mx\/noticias\/wp-content\/uploads\/2022\/09\/semana-de-la-contaduria-cetys-tijuana.png 958w, https:\/\/www.cetys.mx\/noticias\/wp-content\/uploads\/2022\/09\/semana-de-la-contaduria-cetys-tijuana-768x511.png 768w\" sizes=\"auto, (max-width: 128px) 100vw, 128px\" \/><\/a>\n                <\/dt><\/dl>\n                <br style='clear: both' \/>\n            <\/div>\n\n","protected":false},"excerpt":{"rendered":"<p>Como cada a\u00f1o, se lleva a cabo la Semana de la Contadur\u00eda P\u00fablica en Tijuana, esto en coordinaci\u00f3n con todas las universidades&#8230;<\/p>\n","protected":false},"author":24,"featured_media":167300,"comment_status":"open","ping_status":"closed","sticky":false,"template":"","format":"standard","meta":{"footnotes":""},"categories":[134,313],"tags":[297,168,1826,5113],"class_list":["post-167294","post","type-post","status-publish","format-standard","has-post-thumbnail","hentry","category-campus-tijuana","category-vocetys-2","tag-campus-tijuana","tag-cetys-universidad","tag-escuela-de-administracion-y-negocios","tag-licenciatura-en-contador-publico-internacional"],"yoast_head":"<!-- This site is optimized with the Yoast SEO plugin v27.4 - https:\/\/yoast.com\/product\/yoast-seo-wordpress\/ -->\n<title>Llevan a cabo Semana de la Contadur\u00eda P\u00fablica en Campus Tijuana - CETYS<\/title>\n<meta name=\"description\" content=\"Articulo sobre Llevan a cabo Semana de la Contadur\u00eda P\u00fablica en Campus Tijuana\" \/>\n<meta name=\"robots\" content=\"index, follow, max-snippet:-1, max-image-preview:large, max-video-preview:-1\" \/>\n<link rel=\"canonical\" href=\"https:\/\/www.cetys.mx\/noticias\/llevan-a-cabo-semana-de-la-contaduria-publica-en-campus-tijuana\/\" \/>\n<meta property=\"og:locale\" content=\"es_MX\" \/>\n<meta property=\"og:type\" content=\"article\" \/>\n<meta property=\"og:title\" content=\"Llevan a cabo Semana de la Contadur\u00eda P\u00fablica en Campus Tijuana - CETYS\" \/>\n<meta property=\"og:description\" content=\"Articulo sobre Llevan a cabo Semana de la Contadur\u00eda P\u00fablica en Campus Tijuana\" \/>\n<meta property=\"og:url\" content=\"https:\/\/www.cetys.mx\/noticias\/llevan-a-cabo-semana-de-la-contaduria-publica-en-campus-tijuana\/\" \/>\n<meta property=\"og:site_name\" content=\"CETYS\" \/>\n<meta property=\"article:publisher\" content=\"https:\/\/www.facebook.com\/cetysuniversidadmxl\/\" \/>\n<meta property=\"article:published_time\" content=\"2022-09-23T19:41:16+00:00\" \/>\n<meta property=\"og:image\" content=\"https:\/\/www.cetys.mx\/noticias\/wp-content\/uploads\/2022\/09\/semana-de-la-contaduria.png\" \/>\n\t<meta property=\"og:image:width\" content=\"958\" \/>\n\t<meta property=\"og:image:height\" content=\"637\" \/>\n\t<meta property=\"og:image:type\" content=\"image\/png\" \/>\n<meta name=\"author\" content=\"Campus Tijuana\" \/>\n<meta name=\"twitter:card\" content=\"summary_large_image\" \/>\n<meta name=\"twitter:creator\" content=\"@cetysuni\" \/>\n<meta name=\"twitter:site\" content=\"@cetysuni\" \/>\n<meta name=\"twitter:label1\" content=\"Escrito por\" \/>\n\t<meta name=\"twitter:data1\" content=\"Campus Tijuana\" \/>\n\t<meta name=\"twitter:label2\" content=\"Tiempo de lectura\" \/>\n\t<meta name=\"twitter:data2\" content=\"1 minuto\" \/>\n<script type=\"application\/ld+json\" class=\"yoast-schema-graph\">{\"@context\":\"https:\\\/\\\/schema.org\",\"@graph\":[{\"@type\":\"Article\",\"@id\":\"https:\\\/\\\/www.cetys.mx\\\/noticias\\\/llevan-a-cabo-semana-de-la-contaduria-publica-en-campus-tijuana\\\/#article\",\"isPartOf\":{\"@id\":\"https:\\\/\\\/www.cetys.mx\\\/noticias\\\/llevan-a-cabo-semana-de-la-contaduria-publica-en-campus-tijuana\\\/\"},\"author\":{\"name\":\"Campus Tijuana\",\"@id\":\"https:\\\/\\\/www.cetys.mx\\\/noticias\\\/#\\\/schema\\\/person\\\/e790051ce60e18ae47cfa87011c8653f\"},\"headline\":\"Llevan a cabo Semana de la Contadur\u00eda P\u00fablica en Campus Tijuana\",\"datePublished\":\"2022-09-23T19:41:16+00:00\",\"mainEntityOfPage\":{\"@id\":\"https:\\\/\\\/www.cetys.mx\\\/noticias\\\/llevan-a-cabo-semana-de-la-contaduria-publica-en-campus-tijuana\\\/\"},\"wordCount\":225,\"commentCount\":0,\"image\":{\"@id\":\"https:\\\/\\\/www.cetys.mx\\\/noticias\\\/llevan-a-cabo-semana-de-la-contaduria-publica-en-campus-tijuana\\\/#primaryimage\"},\"thumbnailUrl\":\"https:\\\/\\\/www.cetys.mx\\\/noticias\\\/wp-content\\\/uploads\\\/2022\\\/09\\\/semana-de-la-contaduria.png\",\"keywords\":[\"Campus Tijuana\",\"CETYS Universidad\",\"Escuela de Administraci\u00f3n y Negocios\",\"Licenciatura en Contador P\u00fablico Internacional\"],\"articleSection\":[\"Campus Tijuana\",\"VoCETYS\"],\"inLanguage\":\"es\",\"potentialAction\":[{\"@type\":\"CommentAction\",\"name\":\"Comment\",\"target\":[\"https:\\\/\\\/www.cetys.mx\\\/noticias\\\/llevan-a-cabo-semana-de-la-contaduria-publica-en-campus-tijuana\\\/#respond\"]}]},{\"@type\":\"WebPage\",\"@id\":\"https:\\\/\\\/www.cetys.mx\\\/noticias\\\/llevan-a-cabo-semana-de-la-contaduria-publica-en-campus-tijuana\\\/\",\"url\":\"https:\\\/\\\/www.cetys.mx\\\/noticias\\\/llevan-a-cabo-semana-de-la-contaduria-publica-en-campus-tijuana\\\/\",\"name\":\"Llevan a cabo Semana de la Contadur\u00eda P\u00fablica en Campus Tijuana - CETYS\",\"isPartOf\":{\"@id\":\"https:\\\/\\\/www.cetys.mx\\\/noticias\\\/#website\"},\"primaryImageOfPage\":{\"@id\":\"https:\\\/\\\/www.cetys.mx\\\/noticias\\\/llevan-a-cabo-semana-de-la-contaduria-publica-en-campus-tijuana\\\/#primaryimage\"},\"image\":{\"@id\":\"https:\\\/\\\/www.cetys.mx\\\/noticias\\\/llevan-a-cabo-semana-de-la-contaduria-publica-en-campus-tijuana\\\/#primaryimage\"},\"thumbnailUrl\":\"https:\\\/\\\/www.cetys.mx\\\/noticias\\\/wp-content\\\/uploads\\\/2022\\\/09\\\/semana-de-la-contaduria.png\",\"datePublished\":\"2022-09-23T19:41:16+00:00\",\"author\":{\"@id\":\"https:\\\/\\\/www.cetys.mx\\\/noticias\\\/#\\\/schema\\\/person\\\/e790051ce60e18ae47cfa87011c8653f\"},\"description\":\"Articulo sobre Llevan a cabo Semana de la Contadur\u00eda P\u00fablica en Campus Tijuana\",\"breadcrumb\":{\"@id\":\"https:\\\/\\\/www.cetys.mx\\\/noticias\\\/llevan-a-cabo-semana-de-la-contaduria-publica-en-campus-tijuana\\\/#breadcrumb\"},\"inLanguage\":\"es\",\"potentialAction\":[{\"@type\":\"ReadAction\",\"target\":[\"https:\\\/\\\/www.cetys.mx\\\/noticias\\\/llevan-a-cabo-semana-de-la-contaduria-publica-en-campus-tijuana\\\/\"]}]},{\"@type\":\"ImageObject\",\"inLanguage\":\"es\",\"@id\":\"https:\\\/\\\/www.cetys.mx\\\/noticias\\\/llevan-a-cabo-semana-de-la-contaduria-publica-en-campus-tijuana\\\/#primaryimage\",\"url\":\"https:\\\/\\\/www.cetys.mx\\\/noticias\\\/wp-content\\\/uploads\\\/2022\\\/09\\\/semana-de-la-contaduria.png\",\"contentUrl\":\"https:\\\/\\\/www.cetys.mx\\\/noticias\\\/wp-content\\\/uploads\\\/2022\\\/09\\\/semana-de-la-contaduria.png\",\"width\":958,\"height\":637},{\"@type\":\"BreadcrumbList\",\"@id\":\"https:\\\/\\\/www.cetys.mx\\\/noticias\\\/llevan-a-cabo-semana-de-la-contaduria-publica-en-campus-tijuana\\\/#breadcrumb\",\"itemListElement\":[{\"@type\":\"ListItem\",\"position\":1,\"name\":\"Inicio\",\"item\":\"https:\\\/\\\/www.cetys.mx\\\/noticias\\\/\"},{\"@type\":\"ListItem\",\"position\":2,\"name\":\"Llevan a cabo Semana de la Contadur\u00eda P\u00fablica en Campus Tijuana\"}]},{\"@type\":\"WebSite\",\"@id\":\"https:\\\/\\\/www.cetys.mx\\\/noticias\\\/#website\",\"url\":\"https:\\\/\\\/www.cetys.mx\\\/noticias\\\/\",\"name\":\"CETYS\",\"description\":\"\",\"potentialAction\":[{\"@type\":\"SearchAction\",\"target\":{\"@type\":\"EntryPoint\",\"urlTemplate\":\"https:\\\/\\\/www.cetys.mx\\\/noticias\\\/?s={search_term_string}\"},\"query-input\":{\"@type\":\"PropertyValueSpecification\",\"valueRequired\":true,\"valueName\":\"search_term_string\"}}],\"inLanguage\":\"es\"},{\"@type\":\"Person\",\"@id\":\"https:\\\/\\\/www.cetys.mx\\\/noticias\\\/#\\\/schema\\\/person\\\/e790051ce60e18ae47cfa87011c8653f\",\"name\":\"Campus Tijuana\",\"url\":\"https:\\\/\\\/www.cetys.mx\\\/noticias\\\/author\\\/campustijuana\\\/\"}]}<\/script>\n<!-- \/ Yoast SEO plugin. -->","yoast_head_json":{"title":"Llevan a cabo Semana de la Contadur\u00eda P\u00fablica en Campus Tijuana - CETYS","description":"Articulo sobre Llevan a cabo Semana de la Contadur\u00eda P\u00fablica en Campus Tijuana","robots":{"index":"index","follow":"follow","max-snippet":"max-snippet:-1","max-image-preview":"max-image-preview:large","max-video-preview":"max-video-preview:-1"},"canonical":"https:\/\/www.cetys.mx\/noticias\/llevan-a-cabo-semana-de-la-contaduria-publica-en-campus-tijuana\/","og_locale":"es_MX","og_type":"article","og_title":"Llevan a cabo Semana de la Contadur\u00eda P\u00fablica en Campus Tijuana - CETYS","og_description":"Articulo sobre Llevan a cabo Semana de la Contadur\u00eda P\u00fablica en Campus Tijuana","og_url":"https:\/\/www.cetys.mx\/noticias\/llevan-a-cabo-semana-de-la-contaduria-publica-en-campus-tijuana\/","og_site_name":"CETYS","article_publisher":"https:\/\/www.facebook.com\/cetysuniversidadmxl\/","article_published_time":"2022-09-23T19:41:16+00:00","og_image":[{"width":958,"height":637,"url":"https:\/\/www.cetys.mx\/noticias\/wp-content\/uploads\/2022\/09\/semana-de-la-contaduria.png","type":"image\/png"}],"author":"Campus Tijuana","twitter_card":"summary_large_image","twitter_creator":"@cetysuni","twitter_site":"@cetysuni","twitter_misc":{"Escrito por":"Campus Tijuana","Tiempo de lectura":"1 minuto"},"schema":{"@context":"https:\/\/schema.org","@graph":[{"@type":"Article","@id":"https:\/\/www.cetys.mx\/noticias\/llevan-a-cabo-semana-de-la-contaduria-publica-en-campus-tijuana\/#article","isPartOf":{"@id":"https:\/\/www.cetys.mx\/noticias\/llevan-a-cabo-semana-de-la-contaduria-publica-en-campus-tijuana\/"},"author":{"name":"Campus Tijuana","@id":"https:\/\/www.cetys.mx\/noticias\/#\/schema\/person\/e790051ce60e18ae47cfa87011c8653f"},"headline":"Llevan a cabo Semana de la Contadur\u00eda P\u00fablica en Campus Tijuana","datePublished":"2022-09-23T19:41:16+00:00","mainEntityOfPage":{"@id":"https:\/\/www.cetys.mx\/noticias\/llevan-a-cabo-semana-de-la-contaduria-publica-en-campus-tijuana\/"},"wordCount":225,"commentCount":0,"image":{"@id":"https:\/\/www.cetys.mx\/noticias\/llevan-a-cabo-semana-de-la-contaduria-publica-en-campus-tijuana\/#primaryimage"},"thumbnailUrl":"https:\/\/www.cetys.mx\/noticias\/wp-content\/uploads\/2022\/09\/semana-de-la-contaduria.png","keywords":["Campus Tijuana","CETYS Universidad","Escuela de Administraci\u00f3n y Negocios","Licenciatura en Contador P\u00fablico Internacional"],"articleSection":["Campus Tijuana","VoCETYS"],"inLanguage":"es","potentialAction":[{"@type":"CommentAction","name":"Comment","target":["https:\/\/www.cetys.mx\/noticias\/llevan-a-cabo-semana-de-la-contaduria-publica-en-campus-tijuana\/#respond"]}]},{"@type":"WebPage","@id":"https:\/\/www.cetys.mx\/noticias\/llevan-a-cabo-semana-de-la-contaduria-publica-en-campus-tijuana\/","url":"https:\/\/www.cetys.mx\/noticias\/llevan-a-cabo-semana-de-la-contaduria-publica-en-campus-tijuana\/","name":"Llevan a cabo Semana de la Contadur\u00eda P\u00fablica en Campus Tijuana - CETYS","isPartOf":{"@id":"https:\/\/www.cetys.mx\/noticias\/#website"},"primaryImageOfPage":{"@id":"https:\/\/www.cetys.mx\/noticias\/llevan-a-cabo-semana-de-la-contaduria-publica-en-campus-tijuana\/#primaryimage"},"image":{"@id":"https:\/\/www.cetys.mx\/noticias\/llevan-a-cabo-semana-de-la-contaduria-publica-en-campus-tijuana\/#primaryimage"},"thumbnailUrl":"https:\/\/www.cetys.mx\/noticias\/wp-content\/uploads\/2022\/09\/semana-de-la-contaduria.png","datePublished":"2022-09-23T19:41:16+00:00","author":{"@id":"https:\/\/www.cetys.mx\/noticias\/#\/schema\/person\/e790051ce60e18ae47cfa87011c8653f"},"description":"Articulo sobre Llevan a cabo Semana de la Contadur\u00eda P\u00fablica en Campus Tijuana","breadcrumb":{"@id":"https:\/\/www.cetys.mx\/noticias\/llevan-a-cabo-semana-de-la-contaduria-publica-en-campus-tijuana\/#breadcrumb"},"inLanguage":"es","potentialAction":[{"@type":"ReadAction","target":["https:\/\/www.cetys.mx\/noticias\/llevan-a-cabo-semana-de-la-contaduria-publica-en-campus-tijuana\/"]}]},{"@type":"ImageObject","inLanguage":"es","@id":"https:\/\/www.cetys.mx\/noticias\/llevan-a-cabo-semana-de-la-contaduria-publica-en-campus-tijuana\/#primaryimage","url":"https:\/\/www.cetys.mx\/noticias\/wp-content\/uploads\/2022\/09\/semana-de-la-contaduria.png","contentUrl":"https:\/\/www.cetys.mx\/noticias\/wp-content\/uploads\/2022\/09\/semana-de-la-contaduria.png","width":958,"height":637},{"@type":"BreadcrumbList","@id":"https:\/\/www.cetys.mx\/noticias\/llevan-a-cabo-semana-de-la-contaduria-publica-en-campus-tijuana\/#breadcrumb","itemListElement":[{"@type":"ListItem","position":1,"name":"Inicio","item":"https:\/\/www.cetys.mx\/noticias\/"},{"@type":"ListItem","position":2,"name":"Llevan a cabo Semana de la Contadur\u00eda P\u00fablica en Campus Tijuana"}]},{"@type":"WebSite","@id":"https:\/\/www.cetys.mx\/noticias\/#website","url":"https:\/\/www.cetys.mx\/noticias\/","name":"CETYS","description":"","potentialAction":[{"@type":"SearchAction","target":{"@type":"EntryPoint","urlTemplate":"https:\/\/www.cetys.mx\/noticias\/?s={search_term_string}"},"query-input":{"@type":"PropertyValueSpecification","valueRequired":true,"valueName":"search_term_string"}}],"inLanguage":"es"},{"@type":"Person","@id":"https:\/\/www.cetys.mx\/noticias\/#\/schema\/person\/e790051ce60e18ae47cfa87011c8653f","name":"Campus Tijuana","url":"https:\/\/www.cetys.mx\/noticias\/author\/campustijuana\/"}]}},"_links":{"self":[{"href":"https:\/\/www.cetys.mx\/noticias\/wp-json\/wp\/v2\/posts\/167294","targetHints":{"allow":["GET"]}}],"collection":[{"href":"https:\/\/www.cetys.mx\/noticias\/wp-json\/wp\/v2\/posts"}],"about":[{"href":"https:\/\/www.cetys.mx\/noticias\/wp-json\/wp\/v2\/types\/post"}],"author":[{"embeddable":true,"href":"https:\/\/www.cetys.mx\/noticias\/wp-json\/wp\/v2\/users\/24"}],"replies":[{"embeddable":true,"href":"https:\/\/www.cetys.mx\/noticias\/wp-json\/wp\/v2\/comments?post=167294"}],"version-history":[{"count":1,"href":"https:\/\/www.cetys.mx\/noticias\/wp-json\/wp\/v2\/posts\/167294\/revisions"}],"predecessor-version":[{"id":167302,"href":"https:\/\/www.cetys.mx\/noticias\/wp-json\/wp\/v2\/posts\/167294\/revisions\/167302"}],"wp:featuredmedia":[{"embeddable":true,"href":"https:\/\/www.cetys.mx\/noticias\/wp-json\/wp\/v2\/media\/167300"}],"wp:attachment":[{"href":"https:\/\/www.cetys.mx\/noticias\/wp-json\/wp\/v2\/media?parent=167294"}],"wp:term":[{"taxonomy":"category","embeddable":true,"href":"https:\/\/www.cetys.mx\/noticias\/wp-json\/wp\/v2\/categories?post=167294"},{"taxonomy":"post_tag","embeddable":true,"href":"https:\/\/www.cetys.mx\/noticias\/wp-json\/wp\/v2\/tags?post=167294"}],"curies":[{"name":"wp","href":"https:\/\/api.w.org\/{rel}","templated":true}]}}