{"id":167192,"date":"2022-09-21T11:09:34","date_gmt":"2022-09-21T18:09:34","guid":{"rendered":"https:\/\/www.cetys.mx\/noticias\/?p=167192"},"modified":"2022-10-04T12:58:30","modified_gmt":"2022-10-04T19:58:30","slug":"cetys-digitalizacion-educacion","status":"publish","type":"post","link":"https:\/\/www.cetys.mx\/noticias\/cetys-digitalizacion-educacion\/","title":{"rendered":"Digitalizaci\u00f3n de la educaci\u00f3n, punto de partida para un nuevo paradigma"},"content":{"rendered":"<p style=\"text-align: center;\"><b><i>Expertos internacionales abordaron el futuro de la educaci\u00f3n durante el Di\u00e1logo Internacional sobre Digitalizaci\u00f3n en la Educaci\u00f3n, llevado a cabo en el marco de los eventos conmemorativos por el 61 aniversario de CETYS Universidad<\/i><\/b><\/p>\n<p style=\"text-align: justify;\"><span style=\"font-weight: 400;\">Despu\u00e9s de dos a\u00f1os de cambios vertiginosos, propiciados por la declaratoria de pandemia por COVID-19 a nivel mundial, la educaci\u00f3n impartida con el apoyo de herramientas digitales hizo evidente el aporte y relevancia de las innovaciones tecnol\u00f3gicas en este \u00e1mbito, la importancia y, principalmente la necesidad de continuar desarroll\u00e1ndolas e implement\u00e1ndolas de manera permanente para hacer frente a los desaf\u00edos actuales del entorno.<\/span><\/p>\n<p style=\"text-align: justify;\"><span style=\"font-weight: 400;\">Pero, \u00bfHacia d\u00f3nde apuntan las tendencias en materia de educaci\u00f3n y tecnolog\u00eda en un entorno post pand\u00e9mico? \u00bfSe trataba s\u00f3lo de sobrevivir para luego volver a la normalidad o este fue apenas el inicio de cambios reales y sustanciales en la forma de ense\u00f1ar y de aprender? Estos planteamientos fueron discutidos durante el Di\u00e1logo Internacional sobre Digitalizaci\u00f3n en la Educaci\u00f3n, que se llev\u00f3 a cabo en la Sala Gulfstream del Campus Mexicali de CETYS Universidad, en el marco de los eventos conmemorativos por el <\/span><a href=\"https:\/\/www.cetys.mx\/noticias\/conoce-los-eventos-del-61-aniversario-de-cetys\/\"><span style=\"font-weight: 400;\">61 aniversario<\/span><\/a><span style=\"font-weight: 400;\"> de dicha instituci\u00f3n.\u00a0<\/span><\/p>\n<p style=\"text-align: justify;\"><span style=\"font-weight: 400;\">Jim Brigadier, presidente de <\/span><a href=\"https:\/\/www.anthology.com\/blackboard\"><span style=\"font-weight: 400;\">Mercados Globales Anthology<\/span><\/a><span style=\"font-weight: 400;\">; el Mtro. Jos\u00e9 G. Mata Temoltzin, presidente de la Federaci\u00f3n de Instituciones Mexicanas Particulares (<\/span><a href=\"https:\/\/www.fimpes.org.mx\/\"><span style=\"font-weight: 400;\">FIMPES<\/span><\/a><span style=\"font-weight: 400;\">) y rector de la Universidad An\u00e1huac Puebla, y el Mtro. Gerardo Sol\u00eds Benavides, titular de la Secretar\u00eda de Educaci\u00f3n de Baja California, reflexionaron al respecto durante el encuentro moderado por el Dr. Fernando Le\u00f3n Garc\u00eda, rector del Sistema CETYS Universidad y presidente de la Asociaci\u00f3n Internacional de Presidentes Universitarios (<\/span><a href=\"https:\/\/www.iaup.org\/\"><span style=\"font-weight: 400;\">IAUP<\/span><\/a><span style=\"font-weight: 400;\">, por sus siglas en ingl\u00e9s).<\/span><\/p>\n<p style=\"text-align: justify;\"><span style=\"font-weight: 400;\">La clave para consolidar la digitalizaci\u00f3n de la educaci\u00f3n de manera productiva y favorable, consiste en su personalizaci\u00f3n, consider\u00f3 Jim Brigadier, presidente del corporativo l\u00edder en soluciones educativas que atiende a m\u00e1s de 4 mil instituciones ubicadas en 80 pa\u00edses, con 150 millones de estudiantes en todos los niveles de educaci\u00f3n.<\/span><\/p>\n<p style=\"text-align: justify;\"><span style=\"font-weight: 400;\"><img loading=\"lazy\" decoding=\"async\" class=\" wp-image-167190 alignleft\" src=\"https:\/\/www.cetys.mx\/noticias\/wp-content\/uploads\/2022\/09\/DSC_4710.jpg\" alt=\"\" width=\"381\" height=\"255\" srcset=\"https:\/\/www.cetys.mx\/noticias\/wp-content\/uploads\/2022\/09\/DSC_4710.jpg 1504w, https:\/\/www.cetys.mx\/noticias\/wp-content\/uploads\/2022\/09\/DSC_4710-768x513.jpg 768w\" sizes=\"auto, (max-width: 381px) 100vw, 381px\" \/>\u201cActualmente los estudiantes tienen opciones, no tienen que asistir a la escuela de manera presencial. Pueden obtener t\u00edtulos en cualquier lugar que deseen y, por lo tanto, toda instituci\u00f3n que desee continuar creciendo debe realizar una gran labor para conocer sus necesidades y preferencias, de cada uno de ellos, as\u00ed que la tarea es seguir centr\u00e1ndonos en c\u00f3mo podemos refinar eso a trav\u00e9s de la tecnolog\u00eda, pero tambi\u00e9n en la forma en la que interactuamos con el estudiante\u201d, expres\u00f3 Brigadier.\u00a0<\/span><\/p>\n<p style=\"text-align: justify;\"><span style=\"font-weight: 400;\">A\u00f1adi\u00f3 que con esa gran apertura y accesibilidad a los m\u00faltiples modelos de educaci\u00f3n, las universidades en todo el mundo enfrentan una gran presi\u00f3n para competir por atraer a los estudiantes; pero, dijo, \u201caunque la competencia es buena. Tenemos que mejorar, pero ahora tenemos que hacerlo en un contexto en el que nuestros directivos est\u00e1n fatigados; la pandemia fue agotadora y ahora tienen qu\u00e9 pensar en c\u00f3mo volverse m\u00e1s personalizado para el estudiante, para retener y desarrollar sus talentos\u201d.\u00a0<\/span><\/p>\n<p style=\"text-align: justify;\"><span style=\"font-weight: 400;\">En este sentido, la mentalidad y la cultura juegan un papel fundamental, complement\u00f3 el Mtro. Jose G. Mata Temoltzin, presidente de FIMPES y rector de la Universidad An\u00e1huac Puebla. \u201cEl cambio ocurrido durante la pandemia se puede mantener como un cambio de cultura; ahora somos m\u00e1s conscientes de que nada es para siempre, pero tambi\u00e9n de que todo se puede lograr, aunque los cambios no se producen de la noche a la ma\u00f1ana. Estamos viviendo un proceso en el que debemos s\u00ed, competir, pero tambi\u00e9n estar siempre listos para lo que venga despu\u00e9s\u201d, consider\u00f3.\u00a0<\/span><\/p>\n<p style=\"text-align: justify;\"><span style=\"font-weight: 400;\">Prueba de que la uni\u00f3n y la voluntad son capaces de empujar grandes cambios y obtener resultados positivos de ellos, fue la migraci\u00f3n de la ense\u00f1anza en el aula al entorno digital, suscitada durante la emergencia sanitaria por COVID-19; una situaci\u00f3n que, al mismo tiempo, revel\u00f3 la importancia de que tanto docentes y estudiantes como padres y tutores se involucren en la educaci\u00f3n durante su etapa b\u00e1sica, se\u00f1al\u00f3 el Mtro. Gerardo Sol\u00eds Benavides.\u00a0<\/span><\/p>\n<p style=\"text-align: justify;\"><span style=\"font-weight: 400;\">\u201cMedir la velocidad a la que ocurri\u00f3 el cambio de cultura, la migraci\u00f3n hacia lo digital, es muy variable. Requiri\u00f3 capacitar, activar correos, plataformas, y esto no signific\u00f3 lo mismo para todos; particularmente al padre de familia quien mostr\u00f3 m\u00e1s temor al ejercicio del cambio, as\u00ed que no se trata solo de tener las herramientas sino tambi\u00e9n la cultura y la voluntad de implementarlas. En M\u00e9xico, espec\u00edficamente en Baja California, ese salto tuvo una inmediatez asombrosa, en gran parte porque la culturizaci\u00f3n digital se meti\u00f3 en las venas como una necesidad, convirtiendo al maestro en un experto en aplicaciones y t\u00e9cnicas de ense\u00f1anza digital; es asombroso el tiempo en el que el maestro tom\u00f3 el control de las herramientas en todos los sentidos\u201d, concluy\u00f3 el secretario de Educaci\u00f3n.<\/span><\/p>\n<p><img loading=\"lazy\" decoding=\"async\" class=\" wp-image-167189 aligncenter\" src=\"https:\/\/www.cetys.mx\/noticias\/wp-content\/uploads\/2022\/09\/DSC_4665-2.jpg\" alt=\"\" width=\"468\" height=\"312\" srcset=\"https:\/\/www.cetys.mx\/noticias\/wp-content\/uploads\/2022\/09\/DSC_4665-2.jpg 1504w, https:\/\/www.cetys.mx\/noticias\/wp-content\/uploads\/2022\/09\/DSC_4665-2-768x513.jpg 768w\" sizes=\"auto, (max-width: 468px) 100vw, 468px\" \/><\/p>\n","protected":false},"excerpt":{"rendered":"<p>Expertos internacionales abordaron el futuro de la educaci\u00f3n durante el Di\u00e1logo Internacional sobre Digitalizaci\u00f3n en la Educaci\u00f3n, llevado a cabo en el&#8230;<\/p>\n","protected":false},"author":20,"featured_media":167691,"comment_status":"open","ping_status":"closed","sticky":false,"template":"","format":"standard","meta":{"footnotes":""},"categories":[209],"tags":[6084,6089,6088,168,6087,430,4209,5337],"class_list":["post-167192","post","type-post","status-publish","format-standard","has-post-thumbnail","hentry","category-institucional","tag-cetys61","tag-61-aniversario-cetys-universidad","tag-anthology-blackboard","tag-cetys-universidad","tag-digitalizacion-de-la-educacion","tag-educacion","tag-fimpes","tag-iaup"],"yoast_head":"<!-- This site is optimized with the Yoast SEO plugin v27.4 - https:\/\/yoast.com\/product\/yoast-seo-wordpress\/ -->\n<title>Digitalizaci\u00f3n de la educaci\u00f3n, punto de partida para un nuevo paradigma - CETYS<\/title>\n<meta name=\"description\" content=\"Articulo sobre Digitalizaci\u00f3n de la educaci\u00f3n, punto de partida para un nuevo paradigma\" \/>\n<meta name=\"robots\" content=\"index, follow, max-snippet:-1, max-image-preview:large, max-video-preview:-1\" \/>\n<link rel=\"canonical\" href=\"https:\/\/www.cetys.mx\/noticias\/cetys-digitalizacion-educacion\/\" \/>\n<meta property=\"og:locale\" content=\"es_MX\" \/>\n<meta property=\"og:type\" content=\"article\" \/>\n<meta property=\"og:title\" content=\"Digitalizaci\u00f3n de la educaci\u00f3n, punto de partida para un nuevo paradigma - CETYS\" \/>\n<meta property=\"og:description\" content=\"Articulo sobre Digitalizaci\u00f3n de la educaci\u00f3n, punto de partida para un nuevo paradigma\" \/>\n<meta property=\"og:url\" content=\"https:\/\/www.cetys.mx\/noticias\/cetys-digitalizacion-educacion\/\" \/>\n<meta property=\"og:site_name\" content=\"CETYS\" \/>\n<meta property=\"article:publisher\" content=\"https:\/\/www.facebook.com\/cetysuniversidadmxl\/\" \/>\n<meta property=\"article:published_time\" content=\"2022-09-21T18:09:34+00:00\" \/>\n<meta property=\"article:modified_time\" content=\"2022-10-04T19:58:30+00:00\" \/>\n<meta property=\"og:image\" content=\"https:\/\/www.cetys.mx\/noticias\/wp-content\/uploads\/2022\/09\/DSC_4831.jpg\" \/>\n\t<meta property=\"og:image:width\" content=\"6016\" \/>\n\t<meta property=\"og:image:height\" content=\"4016\" \/>\n\t<meta property=\"og:image:type\" content=\"image\/jpeg\" \/>\n<meta name=\"author\" content=\"Campus Mexicali\" \/>\n<meta name=\"twitter:card\" content=\"summary_large_image\" \/>\n<meta name=\"twitter:creator\" content=\"@cetysuni\" \/>\n<meta name=\"twitter:site\" content=\"@cetysuni\" \/>\n<meta name=\"twitter:label1\" content=\"Escrito por\" \/>\n\t<meta name=\"twitter:data1\" content=\"Campus Mexicali\" \/>\n\t<meta name=\"twitter:label2\" content=\"Tiempo de lectura\" \/>\n\t<meta name=\"twitter:data2\" content=\"4 minutos\" \/>\n<script type=\"application\/ld+json\" class=\"yoast-schema-graph\">{\"@context\":\"https:\\\/\\\/schema.org\",\"@graph\":[{\"@type\":\"Article\",\"@id\":\"https:\\\/\\\/www.cetys.mx\\\/noticias\\\/cetys-digitalizacion-educacion\\\/#article\",\"isPartOf\":{\"@id\":\"https:\\\/\\\/www.cetys.mx\\\/noticias\\\/cetys-digitalizacion-educacion\\\/\"},\"author\":{\"name\":\"Campus Mexicali\",\"@id\":\"https:\\\/\\\/www.cetys.mx\\\/noticias\\\/#\\\/schema\\\/person\\\/79a95c4ac185f3705cf1b9c9340a5f70\"},\"headline\":\"Digitalizaci\u00f3n de la educaci\u00f3n, punto de partida para un nuevo paradigma\",\"datePublished\":\"2022-09-21T18:09:34+00:00\",\"dateModified\":\"2022-10-04T19:58:30+00:00\",\"mainEntityOfPage\":{\"@id\":\"https:\\\/\\\/www.cetys.mx\\\/noticias\\\/cetys-digitalizacion-educacion\\\/\"},\"wordCount\":850,\"commentCount\":0,\"image\":{\"@id\":\"https:\\\/\\\/www.cetys.mx\\\/noticias\\\/cetys-digitalizacion-educacion\\\/#primaryimage\"},\"thumbnailUrl\":\"https:\\\/\\\/www.cetys.mx\\\/noticias\\\/wp-content\\\/uploads\\\/2022\\\/09\\\/DSC_4831.jpg\",\"keywords\":[\"#CETYS61\",\"61 aniversario CETYS Universidad\",\"Anthology Blackboard\",\"CETYS Universidad\",\"Digitalizaci\u00f3n de la Educaci\u00f3n\",\"Educaci\u00f3n\",\"FIMPES\",\"IAUP\"],\"articleSection\":[\"Institucional\"],\"inLanguage\":\"es\",\"potentialAction\":[{\"@type\":\"CommentAction\",\"name\":\"Comment\",\"target\":[\"https:\\\/\\\/www.cetys.mx\\\/noticias\\\/cetys-digitalizacion-educacion\\\/#respond\"]}]},{\"@type\":\"WebPage\",\"@id\":\"https:\\\/\\\/www.cetys.mx\\\/noticias\\\/cetys-digitalizacion-educacion\\\/\",\"url\":\"https:\\\/\\\/www.cetys.mx\\\/noticias\\\/cetys-digitalizacion-educacion\\\/\",\"name\":\"Digitalizaci\u00f3n de la educaci\u00f3n, punto de partida para un nuevo paradigma - CETYS\",\"isPartOf\":{\"@id\":\"https:\\\/\\\/www.cetys.mx\\\/noticias\\\/#website\"},\"primaryImageOfPage\":{\"@id\":\"https:\\\/\\\/www.cetys.mx\\\/noticias\\\/cetys-digitalizacion-educacion\\\/#primaryimage\"},\"image\":{\"@id\":\"https:\\\/\\\/www.cetys.mx\\\/noticias\\\/cetys-digitalizacion-educacion\\\/#primaryimage\"},\"thumbnailUrl\":\"https:\\\/\\\/www.cetys.mx\\\/noticias\\\/wp-content\\\/uploads\\\/2022\\\/09\\\/DSC_4831.jpg\",\"datePublished\":\"2022-09-21T18:09:34+00:00\",\"dateModified\":\"2022-10-04T19:58:30+00:00\",\"author\":{\"@id\":\"https:\\\/\\\/www.cetys.mx\\\/noticias\\\/#\\\/schema\\\/person\\\/79a95c4ac185f3705cf1b9c9340a5f70\"},\"description\":\"Articulo sobre Digitalizaci\u00f3n de la educaci\u00f3n, punto de partida para un nuevo paradigma\",\"breadcrumb\":{\"@id\":\"https:\\\/\\\/www.cetys.mx\\\/noticias\\\/cetys-digitalizacion-educacion\\\/#breadcrumb\"},\"inLanguage\":\"es\",\"potentialAction\":[{\"@type\":\"ReadAction\",\"target\":[\"https:\\\/\\\/www.cetys.mx\\\/noticias\\\/cetys-digitalizacion-educacion\\\/\"]}]},{\"@type\":\"ImageObject\",\"inLanguage\":\"es\",\"@id\":\"https:\\\/\\\/www.cetys.mx\\\/noticias\\\/cetys-digitalizacion-educacion\\\/#primaryimage\",\"url\":\"https:\\\/\\\/www.cetys.mx\\\/noticias\\\/wp-content\\\/uploads\\\/2022\\\/09\\\/DSC_4831.jpg\",\"contentUrl\":\"https:\\\/\\\/www.cetys.mx\\\/noticias\\\/wp-content\\\/uploads\\\/2022\\\/09\\\/DSC_4831.jpg\",\"width\":6016,\"height\":4016},{\"@type\":\"BreadcrumbList\",\"@id\":\"https:\\\/\\\/www.cetys.mx\\\/noticias\\\/cetys-digitalizacion-educacion\\\/#breadcrumb\",\"itemListElement\":[{\"@type\":\"ListItem\",\"position\":1,\"name\":\"Inicio\",\"item\":\"https:\\\/\\\/www.cetys.mx\\\/noticias\\\/\"},{\"@type\":\"ListItem\",\"position\":2,\"name\":\"Digitalizaci\u00f3n de la educaci\u00f3n, punto de partida para un nuevo paradigma\"}]},{\"@type\":\"WebSite\",\"@id\":\"https:\\\/\\\/www.cetys.mx\\\/noticias\\\/#website\",\"url\":\"https:\\\/\\\/www.cetys.mx\\\/noticias\\\/\",\"name\":\"CETYS\",\"description\":\"\",\"potentialAction\":[{\"@type\":\"SearchAction\",\"target\":{\"@type\":\"EntryPoint\",\"urlTemplate\":\"https:\\\/\\\/www.cetys.mx\\\/noticias\\\/?s={search_term_string}\"},\"query-input\":{\"@type\":\"PropertyValueSpecification\",\"valueRequired\":true,\"valueName\":\"search_term_string\"}}],\"inLanguage\":\"es\"},{\"@type\":\"Person\",\"@id\":\"https:\\\/\\\/www.cetys.mx\\\/noticias\\\/#\\\/schema\\\/person\\\/79a95c4ac185f3705cf1b9c9340a5f70\",\"name\":\"Campus Mexicali\",\"url\":\"https:\\\/\\\/www.cetys.mx\\\/noticias\\\/author\\\/campusmexicali\\\/\"}]}<\/script>\n<!-- \/ Yoast SEO plugin. -->","yoast_head_json":{"title":"Digitalizaci\u00f3n de la educaci\u00f3n, punto de partida para un nuevo paradigma - CETYS","description":"Articulo sobre Digitalizaci\u00f3n de la educaci\u00f3n, punto de partida para un nuevo paradigma","robots":{"index":"index","follow":"follow","max-snippet":"max-snippet:-1","max-image-preview":"max-image-preview:large","max-video-preview":"max-video-preview:-1"},"canonical":"https:\/\/www.cetys.mx\/noticias\/cetys-digitalizacion-educacion\/","og_locale":"es_MX","og_type":"article","og_title":"Digitalizaci\u00f3n de la educaci\u00f3n, punto de partida para un nuevo paradigma - CETYS","og_description":"Articulo sobre Digitalizaci\u00f3n de la educaci\u00f3n, punto de partida para un nuevo paradigma","og_url":"https:\/\/www.cetys.mx\/noticias\/cetys-digitalizacion-educacion\/","og_site_name":"CETYS","article_publisher":"https:\/\/www.facebook.com\/cetysuniversidadmxl\/","article_published_time":"2022-09-21T18:09:34+00:00","article_modified_time":"2022-10-04T19:58:30+00:00","og_image":[{"width":6016,"height":4016,"url":"https:\/\/www.cetys.mx\/noticias\/wp-content\/uploads\/2022\/09\/DSC_4831.jpg","type":"image\/jpeg"}],"author":"Campus Mexicali","twitter_card":"summary_large_image","twitter_creator":"@cetysuni","twitter_site":"@cetysuni","twitter_misc":{"Escrito por":"Campus Mexicali","Tiempo de lectura":"4 minutos"},"schema":{"@context":"https:\/\/schema.org","@graph":[{"@type":"Article","@id":"https:\/\/www.cetys.mx\/noticias\/cetys-digitalizacion-educacion\/#article","isPartOf":{"@id":"https:\/\/www.cetys.mx\/noticias\/cetys-digitalizacion-educacion\/"},"author":{"name":"Campus Mexicali","@id":"https:\/\/www.cetys.mx\/noticias\/#\/schema\/person\/79a95c4ac185f3705cf1b9c9340a5f70"},"headline":"Digitalizaci\u00f3n de la educaci\u00f3n, punto de partida para un nuevo paradigma","datePublished":"2022-09-21T18:09:34+00:00","dateModified":"2022-10-04T19:58:30+00:00","mainEntityOfPage":{"@id":"https:\/\/www.cetys.mx\/noticias\/cetys-digitalizacion-educacion\/"},"wordCount":850,"commentCount":0,"image":{"@id":"https:\/\/www.cetys.mx\/noticias\/cetys-digitalizacion-educacion\/#primaryimage"},"thumbnailUrl":"https:\/\/www.cetys.mx\/noticias\/wp-content\/uploads\/2022\/09\/DSC_4831.jpg","keywords":["#CETYS61","61 aniversario CETYS Universidad","Anthology Blackboard","CETYS Universidad","Digitalizaci\u00f3n de la Educaci\u00f3n","Educaci\u00f3n","FIMPES","IAUP"],"articleSection":["Institucional"],"inLanguage":"es","potentialAction":[{"@type":"CommentAction","name":"Comment","target":["https:\/\/www.cetys.mx\/noticias\/cetys-digitalizacion-educacion\/#respond"]}]},{"@type":"WebPage","@id":"https:\/\/www.cetys.mx\/noticias\/cetys-digitalizacion-educacion\/","url":"https:\/\/www.cetys.mx\/noticias\/cetys-digitalizacion-educacion\/","name":"Digitalizaci\u00f3n de la educaci\u00f3n, punto de partida para un nuevo paradigma - CETYS","isPartOf":{"@id":"https:\/\/www.cetys.mx\/noticias\/#website"},"primaryImageOfPage":{"@id":"https:\/\/www.cetys.mx\/noticias\/cetys-digitalizacion-educacion\/#primaryimage"},"image":{"@id":"https:\/\/www.cetys.mx\/noticias\/cetys-digitalizacion-educacion\/#primaryimage"},"thumbnailUrl":"https:\/\/www.cetys.mx\/noticias\/wp-content\/uploads\/2022\/09\/DSC_4831.jpg","datePublished":"2022-09-21T18:09:34+00:00","dateModified":"2022-10-04T19:58:30+00:00","author":{"@id":"https:\/\/www.cetys.mx\/noticias\/#\/schema\/person\/79a95c4ac185f3705cf1b9c9340a5f70"},"description":"Articulo sobre Digitalizaci\u00f3n de la educaci\u00f3n, punto de partida para un nuevo paradigma","breadcrumb":{"@id":"https:\/\/www.cetys.mx\/noticias\/cetys-digitalizacion-educacion\/#breadcrumb"},"inLanguage":"es","potentialAction":[{"@type":"ReadAction","target":["https:\/\/www.cetys.mx\/noticias\/cetys-digitalizacion-educacion\/"]}]},{"@type":"ImageObject","inLanguage":"es","@id":"https:\/\/www.cetys.mx\/noticias\/cetys-digitalizacion-educacion\/#primaryimage","url":"https:\/\/www.cetys.mx\/noticias\/wp-content\/uploads\/2022\/09\/DSC_4831.jpg","contentUrl":"https:\/\/www.cetys.mx\/noticias\/wp-content\/uploads\/2022\/09\/DSC_4831.jpg","width":6016,"height":4016},{"@type":"BreadcrumbList","@id":"https:\/\/www.cetys.mx\/noticias\/cetys-digitalizacion-educacion\/#breadcrumb","itemListElement":[{"@type":"ListItem","position":1,"name":"Inicio","item":"https:\/\/www.cetys.mx\/noticias\/"},{"@type":"ListItem","position":2,"name":"Digitalizaci\u00f3n de la educaci\u00f3n, punto de partida para un nuevo paradigma"}]},{"@type":"WebSite","@id":"https:\/\/www.cetys.mx\/noticias\/#website","url":"https:\/\/www.cetys.mx\/noticias\/","name":"CETYS","description":"","potentialAction":[{"@type":"SearchAction","target":{"@type":"EntryPoint","urlTemplate":"https:\/\/www.cetys.mx\/noticias\/?s={search_term_string}"},"query-input":{"@type":"PropertyValueSpecification","valueRequired":true,"valueName":"search_term_string"}}],"inLanguage":"es"},{"@type":"Person","@id":"https:\/\/www.cetys.mx\/noticias\/#\/schema\/person\/79a95c4ac185f3705cf1b9c9340a5f70","name":"Campus Mexicali","url":"https:\/\/www.cetys.mx\/noticias\/author\/campusmexicali\/"}]}},"_links":{"self":[{"href":"https:\/\/www.cetys.mx\/noticias\/wp-json\/wp\/v2\/posts\/167192","targetHints":{"allow":["GET"]}}],"collection":[{"href":"https:\/\/www.cetys.mx\/noticias\/wp-json\/wp\/v2\/posts"}],"about":[{"href":"https:\/\/www.cetys.mx\/noticias\/wp-json\/wp\/v2\/types\/post"}],"author":[{"embeddable":true,"href":"https:\/\/www.cetys.mx\/noticias\/wp-json\/wp\/v2\/users\/20"}],"replies":[{"embeddable":true,"href":"https:\/\/www.cetys.mx\/noticias\/wp-json\/wp\/v2\/comments?post=167192"}],"version-history":[{"count":1,"href":"https:\/\/www.cetys.mx\/noticias\/wp-json\/wp\/v2\/posts\/167192\/revisions"}],"predecessor-version":[{"id":167197,"href":"https:\/\/www.cetys.mx\/noticias\/wp-json\/wp\/v2\/posts\/167192\/revisions\/167197"}],"wp:featuredmedia":[{"embeddable":true,"href":"https:\/\/www.cetys.mx\/noticias\/wp-json\/wp\/v2\/media\/167691"}],"wp:attachment":[{"href":"https:\/\/www.cetys.mx\/noticias\/wp-json\/wp\/v2\/media?parent=167192"}],"wp:term":[{"taxonomy":"category","embeddable":true,"href":"https:\/\/www.cetys.mx\/noticias\/wp-json\/wp\/v2\/categories?post=167192"},{"taxonomy":"post_tag","embeddable":true,"href":"https:\/\/www.cetys.mx\/noticias\/wp-json\/wp\/v2\/tags?post=167192"}],"curies":[{"name":"wp","href":"https:\/\/api.w.org\/{rel}","templated":true}]}}