{"id":166955,"date":"2022-09-08T12:33:50","date_gmt":"2022-09-08T19:33:50","guid":{"rendered":"https:\/\/www.cetys.mx\/noticias\/?p=166955"},"modified":"2022-09-08T12:33:50","modified_gmt":"2022-09-08T19:33:50","slug":"libro-responsible-management-education-prme","status":"publish","type":"post","link":"https:\/\/www.cetys.mx\/noticias\/libro-responsible-management-education-prme\/","title":{"rendered":"De coautor\u00eda de la Dra. Victoria Gonz\u00e1lez se publica el libro Responsible Management Education, The PRME Global Movement"},"content":{"rendered":"<p style=\"text-align: justify;\"><span style=\"font-weight: 400;\">Como parte de las actividades relacionadas con su membres\u00eda al Comit\u00e9 de Gobernanza de los Cap\u00edtulos PRME (Principios para la Educaci\u00f3n Responsable en Gesti\u00f3n), organismo adherido a la Organizaci\u00f3n de las Naciones Unidas (ONU) que funge como el primer v\u00ednculo oficial entre la ONU y las Instituciones de Educaci\u00f3n Superior, la Dra. Victoria Gonz\u00e1lez Guti\u00e9rrez, catedr\u00e1tica del Colegio de Administraci\u00f3n y Negocios de CETYS Universidad, fungi\u00f3 como co autora del libro <\/span><i><span style=\"font-weight: 400;\">Responsible Management Education, The PRME Global Movement<\/span><\/i><span style=\"font-weight: 400;\">.<\/span><\/p>\n<p style=\"text-align: justify;\"><span style=\"font-weight: 400;\"><img loading=\"lazy\" decoding=\"async\" class=\" alignleft\" src=\"https:\/\/www.cetys.mx\/wp-content\/uploads\/2021\/08\/PHOTO-2019-10-11-15-22-15-Victoria-Gonzalez-1-e1629936179539.jpg\" width=\"297\" height=\"297\" \/>Junto a figuras como Antonio Guterres, Secretario General de la ONU, y catedr\u00e1ticos destacados procedentes de instituciones a nivel mundial, al desarrollar este libro la docente de CETYS forma parte del grupo de personas clave para PRME y su impacto en la promoci\u00f3n del desarrollo sostenible en la educaci\u00f3n, la investigaci\u00f3n y las asociaciones en instituciones de educaci\u00f3n superior y, espec\u00edficamente, en escuelas de negocios, con el prop\u00f3sito de educar a l\u00edderes responsables.<\/span><\/p>\n<p style=\"text-align: justify;\"><span style=\"font-weight: 400;\">Tambi\u00e9n, se espera que <\/span><i><span style=\"font-weight: 400;\">Responsible Management Education, The PRME Global Movement <\/span><\/i><span style=\"font-weight: 400;\">sirva como inspiraci\u00f3n para las universidades y otras partes interesadas en la educaci\u00f3n superior sobre estructuras, procesos y contenido relativo a c\u00f3mo promover la educaci\u00f3n en gesti\u00f3n responsable y el desarrollo sostenible.<\/span><\/p>\n<p style=\"text-align: justify;\"><span style=\"font-weight: 400;\">En sus p\u00e1ginas se articula la importancia de temas clave relacionados con el cambio clim\u00e1tico, la igualdad de g\u00e9nero, la lucha contra la corrupci\u00f3n, los negocios por la paz, la lucha contra la pobreza y otros temas que est\u00e1n relacionados con los Objetivos de Desarrollo Sostenible (ODS), enfatizando la importancia de la interacci\u00f3n local-global, bas\u00e1ndose en la acci\u00f3n local en las escuelas de gesti\u00f3n en combinaci\u00f3n con el intercambio de conocimientos globales en toda la comunidad PRME.<\/span><\/p>\n<p style=\"text-align: justify;\"><span style=\"font-weight: 400;\">Adem\u00e1s, el libro detalla los antecedentes, los hitos clave y los logros de PRME como un movimiento global de escuelas de gesti\u00f3n en colaboraci\u00f3n con una comunidad m\u00e1s amplia de profesionales de la educaci\u00f3n superior.\u00a0<\/span><\/p>\n<p style=\"text-align: justify;\"><span style=\"font-weight: 400;\">Como la Dra. Victoria Gonz\u00e1lez, todos sus autores son decanos, profesores, educadores, ejecutivos y estudiantes con experiencia global con una perspectiva global, que est\u00e1n unidos para promover la educaci\u00f3n en gesti\u00f3n responsable a nivel local y global.<\/span><\/p>\n<p style=\"text-align: justify;\"><span style=\"font-weight: 400;\">Se trata de una lectura invaluable para l\u00edderes universitarios, docentes y alumnos de escuelas de negocios que deseen comprender e incorporar enfoques de educaci\u00f3n de gesti\u00f3n responsable en sus actividades.\u00a0<\/span><\/p>\n<p style=\"text-align: justify;\"><i><span style=\"font-weight: 400;\">Responsible Management Education, The PRME Global Movement <\/span><\/i><span style=\"font-weight: 400;\">fue publicado en una versi\u00f3n de acceso abierto que puedes consultar <\/span><a href=\"https:\/\/www.taylorfrancis.com\/books\/oa-edit\/10.4324\/9781003186311\/responsible-management-education-principles-responsible-management-education\"><span style=\"font-weight: 400;\">aqu\u00ed<\/span><\/a><span style=\"font-weight: 400;\"> y leer de forma gratuita cuando lo desees, bajo una licencia Creative Commons Attribution-Non Commercial-No Derivatives 4.0.<\/span><\/p>\n","protected":false},"excerpt":{"rendered":"<p>Como parte de las actividades relacionadas con su membres\u00eda al Comit\u00e9 de Gobernanza de los Cap\u00edtulos PRME (Principios para la Educaci\u00f3n Responsable&#8230;<\/p>\n","protected":false},"author":20,"featured_media":166956,"comment_status":"open","ping_status":"closed","sticky":false,"template":"","format":"standard","meta":{"footnotes":""},"categories":[133],"tags":[168,3690,515,4597],"class_list":["post-166955","post","type-post","status-publish","format-standard","has-post-thumbnail","hentry","category-campus-mexicali","tag-cetys-universidad","tag-desarrollo-sostenible","tag-onu","tag-prme"],"yoast_head":"<!-- This site is optimized with the Yoast SEO plugin v27.4 - https:\/\/yoast.com\/product\/yoast-seo-wordpress\/ -->\n<title>De coautor\u00eda de la Dra. Victoria Gonz\u00e1lez se publica el libro Responsible Management Education, The PRME Global Movement - CETYS<\/title>\n<meta name=\"description\" content=\"Articulo sobre De coautor\u00eda de la Dra. Victoria Gonz\u00e1lez se publica el libro Responsible Management Education, The PRME Global Movement\" \/>\n<meta name=\"robots\" content=\"index, follow, max-snippet:-1, max-image-preview:large, max-video-preview:-1\" \/>\n<link rel=\"canonical\" href=\"https:\/\/www.cetys.mx\/noticias\/libro-responsible-management-education-prme\/\" \/>\n<meta property=\"og:locale\" content=\"es_MX\" \/>\n<meta property=\"og:type\" content=\"article\" \/>\n<meta property=\"og:title\" content=\"De coautor\u00eda de la Dra. Victoria Gonz\u00e1lez se publica el libro Responsible Management Education, The PRME Global Movement - CETYS\" \/>\n<meta property=\"og:description\" content=\"Articulo sobre De coautor\u00eda de la Dra. Victoria Gonz\u00e1lez se publica el libro Responsible Management Education, The PRME Global Movement\" \/>\n<meta property=\"og:url\" content=\"https:\/\/www.cetys.mx\/noticias\/libro-responsible-management-education-prme\/\" \/>\n<meta property=\"og:site_name\" content=\"CETYS\" \/>\n<meta property=\"article:publisher\" content=\"https:\/\/www.facebook.com\/cetysuniversidadmxl\/\" \/>\n<meta property=\"article:published_time\" content=\"2022-09-08T19:33:50+00:00\" \/>\n<meta property=\"og:image\" content=\"https:\/\/www.cetys.mx\/noticias\/wp-content\/uploads\/2022\/09\/Portada.jpg\" \/>\n\t<meta property=\"og:image:width\" content=\"958\" \/>\n\t<meta property=\"og:image:height\" content=\"637\" \/>\n\t<meta property=\"og:image:type\" content=\"image\/jpeg\" \/>\n<meta name=\"author\" content=\"Campus Mexicali\" \/>\n<meta name=\"twitter:card\" content=\"summary_large_image\" \/>\n<meta name=\"twitter:creator\" content=\"@cetysuni\" \/>\n<meta name=\"twitter:site\" content=\"@cetysuni\" \/>\n<meta name=\"twitter:label1\" content=\"Escrito por\" \/>\n\t<meta name=\"twitter:data1\" content=\"Campus Mexicali\" \/>\n\t<meta name=\"twitter:label2\" content=\"Tiempo de lectura\" \/>\n\t<meta name=\"twitter:data2\" content=\"2 minutos\" \/>\n<script type=\"application\/ld+json\" class=\"yoast-schema-graph\">{\"@context\":\"https:\\\/\\\/schema.org\",\"@graph\":[{\"@type\":\"Article\",\"@id\":\"https:\\\/\\\/www.cetys.mx\\\/noticias\\\/libro-responsible-management-education-prme\\\/#article\",\"isPartOf\":{\"@id\":\"https:\\\/\\\/www.cetys.mx\\\/noticias\\\/libro-responsible-management-education-prme\\\/\"},\"author\":{\"name\":\"Campus Mexicali\",\"@id\":\"https:\\\/\\\/www.cetys.mx\\\/noticias\\\/#\\\/schema\\\/person\\\/79a95c4ac185f3705cf1b9c9340a5f70\"},\"headline\":\"De coautor\u00eda de la Dra. Victoria Gonz\u00e1lez se publica el libro Responsible Management Education, The PRME Global Movement\",\"datePublished\":\"2022-09-08T19:33:50+00:00\",\"mainEntityOfPage\":{\"@id\":\"https:\\\/\\\/www.cetys.mx\\\/noticias\\\/libro-responsible-management-education-prme\\\/\"},\"wordCount\":476,\"commentCount\":0,\"image\":{\"@id\":\"https:\\\/\\\/www.cetys.mx\\\/noticias\\\/libro-responsible-management-education-prme\\\/#primaryimage\"},\"thumbnailUrl\":\"https:\\\/\\\/www.cetys.mx\\\/noticias\\\/wp-content\\\/uploads\\\/2022\\\/09\\\/Portada.jpg\",\"keywords\":[\"CETYS Universidad\",\"Desarrollo Sostenible\",\"onu\",\"PRME\"],\"articleSection\":[\"Campus Mexicali\"],\"inLanguage\":\"es\",\"potentialAction\":[{\"@type\":\"CommentAction\",\"name\":\"Comment\",\"target\":[\"https:\\\/\\\/www.cetys.mx\\\/noticias\\\/libro-responsible-management-education-prme\\\/#respond\"]}]},{\"@type\":\"WebPage\",\"@id\":\"https:\\\/\\\/www.cetys.mx\\\/noticias\\\/libro-responsible-management-education-prme\\\/\",\"url\":\"https:\\\/\\\/www.cetys.mx\\\/noticias\\\/libro-responsible-management-education-prme\\\/\",\"name\":\"De coautor\u00eda de la Dra. Victoria Gonz\u00e1lez se publica el libro Responsible Management Education, The PRME Global Movement - CETYS\",\"isPartOf\":{\"@id\":\"https:\\\/\\\/www.cetys.mx\\\/noticias\\\/#website\"},\"primaryImageOfPage\":{\"@id\":\"https:\\\/\\\/www.cetys.mx\\\/noticias\\\/libro-responsible-management-education-prme\\\/#primaryimage\"},\"image\":{\"@id\":\"https:\\\/\\\/www.cetys.mx\\\/noticias\\\/libro-responsible-management-education-prme\\\/#primaryimage\"},\"thumbnailUrl\":\"https:\\\/\\\/www.cetys.mx\\\/noticias\\\/wp-content\\\/uploads\\\/2022\\\/09\\\/Portada.jpg\",\"datePublished\":\"2022-09-08T19:33:50+00:00\",\"author\":{\"@id\":\"https:\\\/\\\/www.cetys.mx\\\/noticias\\\/#\\\/schema\\\/person\\\/79a95c4ac185f3705cf1b9c9340a5f70\"},\"description\":\"Articulo sobre De coautor\u00eda de la Dra. Victoria Gonz\u00e1lez se publica el libro Responsible Management Education, The PRME Global Movement\",\"breadcrumb\":{\"@id\":\"https:\\\/\\\/www.cetys.mx\\\/noticias\\\/libro-responsible-management-education-prme\\\/#breadcrumb\"},\"inLanguage\":\"es\",\"potentialAction\":[{\"@type\":\"ReadAction\",\"target\":[\"https:\\\/\\\/www.cetys.mx\\\/noticias\\\/libro-responsible-management-education-prme\\\/\"]}]},{\"@type\":\"ImageObject\",\"inLanguage\":\"es\",\"@id\":\"https:\\\/\\\/www.cetys.mx\\\/noticias\\\/libro-responsible-management-education-prme\\\/#primaryimage\",\"url\":\"https:\\\/\\\/www.cetys.mx\\\/noticias\\\/wp-content\\\/uploads\\\/2022\\\/09\\\/Portada.jpg\",\"contentUrl\":\"https:\\\/\\\/www.cetys.mx\\\/noticias\\\/wp-content\\\/uploads\\\/2022\\\/09\\\/Portada.jpg\",\"width\":958,\"height\":637},{\"@type\":\"BreadcrumbList\",\"@id\":\"https:\\\/\\\/www.cetys.mx\\\/noticias\\\/libro-responsible-management-education-prme\\\/#breadcrumb\",\"itemListElement\":[{\"@type\":\"ListItem\",\"position\":1,\"name\":\"Inicio\",\"item\":\"https:\\\/\\\/www.cetys.mx\\\/noticias\\\/\"},{\"@type\":\"ListItem\",\"position\":2,\"name\":\"De coautor\u00eda de la Dra. Victoria Gonz\u00e1lez se publica el libro Responsible Management Education, The PRME Global Movement\"}]},{\"@type\":\"WebSite\",\"@id\":\"https:\\\/\\\/www.cetys.mx\\\/noticias\\\/#website\",\"url\":\"https:\\\/\\\/www.cetys.mx\\\/noticias\\\/\",\"name\":\"CETYS\",\"description\":\"\",\"potentialAction\":[{\"@type\":\"SearchAction\",\"target\":{\"@type\":\"EntryPoint\",\"urlTemplate\":\"https:\\\/\\\/www.cetys.mx\\\/noticias\\\/?s={search_term_string}\"},\"query-input\":{\"@type\":\"PropertyValueSpecification\",\"valueRequired\":true,\"valueName\":\"search_term_string\"}}],\"inLanguage\":\"es\"},{\"@type\":\"Person\",\"@id\":\"https:\\\/\\\/www.cetys.mx\\\/noticias\\\/#\\\/schema\\\/person\\\/79a95c4ac185f3705cf1b9c9340a5f70\",\"name\":\"Campus Mexicali\",\"url\":\"https:\\\/\\\/www.cetys.mx\\\/noticias\\\/author\\\/campusmexicali\\\/\"}]}<\/script>\n<!-- \/ Yoast SEO plugin. -->","yoast_head_json":{"title":"De coautor\u00eda de la Dra. Victoria Gonz\u00e1lez se publica el libro Responsible Management Education, The PRME Global Movement - CETYS","description":"Articulo sobre De coautor\u00eda de la Dra. Victoria Gonz\u00e1lez se publica el libro Responsible Management Education, The PRME Global Movement","robots":{"index":"index","follow":"follow","max-snippet":"max-snippet:-1","max-image-preview":"max-image-preview:large","max-video-preview":"max-video-preview:-1"},"canonical":"https:\/\/www.cetys.mx\/noticias\/libro-responsible-management-education-prme\/","og_locale":"es_MX","og_type":"article","og_title":"De coautor\u00eda de la Dra. Victoria Gonz\u00e1lez se publica el libro Responsible Management Education, The PRME Global Movement - CETYS","og_description":"Articulo sobre De coautor\u00eda de la Dra. Victoria Gonz\u00e1lez se publica el libro Responsible Management Education, The PRME Global Movement","og_url":"https:\/\/www.cetys.mx\/noticias\/libro-responsible-management-education-prme\/","og_site_name":"CETYS","article_publisher":"https:\/\/www.facebook.com\/cetysuniversidadmxl\/","article_published_time":"2022-09-08T19:33:50+00:00","og_image":[{"width":958,"height":637,"url":"https:\/\/www.cetys.mx\/noticias\/wp-content\/uploads\/2022\/09\/Portada.jpg","type":"image\/jpeg"}],"author":"Campus Mexicali","twitter_card":"summary_large_image","twitter_creator":"@cetysuni","twitter_site":"@cetysuni","twitter_misc":{"Escrito por":"Campus Mexicali","Tiempo de lectura":"2 minutos"},"schema":{"@context":"https:\/\/schema.org","@graph":[{"@type":"Article","@id":"https:\/\/www.cetys.mx\/noticias\/libro-responsible-management-education-prme\/#article","isPartOf":{"@id":"https:\/\/www.cetys.mx\/noticias\/libro-responsible-management-education-prme\/"},"author":{"name":"Campus Mexicali","@id":"https:\/\/www.cetys.mx\/noticias\/#\/schema\/person\/79a95c4ac185f3705cf1b9c9340a5f70"},"headline":"De coautor\u00eda de la Dra. Victoria Gonz\u00e1lez se publica el libro Responsible Management Education, The PRME Global Movement","datePublished":"2022-09-08T19:33:50+00:00","mainEntityOfPage":{"@id":"https:\/\/www.cetys.mx\/noticias\/libro-responsible-management-education-prme\/"},"wordCount":476,"commentCount":0,"image":{"@id":"https:\/\/www.cetys.mx\/noticias\/libro-responsible-management-education-prme\/#primaryimage"},"thumbnailUrl":"https:\/\/www.cetys.mx\/noticias\/wp-content\/uploads\/2022\/09\/Portada.jpg","keywords":["CETYS Universidad","Desarrollo Sostenible","onu","PRME"],"articleSection":["Campus Mexicali"],"inLanguage":"es","potentialAction":[{"@type":"CommentAction","name":"Comment","target":["https:\/\/www.cetys.mx\/noticias\/libro-responsible-management-education-prme\/#respond"]}]},{"@type":"WebPage","@id":"https:\/\/www.cetys.mx\/noticias\/libro-responsible-management-education-prme\/","url":"https:\/\/www.cetys.mx\/noticias\/libro-responsible-management-education-prme\/","name":"De coautor\u00eda de la Dra. Victoria Gonz\u00e1lez se publica el libro Responsible Management Education, The PRME Global Movement - CETYS","isPartOf":{"@id":"https:\/\/www.cetys.mx\/noticias\/#website"},"primaryImageOfPage":{"@id":"https:\/\/www.cetys.mx\/noticias\/libro-responsible-management-education-prme\/#primaryimage"},"image":{"@id":"https:\/\/www.cetys.mx\/noticias\/libro-responsible-management-education-prme\/#primaryimage"},"thumbnailUrl":"https:\/\/www.cetys.mx\/noticias\/wp-content\/uploads\/2022\/09\/Portada.jpg","datePublished":"2022-09-08T19:33:50+00:00","author":{"@id":"https:\/\/www.cetys.mx\/noticias\/#\/schema\/person\/79a95c4ac185f3705cf1b9c9340a5f70"},"description":"Articulo sobre De coautor\u00eda de la Dra. Victoria Gonz\u00e1lez se publica el libro Responsible Management Education, The PRME Global Movement","breadcrumb":{"@id":"https:\/\/www.cetys.mx\/noticias\/libro-responsible-management-education-prme\/#breadcrumb"},"inLanguage":"es","potentialAction":[{"@type":"ReadAction","target":["https:\/\/www.cetys.mx\/noticias\/libro-responsible-management-education-prme\/"]}]},{"@type":"ImageObject","inLanguage":"es","@id":"https:\/\/www.cetys.mx\/noticias\/libro-responsible-management-education-prme\/#primaryimage","url":"https:\/\/www.cetys.mx\/noticias\/wp-content\/uploads\/2022\/09\/Portada.jpg","contentUrl":"https:\/\/www.cetys.mx\/noticias\/wp-content\/uploads\/2022\/09\/Portada.jpg","width":958,"height":637},{"@type":"BreadcrumbList","@id":"https:\/\/www.cetys.mx\/noticias\/libro-responsible-management-education-prme\/#breadcrumb","itemListElement":[{"@type":"ListItem","position":1,"name":"Inicio","item":"https:\/\/www.cetys.mx\/noticias\/"},{"@type":"ListItem","position":2,"name":"De coautor\u00eda de la Dra. Victoria Gonz\u00e1lez se publica el libro Responsible Management Education, The PRME Global Movement"}]},{"@type":"WebSite","@id":"https:\/\/www.cetys.mx\/noticias\/#website","url":"https:\/\/www.cetys.mx\/noticias\/","name":"CETYS","description":"","potentialAction":[{"@type":"SearchAction","target":{"@type":"EntryPoint","urlTemplate":"https:\/\/www.cetys.mx\/noticias\/?s={search_term_string}"},"query-input":{"@type":"PropertyValueSpecification","valueRequired":true,"valueName":"search_term_string"}}],"inLanguage":"es"},{"@type":"Person","@id":"https:\/\/www.cetys.mx\/noticias\/#\/schema\/person\/79a95c4ac185f3705cf1b9c9340a5f70","name":"Campus Mexicali","url":"https:\/\/www.cetys.mx\/noticias\/author\/campusmexicali\/"}]}},"_links":{"self":[{"href":"https:\/\/www.cetys.mx\/noticias\/wp-json\/wp\/v2\/posts\/166955","targetHints":{"allow":["GET"]}}],"collection":[{"href":"https:\/\/www.cetys.mx\/noticias\/wp-json\/wp\/v2\/posts"}],"about":[{"href":"https:\/\/www.cetys.mx\/noticias\/wp-json\/wp\/v2\/types\/post"}],"author":[{"embeddable":true,"href":"https:\/\/www.cetys.mx\/noticias\/wp-json\/wp\/v2\/users\/20"}],"replies":[{"embeddable":true,"href":"https:\/\/www.cetys.mx\/noticias\/wp-json\/wp\/v2\/comments?post=166955"}],"version-history":[{"count":1,"href":"https:\/\/www.cetys.mx\/noticias\/wp-json\/wp\/v2\/posts\/166955\/revisions"}],"predecessor-version":[{"id":166957,"href":"https:\/\/www.cetys.mx\/noticias\/wp-json\/wp\/v2\/posts\/166955\/revisions\/166957"}],"wp:featuredmedia":[{"embeddable":true,"href":"https:\/\/www.cetys.mx\/noticias\/wp-json\/wp\/v2\/media\/166956"}],"wp:attachment":[{"href":"https:\/\/www.cetys.mx\/noticias\/wp-json\/wp\/v2\/media?parent=166955"}],"wp:term":[{"taxonomy":"category","embeddable":true,"href":"https:\/\/www.cetys.mx\/noticias\/wp-json\/wp\/v2\/categories?post=166955"},{"taxonomy":"post_tag","embeddable":true,"href":"https:\/\/www.cetys.mx\/noticias\/wp-json\/wp\/v2\/tags?post=166955"}],"curies":[{"name":"wp","href":"https:\/\/api.w.org\/{rel}","templated":true}]}}