{"id":166922,"date":"2022-09-07T17:12:22","date_gmt":"2022-09-08T00:12:22","guid":{"rendered":"https:\/\/www.cetys.mx\/noticias\/?p=166922"},"modified":"2022-09-07T18:13:49","modified_gmt":"2022-09-08T01:13:49","slug":"el-encuentro-de-inspiradores-a-traves-del-arte-en-cetys-campus-tijuana","status":"publish","type":"post","link":"https:\/\/www.cetys.mx\/noticias\/el-encuentro-de-inspiradores-a-traves-del-arte-en-cetys-campus-tijuana\/","title":{"rendered":"El encuentro de &#8220;Inspiradores a trav\u00e9s del Arte&#8221;, en CETYS Campus Tijuana"},"content":{"rendered":"<p>La formaci\u00f3n art\u00edstica es parte de la preparaci\u00f3n integral de CETYS Universidad, por ello es que se llev\u00f3 a cabo el encuentro de &#8220;Inspiradores a trav\u00e9s del Arte&#8221;, el cual tiene el objetivo de recibir, reconocer y reafirmar la disciplina, desempe\u00f1o art\u00edstico y compromiso en cada estudiante que ha participado de forma activa con la comunidad de CETYS en Tijuana.<\/p>\n<p>Actualmente existen 6 agrupaciones que han servido de inspiraci\u00f3n, de ellos surgen 56 alumnos con beca art\u00edstica, 27 de preparatoria y 29 de profesional.<\/p>\n<p>En el encuentro la Mtra. Jessica Ibarra Ramonet, Directora de CETYS Universidad Campus Tijuana, reconoci\u00f3 la entrega de cada uno de los estudiantes y que promueve a la comunidad estudiantil, que se sigan desarrollando estas habilidades. Asimismo, el Mtro. Pablo Murad\u00e1s Gonz\u00e1lez Franco, Coordinador de Asuntos Estudiantiles, as\u00ed como Michelle L\u00f3pez, directora de Difusi\u00f3n Cultural.<\/p>\n<p>Adem\u00e1s de conocer a los maestros talleristas, se les entreg\u00f3 a los alumnos una camiseta que simboliza el orgullo de pertenencia a\u00a0 CETYS a trav\u00e9s de la pr\u00e1ctica art\u00edstica y que abona para promover la libertad creativa as\u00ed como descubrir el arte como una experiencia din\u00e1mica\u00a0 y significativa.<\/p>\n<p>&nbsp;<\/p>\n<p>&nbsp;<\/p>\n","protected":false},"excerpt":{"rendered":"<p>La formaci\u00f3n art\u00edstica es parte de la preparaci\u00f3n integral de CETYS Universidad, por ello es que se llev\u00f3 a cabo el encuentro&#8230;<\/p>\n","protected":false},"author":24,"featured_media":166924,"comment_status":"open","ping_status":"closed","sticky":false,"template":"","format":"gallery","meta":{"footnotes":""},"categories":[134,143,306],"tags":[2321,297,1555,791],"class_list":["post-166922","post","type-post","status-publish","format-gallery","has-post-thumbnail","hentry","category-campus-tijuana","category-galeria","category-profesional","tag-asuntos-estudiantiles","tag-campus-tijuana","tag-culturales","tag-difusion-cultural","post_format-post-format-gallery"],"yoast_head":"<!-- This site is optimized with the Yoast SEO plugin v27.4 - https:\/\/yoast.com\/product\/yoast-seo-wordpress\/ -->\n<title>El encuentro de &quot;Inspiradores a trav\u00e9s del Arte&quot;, en CETYS Campus Tijuana - CETYS<\/title>\n<meta name=\"description\" content=\"Articulo sobre El encuentro de &quot;Inspiradores a trav\u00e9s del Arte&quot;, en CETYS Campus Tijuana\" \/>\n<meta name=\"robots\" content=\"index, follow, max-snippet:-1, max-image-preview:large, max-video-preview:-1\" \/>\n<link rel=\"canonical\" href=\"https:\/\/www.cetys.mx\/noticias\/el-encuentro-de-inspiradores-a-traves-del-arte-en-cetys-campus-tijuana\/\" \/>\n<meta property=\"og:locale\" content=\"es_MX\" \/>\n<meta property=\"og:type\" content=\"article\" \/>\n<meta property=\"og:title\" content=\"El encuentro de &quot;Inspiradores a trav\u00e9s del Arte&quot;, en CETYS Campus Tijuana - CETYS\" \/>\n<meta property=\"og:description\" content=\"Articulo sobre El encuentro de &quot;Inspiradores a trav\u00e9s del Arte&quot;, en CETYS Campus Tijuana\" \/>\n<meta property=\"og:url\" content=\"https:\/\/www.cetys.mx\/noticias\/el-encuentro-de-inspiradores-a-traves-del-arte-en-cetys-campus-tijuana\/\" \/>\n<meta property=\"og:site_name\" content=\"CETYS\" \/>\n<meta property=\"article:publisher\" content=\"https:\/\/www.facebook.com\/cetysuniversidadmxl\/\" \/>\n<meta property=\"article:published_time\" content=\"2022-09-08T00:12:22+00:00\" \/>\n<meta property=\"article:modified_time\" content=\"2022-09-08T01:13:49+00:00\" \/>\n<meta property=\"og:image\" content=\"https:\/\/www.cetys.mx\/noticias\/wp-content\/uploads\/2022\/09\/encuentro-Inspiradores-del-Arte.png\" \/>\n\t<meta property=\"og:image:width\" content=\"958\" \/>\n\t<meta property=\"og:image:height\" content=\"488\" \/>\n\t<meta property=\"og:image:type\" content=\"image\/png\" \/>\n<meta name=\"author\" content=\"Campus Tijuana\" \/>\n<meta name=\"twitter:card\" content=\"summary_large_image\" \/>\n<meta name=\"twitter:creator\" content=\"@cetysuni\" \/>\n<meta name=\"twitter:site\" content=\"@cetysuni\" \/>\n<meta name=\"twitter:label1\" content=\"Escrito por\" \/>\n\t<meta name=\"twitter:data1\" content=\"Campus Tijuana\" \/>\n\t<meta name=\"twitter:label2\" content=\"Tiempo de lectura\" \/>\n\t<meta name=\"twitter:data2\" content=\"1 minuto\" \/>\n<script type=\"application\/ld+json\" class=\"yoast-schema-graph\">{\"@context\":\"https:\\\/\\\/schema.org\",\"@graph\":[{\"@type\":\"Article\",\"@id\":\"https:\\\/\\\/www.cetys.mx\\\/noticias\\\/el-encuentro-de-inspiradores-a-traves-del-arte-en-cetys-campus-tijuana\\\/#article\",\"isPartOf\":{\"@id\":\"https:\\\/\\\/www.cetys.mx\\\/noticias\\\/el-encuentro-de-inspiradores-a-traves-del-arte-en-cetys-campus-tijuana\\\/\"},\"author\":{\"name\":\"Campus Tijuana\",\"@id\":\"https:\\\/\\\/www.cetys.mx\\\/noticias\\\/#\\\/schema\\\/person\\\/e790051ce60e18ae47cfa87011c8653f\"},\"headline\":\"El encuentro de &#8220;Inspiradores a trav\u00e9s del Arte&#8221;, en CETYS Campus Tijuana\",\"datePublished\":\"2022-09-08T00:12:22+00:00\",\"dateModified\":\"2022-09-08T01:13:49+00:00\",\"mainEntityOfPage\":{\"@id\":\"https:\\\/\\\/www.cetys.mx\\\/noticias\\\/el-encuentro-de-inspiradores-a-traves-del-arte-en-cetys-campus-tijuana\\\/\"},\"wordCount\":215,\"commentCount\":0,\"image\":{\"@id\":\"https:\\\/\\\/www.cetys.mx\\\/noticias\\\/el-encuentro-de-inspiradores-a-traves-del-arte-en-cetys-campus-tijuana\\\/#primaryimage\"},\"thumbnailUrl\":\"https:\\\/\\\/www.cetys.mx\\\/noticias\\\/wp-content\\\/uploads\\\/2022\\\/09\\\/encuentro-Inspiradores-del-Arte.png\",\"keywords\":[\"Asuntos Estudiantiles\",\"Campus Tijuana\",\"Culturales\",\"Difusi\u00f3n Cultural\"],\"articleSection\":[\"Campus Tijuana\",\"Galer\u00eda\",\"Profesional\"],\"inLanguage\":\"es\",\"potentialAction\":[{\"@type\":\"CommentAction\",\"name\":\"Comment\",\"target\":[\"https:\\\/\\\/www.cetys.mx\\\/noticias\\\/el-encuentro-de-inspiradores-a-traves-del-arte-en-cetys-campus-tijuana\\\/#respond\"]}]},{\"@type\":\"WebPage\",\"@id\":\"https:\\\/\\\/www.cetys.mx\\\/noticias\\\/el-encuentro-de-inspiradores-a-traves-del-arte-en-cetys-campus-tijuana\\\/\",\"url\":\"https:\\\/\\\/www.cetys.mx\\\/noticias\\\/el-encuentro-de-inspiradores-a-traves-del-arte-en-cetys-campus-tijuana\\\/\",\"name\":\"El encuentro de \\\"Inspiradores a trav\u00e9s del Arte\\\", en CETYS Campus Tijuana - CETYS\",\"isPartOf\":{\"@id\":\"https:\\\/\\\/www.cetys.mx\\\/noticias\\\/#website\"},\"primaryImageOfPage\":{\"@id\":\"https:\\\/\\\/www.cetys.mx\\\/noticias\\\/el-encuentro-de-inspiradores-a-traves-del-arte-en-cetys-campus-tijuana\\\/#primaryimage\"},\"image\":{\"@id\":\"https:\\\/\\\/www.cetys.mx\\\/noticias\\\/el-encuentro-de-inspiradores-a-traves-del-arte-en-cetys-campus-tijuana\\\/#primaryimage\"},\"thumbnailUrl\":\"https:\\\/\\\/www.cetys.mx\\\/noticias\\\/wp-content\\\/uploads\\\/2022\\\/09\\\/encuentro-Inspiradores-del-Arte.png\",\"datePublished\":\"2022-09-08T00:12:22+00:00\",\"dateModified\":\"2022-09-08T01:13:49+00:00\",\"author\":{\"@id\":\"https:\\\/\\\/www.cetys.mx\\\/noticias\\\/#\\\/schema\\\/person\\\/e790051ce60e18ae47cfa87011c8653f\"},\"description\":\"Articulo sobre El encuentro de \\\"Inspiradores a trav\u00e9s del Arte\\\", en CETYS Campus Tijuana\",\"breadcrumb\":{\"@id\":\"https:\\\/\\\/www.cetys.mx\\\/noticias\\\/el-encuentro-de-inspiradores-a-traves-del-arte-en-cetys-campus-tijuana\\\/#breadcrumb\"},\"inLanguage\":\"es\",\"potentialAction\":[{\"@type\":\"ReadAction\",\"target\":[\"https:\\\/\\\/www.cetys.mx\\\/noticias\\\/el-encuentro-de-inspiradores-a-traves-del-arte-en-cetys-campus-tijuana\\\/\"]}]},{\"@type\":\"ImageObject\",\"inLanguage\":\"es\",\"@id\":\"https:\\\/\\\/www.cetys.mx\\\/noticias\\\/el-encuentro-de-inspiradores-a-traves-del-arte-en-cetys-campus-tijuana\\\/#primaryimage\",\"url\":\"https:\\\/\\\/www.cetys.mx\\\/noticias\\\/wp-content\\\/uploads\\\/2022\\\/09\\\/encuentro-Inspiradores-del-Arte.png\",\"contentUrl\":\"https:\\\/\\\/www.cetys.mx\\\/noticias\\\/wp-content\\\/uploads\\\/2022\\\/09\\\/encuentro-Inspiradores-del-Arte.png\",\"width\":958,\"height\":488},{\"@type\":\"BreadcrumbList\",\"@id\":\"https:\\\/\\\/www.cetys.mx\\\/noticias\\\/el-encuentro-de-inspiradores-a-traves-del-arte-en-cetys-campus-tijuana\\\/#breadcrumb\",\"itemListElement\":[{\"@type\":\"ListItem\",\"position\":1,\"name\":\"Inicio\",\"item\":\"https:\\\/\\\/www.cetys.mx\\\/noticias\\\/\"},{\"@type\":\"ListItem\",\"position\":2,\"name\":\"El encuentro de &#8220;Inspiradores a trav\u00e9s del Arte&#8221;, en CETYS Campus Tijuana\"}]},{\"@type\":\"WebSite\",\"@id\":\"https:\\\/\\\/www.cetys.mx\\\/noticias\\\/#website\",\"url\":\"https:\\\/\\\/www.cetys.mx\\\/noticias\\\/\",\"name\":\"CETYS\",\"description\":\"\",\"potentialAction\":[{\"@type\":\"SearchAction\",\"target\":{\"@type\":\"EntryPoint\",\"urlTemplate\":\"https:\\\/\\\/www.cetys.mx\\\/noticias\\\/?s={search_term_string}\"},\"query-input\":{\"@type\":\"PropertyValueSpecification\",\"valueRequired\":true,\"valueName\":\"search_term_string\"}}],\"inLanguage\":\"es\"},{\"@type\":\"Person\",\"@id\":\"https:\\\/\\\/www.cetys.mx\\\/noticias\\\/#\\\/schema\\\/person\\\/e790051ce60e18ae47cfa87011c8653f\",\"name\":\"Campus Tijuana\",\"url\":\"https:\\\/\\\/www.cetys.mx\\\/noticias\\\/author\\\/campustijuana\\\/\"}]}<\/script>\n<!-- \/ Yoast SEO plugin. -->","yoast_head_json":{"title":"El encuentro de \"Inspiradores a trav\u00e9s del Arte\", en CETYS Campus Tijuana - CETYS","description":"Articulo sobre El encuentro de \"Inspiradores a trav\u00e9s del Arte\", en CETYS Campus Tijuana","robots":{"index":"index","follow":"follow","max-snippet":"max-snippet:-1","max-image-preview":"max-image-preview:large","max-video-preview":"max-video-preview:-1"},"canonical":"https:\/\/www.cetys.mx\/noticias\/el-encuentro-de-inspiradores-a-traves-del-arte-en-cetys-campus-tijuana\/","og_locale":"es_MX","og_type":"article","og_title":"El encuentro de \"Inspiradores a trav\u00e9s del Arte\", en CETYS Campus Tijuana - CETYS","og_description":"Articulo sobre El encuentro de \"Inspiradores a trav\u00e9s del Arte\", en CETYS Campus Tijuana","og_url":"https:\/\/www.cetys.mx\/noticias\/el-encuentro-de-inspiradores-a-traves-del-arte-en-cetys-campus-tijuana\/","og_site_name":"CETYS","article_publisher":"https:\/\/www.facebook.com\/cetysuniversidadmxl\/","article_published_time":"2022-09-08T00:12:22+00:00","article_modified_time":"2022-09-08T01:13:49+00:00","og_image":[{"width":958,"height":488,"url":"https:\/\/www.cetys.mx\/noticias\/wp-content\/uploads\/2022\/09\/encuentro-Inspiradores-del-Arte.png","type":"image\/png"}],"author":"Campus Tijuana","twitter_card":"summary_large_image","twitter_creator":"@cetysuni","twitter_site":"@cetysuni","twitter_misc":{"Escrito por":"Campus Tijuana","Tiempo de lectura":"1 minuto"},"schema":{"@context":"https:\/\/schema.org","@graph":[{"@type":"Article","@id":"https:\/\/www.cetys.mx\/noticias\/el-encuentro-de-inspiradores-a-traves-del-arte-en-cetys-campus-tijuana\/#article","isPartOf":{"@id":"https:\/\/www.cetys.mx\/noticias\/el-encuentro-de-inspiradores-a-traves-del-arte-en-cetys-campus-tijuana\/"},"author":{"name":"Campus Tijuana","@id":"https:\/\/www.cetys.mx\/noticias\/#\/schema\/person\/e790051ce60e18ae47cfa87011c8653f"},"headline":"El encuentro de &#8220;Inspiradores a trav\u00e9s del Arte&#8221;, en CETYS Campus Tijuana","datePublished":"2022-09-08T00:12:22+00:00","dateModified":"2022-09-08T01:13:49+00:00","mainEntityOfPage":{"@id":"https:\/\/www.cetys.mx\/noticias\/el-encuentro-de-inspiradores-a-traves-del-arte-en-cetys-campus-tijuana\/"},"wordCount":215,"commentCount":0,"image":{"@id":"https:\/\/www.cetys.mx\/noticias\/el-encuentro-de-inspiradores-a-traves-del-arte-en-cetys-campus-tijuana\/#primaryimage"},"thumbnailUrl":"https:\/\/www.cetys.mx\/noticias\/wp-content\/uploads\/2022\/09\/encuentro-Inspiradores-del-Arte.png","keywords":["Asuntos Estudiantiles","Campus Tijuana","Culturales","Difusi\u00f3n Cultural"],"articleSection":["Campus Tijuana","Galer\u00eda","Profesional"],"inLanguage":"es","potentialAction":[{"@type":"CommentAction","name":"Comment","target":["https:\/\/www.cetys.mx\/noticias\/el-encuentro-de-inspiradores-a-traves-del-arte-en-cetys-campus-tijuana\/#respond"]}]},{"@type":"WebPage","@id":"https:\/\/www.cetys.mx\/noticias\/el-encuentro-de-inspiradores-a-traves-del-arte-en-cetys-campus-tijuana\/","url":"https:\/\/www.cetys.mx\/noticias\/el-encuentro-de-inspiradores-a-traves-del-arte-en-cetys-campus-tijuana\/","name":"El encuentro de \"Inspiradores a trav\u00e9s del Arte\", en CETYS Campus Tijuana - CETYS","isPartOf":{"@id":"https:\/\/www.cetys.mx\/noticias\/#website"},"primaryImageOfPage":{"@id":"https:\/\/www.cetys.mx\/noticias\/el-encuentro-de-inspiradores-a-traves-del-arte-en-cetys-campus-tijuana\/#primaryimage"},"image":{"@id":"https:\/\/www.cetys.mx\/noticias\/el-encuentro-de-inspiradores-a-traves-del-arte-en-cetys-campus-tijuana\/#primaryimage"},"thumbnailUrl":"https:\/\/www.cetys.mx\/noticias\/wp-content\/uploads\/2022\/09\/encuentro-Inspiradores-del-Arte.png","datePublished":"2022-09-08T00:12:22+00:00","dateModified":"2022-09-08T01:13:49+00:00","author":{"@id":"https:\/\/www.cetys.mx\/noticias\/#\/schema\/person\/e790051ce60e18ae47cfa87011c8653f"},"description":"Articulo sobre El encuentro de \"Inspiradores a trav\u00e9s del Arte\", en CETYS Campus Tijuana","breadcrumb":{"@id":"https:\/\/www.cetys.mx\/noticias\/el-encuentro-de-inspiradores-a-traves-del-arte-en-cetys-campus-tijuana\/#breadcrumb"},"inLanguage":"es","potentialAction":[{"@type":"ReadAction","target":["https:\/\/www.cetys.mx\/noticias\/el-encuentro-de-inspiradores-a-traves-del-arte-en-cetys-campus-tijuana\/"]}]},{"@type":"ImageObject","inLanguage":"es","@id":"https:\/\/www.cetys.mx\/noticias\/el-encuentro-de-inspiradores-a-traves-del-arte-en-cetys-campus-tijuana\/#primaryimage","url":"https:\/\/www.cetys.mx\/noticias\/wp-content\/uploads\/2022\/09\/encuentro-Inspiradores-del-Arte.png","contentUrl":"https:\/\/www.cetys.mx\/noticias\/wp-content\/uploads\/2022\/09\/encuentro-Inspiradores-del-Arte.png","width":958,"height":488},{"@type":"BreadcrumbList","@id":"https:\/\/www.cetys.mx\/noticias\/el-encuentro-de-inspiradores-a-traves-del-arte-en-cetys-campus-tijuana\/#breadcrumb","itemListElement":[{"@type":"ListItem","position":1,"name":"Inicio","item":"https:\/\/www.cetys.mx\/noticias\/"},{"@type":"ListItem","position":2,"name":"El encuentro de &#8220;Inspiradores a trav\u00e9s del Arte&#8221;, en CETYS Campus Tijuana"}]},{"@type":"WebSite","@id":"https:\/\/www.cetys.mx\/noticias\/#website","url":"https:\/\/www.cetys.mx\/noticias\/","name":"CETYS","description":"","potentialAction":[{"@type":"SearchAction","target":{"@type":"EntryPoint","urlTemplate":"https:\/\/www.cetys.mx\/noticias\/?s={search_term_string}"},"query-input":{"@type":"PropertyValueSpecification","valueRequired":true,"valueName":"search_term_string"}}],"inLanguage":"es"},{"@type":"Person","@id":"https:\/\/www.cetys.mx\/noticias\/#\/schema\/person\/e790051ce60e18ae47cfa87011c8653f","name":"Campus Tijuana","url":"https:\/\/www.cetys.mx\/noticias\/author\/campustijuana\/"}]}},"_links":{"self":[{"href":"https:\/\/www.cetys.mx\/noticias\/wp-json\/wp\/v2\/posts\/166922","targetHints":{"allow":["GET"]}}],"collection":[{"href":"https:\/\/www.cetys.mx\/noticias\/wp-json\/wp\/v2\/posts"}],"about":[{"href":"https:\/\/www.cetys.mx\/noticias\/wp-json\/wp\/v2\/types\/post"}],"author":[{"embeddable":true,"href":"https:\/\/www.cetys.mx\/noticias\/wp-json\/wp\/v2\/users\/24"}],"replies":[{"embeddable":true,"href":"https:\/\/www.cetys.mx\/noticias\/wp-json\/wp\/v2\/comments?post=166922"}],"version-history":[{"count":3,"href":"https:\/\/www.cetys.mx\/noticias\/wp-json\/wp\/v2\/posts\/166922\/revisions"}],"predecessor-version":[{"id":166932,"href":"https:\/\/www.cetys.mx\/noticias\/wp-json\/wp\/v2\/posts\/166922\/revisions\/166932"}],"wp:featuredmedia":[{"embeddable":true,"href":"https:\/\/www.cetys.mx\/noticias\/wp-json\/wp\/v2\/media\/166924"}],"wp:attachment":[{"href":"https:\/\/www.cetys.mx\/noticias\/wp-json\/wp\/v2\/media?parent=166922"}],"wp:term":[{"taxonomy":"category","embeddable":true,"href":"https:\/\/www.cetys.mx\/noticias\/wp-json\/wp\/v2\/categories?post=166922"},{"taxonomy":"post_tag","embeddable":true,"href":"https:\/\/www.cetys.mx\/noticias\/wp-json\/wp\/v2\/tags?post=166922"}],"curies":[{"name":"wp","href":"https:\/\/api.w.org\/{rel}","templated":true}]}}