{"id":166823,"date":"2022-09-02T17:14:32","date_gmt":"2022-09-03T00:14:32","guid":{"rendered":"https:\/\/www.cetys.mx\/noticias\/?p=166823"},"modified":"2022-09-02T17:14:32","modified_gmt":"2022-09-03T00:14:32","slug":"ella-es-kamila-garcia-una-de-las-integrantes-del-equipo-de-mujeres-mexicanas-aceptadas-en-congreso-internacional-de-astronautica","status":"publish","type":"post","link":"https:\/\/www.cetys.mx\/noticias\/ella-es-kamila-garcia-una-de-las-integrantes-del-equipo-de-mujeres-mexicanas-aceptadas-en-congreso-internacional-de-astronautica\/","title":{"rendered":"Ella es Kamila Garc\u00eda, una de las integrantes del equipo de mujeres mexicanas aceptadas en Congreso Internacional de Astron\u00e1utica"},"content":{"rendered":"<p align=\"justify\"><em>\u201cSoy Mujer, amo la ciencia, quiero un mundo y un M\u00e9xico mejor\u201d<\/em>, son las palabras de\u00a0<strong><span class=\"il\">Kamila<\/span>\u00a0<span class=\"il\">Garc\u00eda<\/span><\/strong>, estudiante de tercer semestre de<a href=\"https:\/\/www.cetys.mx\/oferta-educativa\/profesional\/ingenieria-en-energias-renovables\/\" target=\"_blank\" rel=\"noopener\" data-saferedirecturl=\"https:\/\/www.google.com\/url?q=https:\/\/www.cetys.mx\/oferta-educativa\/profesional\/ingenieria-en-energias-renovables\/&amp;source=gmail&amp;ust=1662221250618000&amp;usg=AOvVaw3iGdcAQ65SeUYGOJvmeWn2\">\u00a0Ingenier\u00eda en Energ\u00edas Renovables<\/a>\u00a0en <strong>CETYS Universidad<\/strong>, quien es parte del equipo de mujeres mexicanas que fue aceptada en el\u00a0<a href=\"https:\/\/iac2022.org\/\" target=\"_blank\" rel=\"noopener\" data-saferedirecturl=\"https:\/\/www.google.com\/url?q=https:\/\/iac2022.org\/&amp;source=gmail&amp;ust=1662221250618000&amp;usg=AOvVaw2P1jtmgumJECakJvUpnbbw\">Congreso Internacional de Astron\u00e1utica<\/a><a href=\"https:\/\/iac2022.org\/\" target=\"_blank\" rel=\"noopener\" data-saferedirecturl=\"https:\/\/www.google.com\/url?q=https:\/\/iac2022.org\/&amp;source=gmail&amp;ust=1662221250618000&amp;usg=AOvVaw2P1jtmgumJECakJvUpnbbw\">,<\/a>\u00a0que este a\u00f1o se realizar\u00e1 en Francia.<\/p>\n<p align=\"justify\">El grupo formado por estudiantes de diferentes universidades de M\u00e9xico, comparten la pasi\u00f3n de destacar en la ciencia y qu\u00e9 mejor de forma interdisciplinaria, en el caso de\u00a0<span class=\"il\">Kamila<\/span>, busca aplicar su visi\u00f3n sustentable en el lanzamiento de cohetes.<\/p>\n<blockquote>\n<p align=\"justify\">\u201cCreo que la ciencia cambia todos los d\u00edas al mundo y creo que es nuestra responsabilidad darle la direcci\u00f3n correcta, como mexicana y amante de las ciencias espaciales es para m\u00ed un honor ser parte de esta incre\u00edble oportunidad\u201d, expres\u00f3.<\/p>\n<\/blockquote>\n<p align=\"justify\">El <em>Congreso Internacional de Astron\u00e1utica (IAC, por sus siglas en ingl\u00e9s)<\/em>, es el encuentro m\u00e1s grande e importante del sector espacial a nivel mundial, el cual atrae a m\u00e1s 6500 participantes de m\u00e1s de 80 pa\u00edses, donde comparten conocimientos y experiencias, el cual debe cumplir con el suficiente inter\u00e9s, calidad y compromiso con la ciencia y el sector espacial para ser aceptado, y en ese sentido aplica para los equipos participantes, como el que integra\u00a0<span class=\"il\">Kamila<\/span>.<\/p>\n\n            <style type='text\/css'>\n                #gallery-1 {\n                    margin: auto;\n                }\n                #gallery-1 .gallery-item {\n                    float: left;\n                    margin-top: 10px;\n                    text-align: center;\n                    width: 50%;\n                }\n                #gallery-1 img {\n                    border: 2px solid #cfcfcf;\n                }\n                #gallery-1 .gallery-caption {\n                    margin-left: 0;\n                }\n                \/* see gallery_shortcode() in wp-includes\/media.php *\/\n            <\/style>\n\t\t<div id='gallery-1' class='gallery galleryid-166823 gallery-columns-2 gallery-size-thumbnail'><dl class='gallery-item'>\n                <dt class='gallery-icon landscape'>\n                    <a href='https:\/\/www.cetys.mx\/noticias\/?attachment_id=166796'><img loading=\"lazy\" decoding=\"async\" width=\"128\" height=\"85\" src=\"https:\/\/www.cetys.mx\/noticias\/wp-content\/uploads\/2022\/09\/Kamila-Garcia-estudiante-en-astronautica-2022.png\" class=\"attachment-thumbnail size-thumbnail\" alt=\"\" srcset=\"https:\/\/www.cetys.mx\/noticias\/wp-content\/uploads\/2022\/09\/Kamila-Garcia-estudiante-en-astronautica-2022.png 958w, https:\/\/www.cetys.mx\/noticias\/wp-content\/uploads\/2022\/09\/Kamila-Garcia-estudiante-en-astronautica-2022-768x510.png 768w\" sizes=\"auto, (max-width: 128px) 100vw, 128px\" \/><\/a>\n                <\/dt><\/dl><dl class='gallery-item'>\n                <dt class='gallery-icon landscape'>\n                    <a href='https:\/\/www.cetys.mx\/noticias\/?attachment_id=166795'><img loading=\"lazy\" decoding=\"async\" width=\"128\" height=\"90\" src=\"https:\/\/www.cetys.mx\/noticias\/wp-content\/uploads\/2022\/09\/Kamila-Garcia-estudiante-de-Ing-en-Energias-Renovables-CETYS-e1662163958736.png\" class=\"attachment-thumbnail size-thumbnail\" alt=\"\" \/><\/a>\n                <\/dt><\/dl><br style=\"clear: both\" \/>\n            <\/div>\n\n<p align=\"justify\">El equipo de\u00a0<strong><span class=\"il\">Kamila<\/span><\/strong>\u00a0presentar\u00e1 en torno a dos tem\u00e1ticas: Espacio y Sociedad y Mujeres en la Ciencia, ya que no solo se trata de impulsar el uso de materiales con menos contaminantes y m\u00e1s sustentables, tambi\u00e9n el de que m\u00e1s mujeres sean parte de la astron\u00e1utica y la ciencia en general, as\u00ed como la relevancia.<\/p>\n<p align=\"justify\">Cabe destacar que\u00a0<strong><span class=\"il\">Kamila<\/span><\/strong>\u00a0tambi\u00e9n forma parte del grupo estudiantil Quantum, con quienes participar\u00e1 en el proyecto ARLISS, contienda internacional de Nevada, en Estados Unidos, donde desarrollan y compiten con un rover 100% aut\u00f3nomo la contienda internacional de Nevada, este se llevar\u00e1 a cabo del 12 al 16 de septiembre.<\/p>\n<p align=\"justify\">Respecto al <em>Congreso Internacional de Astron\u00e1utica 2022<\/em>, este ocurrir\u00e1 del <strong>18 al 22 de septiembre<\/strong> en el Centro de Convenciones de Par\u00eds, Francia. Este es\u00a0organizado por la Federaci\u00f3n Astron\u00e1utica Internacional, y cuenta con el apoyo de la Academia Internacional de Astron\u00e1utica, as\u00ed como el Instituto Internacional de Derecho Espacial<\/p>\n","protected":false},"excerpt":{"rendered":"<p>\u201cSoy Mujer, amo la ciencia, quiero un mundo y un M\u00e9xico mejor\u201d, son las palabras de\u00a0Kamila\u00a0Garc\u00eda, estudiante de tercer semestre de\u00a0Ingenier\u00eda en&#8230;<\/p>\n","protected":false},"author":24,"featured_media":166797,"comment_status":"open","ping_status":"closed","sticky":false,"template":"","format":"standard","meta":{"footnotes":""},"categories":[134,1850,125,313],"tags":[984,297,168,4287,4534],"class_list":["post-166823","post","type-post","status-publish","format-standard","has-post-thumbnail","hentry","category-campus-tijuana","category-ingenieria","category-portada","category-vocetys-2","tag-orgullocetys","tag-campus-tijuana","tag-cetys-universidad","tag-ingenieria-en-energias-renovables","tag-sustentable"],"yoast_head":"<!-- This site is optimized with the Yoast SEO plugin v27.4 - https:\/\/yoast.com\/product\/yoast-seo-wordpress\/ -->\n<title>Kamila Garc\u00eda, integrante del equipo de mujeres mexicanas en Congreso Internacional de Astron\u00e1utica 2022<\/title>\n<meta name=\"description\" content=\"El Congreso Internacional de Astron\u00e1utica 2022 se llevar\u00e1 a cabo del 18 al 22 de septiembre en el Centro de Convenciones de Par\u00eds, Francia.\" \/>\n<meta name=\"robots\" content=\"index, follow, max-snippet:-1, max-image-preview:large, max-video-preview:-1\" \/>\n<link rel=\"canonical\" href=\"https:\/\/www.cetys.mx\/noticias\/ella-es-kamila-garcia-una-de-las-integrantes-del-equipo-de-mujeres-mexicanas-aceptadas-en-congreso-internacional-de-astronautica\/\" \/>\n<meta property=\"og:locale\" content=\"es_MX\" \/>\n<meta property=\"og:type\" content=\"article\" \/>\n<meta property=\"og:title\" content=\"Kamila Garc\u00eda, integrante del equipo de mujeres mexicanas en Congreso Internacional de Astron\u00e1utica 2022\" \/>\n<meta property=\"og:description\" content=\"El Congreso Internacional de Astron\u00e1utica 2022 se llevar\u00e1 a cabo del 18 al 22 de septiembre en el Centro de Convenciones de Par\u00eds, Francia.\" \/>\n<meta property=\"og:url\" content=\"https:\/\/www.cetys.mx\/noticias\/ella-es-kamila-garcia-una-de-las-integrantes-del-equipo-de-mujeres-mexicanas-aceptadas-en-congreso-internacional-de-astronautica\/\" \/>\n<meta property=\"og:site_name\" content=\"CETYS\" \/>\n<meta property=\"article:publisher\" content=\"https:\/\/www.facebook.com\/cetysuniversidadmxl\/\" \/>\n<meta property=\"article:published_time\" content=\"2022-09-03T00:14:32+00:00\" \/>\n<meta property=\"og:image\" content=\"https:\/\/www.cetys.mx\/noticias\/wp-content\/uploads\/2022\/09\/Kamila-Garcia-estudiante-en-congreso-internacional-de-astronautica-e1662144053604.png\" \/>\n\t<meta property=\"og:image:width\" content=\"958\" \/>\n\t<meta property=\"og:image:height\" content=\"637\" \/>\n\t<meta property=\"og:image:type\" content=\"image\/png\" \/>\n<meta name=\"author\" content=\"Campus Tijuana\" \/>\n<meta name=\"twitter:card\" content=\"summary_large_image\" \/>\n<meta name=\"twitter:creator\" content=\"@cetysuni\" \/>\n<meta name=\"twitter:site\" content=\"@cetysuni\" \/>\n<meta name=\"twitter:label1\" content=\"Escrito por\" \/>\n\t<meta name=\"twitter:data1\" content=\"Campus Tijuana\" \/>\n\t<meta name=\"twitter:label2\" content=\"Tiempo de lectura\" \/>\n\t<meta name=\"twitter:data2\" content=\"2 minutos\" \/>\n<script type=\"application\/ld+json\" class=\"yoast-schema-graph\">{\"@context\":\"https:\\\/\\\/schema.org\",\"@graph\":[{\"@type\":\"Article\",\"@id\":\"https:\\\/\\\/www.cetys.mx\\\/noticias\\\/ella-es-kamila-garcia-una-de-las-integrantes-del-equipo-de-mujeres-mexicanas-aceptadas-en-congreso-internacional-de-astronautica\\\/#article\",\"isPartOf\":{\"@id\":\"https:\\\/\\\/www.cetys.mx\\\/noticias\\\/ella-es-kamila-garcia-una-de-las-integrantes-del-equipo-de-mujeres-mexicanas-aceptadas-en-congreso-internacional-de-astronautica\\\/\"},\"author\":{\"name\":\"Campus Tijuana\",\"@id\":\"https:\\\/\\\/www.cetys.mx\\\/noticias\\\/#\\\/schema\\\/person\\\/e790051ce60e18ae47cfa87011c8653f\"},\"headline\":\"Ella es Kamila Garc\u00eda, una de las integrantes del equipo de mujeres mexicanas aceptadas en Congreso Internacional de Astron\u00e1utica\",\"datePublished\":\"2022-09-03T00:14:32+00:00\",\"mainEntityOfPage\":{\"@id\":\"https:\\\/\\\/www.cetys.mx\\\/noticias\\\/ella-es-kamila-garcia-una-de-las-integrantes-del-equipo-de-mujeres-mexicanas-aceptadas-en-congreso-internacional-de-astronautica\\\/\"},\"wordCount\":412,\"commentCount\":0,\"image\":{\"@id\":\"https:\\\/\\\/www.cetys.mx\\\/noticias\\\/ella-es-kamila-garcia-una-de-las-integrantes-del-equipo-de-mujeres-mexicanas-aceptadas-en-congreso-internacional-de-astronautica\\\/#primaryimage\"},\"thumbnailUrl\":\"https:\\\/\\\/www.cetys.mx\\\/noticias\\\/wp-content\\\/uploads\\\/2022\\\/09\\\/Kamila-Garcia-estudiante-en-congreso-internacional-de-astronautica-e1662144053604.png\",\"keywords\":[\"#orgulloCETYS\",\"Campus Tijuana\",\"CETYS Universidad\",\"Ingenier\u00eda en Energ\u00edas Renovables\",\"Sustentable\"],\"articleSection\":[\"Campus Tijuana\",\"Ingenier\u00eda\",\"Portada\",\"VoCETYS\"],\"inLanguage\":\"es\",\"potentialAction\":[{\"@type\":\"CommentAction\",\"name\":\"Comment\",\"target\":[\"https:\\\/\\\/www.cetys.mx\\\/noticias\\\/ella-es-kamila-garcia-una-de-las-integrantes-del-equipo-de-mujeres-mexicanas-aceptadas-en-congreso-internacional-de-astronautica\\\/#respond\"]}]},{\"@type\":\"WebPage\",\"@id\":\"https:\\\/\\\/www.cetys.mx\\\/noticias\\\/ella-es-kamila-garcia-una-de-las-integrantes-del-equipo-de-mujeres-mexicanas-aceptadas-en-congreso-internacional-de-astronautica\\\/\",\"url\":\"https:\\\/\\\/www.cetys.mx\\\/noticias\\\/ella-es-kamila-garcia-una-de-las-integrantes-del-equipo-de-mujeres-mexicanas-aceptadas-en-congreso-internacional-de-astronautica\\\/\",\"name\":\"Kamila Garc\u00eda, integrante del equipo de mujeres mexicanas en Congreso Internacional de Astron\u00e1utica 2022\",\"isPartOf\":{\"@id\":\"https:\\\/\\\/www.cetys.mx\\\/noticias\\\/#website\"},\"primaryImageOfPage\":{\"@id\":\"https:\\\/\\\/www.cetys.mx\\\/noticias\\\/ella-es-kamila-garcia-una-de-las-integrantes-del-equipo-de-mujeres-mexicanas-aceptadas-en-congreso-internacional-de-astronautica\\\/#primaryimage\"},\"image\":{\"@id\":\"https:\\\/\\\/www.cetys.mx\\\/noticias\\\/ella-es-kamila-garcia-una-de-las-integrantes-del-equipo-de-mujeres-mexicanas-aceptadas-en-congreso-internacional-de-astronautica\\\/#primaryimage\"},\"thumbnailUrl\":\"https:\\\/\\\/www.cetys.mx\\\/noticias\\\/wp-content\\\/uploads\\\/2022\\\/09\\\/Kamila-Garcia-estudiante-en-congreso-internacional-de-astronautica-e1662144053604.png\",\"datePublished\":\"2022-09-03T00:14:32+00:00\",\"author\":{\"@id\":\"https:\\\/\\\/www.cetys.mx\\\/noticias\\\/#\\\/schema\\\/person\\\/e790051ce60e18ae47cfa87011c8653f\"},\"description\":\"El Congreso Internacional de Astron\u00e1utica 2022 se llevar\u00e1 a cabo del 18 al 22 de septiembre en el Centro de Convenciones de Par\u00eds, Francia.\",\"breadcrumb\":{\"@id\":\"https:\\\/\\\/www.cetys.mx\\\/noticias\\\/ella-es-kamila-garcia-una-de-las-integrantes-del-equipo-de-mujeres-mexicanas-aceptadas-en-congreso-internacional-de-astronautica\\\/#breadcrumb\"},\"inLanguage\":\"es\",\"potentialAction\":[{\"@type\":\"ReadAction\",\"target\":[\"https:\\\/\\\/www.cetys.mx\\\/noticias\\\/ella-es-kamila-garcia-una-de-las-integrantes-del-equipo-de-mujeres-mexicanas-aceptadas-en-congreso-internacional-de-astronautica\\\/\"]}]},{\"@type\":\"ImageObject\",\"inLanguage\":\"es\",\"@id\":\"https:\\\/\\\/www.cetys.mx\\\/noticias\\\/ella-es-kamila-garcia-una-de-las-integrantes-del-equipo-de-mujeres-mexicanas-aceptadas-en-congreso-internacional-de-astronautica\\\/#primaryimage\",\"url\":\"https:\\\/\\\/www.cetys.mx\\\/noticias\\\/wp-content\\\/uploads\\\/2022\\\/09\\\/Kamila-Garcia-estudiante-en-congreso-internacional-de-astronautica-e1662144053604.png\",\"contentUrl\":\"https:\\\/\\\/www.cetys.mx\\\/noticias\\\/wp-content\\\/uploads\\\/2022\\\/09\\\/Kamila-Garcia-estudiante-en-congreso-internacional-de-astronautica-e1662144053604.png\",\"width\":958,\"height\":637},{\"@type\":\"BreadcrumbList\",\"@id\":\"https:\\\/\\\/www.cetys.mx\\\/noticias\\\/ella-es-kamila-garcia-una-de-las-integrantes-del-equipo-de-mujeres-mexicanas-aceptadas-en-congreso-internacional-de-astronautica\\\/#breadcrumb\",\"itemListElement\":[{\"@type\":\"ListItem\",\"position\":1,\"name\":\"Inicio\",\"item\":\"https:\\\/\\\/www.cetys.mx\\\/noticias\\\/\"},{\"@type\":\"ListItem\",\"position\":2,\"name\":\"Ella es Kamila Garc\u00eda, una de las integrantes del equipo de mujeres mexicanas aceptadas en Congreso Internacional de Astron\u00e1utica\"}]},{\"@type\":\"WebSite\",\"@id\":\"https:\\\/\\\/www.cetys.mx\\\/noticias\\\/#website\",\"url\":\"https:\\\/\\\/www.cetys.mx\\\/noticias\\\/\",\"name\":\"CETYS\",\"description\":\"\",\"potentialAction\":[{\"@type\":\"SearchAction\",\"target\":{\"@type\":\"EntryPoint\",\"urlTemplate\":\"https:\\\/\\\/www.cetys.mx\\\/noticias\\\/?s={search_term_string}\"},\"query-input\":{\"@type\":\"PropertyValueSpecification\",\"valueRequired\":true,\"valueName\":\"search_term_string\"}}],\"inLanguage\":\"es\"},{\"@type\":\"Person\",\"@id\":\"https:\\\/\\\/www.cetys.mx\\\/noticias\\\/#\\\/schema\\\/person\\\/e790051ce60e18ae47cfa87011c8653f\",\"name\":\"Campus Tijuana\",\"url\":\"https:\\\/\\\/www.cetys.mx\\\/noticias\\\/author\\\/campustijuana\\\/\"}]}<\/script>\n<!-- \/ Yoast SEO plugin. -->","yoast_head_json":{"title":"Kamila Garc\u00eda, integrante del equipo de mujeres mexicanas en Congreso Internacional de Astron\u00e1utica 2022","description":"El Congreso Internacional de Astron\u00e1utica 2022 se llevar\u00e1 a cabo del 18 al 22 de septiembre en el Centro de Convenciones de Par\u00eds, Francia.","robots":{"index":"index","follow":"follow","max-snippet":"max-snippet:-1","max-image-preview":"max-image-preview:large","max-video-preview":"max-video-preview:-1"},"canonical":"https:\/\/www.cetys.mx\/noticias\/ella-es-kamila-garcia-una-de-las-integrantes-del-equipo-de-mujeres-mexicanas-aceptadas-en-congreso-internacional-de-astronautica\/","og_locale":"es_MX","og_type":"article","og_title":"Kamila Garc\u00eda, integrante del equipo de mujeres mexicanas en Congreso Internacional de Astron\u00e1utica 2022","og_description":"El Congreso Internacional de Astron\u00e1utica 2022 se llevar\u00e1 a cabo del 18 al 22 de septiembre en el Centro de Convenciones de Par\u00eds, Francia.","og_url":"https:\/\/www.cetys.mx\/noticias\/ella-es-kamila-garcia-una-de-las-integrantes-del-equipo-de-mujeres-mexicanas-aceptadas-en-congreso-internacional-de-astronautica\/","og_site_name":"CETYS","article_publisher":"https:\/\/www.facebook.com\/cetysuniversidadmxl\/","article_published_time":"2022-09-03T00:14:32+00:00","og_image":[{"width":958,"height":637,"url":"https:\/\/www.cetys.mx\/noticias\/wp-content\/uploads\/2022\/09\/Kamila-Garcia-estudiante-en-congreso-internacional-de-astronautica-e1662144053604.png","type":"image\/png"}],"author":"Campus Tijuana","twitter_card":"summary_large_image","twitter_creator":"@cetysuni","twitter_site":"@cetysuni","twitter_misc":{"Escrito por":"Campus Tijuana","Tiempo de lectura":"2 minutos"},"schema":{"@context":"https:\/\/schema.org","@graph":[{"@type":"Article","@id":"https:\/\/www.cetys.mx\/noticias\/ella-es-kamila-garcia-una-de-las-integrantes-del-equipo-de-mujeres-mexicanas-aceptadas-en-congreso-internacional-de-astronautica\/#article","isPartOf":{"@id":"https:\/\/www.cetys.mx\/noticias\/ella-es-kamila-garcia-una-de-las-integrantes-del-equipo-de-mujeres-mexicanas-aceptadas-en-congreso-internacional-de-astronautica\/"},"author":{"name":"Campus Tijuana","@id":"https:\/\/www.cetys.mx\/noticias\/#\/schema\/person\/e790051ce60e18ae47cfa87011c8653f"},"headline":"Ella es Kamila Garc\u00eda, una de las integrantes del equipo de mujeres mexicanas aceptadas en Congreso Internacional de Astron\u00e1utica","datePublished":"2022-09-03T00:14:32+00:00","mainEntityOfPage":{"@id":"https:\/\/www.cetys.mx\/noticias\/ella-es-kamila-garcia-una-de-las-integrantes-del-equipo-de-mujeres-mexicanas-aceptadas-en-congreso-internacional-de-astronautica\/"},"wordCount":412,"commentCount":0,"image":{"@id":"https:\/\/www.cetys.mx\/noticias\/ella-es-kamila-garcia-una-de-las-integrantes-del-equipo-de-mujeres-mexicanas-aceptadas-en-congreso-internacional-de-astronautica\/#primaryimage"},"thumbnailUrl":"https:\/\/www.cetys.mx\/noticias\/wp-content\/uploads\/2022\/09\/Kamila-Garcia-estudiante-en-congreso-internacional-de-astronautica-e1662144053604.png","keywords":["#orgulloCETYS","Campus Tijuana","CETYS Universidad","Ingenier\u00eda en Energ\u00edas Renovables","Sustentable"],"articleSection":["Campus Tijuana","Ingenier\u00eda","Portada","VoCETYS"],"inLanguage":"es","potentialAction":[{"@type":"CommentAction","name":"Comment","target":["https:\/\/www.cetys.mx\/noticias\/ella-es-kamila-garcia-una-de-las-integrantes-del-equipo-de-mujeres-mexicanas-aceptadas-en-congreso-internacional-de-astronautica\/#respond"]}]},{"@type":"WebPage","@id":"https:\/\/www.cetys.mx\/noticias\/ella-es-kamila-garcia-una-de-las-integrantes-del-equipo-de-mujeres-mexicanas-aceptadas-en-congreso-internacional-de-astronautica\/","url":"https:\/\/www.cetys.mx\/noticias\/ella-es-kamila-garcia-una-de-las-integrantes-del-equipo-de-mujeres-mexicanas-aceptadas-en-congreso-internacional-de-astronautica\/","name":"Kamila Garc\u00eda, integrante del equipo de mujeres mexicanas en Congreso Internacional de Astron\u00e1utica 2022","isPartOf":{"@id":"https:\/\/www.cetys.mx\/noticias\/#website"},"primaryImageOfPage":{"@id":"https:\/\/www.cetys.mx\/noticias\/ella-es-kamila-garcia-una-de-las-integrantes-del-equipo-de-mujeres-mexicanas-aceptadas-en-congreso-internacional-de-astronautica\/#primaryimage"},"image":{"@id":"https:\/\/www.cetys.mx\/noticias\/ella-es-kamila-garcia-una-de-las-integrantes-del-equipo-de-mujeres-mexicanas-aceptadas-en-congreso-internacional-de-astronautica\/#primaryimage"},"thumbnailUrl":"https:\/\/www.cetys.mx\/noticias\/wp-content\/uploads\/2022\/09\/Kamila-Garcia-estudiante-en-congreso-internacional-de-astronautica-e1662144053604.png","datePublished":"2022-09-03T00:14:32+00:00","author":{"@id":"https:\/\/www.cetys.mx\/noticias\/#\/schema\/person\/e790051ce60e18ae47cfa87011c8653f"},"description":"El Congreso Internacional de Astron\u00e1utica 2022 se llevar\u00e1 a cabo del 18 al 22 de septiembre en el Centro de Convenciones de Par\u00eds, Francia.","breadcrumb":{"@id":"https:\/\/www.cetys.mx\/noticias\/ella-es-kamila-garcia-una-de-las-integrantes-del-equipo-de-mujeres-mexicanas-aceptadas-en-congreso-internacional-de-astronautica\/#breadcrumb"},"inLanguage":"es","potentialAction":[{"@type":"ReadAction","target":["https:\/\/www.cetys.mx\/noticias\/ella-es-kamila-garcia-una-de-las-integrantes-del-equipo-de-mujeres-mexicanas-aceptadas-en-congreso-internacional-de-astronautica\/"]}]},{"@type":"ImageObject","inLanguage":"es","@id":"https:\/\/www.cetys.mx\/noticias\/ella-es-kamila-garcia-una-de-las-integrantes-del-equipo-de-mujeres-mexicanas-aceptadas-en-congreso-internacional-de-astronautica\/#primaryimage","url":"https:\/\/www.cetys.mx\/noticias\/wp-content\/uploads\/2022\/09\/Kamila-Garcia-estudiante-en-congreso-internacional-de-astronautica-e1662144053604.png","contentUrl":"https:\/\/www.cetys.mx\/noticias\/wp-content\/uploads\/2022\/09\/Kamila-Garcia-estudiante-en-congreso-internacional-de-astronautica-e1662144053604.png","width":958,"height":637},{"@type":"BreadcrumbList","@id":"https:\/\/www.cetys.mx\/noticias\/ella-es-kamila-garcia-una-de-las-integrantes-del-equipo-de-mujeres-mexicanas-aceptadas-en-congreso-internacional-de-astronautica\/#breadcrumb","itemListElement":[{"@type":"ListItem","position":1,"name":"Inicio","item":"https:\/\/www.cetys.mx\/noticias\/"},{"@type":"ListItem","position":2,"name":"Ella es Kamila Garc\u00eda, una de las integrantes del equipo de mujeres mexicanas aceptadas en Congreso Internacional de Astron\u00e1utica"}]},{"@type":"WebSite","@id":"https:\/\/www.cetys.mx\/noticias\/#website","url":"https:\/\/www.cetys.mx\/noticias\/","name":"CETYS","description":"","potentialAction":[{"@type":"SearchAction","target":{"@type":"EntryPoint","urlTemplate":"https:\/\/www.cetys.mx\/noticias\/?s={search_term_string}"},"query-input":{"@type":"PropertyValueSpecification","valueRequired":true,"valueName":"search_term_string"}}],"inLanguage":"es"},{"@type":"Person","@id":"https:\/\/www.cetys.mx\/noticias\/#\/schema\/person\/e790051ce60e18ae47cfa87011c8653f","name":"Campus Tijuana","url":"https:\/\/www.cetys.mx\/noticias\/author\/campustijuana\/"}]}},"_links":{"self":[{"href":"https:\/\/www.cetys.mx\/noticias\/wp-json\/wp\/v2\/posts\/166823","targetHints":{"allow":["GET"]}}],"collection":[{"href":"https:\/\/www.cetys.mx\/noticias\/wp-json\/wp\/v2\/posts"}],"about":[{"href":"https:\/\/www.cetys.mx\/noticias\/wp-json\/wp\/v2\/types\/post"}],"author":[{"embeddable":true,"href":"https:\/\/www.cetys.mx\/noticias\/wp-json\/wp\/v2\/users\/24"}],"replies":[{"embeddable":true,"href":"https:\/\/www.cetys.mx\/noticias\/wp-json\/wp\/v2\/comments?post=166823"}],"version-history":[{"count":1,"href":"https:\/\/www.cetys.mx\/noticias\/wp-json\/wp\/v2\/posts\/166823\/revisions"}],"predecessor-version":[{"id":166824,"href":"https:\/\/www.cetys.mx\/noticias\/wp-json\/wp\/v2\/posts\/166823\/revisions\/166824"}],"wp:featuredmedia":[{"embeddable":true,"href":"https:\/\/www.cetys.mx\/noticias\/wp-json\/wp\/v2\/media\/166797"}],"wp:attachment":[{"href":"https:\/\/www.cetys.mx\/noticias\/wp-json\/wp\/v2\/media?parent=166823"}],"wp:term":[{"taxonomy":"category","embeddable":true,"href":"https:\/\/www.cetys.mx\/noticias\/wp-json\/wp\/v2\/categories?post=166823"},{"taxonomy":"post_tag","embeddable":true,"href":"https:\/\/www.cetys.mx\/noticias\/wp-json\/wp\/v2\/tags?post=166823"}],"curies":[{"name":"wp","href":"https:\/\/api.w.org\/{rel}","templated":true}]}}