{"id":166027,"date":"2022-08-08T18:08:17","date_gmt":"2022-08-09T01:08:17","guid":{"rendered":"https:\/\/www.cetys.mx\/noticias\/?p=166027"},"modified":"2022-08-19T15:38:26","modified_gmt":"2022-08-19T22:38:26","slug":"concluye-decima-edicion-del-programa-internacional-de-verano-cetys","status":"publish","type":"post","link":"https:\/\/www.cetys.mx\/noticias\/concluye-decima-edicion-del-programa-internacional-de-verano-cetys\/","title":{"rendered":"Concluye d\u00e9cima edici\u00f3n del Programa Internacional de Verano CETYS"},"content":{"rendered":"<p>Despu\u00e9s de dos semanas de actividades acad\u00e9micas, culturales, sociales y de entretenimiento, los 275 estudiantes y 11 docentes provenientes de 22 pa\u00edses, culminaron exitosamente, el pasado viernes 29 de julio, su participaci\u00f3n en el<a href=\"https:\/\/www.cetys.mx\/campusinternacional\/\"> Programa Internacional de Verano<\/a> (ISP) 2022 de<a href=\"https:\/\/www.cetys.mx\/campus-ensenada\/\"> CETYS Universidad Campus Internacional Ensenada<\/a>, llevado a cabo, por primera vez, en modalidad h\u00edbrida.<\/p>\n<p>La edici\u00f3n 2022 del ISP es doblemente especial porque el programa emblema de la internacionalizaci\u00f3n en CETYS Universidad cumple 10 a\u00f1os, y porque est\u00e1 enmarcada en los festejos del 60 Aniversario de la instituci\u00f3n.<\/p>\n<p>Los 275 estudiantes y 11 docentes participantes son originarios de Alemania, Armenia, Australia, Austria, Bolivia, Colombia, Emiratos \u00c1rabes Unidos, Espa\u00f1a, Estados Unidos, Georgia, Grecia, Hungr\u00eda, India, Malasia, M\u00e9xico, Pa\u00edses Bajos, Per\u00fa, Polonia, Portugal, Reino Unido, Rep\u00fablica Checa y Uruguay.<\/p>\n<p>El cierre de actividades fue a trav\u00e9s de una ceremonia presidida por el Dr. Francisco V\u00e9lez Torres, Director de CETYS Universidad Campus internacional Ensenada, quien destac\u00f3 la importancia de que este evento se haya llevado a cabo de manera exitosa desde que inici\u00f3 en el a\u00f1o 2013.<\/p>\n<p><img loading=\"lazy\" decoding=\"async\" class=\"wp-image-166029 aligncenter\" src=\"https:\/\/www.cetys.mx\/noticias\/wp-content\/uploads\/2022\/08\/Foto-3.jpg\" alt=\"\" width=\"722\" height=\"480\" srcset=\"https:\/\/www.cetys.mx\/noticias\/wp-content\/uploads\/2022\/08\/Foto-3.jpg 958w, https:\/\/www.cetys.mx\/noticias\/wp-content\/uploads\/2022\/08\/Foto-3-768x511.jpg 768w\" sizes=\"auto, (max-width: 722px) 100vw, 722px\" \/><\/p>\n<blockquote><p>\u201cReconozco la apertura, flexibilidad y adaptabilidad de los estudiantes para explorar esta alternativa que ofrece el ISP 2020 a trav\u00e9s del Campus Internacional Ensenada, as\u00ed como de los profesores y todas las personas que hicieron que este evento se efectuara combinando dos modalidades, la presencial y la virtual; espero que los participantes hayan disfrutado la experiencia, misma que les permitir\u00e1 ser mejores profesionistas y desarrollarse en cualquier parte del mundo\u201d, se\u00f1al\u00f3 el Dr. Francisco V\u00e9lez.<\/p><\/blockquote>\n<p>El ISP 2020 ofreci\u00f3 a los participantes la oportunidad de desarrollar una perspectiva global en una modalidad h\u00edbrida con compa\u00f1eros de clase y maestros internacionales, abordar problem\u00e1ticas o situaciones desde diferentes perspectivas, ampliar su red de contactos e identificar oportunidades de crecimiento y desarrollo en otros pa\u00edses.<\/p>\n<p>Para el docente internacional, Dr. Geoffrey Dick de John&#8217;s University, en EUA, y encargado de impartir el curso de Inteligencia de Negocios durante el ISP, esta experiencia fue muy significativa para los estudiantes y los docentes porque les permite interactuar, trabajar juntos, conocer otras culturas, no solo por la parte profesional sino por las conexiones que les brinda. \u201cFue un gusto vivir esta experiencia\u00a0con ustedes, profesores y estudiantes, siempre quedar\u00e1 en nuestra memoria, gracias a CETYS por el gran trabajo realizado\u201d.<\/p>\n<div id=\"attachment_166030\" style=\"width: 755px\" class=\"wp-caption aligncenter\"><img loading=\"lazy\" decoding=\"async\" aria-describedby=\"caption-attachment-166030\" class=\" wp-image-166030\" src=\"https:\/\/www.cetys.mx\/noticias\/wp-content\/uploads\/2022\/08\/Foto-4.jpg\" alt=\"\" width=\"745\" height=\"495\" srcset=\"https:\/\/www.cetys.mx\/noticias\/wp-content\/uploads\/2022\/08\/Foto-4.jpg 958w, https:\/\/www.cetys.mx\/noticias\/wp-content\/uploads\/2022\/08\/Foto-4-768x511.jpg 768w\" sizes=\"auto, (max-width: 745px) 100vw, 745px\" \/><p id=\"caption-attachment-166030\" class=\"wp-caption-text\">Estudiante de Reino Unido<\/p><\/div>\n<p>De acuerdo con James Plumb, estudiante de Nottingham Trent University en Reino Unido, lo visto en clase le ha permitido ver las cosas desde otras perspectivas y eso lo hace muy enriquecedor. \u201cDe CETYS y Ensenada me llevo la hospitalidad, la amabilidad, el compa\u00f1erismo en esta actividad que es \u00fanica y que sin duda aportar\u00e1 mucho a mi futuro profesional\u201d.<\/p>\n<p>Para Mildred Megargel Pano, estudiante de la Licenciatura en Administraci\u00f3n de Empresas en el Campus Tijuana, lo aprendido y vivido durante el ISP le permitir\u00e1 expandir sus horizontes para no quedarse solo con lo local. \u201cConvivir con estudiantes y profesores de todo el mundo aporta mucho a cualquier estudiante, es una experiencia muy enriquecedora en muchos sentidos, estoy muy agradecida por haber participado\u201d.<\/p>\n<p>Fabricio Montecinos, estudiante de Arquitectura en la Universidad Privada Boliviana, decidi\u00f3 participar en el ISP porque disfruta mucho viajar y quiso combinar esta parte con el conocimiento que el ISP ofrece. \u201cEl curso que tom\u00e9 me gust\u00f3 mucho y le abona a lo que quiero hacer como futuro arquitecto porque deseo ir m\u00e1s all\u00e1, salir de mi zona de confort y realizar proyectos que involucren a personas de otros pa\u00edses y no solo la parte local, participar en el ISP fue una gran decisi\u00f3n\u201d.<\/p>\n<p><img loading=\"lazy\" decoding=\"async\" class=\"wp-image-166031 aligncenter\" src=\"https:\/\/www.cetys.mx\/noticias\/wp-content\/uploads\/2022\/08\/Foto-2.jpg\" alt=\"\" width=\"766\" height=\"509\" srcset=\"https:\/\/www.cetys.mx\/noticias\/wp-content\/uploads\/2022\/08\/Foto-2.jpg 958w, https:\/\/www.cetys.mx\/noticias\/wp-content\/uploads\/2022\/08\/Foto-2-768x511.jpg 768w\" sizes=\"auto, (max-width: 766px) 100vw, 766px\" \/><\/p>\n<p>Paulina Zentella Marmolejo, estudiante de Ingenier\u00eda en Dise\u00f1o Gr\u00e1fico Digital en el Campus Mexicali decidi\u00f3 participar en el ISP para ampliar su panorama cultural. \u201cPara m\u00ed fue muy gratificante poder convivir con gente de diversas partes del mundo, me llen\u00e9 de mucho aprendizaje y de nuevas amistades, y me gust\u00f3 poder intercambiar puntos de vista y conocer historias de gente de todo el mundo\u201d.<\/p>\n<p>Finalmente, Alan Tovar, estudiante de Ingenier\u00eda Mec\u00e1nica en CETYS Universidad Campus Internacional Ensenada, destaca que decidi\u00f3 participar en el ISP porque es una perfecta combinaci\u00f3n de conocimiento, aprendizaje y experiencia que le aporta mucho a su vida profesional. \u201cMe gust\u00f3 mucho el curso en el que particip\u00e9 porque me permiti\u00f3 conocer c\u00f3mo otros pa\u00edses como Reino Unido, Polonia, Austria, entre otros, abordan la parte de sustentabilidad y el cuidado del medioambiente, adem\u00e1s de que pude hacer amistades con personas de todo el mundo que estoy seguro perdurar\u00e1n\u201d.<\/p>\n<p>En la ceremonia de cierre participaron, el Dr. Jos\u00e9 Luis Bonilla, Director del Colegio de Ciencias Sociales y Humanidades; la Dr. Guadalupe S\u00e1nchez, Directora de la Escuela de Administraci\u00f3n y Negocios del Sistema CETYS Universidad; la Dra. Diana Woolfolk, Subdirectora de Relaciones Internacionales del Sistema CETYS Universidad; la Dra. Luc\u00eda Beltr\u00e1n, Directora Acad\u00e9mica del Campus Ensenada; y el Dr. Francisco V\u00e9lez, Director de CETYS Universidad Campus Internacional Ensenada, quien presidi\u00f3 la ceremonia.<\/p>\n<div id=\"attachment_166032\" style=\"width: 661px\" class=\"wp-caption aligncenter\"><img loading=\"lazy\" decoding=\"async\" aria-describedby=\"caption-attachment-166032\" class=\" wp-image-166032\" src=\"https:\/\/www.cetys.mx\/noticias\/wp-content\/uploads\/2022\/08\/Foto-5.jpg\" alt=\"\" width=\"651\" height=\"433\" srcset=\"https:\/\/www.cetys.mx\/noticias\/wp-content\/uploads\/2022\/08\/Foto-5.jpg 958w, https:\/\/www.cetys.mx\/noticias\/wp-content\/uploads\/2022\/08\/Foto-5-768x511.jpg 768w\" sizes=\"auto, (max-width: 651px) 100vw, 651px\" \/><p id=\"caption-attachment-166032\" class=\"wp-caption-text\">Profesores del ISP 2022<\/p><\/div>\n","protected":false},"excerpt":{"rendered":"<p>Despu\u00e9s de dos semanas de actividades acad\u00e9micas, culturales, sociales y de entretenimiento, los 275 estudiantes y 11 docentes provenientes de 22 pa\u00edses,&#8230;<\/p>\n","protected":false},"author":23,"featured_media":166028,"comment_status":"open","ping_status":"closed","sticky":false,"template":"","format":"standard","meta":{"footnotes":""},"categories":[5368,132,319,125,313],"tags":[6041],"class_list":["post-166027","post","type-post","status-publish","format-standard","has-post-thumbnail","hentry","category-60-aniversario","category-campus-ensenada","category-p-internacionales","category-portada","category-vocetys-2","tag-vocetys-top-2022-08-22"],"yoast_head":"<!-- This site is optimized with the Yoast SEO plugin v27.4 - https:\/\/yoast.com\/product\/yoast-seo-wordpress\/ -->\n<title>Concluye d\u00e9cima edici\u00f3n del Programa Internacional de Verano CETYS - CETYS<\/title>\n<meta name=\"description\" content=\"Articulo sobre Concluye d\u00e9cima edici\u00f3n del Programa Internacional de Verano CETYS\" \/>\n<meta name=\"robots\" content=\"index, follow, max-snippet:-1, max-image-preview:large, max-video-preview:-1\" \/>\n<link rel=\"canonical\" href=\"https:\/\/www.cetys.mx\/noticias\/concluye-decima-edicion-del-programa-internacional-de-verano-cetys\/\" \/>\n<meta property=\"og:locale\" content=\"es_MX\" \/>\n<meta property=\"og:type\" content=\"article\" \/>\n<meta property=\"og:title\" content=\"Concluye d\u00e9cima edici\u00f3n del Programa Internacional de Verano CETYS - CETYS\" \/>\n<meta property=\"og:description\" content=\"Articulo sobre Concluye d\u00e9cima edici\u00f3n del Programa Internacional de Verano CETYS\" \/>\n<meta property=\"og:url\" content=\"https:\/\/www.cetys.mx\/noticias\/concluye-decima-edicion-del-programa-internacional-de-verano-cetys\/\" \/>\n<meta property=\"og:site_name\" content=\"CETYS\" \/>\n<meta property=\"article:publisher\" content=\"https:\/\/www.facebook.com\/cetysuniversidadmxl\/\" \/>\n<meta property=\"article:published_time\" content=\"2022-08-09T01:08:17+00:00\" \/>\n<meta property=\"article:modified_time\" content=\"2022-08-19T22:38:26+00:00\" \/>\n<meta property=\"og:image\" content=\"https:\/\/www.cetys.mx\/noticias\/wp-content\/uploads\/2022\/08\/Foto-1-3.jpg\" \/>\n\t<meta property=\"og:image:width\" content=\"958\" \/>\n\t<meta property=\"og:image:height\" content=\"637\" \/>\n\t<meta property=\"og:image:type\" content=\"image\/jpeg\" \/>\n<meta name=\"author\" content=\"Campus Ensenada\" \/>\n<meta name=\"twitter:card\" content=\"summary_large_image\" \/>\n<meta name=\"twitter:creator\" content=\"@cetysuni\" \/>\n<meta name=\"twitter:site\" content=\"@cetysuni\" \/>\n<meta name=\"twitter:label1\" content=\"Escrito por\" \/>\n\t<meta name=\"twitter:data1\" content=\"Campus Ensenada\" \/>\n\t<meta name=\"twitter:label2\" content=\"Tiempo de lectura\" \/>\n\t<meta name=\"twitter:data2\" content=\"4 minutos\" \/>\n<script type=\"application\/ld+json\" class=\"yoast-schema-graph\">{\"@context\":\"https:\\\/\\\/schema.org\",\"@graph\":[{\"@type\":\"Article\",\"@id\":\"https:\\\/\\\/www.cetys.mx\\\/noticias\\\/concluye-decima-edicion-del-programa-internacional-de-verano-cetys\\\/#article\",\"isPartOf\":{\"@id\":\"https:\\\/\\\/www.cetys.mx\\\/noticias\\\/concluye-decima-edicion-del-programa-internacional-de-verano-cetys\\\/\"},\"author\":{\"name\":\"Campus Ensenada\",\"@id\":\"https:\\\/\\\/www.cetys.mx\\\/noticias\\\/#\\\/schema\\\/person\\\/1a1a88c0b6586e66a2e9e88e07afc712\"},\"headline\":\"Concluye d\u00e9cima edici\u00f3n del Programa Internacional de Verano CETYS\",\"datePublished\":\"2022-08-09T01:08:17+00:00\",\"dateModified\":\"2022-08-19T22:38:26+00:00\",\"mainEntityOfPage\":{\"@id\":\"https:\\\/\\\/www.cetys.mx\\\/noticias\\\/concluye-decima-edicion-del-programa-internacional-de-verano-cetys\\\/\"},\"wordCount\":873,\"commentCount\":0,\"image\":{\"@id\":\"https:\\\/\\\/www.cetys.mx\\\/noticias\\\/concluye-decima-edicion-del-programa-internacional-de-verano-cetys\\\/#primaryimage\"},\"thumbnailUrl\":\"https:\\\/\\\/www.cetys.mx\\\/noticias\\\/wp-content\\\/uploads\\\/2022\\\/08\\\/Foto-1-3.jpg\",\"keywords\":[\"vocetys-top-2022-08-22\"],\"articleSection\":[\"60 Aniversario\",\"Campus Ensenada\",\"P. Internacionales\",\"Portada\",\"VoCETYS\"],\"inLanguage\":\"es\",\"potentialAction\":[{\"@type\":\"CommentAction\",\"name\":\"Comment\",\"target\":[\"https:\\\/\\\/www.cetys.mx\\\/noticias\\\/concluye-decima-edicion-del-programa-internacional-de-verano-cetys\\\/#respond\"]}]},{\"@type\":\"WebPage\",\"@id\":\"https:\\\/\\\/www.cetys.mx\\\/noticias\\\/concluye-decima-edicion-del-programa-internacional-de-verano-cetys\\\/\",\"url\":\"https:\\\/\\\/www.cetys.mx\\\/noticias\\\/concluye-decima-edicion-del-programa-internacional-de-verano-cetys\\\/\",\"name\":\"Concluye d\u00e9cima edici\u00f3n del Programa Internacional de Verano CETYS - CETYS\",\"isPartOf\":{\"@id\":\"https:\\\/\\\/www.cetys.mx\\\/noticias\\\/#website\"},\"primaryImageOfPage\":{\"@id\":\"https:\\\/\\\/www.cetys.mx\\\/noticias\\\/concluye-decima-edicion-del-programa-internacional-de-verano-cetys\\\/#primaryimage\"},\"image\":{\"@id\":\"https:\\\/\\\/www.cetys.mx\\\/noticias\\\/concluye-decima-edicion-del-programa-internacional-de-verano-cetys\\\/#primaryimage\"},\"thumbnailUrl\":\"https:\\\/\\\/www.cetys.mx\\\/noticias\\\/wp-content\\\/uploads\\\/2022\\\/08\\\/Foto-1-3.jpg\",\"datePublished\":\"2022-08-09T01:08:17+00:00\",\"dateModified\":\"2022-08-19T22:38:26+00:00\",\"author\":{\"@id\":\"https:\\\/\\\/www.cetys.mx\\\/noticias\\\/#\\\/schema\\\/person\\\/1a1a88c0b6586e66a2e9e88e07afc712\"},\"description\":\"Articulo sobre Concluye d\u00e9cima edici\u00f3n del Programa Internacional de Verano CETYS\",\"breadcrumb\":{\"@id\":\"https:\\\/\\\/www.cetys.mx\\\/noticias\\\/concluye-decima-edicion-del-programa-internacional-de-verano-cetys\\\/#breadcrumb\"},\"inLanguage\":\"es\",\"potentialAction\":[{\"@type\":\"ReadAction\",\"target\":[\"https:\\\/\\\/www.cetys.mx\\\/noticias\\\/concluye-decima-edicion-del-programa-internacional-de-verano-cetys\\\/\"]}]},{\"@type\":\"ImageObject\",\"inLanguage\":\"es\",\"@id\":\"https:\\\/\\\/www.cetys.mx\\\/noticias\\\/concluye-decima-edicion-del-programa-internacional-de-verano-cetys\\\/#primaryimage\",\"url\":\"https:\\\/\\\/www.cetys.mx\\\/noticias\\\/wp-content\\\/uploads\\\/2022\\\/08\\\/Foto-1-3.jpg\",\"contentUrl\":\"https:\\\/\\\/www.cetys.mx\\\/noticias\\\/wp-content\\\/uploads\\\/2022\\\/08\\\/Foto-1-3.jpg\",\"width\":958,\"height\":637,\"caption\":\"Concluye ISP 2022.\"},{\"@type\":\"BreadcrumbList\",\"@id\":\"https:\\\/\\\/www.cetys.mx\\\/noticias\\\/concluye-decima-edicion-del-programa-internacional-de-verano-cetys\\\/#breadcrumb\",\"itemListElement\":[{\"@type\":\"ListItem\",\"position\":1,\"name\":\"Inicio\",\"item\":\"https:\\\/\\\/www.cetys.mx\\\/noticias\\\/\"},{\"@type\":\"ListItem\",\"position\":2,\"name\":\"Concluye d\u00e9cima edici\u00f3n del Programa Internacional de Verano CETYS\"}]},{\"@type\":\"WebSite\",\"@id\":\"https:\\\/\\\/www.cetys.mx\\\/noticias\\\/#website\",\"url\":\"https:\\\/\\\/www.cetys.mx\\\/noticias\\\/\",\"name\":\"CETYS\",\"description\":\"\",\"potentialAction\":[{\"@type\":\"SearchAction\",\"target\":{\"@type\":\"EntryPoint\",\"urlTemplate\":\"https:\\\/\\\/www.cetys.mx\\\/noticias\\\/?s={search_term_string}\"},\"query-input\":{\"@type\":\"PropertyValueSpecification\",\"valueRequired\":true,\"valueName\":\"search_term_string\"}}],\"inLanguage\":\"es\"},{\"@type\":\"Person\",\"@id\":\"https:\\\/\\\/www.cetys.mx\\\/noticias\\\/#\\\/schema\\\/person\\\/1a1a88c0b6586e66a2e9e88e07afc712\",\"name\":\"Campus Ensenada\",\"url\":\"https:\\\/\\\/www.cetys.mx\\\/noticias\\\/author\\\/campusensenada\\\/\"}]}<\/script>\n<!-- \/ Yoast SEO plugin. -->","yoast_head_json":{"title":"Concluye d\u00e9cima edici\u00f3n del Programa Internacional de Verano CETYS - CETYS","description":"Articulo sobre Concluye d\u00e9cima edici\u00f3n del Programa Internacional de Verano CETYS","robots":{"index":"index","follow":"follow","max-snippet":"max-snippet:-1","max-image-preview":"max-image-preview:large","max-video-preview":"max-video-preview:-1"},"canonical":"https:\/\/www.cetys.mx\/noticias\/concluye-decima-edicion-del-programa-internacional-de-verano-cetys\/","og_locale":"es_MX","og_type":"article","og_title":"Concluye d\u00e9cima edici\u00f3n del Programa Internacional de Verano CETYS - CETYS","og_description":"Articulo sobre Concluye d\u00e9cima edici\u00f3n del Programa Internacional de Verano CETYS","og_url":"https:\/\/www.cetys.mx\/noticias\/concluye-decima-edicion-del-programa-internacional-de-verano-cetys\/","og_site_name":"CETYS","article_publisher":"https:\/\/www.facebook.com\/cetysuniversidadmxl\/","article_published_time":"2022-08-09T01:08:17+00:00","article_modified_time":"2022-08-19T22:38:26+00:00","og_image":[{"width":958,"height":637,"url":"https:\/\/www.cetys.mx\/noticias\/wp-content\/uploads\/2022\/08\/Foto-1-3.jpg","type":"image\/jpeg"}],"author":"Campus Ensenada","twitter_card":"summary_large_image","twitter_creator":"@cetysuni","twitter_site":"@cetysuni","twitter_misc":{"Escrito por":"Campus Ensenada","Tiempo de lectura":"4 minutos"},"schema":{"@context":"https:\/\/schema.org","@graph":[{"@type":"Article","@id":"https:\/\/www.cetys.mx\/noticias\/concluye-decima-edicion-del-programa-internacional-de-verano-cetys\/#article","isPartOf":{"@id":"https:\/\/www.cetys.mx\/noticias\/concluye-decima-edicion-del-programa-internacional-de-verano-cetys\/"},"author":{"name":"Campus Ensenada","@id":"https:\/\/www.cetys.mx\/noticias\/#\/schema\/person\/1a1a88c0b6586e66a2e9e88e07afc712"},"headline":"Concluye d\u00e9cima edici\u00f3n del Programa Internacional de Verano CETYS","datePublished":"2022-08-09T01:08:17+00:00","dateModified":"2022-08-19T22:38:26+00:00","mainEntityOfPage":{"@id":"https:\/\/www.cetys.mx\/noticias\/concluye-decima-edicion-del-programa-internacional-de-verano-cetys\/"},"wordCount":873,"commentCount":0,"image":{"@id":"https:\/\/www.cetys.mx\/noticias\/concluye-decima-edicion-del-programa-internacional-de-verano-cetys\/#primaryimage"},"thumbnailUrl":"https:\/\/www.cetys.mx\/noticias\/wp-content\/uploads\/2022\/08\/Foto-1-3.jpg","keywords":["vocetys-top-2022-08-22"],"articleSection":["60 Aniversario","Campus Ensenada","P. Internacionales","Portada","VoCETYS"],"inLanguage":"es","potentialAction":[{"@type":"CommentAction","name":"Comment","target":["https:\/\/www.cetys.mx\/noticias\/concluye-decima-edicion-del-programa-internacional-de-verano-cetys\/#respond"]}]},{"@type":"WebPage","@id":"https:\/\/www.cetys.mx\/noticias\/concluye-decima-edicion-del-programa-internacional-de-verano-cetys\/","url":"https:\/\/www.cetys.mx\/noticias\/concluye-decima-edicion-del-programa-internacional-de-verano-cetys\/","name":"Concluye d\u00e9cima edici\u00f3n del Programa Internacional de Verano CETYS - CETYS","isPartOf":{"@id":"https:\/\/www.cetys.mx\/noticias\/#website"},"primaryImageOfPage":{"@id":"https:\/\/www.cetys.mx\/noticias\/concluye-decima-edicion-del-programa-internacional-de-verano-cetys\/#primaryimage"},"image":{"@id":"https:\/\/www.cetys.mx\/noticias\/concluye-decima-edicion-del-programa-internacional-de-verano-cetys\/#primaryimage"},"thumbnailUrl":"https:\/\/www.cetys.mx\/noticias\/wp-content\/uploads\/2022\/08\/Foto-1-3.jpg","datePublished":"2022-08-09T01:08:17+00:00","dateModified":"2022-08-19T22:38:26+00:00","author":{"@id":"https:\/\/www.cetys.mx\/noticias\/#\/schema\/person\/1a1a88c0b6586e66a2e9e88e07afc712"},"description":"Articulo sobre Concluye d\u00e9cima edici\u00f3n del Programa Internacional de Verano CETYS","breadcrumb":{"@id":"https:\/\/www.cetys.mx\/noticias\/concluye-decima-edicion-del-programa-internacional-de-verano-cetys\/#breadcrumb"},"inLanguage":"es","potentialAction":[{"@type":"ReadAction","target":["https:\/\/www.cetys.mx\/noticias\/concluye-decima-edicion-del-programa-internacional-de-verano-cetys\/"]}]},{"@type":"ImageObject","inLanguage":"es","@id":"https:\/\/www.cetys.mx\/noticias\/concluye-decima-edicion-del-programa-internacional-de-verano-cetys\/#primaryimage","url":"https:\/\/www.cetys.mx\/noticias\/wp-content\/uploads\/2022\/08\/Foto-1-3.jpg","contentUrl":"https:\/\/www.cetys.mx\/noticias\/wp-content\/uploads\/2022\/08\/Foto-1-3.jpg","width":958,"height":637,"caption":"Concluye ISP 2022."},{"@type":"BreadcrumbList","@id":"https:\/\/www.cetys.mx\/noticias\/concluye-decima-edicion-del-programa-internacional-de-verano-cetys\/#breadcrumb","itemListElement":[{"@type":"ListItem","position":1,"name":"Inicio","item":"https:\/\/www.cetys.mx\/noticias\/"},{"@type":"ListItem","position":2,"name":"Concluye d\u00e9cima edici\u00f3n del Programa Internacional de Verano CETYS"}]},{"@type":"WebSite","@id":"https:\/\/www.cetys.mx\/noticias\/#website","url":"https:\/\/www.cetys.mx\/noticias\/","name":"CETYS","description":"","potentialAction":[{"@type":"SearchAction","target":{"@type":"EntryPoint","urlTemplate":"https:\/\/www.cetys.mx\/noticias\/?s={search_term_string}"},"query-input":{"@type":"PropertyValueSpecification","valueRequired":true,"valueName":"search_term_string"}}],"inLanguage":"es"},{"@type":"Person","@id":"https:\/\/www.cetys.mx\/noticias\/#\/schema\/person\/1a1a88c0b6586e66a2e9e88e07afc712","name":"Campus Ensenada","url":"https:\/\/www.cetys.mx\/noticias\/author\/campusensenada\/"}]}},"_links":{"self":[{"href":"https:\/\/www.cetys.mx\/noticias\/wp-json\/wp\/v2\/posts\/166027","targetHints":{"allow":["GET"]}}],"collection":[{"href":"https:\/\/www.cetys.mx\/noticias\/wp-json\/wp\/v2\/posts"}],"about":[{"href":"https:\/\/www.cetys.mx\/noticias\/wp-json\/wp\/v2\/types\/post"}],"author":[{"embeddable":true,"href":"https:\/\/www.cetys.mx\/noticias\/wp-json\/wp\/v2\/users\/23"}],"replies":[{"embeddable":true,"href":"https:\/\/www.cetys.mx\/noticias\/wp-json\/wp\/v2\/comments?post=166027"}],"version-history":[{"count":1,"href":"https:\/\/www.cetys.mx\/noticias\/wp-json\/wp\/v2\/posts\/166027\/revisions"}],"predecessor-version":[{"id":166033,"href":"https:\/\/www.cetys.mx\/noticias\/wp-json\/wp\/v2\/posts\/166027\/revisions\/166033"}],"wp:featuredmedia":[{"embeddable":true,"href":"https:\/\/www.cetys.mx\/noticias\/wp-json\/wp\/v2\/media\/166028"}],"wp:attachment":[{"href":"https:\/\/www.cetys.mx\/noticias\/wp-json\/wp\/v2\/media?parent=166027"}],"wp:term":[{"taxonomy":"category","embeddable":true,"href":"https:\/\/www.cetys.mx\/noticias\/wp-json\/wp\/v2\/categories?post=166027"},{"taxonomy":"post_tag","embeddable":true,"href":"https:\/\/www.cetys.mx\/noticias\/wp-json\/wp\/v2\/tags?post=166027"}],"curies":[{"name":"wp","href":"https:\/\/api.w.org\/{rel}","templated":true}]}}