{"id":165913,"date":"2022-08-03T14:33:29","date_gmt":"2022-08-03T21:33:29","guid":{"rendered":"https:\/\/www.cetys.mx\/noticias\/?p=165913"},"modified":"2022-08-18T11:08:18","modified_gmt":"2022-08-18T18:08:18","slug":"son-cetys-alumni-parte-de-los-300-lideres-mas-influyentes-en-gobernanza-organizaciones-civiles-y-educacion-en-mexico","status":"publish","type":"post","link":"https:\/\/www.cetys.mx\/noticias\/son-cetys-alumni-parte-de-los-300-lideres-mas-influyentes-en-gobernanza-organizaciones-civiles-y-educacion-en-mexico\/","title":{"rendered":"Son CETYS Alumni parte de los 300 l\u00edderes m\u00e1s influyentes de M\u00e9xico"},"content":{"rendered":"<p>&nbsp;<\/p>\n<h4 style=\"text-align: center;\"><em><span style=\"font-weight: 400;\">La Mtra. Marina del Pilar \u00c1vila Olmeda, el Mtro. Gustavo De Hoyos Walther y el Dr. Fernando Le\u00f3n Garc\u00eda, forman parte de los 300 l\u00edderes m\u00e1s influyentes de M\u00e9xico.<\/span><\/em><\/h4>\n<p>&nbsp;<\/p>\n<p style=\"text-align: justify;\"><span style=\"font-weight: 400;\">Los egresados de CETYS son reconocidos por su trabajo en \u00e1reas tan diversas como la pol\u00edtica, empresarial y educaci\u00f3n, es por eso que la revista <a href=\"https:\/\/lideresmexicanos.com\/noticias\/los-300-lideres-mas-influyentes-de-mexico-5\/\"><strong>L\u00edderes Mexicanos<\/strong><\/a> ha reconocido a los Alumni: <\/span><b>Mtra. Marina del Pilar \u00c1vila Olmeda<\/b><span style=\"font-weight: 400;\">, Gobernadora de Baja California, <\/span><b>Mtro. Gustavo de Hoyos Walther<\/b><span style=\"font-weight: 400;\">, Director en De Hoyos y Avil\u00e9s Abogados\u00a0 y el <\/span><b>Dr. Fernando Le\u00f3n Garc\u00eda, Rector del Sistema CETYS Universidad<\/b><span style=\"font-weight: 400;\">, como parte de <a href=\"https:\/\/lideresmexicanos.com\/noticias\/los-300-lideres-mas-influyentes-de-mexico-5\/\"><strong>los 300 l\u00edderes m\u00e1s influyentes de M\u00e9xico en el 2022.<\/strong><\/a><\/span><\/p>\n<p style=\"text-align: justify;\"><span style=\"font-weight: 400;\">Es as\u00ed que comparten espacio con agentes de cambio que movilizan a la sociedad\u00a0 a trav\u00e9s de su liderazgo, en categor\u00edas como: Pol\u00edtica, Poder Legislativo, Poder Judicial, Poder Ejecutivo, Organizaciones Civiles, Medios, L\u00edder de Opini\u00f3n, Espect\u00e1culos, Empresarios, Deporte, Cultura, Ciencia e Internacionales.<\/span><\/p>\n<p style=\"text-align: justify;\"><span style=\"font-weight: 400;\">La <\/span><b>Mtra. Marina del Pilar \u00c1vila Olmeda <\/b><span style=\"font-weight: 400;\">es la actual <\/span><b>Gobernadora de Baja California<\/b><span style=\"font-weight: 400;\">, egresada de la Lic. en Derecho en CETYS, ha fungido como Diputada Federal y Alcaldesa del municipio de Mexicali; se encuentra en el lugar 27 de la lista, en la categor\u00eda de Poder Ejecutivo.<\/span><\/p>\n<p style=\"text-align: justify;\"><span style=\"font-weight: 400;\">Por su parte, el <\/span><b>Mtro. Gustavo De Hoyos Walther<\/b><span style=\"font-weight: 400;\"> se encuentra en el lugar 78 en la categor\u00eda Organizaciones Civiles. Es egresado de la Lic. en Administraci\u00f3n de Empresas y de la Maestr\u00eda en Derecho Corporativo e Internacional en CETYS Universidad. Actualmente es <strong>Director en la firma de abogados De Hoyos y Avil\u00e9s.<\/strong><\/span><\/p>\n<p style=\"text-align: justify;\"><span style=\"font-weight: 400;\">Asimismo, el <\/span><b>Dr. Fernando Le\u00f3n Garc\u00eda<\/b><span style=\"font-weight: 400;\">, <\/span><b>Rector del Sistema CETYS Universidad<\/b><span style=\"font-weight: 400;\">, se encuentra en el lugar 171 del listado, en la categor\u00eda de Organizaciones Civiles, siendo uno de los 5 rectores de instituciones nacionales que es mencionado en la publicaci\u00f3n.\u00a0<\/span><\/p>\n<p style=\"text-align: justify;\"><span style=\"font-weight: 400;\">Es egresado de la carrera de Ingenier\u00eda Industrial en CETYS y cuenta con Maestr\u00eda en Educaci\u00f3n con concentraci\u00f3n en Administraci\u00f3n y Pol\u00edtica Educativa, as\u00ed como Doctorado en Educaci\u00f3n con especializaci\u00f3n en Desarrollo Educativo Internacional, ambos por Stanford University. Actualmente es Presidente de la International Association of University Presidents (IAUP) y ha sido Rector de CETYS desde el 2010.\u00a0<\/span><\/p>\n<p style=\"text-align: justify;\"><span style=\"font-weight: 400;\">Son ellos ejemplo de liderazgo en nuestros egresados, quienes con presencia en m\u00e1s de 30 pa\u00edses, detonan el cambio necesario para transformar a la comunidad.<\/span><\/p>\n<p>&nbsp;<\/p>\n<p><strong>Conoce sobre los 300 l\u00edderes m\u00e1s influyentes de M\u00e9xico 2022, en la siguiente publicaci\u00f3n:\u00a0<\/strong><\/p>\n<p>&nbsp;<\/p>\n<p><iframe title=\"L\u00edderes Mexicanos Los 300 Julio 2022\" src=\"https:\/\/e.issuu.com\/embed.html?u=lideres_mexicanos&#038;d=lm392-los300\" style=\"border:none; width: 500px; height: 383px;\" allow=\"clipboard-write,allow-top-navigation,allow-top-navigation-by-user-activation,allow-downloads,allow-scripts,allow-same-origin,allow-popups,allow-modals,allow-popups-to-escape-sandbox,allow-forms\"  allowfullscreen=\"true\"><\/iframe><\/p>\n<p>&nbsp;<\/p>\n<p>&nbsp;<\/p>\n<h2><\/h2>\n<p>&nbsp;<\/p>\n","protected":false},"excerpt":{"rendered":"<p>&nbsp; La Mtra. Marina del Pilar \u00c1vila Olmeda, el Mtro. Gustavo De Hoyos Walther y el Dr. Fernando Le\u00f3n Garc\u00eda, forman parte&#8230;<\/p>\n","protected":false},"author":26,"featured_media":165919,"comment_status":"open","ping_status":"closed","sticky":false,"template":"","format":"standard","meta":{"footnotes":""},"categories":[107,209,125,113],"tags":[6013,342,876],"class_list":["post-165913","post","type-post","status-publish","format-standard","has-post-thumbnail","hentry","category-alumni","category-institucional","category-portada","category-rectoria","tag-300-lideres","tag-liderazgo","tag-lideres"],"yoast_head":"<!-- This site is optimized with the Yoast SEO plugin v27.4 - https:\/\/yoast.com\/product\/yoast-seo-wordpress\/ -->\n<title>Son CETYS Alumni parte de los 300 l\u00edderes m\u00e1s influyentes de M\u00e9xico - CETYS<\/title>\n<meta name=\"description\" content=\"La Mtra. Marina del Pilar \u00c1vila Olmeda, el Mtro. Gustavo De Hoyos Walther y el Dr. Fernando Le\u00f3n Garc\u00eda, son de los 300 l\u00edderes m\u00e1s influyentes de M\u00e9xico.\" \/>\n<meta name=\"robots\" content=\"index, follow, max-snippet:-1, max-image-preview:large, max-video-preview:-1\" \/>\n<link rel=\"canonical\" href=\"https:\/\/www.cetys.mx\/noticias\/son-cetys-alumni-parte-de-los-300-lideres-mas-influyentes-en-gobernanza-organizaciones-civiles-y-educacion-en-mexico\/\" \/>\n<meta property=\"og:locale\" content=\"es_MX\" \/>\n<meta property=\"og:type\" content=\"article\" \/>\n<meta property=\"og:title\" content=\"Son CETYS Alumni parte de los 300 l\u00edderes m\u00e1s influyentes de M\u00e9xico - CETYS\" \/>\n<meta property=\"og:description\" content=\"La Mtra. Marina del Pilar \u00c1vila Olmeda, el Mtro. Gustavo De Hoyos Walther y el Dr. Fernando Le\u00f3n Garc\u00eda, son de los 300 l\u00edderes m\u00e1s influyentes de M\u00e9xico.\" \/>\n<meta property=\"og:url\" content=\"https:\/\/www.cetys.mx\/noticias\/son-cetys-alumni-parte-de-los-300-lideres-mas-influyentes-en-gobernanza-organizaciones-civiles-y-educacion-en-mexico\/\" \/>\n<meta property=\"og:site_name\" content=\"CETYS\" \/>\n<meta property=\"article:publisher\" content=\"https:\/\/www.facebook.com\/cetysuniversidadmxl\/\" \/>\n<meta property=\"article:published_time\" content=\"2022-08-03T21:33:29+00:00\" \/>\n<meta property=\"article:modified_time\" content=\"2022-08-18T18:08:18+00:00\" \/>\n<meta property=\"og:image\" content=\"https:\/\/www.cetys.mx\/noticias\/wp-content\/uploads\/2022\/08\/L\u00edderes-Mexicanos-CETYS-Alumni.jpg\" \/>\n\t<meta property=\"og:image:width\" content=\"958\" \/>\n\t<meta property=\"og:image:height\" content=\"637\" \/>\n\t<meta property=\"og:image:type\" content=\"image\/jpeg\" \/>\n<meta name=\"author\" content=\"CETYS Institucional\" \/>\n<meta name=\"twitter:card\" content=\"summary_large_image\" \/>\n<meta name=\"twitter:creator\" content=\"@cetysuni\" \/>\n<meta name=\"twitter:site\" content=\"@cetysuni\" \/>\n<meta name=\"twitter:label1\" content=\"Escrito por\" \/>\n\t<meta name=\"twitter:data1\" content=\"CETYS Institucional\" \/>\n\t<meta name=\"twitter:label2\" content=\"Tiempo de lectura\" \/>\n\t<meta name=\"twitter:data2\" content=\"2 minutos\" \/>\n<script type=\"application\/ld+json\" class=\"yoast-schema-graph\">{\"@context\":\"https:\\\/\\\/schema.org\",\"@graph\":[{\"@type\":\"Article\",\"@id\":\"https:\\\/\\\/www.cetys.mx\\\/noticias\\\/son-cetys-alumni-parte-de-los-300-lideres-mas-influyentes-en-gobernanza-organizaciones-civiles-y-educacion-en-mexico\\\/#article\",\"isPartOf\":{\"@id\":\"https:\\\/\\\/www.cetys.mx\\\/noticias\\\/son-cetys-alumni-parte-de-los-300-lideres-mas-influyentes-en-gobernanza-organizaciones-civiles-y-educacion-en-mexico\\\/\"},\"author\":{\"name\":\"CETYS Institucional\",\"@id\":\"https:\\\/\\\/www.cetys.mx\\\/noticias\\\/#\\\/schema\\\/person\\\/e9d2b35265b64aa454df57a2828eb2ac\"},\"headline\":\"Son CETYS Alumni parte de los 300 l\u00edderes m\u00e1s influyentes de M\u00e9xico\",\"datePublished\":\"2022-08-03T21:33:29+00:00\",\"dateModified\":\"2022-08-18T18:08:18+00:00\",\"mainEntityOfPage\":{\"@id\":\"https:\\\/\\\/www.cetys.mx\\\/noticias\\\/son-cetys-alumni-parte-de-los-300-lideres-mas-influyentes-en-gobernanza-organizaciones-civiles-y-educacion-en-mexico\\\/\"},\"wordCount\":450,\"commentCount\":0,\"image\":{\"@id\":\"https:\\\/\\\/www.cetys.mx\\\/noticias\\\/son-cetys-alumni-parte-de-los-300-lideres-mas-influyentes-en-gobernanza-organizaciones-civiles-y-educacion-en-mexico\\\/#primaryimage\"},\"thumbnailUrl\":\"https:\\\/\\\/www.cetys.mx\\\/noticias\\\/wp-content\\\/uploads\\\/2022\\\/08\\\/L\u00edderes-Mexicanos-CETYS-Alumni.jpg\",\"keywords\":[\"300 l\u00edderes\",\"liderazgo\",\"L\u00edderes\"],\"articleSection\":[\"Alumni\",\"Institucional\",\"Portada\",\"Rector\u00eda\"],\"inLanguage\":\"es\",\"potentialAction\":[{\"@type\":\"CommentAction\",\"name\":\"Comment\",\"target\":[\"https:\\\/\\\/www.cetys.mx\\\/noticias\\\/son-cetys-alumni-parte-de-los-300-lideres-mas-influyentes-en-gobernanza-organizaciones-civiles-y-educacion-en-mexico\\\/#respond\"]}]},{\"@type\":\"WebPage\",\"@id\":\"https:\\\/\\\/www.cetys.mx\\\/noticias\\\/son-cetys-alumni-parte-de-los-300-lideres-mas-influyentes-en-gobernanza-organizaciones-civiles-y-educacion-en-mexico\\\/\",\"url\":\"https:\\\/\\\/www.cetys.mx\\\/noticias\\\/son-cetys-alumni-parte-de-los-300-lideres-mas-influyentes-en-gobernanza-organizaciones-civiles-y-educacion-en-mexico\\\/\",\"name\":\"Son CETYS Alumni parte de los 300 l\u00edderes m\u00e1s influyentes de M\u00e9xico - CETYS\",\"isPartOf\":{\"@id\":\"https:\\\/\\\/www.cetys.mx\\\/noticias\\\/#website\"},\"primaryImageOfPage\":{\"@id\":\"https:\\\/\\\/www.cetys.mx\\\/noticias\\\/son-cetys-alumni-parte-de-los-300-lideres-mas-influyentes-en-gobernanza-organizaciones-civiles-y-educacion-en-mexico\\\/#primaryimage\"},\"image\":{\"@id\":\"https:\\\/\\\/www.cetys.mx\\\/noticias\\\/son-cetys-alumni-parte-de-los-300-lideres-mas-influyentes-en-gobernanza-organizaciones-civiles-y-educacion-en-mexico\\\/#primaryimage\"},\"thumbnailUrl\":\"https:\\\/\\\/www.cetys.mx\\\/noticias\\\/wp-content\\\/uploads\\\/2022\\\/08\\\/L\u00edderes-Mexicanos-CETYS-Alumni.jpg\",\"datePublished\":\"2022-08-03T21:33:29+00:00\",\"dateModified\":\"2022-08-18T18:08:18+00:00\",\"author\":{\"@id\":\"https:\\\/\\\/www.cetys.mx\\\/noticias\\\/#\\\/schema\\\/person\\\/e9d2b35265b64aa454df57a2828eb2ac\"},\"description\":\"La Mtra. Marina del Pilar \u00c1vila Olmeda, el Mtro. Gustavo De Hoyos Walther y el Dr. Fernando Le\u00f3n Garc\u00eda, son de los 300 l\u00edderes m\u00e1s influyentes de M\u00e9xico.\",\"breadcrumb\":{\"@id\":\"https:\\\/\\\/www.cetys.mx\\\/noticias\\\/son-cetys-alumni-parte-de-los-300-lideres-mas-influyentes-en-gobernanza-organizaciones-civiles-y-educacion-en-mexico\\\/#breadcrumb\"},\"inLanguage\":\"es\",\"potentialAction\":[{\"@type\":\"ReadAction\",\"target\":[\"https:\\\/\\\/www.cetys.mx\\\/noticias\\\/son-cetys-alumni-parte-de-los-300-lideres-mas-influyentes-en-gobernanza-organizaciones-civiles-y-educacion-en-mexico\\\/\"]}]},{\"@type\":\"ImageObject\",\"inLanguage\":\"es\",\"@id\":\"https:\\\/\\\/www.cetys.mx\\\/noticias\\\/son-cetys-alumni-parte-de-los-300-lideres-mas-influyentes-en-gobernanza-organizaciones-civiles-y-educacion-en-mexico\\\/#primaryimage\",\"url\":\"https:\\\/\\\/www.cetys.mx\\\/noticias\\\/wp-content\\\/uploads\\\/2022\\\/08\\\/L\u00edderes-Mexicanos-CETYS-Alumni.jpg\",\"contentUrl\":\"https:\\\/\\\/www.cetys.mx\\\/noticias\\\/wp-content\\\/uploads\\\/2022\\\/08\\\/L\u00edderes-Mexicanos-CETYS-Alumni.jpg\",\"width\":958,\"height\":637},{\"@type\":\"BreadcrumbList\",\"@id\":\"https:\\\/\\\/www.cetys.mx\\\/noticias\\\/son-cetys-alumni-parte-de-los-300-lideres-mas-influyentes-en-gobernanza-organizaciones-civiles-y-educacion-en-mexico\\\/#breadcrumb\",\"itemListElement\":[{\"@type\":\"ListItem\",\"position\":1,\"name\":\"Inicio\",\"item\":\"https:\\\/\\\/www.cetys.mx\\\/noticias\\\/\"},{\"@type\":\"ListItem\",\"position\":2,\"name\":\"Son CETYS Alumni parte de los 300 l\u00edderes m\u00e1s influyentes de M\u00e9xico\"}]},{\"@type\":\"WebSite\",\"@id\":\"https:\\\/\\\/www.cetys.mx\\\/noticias\\\/#website\",\"url\":\"https:\\\/\\\/www.cetys.mx\\\/noticias\\\/\",\"name\":\"CETYS\",\"description\":\"\",\"potentialAction\":[{\"@type\":\"SearchAction\",\"target\":{\"@type\":\"EntryPoint\",\"urlTemplate\":\"https:\\\/\\\/www.cetys.mx\\\/noticias\\\/?s={search_term_string}\"},\"query-input\":{\"@type\":\"PropertyValueSpecification\",\"valueRequired\":true,\"valueName\":\"search_term_string\"}}],\"inLanguage\":\"es\"},{\"@type\":\"Person\",\"@id\":\"https:\\\/\\\/www.cetys.mx\\\/noticias\\\/#\\\/schema\\\/person\\\/e9d2b35265b64aa454df57a2828eb2ac\",\"name\":\"CETYS Institucional\",\"url\":\"https:\\\/\\\/www.cetys.mx\\\/noticias\\\/author\\\/cetysinstitucional\\\/\"}]}<\/script>\n<!-- \/ Yoast SEO plugin. -->","yoast_head_json":{"title":"Son CETYS Alumni parte de los 300 l\u00edderes m\u00e1s influyentes de M\u00e9xico - CETYS","description":"La Mtra. Marina del Pilar \u00c1vila Olmeda, el Mtro. Gustavo De Hoyos Walther y el Dr. Fernando Le\u00f3n Garc\u00eda, son de los 300 l\u00edderes m\u00e1s influyentes de M\u00e9xico.","robots":{"index":"index","follow":"follow","max-snippet":"max-snippet:-1","max-image-preview":"max-image-preview:large","max-video-preview":"max-video-preview:-1"},"canonical":"https:\/\/www.cetys.mx\/noticias\/son-cetys-alumni-parte-de-los-300-lideres-mas-influyentes-en-gobernanza-organizaciones-civiles-y-educacion-en-mexico\/","og_locale":"es_MX","og_type":"article","og_title":"Son CETYS Alumni parte de los 300 l\u00edderes m\u00e1s influyentes de M\u00e9xico - CETYS","og_description":"La Mtra. Marina del Pilar \u00c1vila Olmeda, el Mtro. Gustavo De Hoyos Walther y el Dr. Fernando Le\u00f3n Garc\u00eda, son de los 300 l\u00edderes m\u00e1s influyentes de M\u00e9xico.","og_url":"https:\/\/www.cetys.mx\/noticias\/son-cetys-alumni-parte-de-los-300-lideres-mas-influyentes-en-gobernanza-organizaciones-civiles-y-educacion-en-mexico\/","og_site_name":"CETYS","article_publisher":"https:\/\/www.facebook.com\/cetysuniversidadmxl\/","article_published_time":"2022-08-03T21:33:29+00:00","article_modified_time":"2022-08-18T18:08:18+00:00","og_image":[{"width":958,"height":637,"url":"https:\/\/www.cetys.mx\/noticias\/wp-content\/uploads\/2022\/08\/L\u00edderes-Mexicanos-CETYS-Alumni.jpg","type":"image\/jpeg"}],"author":"CETYS Institucional","twitter_card":"summary_large_image","twitter_creator":"@cetysuni","twitter_site":"@cetysuni","twitter_misc":{"Escrito por":"CETYS Institucional","Tiempo de lectura":"2 minutos"},"schema":{"@context":"https:\/\/schema.org","@graph":[{"@type":"Article","@id":"https:\/\/www.cetys.mx\/noticias\/son-cetys-alumni-parte-de-los-300-lideres-mas-influyentes-en-gobernanza-organizaciones-civiles-y-educacion-en-mexico\/#article","isPartOf":{"@id":"https:\/\/www.cetys.mx\/noticias\/son-cetys-alumni-parte-de-los-300-lideres-mas-influyentes-en-gobernanza-organizaciones-civiles-y-educacion-en-mexico\/"},"author":{"name":"CETYS Institucional","@id":"https:\/\/www.cetys.mx\/noticias\/#\/schema\/person\/e9d2b35265b64aa454df57a2828eb2ac"},"headline":"Son CETYS Alumni parte de los 300 l\u00edderes m\u00e1s influyentes de M\u00e9xico","datePublished":"2022-08-03T21:33:29+00:00","dateModified":"2022-08-18T18:08:18+00:00","mainEntityOfPage":{"@id":"https:\/\/www.cetys.mx\/noticias\/son-cetys-alumni-parte-de-los-300-lideres-mas-influyentes-en-gobernanza-organizaciones-civiles-y-educacion-en-mexico\/"},"wordCount":450,"commentCount":0,"image":{"@id":"https:\/\/www.cetys.mx\/noticias\/son-cetys-alumni-parte-de-los-300-lideres-mas-influyentes-en-gobernanza-organizaciones-civiles-y-educacion-en-mexico\/#primaryimage"},"thumbnailUrl":"https:\/\/www.cetys.mx\/noticias\/wp-content\/uploads\/2022\/08\/L\u00edderes-Mexicanos-CETYS-Alumni.jpg","keywords":["300 l\u00edderes","liderazgo","L\u00edderes"],"articleSection":["Alumni","Institucional","Portada","Rector\u00eda"],"inLanguage":"es","potentialAction":[{"@type":"CommentAction","name":"Comment","target":["https:\/\/www.cetys.mx\/noticias\/son-cetys-alumni-parte-de-los-300-lideres-mas-influyentes-en-gobernanza-organizaciones-civiles-y-educacion-en-mexico\/#respond"]}]},{"@type":"WebPage","@id":"https:\/\/www.cetys.mx\/noticias\/son-cetys-alumni-parte-de-los-300-lideres-mas-influyentes-en-gobernanza-organizaciones-civiles-y-educacion-en-mexico\/","url":"https:\/\/www.cetys.mx\/noticias\/son-cetys-alumni-parte-de-los-300-lideres-mas-influyentes-en-gobernanza-organizaciones-civiles-y-educacion-en-mexico\/","name":"Son CETYS Alumni parte de los 300 l\u00edderes m\u00e1s influyentes de M\u00e9xico - CETYS","isPartOf":{"@id":"https:\/\/www.cetys.mx\/noticias\/#website"},"primaryImageOfPage":{"@id":"https:\/\/www.cetys.mx\/noticias\/son-cetys-alumni-parte-de-los-300-lideres-mas-influyentes-en-gobernanza-organizaciones-civiles-y-educacion-en-mexico\/#primaryimage"},"image":{"@id":"https:\/\/www.cetys.mx\/noticias\/son-cetys-alumni-parte-de-los-300-lideres-mas-influyentes-en-gobernanza-organizaciones-civiles-y-educacion-en-mexico\/#primaryimage"},"thumbnailUrl":"https:\/\/www.cetys.mx\/noticias\/wp-content\/uploads\/2022\/08\/L\u00edderes-Mexicanos-CETYS-Alumni.jpg","datePublished":"2022-08-03T21:33:29+00:00","dateModified":"2022-08-18T18:08:18+00:00","author":{"@id":"https:\/\/www.cetys.mx\/noticias\/#\/schema\/person\/e9d2b35265b64aa454df57a2828eb2ac"},"description":"La Mtra. Marina del Pilar \u00c1vila Olmeda, el Mtro. Gustavo De Hoyos Walther y el Dr. Fernando Le\u00f3n Garc\u00eda, son de los 300 l\u00edderes m\u00e1s influyentes de M\u00e9xico.","breadcrumb":{"@id":"https:\/\/www.cetys.mx\/noticias\/son-cetys-alumni-parte-de-los-300-lideres-mas-influyentes-en-gobernanza-organizaciones-civiles-y-educacion-en-mexico\/#breadcrumb"},"inLanguage":"es","potentialAction":[{"@type":"ReadAction","target":["https:\/\/www.cetys.mx\/noticias\/son-cetys-alumni-parte-de-los-300-lideres-mas-influyentes-en-gobernanza-organizaciones-civiles-y-educacion-en-mexico\/"]}]},{"@type":"ImageObject","inLanguage":"es","@id":"https:\/\/www.cetys.mx\/noticias\/son-cetys-alumni-parte-de-los-300-lideres-mas-influyentes-en-gobernanza-organizaciones-civiles-y-educacion-en-mexico\/#primaryimage","url":"https:\/\/www.cetys.mx\/noticias\/wp-content\/uploads\/2022\/08\/L\u00edderes-Mexicanos-CETYS-Alumni.jpg","contentUrl":"https:\/\/www.cetys.mx\/noticias\/wp-content\/uploads\/2022\/08\/L\u00edderes-Mexicanos-CETYS-Alumni.jpg","width":958,"height":637},{"@type":"BreadcrumbList","@id":"https:\/\/www.cetys.mx\/noticias\/son-cetys-alumni-parte-de-los-300-lideres-mas-influyentes-en-gobernanza-organizaciones-civiles-y-educacion-en-mexico\/#breadcrumb","itemListElement":[{"@type":"ListItem","position":1,"name":"Inicio","item":"https:\/\/www.cetys.mx\/noticias\/"},{"@type":"ListItem","position":2,"name":"Son CETYS Alumni parte de los 300 l\u00edderes m\u00e1s influyentes de M\u00e9xico"}]},{"@type":"WebSite","@id":"https:\/\/www.cetys.mx\/noticias\/#website","url":"https:\/\/www.cetys.mx\/noticias\/","name":"CETYS","description":"","potentialAction":[{"@type":"SearchAction","target":{"@type":"EntryPoint","urlTemplate":"https:\/\/www.cetys.mx\/noticias\/?s={search_term_string}"},"query-input":{"@type":"PropertyValueSpecification","valueRequired":true,"valueName":"search_term_string"}}],"inLanguage":"es"},{"@type":"Person","@id":"https:\/\/www.cetys.mx\/noticias\/#\/schema\/person\/e9d2b35265b64aa454df57a2828eb2ac","name":"CETYS Institucional","url":"https:\/\/www.cetys.mx\/noticias\/author\/cetysinstitucional\/"}]}},"_links":{"self":[{"href":"https:\/\/www.cetys.mx\/noticias\/wp-json\/wp\/v2\/posts\/165913","targetHints":{"allow":["GET"]}}],"collection":[{"href":"https:\/\/www.cetys.mx\/noticias\/wp-json\/wp\/v2\/posts"}],"about":[{"href":"https:\/\/www.cetys.mx\/noticias\/wp-json\/wp\/v2\/types\/post"}],"author":[{"embeddable":true,"href":"https:\/\/www.cetys.mx\/noticias\/wp-json\/wp\/v2\/users\/26"}],"replies":[{"embeddable":true,"href":"https:\/\/www.cetys.mx\/noticias\/wp-json\/wp\/v2\/comments?post=165913"}],"version-history":[{"count":5,"href":"https:\/\/www.cetys.mx\/noticias\/wp-json\/wp\/v2\/posts\/165913\/revisions"}],"predecessor-version":[{"id":166415,"href":"https:\/\/www.cetys.mx\/noticias\/wp-json\/wp\/v2\/posts\/165913\/revisions\/166415"}],"wp:featuredmedia":[{"embeddable":true,"href":"https:\/\/www.cetys.mx\/noticias\/wp-json\/wp\/v2\/media\/165919"}],"wp:attachment":[{"href":"https:\/\/www.cetys.mx\/noticias\/wp-json\/wp\/v2\/media?parent=165913"}],"wp:term":[{"taxonomy":"category","embeddable":true,"href":"https:\/\/www.cetys.mx\/noticias\/wp-json\/wp\/v2\/categories?post=165913"},{"taxonomy":"post_tag","embeddable":true,"href":"https:\/\/www.cetys.mx\/noticias\/wp-json\/wp\/v2\/tags?post=165913"}],"curies":[{"name":"wp","href":"https:\/\/api.w.org\/{rel}","templated":true}]}}