{"id":165656,"date":"2022-07-20T17:51:24","date_gmt":"2022-07-21T00:51:24","guid":{"rendered":"https:\/\/www.cetys.mx\/noticias\/?p=165656"},"modified":"2022-08-05T09:21:30","modified_gmt":"2022-08-05T16:21:30","slug":"ivan-contreras-orgulloso-cetys-alumni-por-partida-doble-conoce-su-historia","status":"publish","type":"post","link":"https:\/\/www.cetys.mx\/noticias\/ivan-contreras-orgulloso-cetys-alumni-por-partida-doble-conoce-su-historia\/","title":{"rendered":"Iv\u00e1n Contreras, orgulloso CETYS Alumni por partida doble, conoce su historia"},"content":{"rendered":"<p style=\"text-align: justify;\">Recientemente graduado con honores del Doctorado en Educaci\u00f3n de <a href=\"https:\/\/www.facebook.com\/cetysens\">CETYS Campus Internacional Ensenada<\/a>, <strong>Iv\u00e1n de<\/strong> <strong>Jes\u00fas Contreras Espinoza<\/strong> se visualiza en el corto y mediano plazo en el desarrollo de actividades de gesti\u00f3n, tutor\u00eda, docencia, investigaci\u00f3n, extensi\u00f3n y vinculaci\u00f3n en una instituci\u00f3n educativa de nivel superior, pero para llegar a este momento ha tenido que ser perseverante, disciplinado y resiliente.<\/p>\n<p style=\"text-align: justify;\">Cumplir sus sue\u00f1os profesionales no ha sido nada sencillo; Iv\u00e1n proviene de una comunidad rural, ubicada al sur del estado de Baja California, sin embargo, siempre tuvo en mente hacer algo diferente, es por ello que decidi\u00f3 mudarse a Ensenada sin ning\u00fan tipo de recurso ni apoyo econ\u00f3mico. Primero estudi\u00f3 una licenciatura, despu\u00e9s la Maestr\u00eda en Educaci\u00f3n con concentraci\u00f3n en Desarrollo Organizacional y posteriormente el Doctorado en Educaci\u00f3n, gradu\u00e1ndose con honores en CETYS Ensenada de los \u00faltimos dos.<\/p>\n<blockquote>\n<p style=\"text-align: justify;\">\u201cLa constancia, tes\u00f3n, disciplina y perseverancia fueron mis aliados para superar obst\u00e1culos y no claudicar. Hoy puedo decir con orgullo que lo logr\u00e9, soy el primero en obtener el grado de Doctor en mi familia y de mi lugar de origen\u201d, se\u00f1al\u00f3 Iv\u00e1n Contreras.<\/p>\n<\/blockquote>\n<p style=\"text-align: justify;\">Actualmente, y desde hace nueve a\u00f1os, se desempe\u00f1a en la gesti\u00f3n como administrador de un instituto de investigaci\u00f3n educativa, en donde no solo realiza actividades relacionadas con la administraci\u00f3n, sino tambi\u00e9n en el \u00e1mbito acad\u00e9mico, adem\u00e1s de que colabora en proyectos, publicaciones y comit\u00e9s de tesis.<\/p>\n<blockquote>\n<p style=\"text-align: justify;\">\u201cLa formaci\u00f3n recibida en los posgrados me ha abierto nuevas oportunidades de crecimiento laboral. Ser egresado de CETYS te brinda cierta ventaja competitiva en el mercado de trabajo, en tanto que, en lo personal me he desarrollado como ser humano, soy m\u00e1s consciente de mis virtudes y de mis \u00e1reas de oportunidad, as\u00ed como de mi entorno y de lo que puedo aportar en la construcci\u00f3n de una mejor sociedad\u201d, enfatiz\u00f3 el Dr. Iv\u00e1n Contreras.<\/p>\n<\/blockquote>\n<p style=\"text-align: justify;\">Una de las cosas que lo enorgullecen es ser miembro de la comunidad <a href=\"https:\/\/www.cetys.mx\/alumni\/\">CETYS Alumni<\/a> por el seguimiento y la cercan\u00eda que la Instituci\u00f3n mantiene con los egresados. \u201cEs un gran orgullo ser egresado de una instituci\u00f3n acad\u00e9mica de excelencia. La comunidad Alumni comparte ese sello distintivo que brinda la oportunidad de ser l\u00edderes que aportan sus conocimientos en la consolidaci\u00f3n de una sociedad m\u00e1s justa, equitativa e igualitaria, en pro de un mejor pa\u00eds\u201d.<\/p>\n<p style=\"text-align: justify;\">Mientras estudiaba el Doctorado, \u00e9l y sus compa\u00f1eros de generaci\u00f3n estaban muy contentos porque vivir\u00edan una experiencia internacional en Espa\u00f1a como parte del programa del Doctorado, pero a ra\u00edz del confinamiento por la pandemia la actividad se tuvo que cancelar, situaci\u00f3n que lo desmotiv\u00f3 un poco, aunque entend\u00eda que se trataba de un fen\u00f3meno mundial.<\/p>\n<blockquote>\n<p style=\"text-align: justify;\">\u201cRecuerdo mucho esto porque sab\u00eda que ten\u00edamos que seguir las indicaciones de las autoridades de salud, sin embargo, como prueba del compromiso y de la educaci\u00f3n de calidad promovida por CETYS, la Coordinaci\u00f3n del Doctorado hizo a bien programar un curso con un docente extranjero que nutri\u00f3 en gran medida nuestra formaci\u00f3n con esa experiencia internacional, lo cual agradezco y celebro\u201d, coment\u00f3 el Dr. Iv\u00e1n Contreras.<\/p>\n<\/blockquote>\n<p style=\"text-align: justify;\">Finalmente, el Dr. Iv\u00e1n Contreras agradeci\u00f3 a CETYS la oportunidad de compartir su experiencia. \u201cA cada uno de los que formaron parte de mi trayecto formativo, docentes y administrativos, mi gratitud por siempre. A CETYS Alumni, les felicito por seguir generando espacios para los egresados. A los alumnos, no desistan, la meta est\u00e1 m\u00e1s cerca de lo que piensan. A quienes est\u00e9n interesados en unirse a las filas de CETYS, no lo duden, es una experiencia gratificante que les cambiar\u00e1 la vida\u201d.<\/p>\n","protected":false},"excerpt":{"rendered":"<p>Recientemente graduado con honores del Doctorado en Educaci\u00f3n de CETYS Campus Internacional Ensenada, Iv\u00e1n de Jes\u00fas Contreras Espinoza se visualiza en el&#8230;<\/p>\n","protected":false},"author":23,"featured_media":165658,"comment_status":"open","ping_status":"closed","sticky":false,"template":"","format":"standard","meta":{"footnotes":""},"categories":[107,132],"tags":[],"class_list":["post-165656","post","type-post","status-publish","format-standard","has-post-thumbnail","hentry","category-alumni","category-campus-ensenada"],"yoast_head":"<!-- This site is optimized with the Yoast SEO plugin v27.4 - https:\/\/yoast.com\/product\/yoast-seo-wordpress\/ -->\n<title>Iv\u00e1n Contreras, orgulloso CETYS Alumni por partida doble, conoce su historia - CETYS<\/title>\n<meta name=\"description\" content=\"Historia de Iv\u00e1n Contreras, orgulloso CETYS Alumni por partida doble, conoce su historia \u00e9xito de Iv\u00e1n contreras, CETYS Alumni egresado recientemente del Doctorado en Educaci\u00f3n.\" \/>\n<meta name=\"robots\" content=\"index, follow, max-snippet:-1, max-image-preview:large, max-video-preview:-1\" \/>\n<link rel=\"canonical\" href=\"https:\/\/www.cetys.mx\/noticias\/ivan-contreras-orgulloso-cetys-alumni-por-partida-doble-conoce-su-historia\/\" \/>\n<meta property=\"og:locale\" content=\"es_MX\" \/>\n<meta property=\"og:type\" content=\"article\" \/>\n<meta property=\"og:title\" content=\"Iv\u00e1n Contreras, orgulloso CETYS Alumni por partida doble, conoce su historia - CETYS\" \/>\n<meta property=\"og:description\" content=\"Historia de Iv\u00e1n Contreras, orgulloso CETYS Alumni por partida doble, conoce su historia \u00e9xito de Iv\u00e1n contreras, CETYS Alumni egresado recientemente del Doctorado en Educaci\u00f3n.\" \/>\n<meta property=\"og:url\" content=\"https:\/\/www.cetys.mx\/noticias\/ivan-contreras-orgulloso-cetys-alumni-por-partida-doble-conoce-su-historia\/\" \/>\n<meta property=\"og:site_name\" content=\"CETYS\" \/>\n<meta property=\"article:publisher\" content=\"https:\/\/www.facebook.com\/cetysuniversidadmxl\/\" \/>\n<meta property=\"article:published_time\" content=\"2022-07-21T00:51:24+00:00\" \/>\n<meta property=\"article:modified_time\" content=\"2022-08-05T16:21:30+00:00\" \/>\n<meta property=\"og:image\" content=\"https:\/\/www.cetys.mx\/noticias\/wp-content\/uploads\/2022\/07\/Foto-portal-2.jpg\" \/>\n\t<meta property=\"og:image:width\" content=\"958\" \/>\n\t<meta property=\"og:image:height\" content=\"637\" \/>\n\t<meta property=\"og:image:type\" content=\"image\/jpeg\" \/>\n<meta name=\"author\" content=\"Campus Ensenada\" \/>\n<meta name=\"twitter:card\" content=\"summary_large_image\" \/>\n<meta name=\"twitter:creator\" content=\"@cetysuni\" \/>\n<meta name=\"twitter:site\" content=\"@cetysuni\" \/>\n<meta name=\"twitter:label1\" content=\"Escrito por\" \/>\n\t<meta name=\"twitter:data1\" content=\"Campus Ensenada\" \/>\n\t<meta name=\"twitter:label2\" content=\"Tiempo de lectura\" \/>\n\t<meta name=\"twitter:data2\" content=\"3 minutos\" \/>\n<script type=\"application\/ld+json\" class=\"yoast-schema-graph\">{\"@context\":\"https:\\\/\\\/schema.org\",\"@graph\":[{\"@type\":\"Article\",\"@id\":\"https:\\\/\\\/www.cetys.mx\\\/noticias\\\/ivan-contreras-orgulloso-cetys-alumni-por-partida-doble-conoce-su-historia\\\/#article\",\"isPartOf\":{\"@id\":\"https:\\\/\\\/www.cetys.mx\\\/noticias\\\/ivan-contreras-orgulloso-cetys-alumni-por-partida-doble-conoce-su-historia\\\/\"},\"author\":{\"name\":\"Campus Ensenada\",\"@id\":\"https:\\\/\\\/www.cetys.mx\\\/noticias\\\/#\\\/schema\\\/person\\\/1a1a88c0b6586e66a2e9e88e07afc712\"},\"headline\":\"Iv\u00e1n Contreras, orgulloso CETYS Alumni por partida doble, conoce su historia\",\"datePublished\":\"2022-07-21T00:51:24+00:00\",\"dateModified\":\"2022-08-05T16:21:30+00:00\",\"mainEntityOfPage\":{\"@id\":\"https:\\\/\\\/www.cetys.mx\\\/noticias\\\/ivan-contreras-orgulloso-cetys-alumni-por-partida-doble-conoce-su-historia\\\/\"},\"wordCount\":654,\"commentCount\":0,\"image\":{\"@id\":\"https:\\\/\\\/www.cetys.mx\\\/noticias\\\/ivan-contreras-orgulloso-cetys-alumni-por-partida-doble-conoce-su-historia\\\/#primaryimage\"},\"thumbnailUrl\":\"https:\\\/\\\/www.cetys.mx\\\/noticias\\\/wp-content\\\/uploads\\\/2022\\\/07\\\/Foto-portal-2.jpg\",\"articleSection\":[\"Alumni\",\"Campus Ensenada\"],\"inLanguage\":\"es\",\"potentialAction\":[{\"@type\":\"CommentAction\",\"name\":\"Comment\",\"target\":[\"https:\\\/\\\/www.cetys.mx\\\/noticias\\\/ivan-contreras-orgulloso-cetys-alumni-por-partida-doble-conoce-su-historia\\\/#respond\"]}]},{\"@type\":\"WebPage\",\"@id\":\"https:\\\/\\\/www.cetys.mx\\\/noticias\\\/ivan-contreras-orgulloso-cetys-alumni-por-partida-doble-conoce-su-historia\\\/\",\"url\":\"https:\\\/\\\/www.cetys.mx\\\/noticias\\\/ivan-contreras-orgulloso-cetys-alumni-por-partida-doble-conoce-su-historia\\\/\",\"name\":\"Iv\u00e1n Contreras, orgulloso CETYS Alumni por partida doble, conoce su historia - CETYS\",\"isPartOf\":{\"@id\":\"https:\\\/\\\/www.cetys.mx\\\/noticias\\\/#website\"},\"primaryImageOfPage\":{\"@id\":\"https:\\\/\\\/www.cetys.mx\\\/noticias\\\/ivan-contreras-orgulloso-cetys-alumni-por-partida-doble-conoce-su-historia\\\/#primaryimage\"},\"image\":{\"@id\":\"https:\\\/\\\/www.cetys.mx\\\/noticias\\\/ivan-contreras-orgulloso-cetys-alumni-por-partida-doble-conoce-su-historia\\\/#primaryimage\"},\"thumbnailUrl\":\"https:\\\/\\\/www.cetys.mx\\\/noticias\\\/wp-content\\\/uploads\\\/2022\\\/07\\\/Foto-portal-2.jpg\",\"datePublished\":\"2022-07-21T00:51:24+00:00\",\"dateModified\":\"2022-08-05T16:21:30+00:00\",\"author\":{\"@id\":\"https:\\\/\\\/www.cetys.mx\\\/noticias\\\/#\\\/schema\\\/person\\\/1a1a88c0b6586e66a2e9e88e07afc712\"},\"description\":\"Historia de Iv\u00e1n Contreras, orgulloso CETYS Alumni por partida doble, conoce su historia \u00e9xito de Iv\u00e1n contreras, CETYS Alumni egresado recientemente del Doctorado en Educaci\u00f3n.\",\"breadcrumb\":{\"@id\":\"https:\\\/\\\/www.cetys.mx\\\/noticias\\\/ivan-contreras-orgulloso-cetys-alumni-por-partida-doble-conoce-su-historia\\\/#breadcrumb\"},\"inLanguage\":\"es\",\"potentialAction\":[{\"@type\":\"ReadAction\",\"target\":[\"https:\\\/\\\/www.cetys.mx\\\/noticias\\\/ivan-contreras-orgulloso-cetys-alumni-por-partida-doble-conoce-su-historia\\\/\"]}]},{\"@type\":\"ImageObject\",\"inLanguage\":\"es\",\"@id\":\"https:\\\/\\\/www.cetys.mx\\\/noticias\\\/ivan-contreras-orgulloso-cetys-alumni-por-partida-doble-conoce-su-historia\\\/#primaryimage\",\"url\":\"https:\\\/\\\/www.cetys.mx\\\/noticias\\\/wp-content\\\/uploads\\\/2022\\\/07\\\/Foto-portal-2.jpg\",\"contentUrl\":\"https:\\\/\\\/www.cetys.mx\\\/noticias\\\/wp-content\\\/uploads\\\/2022\\\/07\\\/Foto-portal-2.jpg\",\"width\":958,\"height\":637},{\"@type\":\"BreadcrumbList\",\"@id\":\"https:\\\/\\\/www.cetys.mx\\\/noticias\\\/ivan-contreras-orgulloso-cetys-alumni-por-partida-doble-conoce-su-historia\\\/#breadcrumb\",\"itemListElement\":[{\"@type\":\"ListItem\",\"position\":1,\"name\":\"Inicio\",\"item\":\"https:\\\/\\\/www.cetys.mx\\\/noticias\\\/\"},{\"@type\":\"ListItem\",\"position\":2,\"name\":\"Iv\u00e1n Contreras, orgulloso CETYS Alumni por partida doble, conoce su historia\"}]},{\"@type\":\"WebSite\",\"@id\":\"https:\\\/\\\/www.cetys.mx\\\/noticias\\\/#website\",\"url\":\"https:\\\/\\\/www.cetys.mx\\\/noticias\\\/\",\"name\":\"CETYS\",\"description\":\"\",\"potentialAction\":[{\"@type\":\"SearchAction\",\"target\":{\"@type\":\"EntryPoint\",\"urlTemplate\":\"https:\\\/\\\/www.cetys.mx\\\/noticias\\\/?s={search_term_string}\"},\"query-input\":{\"@type\":\"PropertyValueSpecification\",\"valueRequired\":true,\"valueName\":\"search_term_string\"}}],\"inLanguage\":\"es\"},{\"@type\":\"Person\",\"@id\":\"https:\\\/\\\/www.cetys.mx\\\/noticias\\\/#\\\/schema\\\/person\\\/1a1a88c0b6586e66a2e9e88e07afc712\",\"name\":\"Campus Ensenada\",\"url\":\"https:\\\/\\\/www.cetys.mx\\\/noticias\\\/author\\\/campusensenada\\\/\"}]}<\/script>\n<!-- \/ Yoast SEO plugin. -->","yoast_head_json":{"title":"Iv\u00e1n Contreras, orgulloso CETYS Alumni por partida doble, conoce su historia - CETYS","description":"Historia de Iv\u00e1n Contreras, orgulloso CETYS Alumni por partida doble, conoce su historia \u00e9xito de Iv\u00e1n contreras, CETYS Alumni egresado recientemente del Doctorado en Educaci\u00f3n.","robots":{"index":"index","follow":"follow","max-snippet":"max-snippet:-1","max-image-preview":"max-image-preview:large","max-video-preview":"max-video-preview:-1"},"canonical":"https:\/\/www.cetys.mx\/noticias\/ivan-contreras-orgulloso-cetys-alumni-por-partida-doble-conoce-su-historia\/","og_locale":"es_MX","og_type":"article","og_title":"Iv\u00e1n Contreras, orgulloso CETYS Alumni por partida doble, conoce su historia - CETYS","og_description":"Historia de Iv\u00e1n Contreras, orgulloso CETYS Alumni por partida doble, conoce su historia \u00e9xito de Iv\u00e1n contreras, CETYS Alumni egresado recientemente del Doctorado en Educaci\u00f3n.","og_url":"https:\/\/www.cetys.mx\/noticias\/ivan-contreras-orgulloso-cetys-alumni-por-partida-doble-conoce-su-historia\/","og_site_name":"CETYS","article_publisher":"https:\/\/www.facebook.com\/cetysuniversidadmxl\/","article_published_time":"2022-07-21T00:51:24+00:00","article_modified_time":"2022-08-05T16:21:30+00:00","og_image":[{"width":958,"height":637,"url":"https:\/\/www.cetys.mx\/noticias\/wp-content\/uploads\/2022\/07\/Foto-portal-2.jpg","type":"image\/jpeg"}],"author":"Campus Ensenada","twitter_card":"summary_large_image","twitter_creator":"@cetysuni","twitter_site":"@cetysuni","twitter_misc":{"Escrito por":"Campus Ensenada","Tiempo de lectura":"3 minutos"},"schema":{"@context":"https:\/\/schema.org","@graph":[{"@type":"Article","@id":"https:\/\/www.cetys.mx\/noticias\/ivan-contreras-orgulloso-cetys-alumni-por-partida-doble-conoce-su-historia\/#article","isPartOf":{"@id":"https:\/\/www.cetys.mx\/noticias\/ivan-contreras-orgulloso-cetys-alumni-por-partida-doble-conoce-su-historia\/"},"author":{"name":"Campus Ensenada","@id":"https:\/\/www.cetys.mx\/noticias\/#\/schema\/person\/1a1a88c0b6586e66a2e9e88e07afc712"},"headline":"Iv\u00e1n Contreras, orgulloso CETYS Alumni por partida doble, conoce su historia","datePublished":"2022-07-21T00:51:24+00:00","dateModified":"2022-08-05T16:21:30+00:00","mainEntityOfPage":{"@id":"https:\/\/www.cetys.mx\/noticias\/ivan-contreras-orgulloso-cetys-alumni-por-partida-doble-conoce-su-historia\/"},"wordCount":654,"commentCount":0,"image":{"@id":"https:\/\/www.cetys.mx\/noticias\/ivan-contreras-orgulloso-cetys-alumni-por-partida-doble-conoce-su-historia\/#primaryimage"},"thumbnailUrl":"https:\/\/www.cetys.mx\/noticias\/wp-content\/uploads\/2022\/07\/Foto-portal-2.jpg","articleSection":["Alumni","Campus Ensenada"],"inLanguage":"es","potentialAction":[{"@type":"CommentAction","name":"Comment","target":["https:\/\/www.cetys.mx\/noticias\/ivan-contreras-orgulloso-cetys-alumni-por-partida-doble-conoce-su-historia\/#respond"]}]},{"@type":"WebPage","@id":"https:\/\/www.cetys.mx\/noticias\/ivan-contreras-orgulloso-cetys-alumni-por-partida-doble-conoce-su-historia\/","url":"https:\/\/www.cetys.mx\/noticias\/ivan-contreras-orgulloso-cetys-alumni-por-partida-doble-conoce-su-historia\/","name":"Iv\u00e1n Contreras, orgulloso CETYS Alumni por partida doble, conoce su historia - CETYS","isPartOf":{"@id":"https:\/\/www.cetys.mx\/noticias\/#website"},"primaryImageOfPage":{"@id":"https:\/\/www.cetys.mx\/noticias\/ivan-contreras-orgulloso-cetys-alumni-por-partida-doble-conoce-su-historia\/#primaryimage"},"image":{"@id":"https:\/\/www.cetys.mx\/noticias\/ivan-contreras-orgulloso-cetys-alumni-por-partida-doble-conoce-su-historia\/#primaryimage"},"thumbnailUrl":"https:\/\/www.cetys.mx\/noticias\/wp-content\/uploads\/2022\/07\/Foto-portal-2.jpg","datePublished":"2022-07-21T00:51:24+00:00","dateModified":"2022-08-05T16:21:30+00:00","author":{"@id":"https:\/\/www.cetys.mx\/noticias\/#\/schema\/person\/1a1a88c0b6586e66a2e9e88e07afc712"},"description":"Historia de Iv\u00e1n Contreras, orgulloso CETYS Alumni por partida doble, conoce su historia \u00e9xito de Iv\u00e1n contreras, CETYS Alumni egresado recientemente del Doctorado en Educaci\u00f3n.","breadcrumb":{"@id":"https:\/\/www.cetys.mx\/noticias\/ivan-contreras-orgulloso-cetys-alumni-por-partida-doble-conoce-su-historia\/#breadcrumb"},"inLanguage":"es","potentialAction":[{"@type":"ReadAction","target":["https:\/\/www.cetys.mx\/noticias\/ivan-contreras-orgulloso-cetys-alumni-por-partida-doble-conoce-su-historia\/"]}]},{"@type":"ImageObject","inLanguage":"es","@id":"https:\/\/www.cetys.mx\/noticias\/ivan-contreras-orgulloso-cetys-alumni-por-partida-doble-conoce-su-historia\/#primaryimage","url":"https:\/\/www.cetys.mx\/noticias\/wp-content\/uploads\/2022\/07\/Foto-portal-2.jpg","contentUrl":"https:\/\/www.cetys.mx\/noticias\/wp-content\/uploads\/2022\/07\/Foto-portal-2.jpg","width":958,"height":637},{"@type":"BreadcrumbList","@id":"https:\/\/www.cetys.mx\/noticias\/ivan-contreras-orgulloso-cetys-alumni-por-partida-doble-conoce-su-historia\/#breadcrumb","itemListElement":[{"@type":"ListItem","position":1,"name":"Inicio","item":"https:\/\/www.cetys.mx\/noticias\/"},{"@type":"ListItem","position":2,"name":"Iv\u00e1n Contreras, orgulloso CETYS Alumni por partida doble, conoce su historia"}]},{"@type":"WebSite","@id":"https:\/\/www.cetys.mx\/noticias\/#website","url":"https:\/\/www.cetys.mx\/noticias\/","name":"CETYS","description":"","potentialAction":[{"@type":"SearchAction","target":{"@type":"EntryPoint","urlTemplate":"https:\/\/www.cetys.mx\/noticias\/?s={search_term_string}"},"query-input":{"@type":"PropertyValueSpecification","valueRequired":true,"valueName":"search_term_string"}}],"inLanguage":"es"},{"@type":"Person","@id":"https:\/\/www.cetys.mx\/noticias\/#\/schema\/person\/1a1a88c0b6586e66a2e9e88e07afc712","name":"Campus Ensenada","url":"https:\/\/www.cetys.mx\/noticias\/author\/campusensenada\/"}]}},"_links":{"self":[{"href":"https:\/\/www.cetys.mx\/noticias\/wp-json\/wp\/v2\/posts\/165656","targetHints":{"allow":["GET"]}}],"collection":[{"href":"https:\/\/www.cetys.mx\/noticias\/wp-json\/wp\/v2\/posts"}],"about":[{"href":"https:\/\/www.cetys.mx\/noticias\/wp-json\/wp\/v2\/types\/post"}],"author":[{"embeddable":true,"href":"https:\/\/www.cetys.mx\/noticias\/wp-json\/wp\/v2\/users\/23"}],"replies":[{"embeddable":true,"href":"https:\/\/www.cetys.mx\/noticias\/wp-json\/wp\/v2\/comments?post=165656"}],"version-history":[{"count":4,"href":"https:\/\/www.cetys.mx\/noticias\/wp-json\/wp\/v2\/posts\/165656\/revisions"}],"predecessor-version":[{"id":165970,"href":"https:\/\/www.cetys.mx\/noticias\/wp-json\/wp\/v2\/posts\/165656\/revisions\/165970"}],"wp:featuredmedia":[{"embeddable":true,"href":"https:\/\/www.cetys.mx\/noticias\/wp-json\/wp\/v2\/media\/165658"}],"wp:attachment":[{"href":"https:\/\/www.cetys.mx\/noticias\/wp-json\/wp\/v2\/media?parent=165656"}],"wp:term":[{"taxonomy":"category","embeddable":true,"href":"https:\/\/www.cetys.mx\/noticias\/wp-json\/wp\/v2\/categories?post=165656"},{"taxonomy":"post_tag","embeddable":true,"href":"https:\/\/www.cetys.mx\/noticias\/wp-json\/wp\/v2\/tags?post=165656"}],"curies":[{"name":"wp","href":"https:\/\/api.w.org\/{rel}","templated":true}]}}